{"id":6972,"date":"2025-08-28T10:47:18","date_gmt":"2025-08-28T13:47:18","guid":{"rendered":"https:\/\/dev.alisonandrei.com.br\/noticia\/sepam-participa-do-evento-gestao-do-amanha-promovido-pelo-sinepe-pr\/"},"modified":"2025-11-24T10:53:36","modified_gmt":"2025-11-24T13:53:36","slug":"sepam-participa-do-evento-gestao-do-amanha-promovido-pelo-sinepe-pr","status":"publish","type":"post","link":"https:\/\/sepam.com.br\/fr\/sepam-participa-do-evento-gestao-do-amanha-promovido-pelo-sinepe-pr\/","title":{"rendered":"SEPAM participa do evento \u201cGest\u00e3o do Amanh\u00e3\u201d, promovido pelo Sinepe\/PR"},"content":{"rendered":"<p>Em comemora\u00e7\u00e3o ao 70 anos de atua\u00e7\u00e3o em defesa da educa\u00e7\u00e3o privada, o Sindicato das Escolas Particulares &#8211; Sinepe\/PR promoveu, na \u00faltima ter\u00e7a-feira (02), em Curitiba-PR, um encontro com um dos maiores pensadores de gest\u00e3o e lideran\u00e7a do pa\u00eds, o autor do best-seller \u201cGest\u00e3o do Amanh\u00e3\u201d, Jos\u00e9 Salibi Neto. Cerca de 500 convidados entre educadores, gestores e associados do Sindicato participaram do evento. Representando o Col\u00e9gio SEPAM esteve presente o coordenador pedag\u00f3gico, Jacob Cavagnari.<\/p>\n<p>Na palestra, Salibi abordou assuntos relacionados a \u00e1rea educacional e que s\u00e3o discutidos em seus livros, como o futuro das organiza\u00e7\u00f5es empresariais e a quarta revolu\u00e7\u00e3o industrial &#8211; marcada pela converg\u00eancia de tecnologias digitais, f\u00edsicas e biol\u00f3gicas.<\/p>\n<p>O SEPAM \u00e9 associado ao Sindicato desde 1985. O diretor do Col\u00e9gio Sepam Ponta Grossa, Osni Mongruel Junior, \u00e9 o Diretor-Presidente do Polo Regional do Sinepe\/PR &#8211; Campos Gerais e membro do conselho da gest\u00e3o 2018-2020. O diretor da Sociedade Educacional Professor Altair Mongruel (mantenedora) e do Col\u00e9gio Sepam Castro, Roberto Mongruel, tamb\u00e9m integra o conselho do Sinepe\/PR.<\/p>\n<p>Jos\u00e9 Salibi Neto \u00e9 cofundador da HSM Educa\u00e7\u00e3o Executiva e trabalhou por mais de vinte anos com os principais pensadores da gest\u00e3o mundial, como Peter Drucker, Jack Welch, Michael Porter, Philip Kotler, Tom Peters, Jim Collins, CK Prahalad, entre outros. Atualmente, Salibi auxilia empresas e profissionais na consolida\u00e7\u00e3o de suas carreiras.<\/p>\n","protected":false},"excerpt":{"rendered":"<p>Em comemora\u00e7\u00e3o ao 70 anos de atua\u00e7\u00e3o em defesa da educa\u00e7\u00e3o privada, o Sindicato das Escolas Particulares &#8211; Sinepe\/PR promoveu, na \u00faltima ter\u00e7a-feira (02), em Curitiba-PR, um encontro com um dos maiores pensadores de gest\u00e3o e lideran\u00e7a do pa\u00eds, o autor do best-seller \u201cGest\u00e3o do Amanh\u00e3\u201d, Jos\u00e9 Salibi Neto. Cerca de 500 convidados entre educadores, [&hellip;]<\/p>\n","protected":false},"author":13,"featured_media":0,"comment_status":"open","ping_status":"open","sticky":false,"template":"","format":"standard","meta":{"footnotes":""},"categories":[21],"tags":[],"class_list":["post-6972","post","type-post","status-publish","format-standard","hentry","category-colegio-sepam"],"yoast_head":"<!-- This site is optimized with the Yoast SEO plugin v28.4 - https:\/\/yoast.com\/product\/yoast-seo-wordpress\/ -->\n<title>SEPAM participa do evento \u201cGest\u00e3o do Amanh\u00e3\u201d, promovido pelo Sinepe\/PR<\/title>\n<meta name=\"description\" content=\"Em comemora\u00e7\u00e3o ao 70 anos de atua\u00e7\u00e3o em defesa da educa\u00e7\u00e3o privada, o Sindicato das Escolas Particulares - Sinepe\/PR promoveu, na \u00faltima ter\u00e7a-feira (02), em Curitiba-PR, um encontro com um dos maiores pensadores de gest\u00e3o e lideran\u00e7a do pa\u00eds, o autor do best-seller \u201cGest\u00e3o do Amanh\u00e3\u201d, Jos\u00e9 Salibi Neto. Cerca de 500 convidados entre educadores,\u2026\" \/>\n<meta name=\"robots\" content=\"index, follow, max-snippet:-1, max-image-preview:large, max-video-preview:-1\" \/>\n<link rel=\"canonical\" href=\"https:\/\/sepam.com.br\/fr\/sepam-participa-do-evento-gestao-do-amanha-promovido-pelo-sinepe-pr\/\" \/>\n<meta property=\"og:locale\" content=\"fr_FR\" \/>\n<meta property=\"og:type\" content=\"article\" \/>\n<meta property=\"og:title\" content=\"SEPAM participa do evento \u201cGest\u00e3o do Amanh\u00e3\u201d, promovido pelo Sinepe\/PR\" \/>\n<meta property=\"og:description\" content=\"Em comemora\u00e7\u00e3o ao 70 anos de atua\u00e7\u00e3o em defesa da educa\u00e7\u00e3o privada, o Sindicato das Escolas Particulares - Sinepe\/PR promoveu, na \u00faltima ter\u00e7a-feira (02), em Curitiba-PR, um encontro com um dos maiores pensadores de gest\u00e3o e lideran\u00e7a do pa\u00eds, o autor do best-seller \u201cGest\u00e3o do Amanh\u00e3\u201d, Jos\u00e9 Salibi Neto. Cerca de 500 convidados entre educadores,\u2026\" \/>\n<meta property=\"og:url\" content=\"https:\/\/sepam.com.br\/fr\/sepam-participa-do-evento-gestao-do-amanha-promovido-pelo-sinepe-pr\/\" \/>\n<meta property=\"og:site_name\" content=\"Col\u00e9gio Sepam\" \/>\n<meta property=\"article:published_time\" content=\"2025-08-28T13:47:18+00:00\" \/>\n<meta property=\"article:modified_time\" content=\"2025-11-24T13:53:36+00:00\" \/>\n<meta name=\"author\" content=\"Sepam\" \/>\n<meta name=\"twitter:card\" content=\"summary_large_image\" \/>\n<meta name=\"twitter:label1\" content=\"\u00c9crit par\" \/>\n\t<meta name=\"twitter:data1\" content=\"Sepam\" \/>\n\t<meta name=\"twitter:label2\" content=\"Dur\u00e9e de lecture estim\u00e9e\" \/>\n\t<meta name=\"twitter:data2\" content=\"1 minute\" \/>\n<script type=\"application\/ld+json\" class=\"yoast-schema-graph\">{\"@context\":\"https:\\\/\\\/schema.org\",\"@graph\":[{\"@type\":\"Article\",\"@id\":\"https:\\\/\\\/sepam.com.br\\\/fr\\\/sepam-participa-do-evento-gestao-do-amanha-promovido-pelo-sinepe-pr\\\/#article\",\"isPartOf\":{\"@id\":\"https:\\\/\\\/sepam.com.br\\\/fr\\\/sepam-participa-do-evento-gestao-do-amanha-promovido-pelo-sinepe-pr\\\/\"},\"author\":{\"name\":\"Sepam\",\"@id\":\"https:\\\/\\\/sepam.com.br\\\/#\\\/schema\\\/person\\\/bfa2996c649a5a6d822766f6e64eb7fd\"},\"headline\":\"SEPAM participa do evento \u201cGest\u00e3o do Amanh\u00e3\u201d, promovido pelo Sinepe\\\/PR\",\"datePublished\":\"2025-08-28T13:47:18+00:00\",\"dateModified\":\"2025-11-24T13:53:36+00:00\",\"mainEntityOfPage\":{\"@id\":\"https:\\\/\\\/sepam.com.br\\\/fr\\\/sepam-participa-do-evento-gestao-do-amanha-promovido-pelo-sinepe-pr\\\/\"},\"wordCount\":251,\"commentCount\":0,\"publisher\":{\"@id\":\"https:\\\/\\\/sepam.com.br\\\/#organization\"},\"articleSection\":[\"Colegio Sepam\"],\"inLanguage\":\"fr-FR\",\"potentialAction\":[{\"@type\":\"CommentAction\",\"name\":\"Comment\",\"target\":[\"https:\\\/\\\/sepam.com.br\\\/fr\\\/sepam-participa-do-evento-gestao-do-amanha-promovido-pelo-sinepe-pr\\\/#respond\"]}]},{\"@type\":\"WebPage\",\"@id\":\"https:\\\/\\\/sepam.com.br\\\/fr\\\/sepam-participa-do-evento-gestao-do-amanha-promovido-pelo-sinepe-pr\\\/\",\"url\":\"https:\\\/\\\/sepam.com.br\\\/fr\\\/sepam-participa-do-evento-gestao-do-amanha-promovido-pelo-sinepe-pr\\\/\",\"name\":\"SEPAM participa do evento \u201cGest\u00e3o do Amanh\u00e3\u201d, promovido pelo Sinepe\\\/PR - Col\u00e9gio Sepam\",\"isPartOf\":{\"@id\":\"https:\\\/\\\/sepam.com.br\\\/#website\"},\"datePublished\":\"2025-08-28T13:47:18+00:00\",\"dateModified\":\"2025-11-24T13:53:36+00:00\",\"breadcrumb\":{\"@id\":\"https:\\\/\\\/sepam.com.br\\\/fr\\\/sepam-participa-do-evento-gestao-do-amanha-promovido-pelo-sinepe-pr\\\/#breadcrumb\"},\"inLanguage\":\"fr-FR\",\"potentialAction\":[{\"@type\":\"ReadAction\",\"target\":[\"https:\\\/\\\/sepam.com.br\\\/fr\\\/sepam-participa-do-evento-gestao-do-amanha-promovido-pelo-sinepe-pr\\\/\"]}]},{\"@type\":\"BreadcrumbList\",\"@id\":\"https:\\\/\\\/sepam.com.br\\\/fr\\\/sepam-participa-do-evento-gestao-do-amanha-promovido-pelo-sinepe-pr\\\/#breadcrumb\",\"itemListElement\":[{\"@type\":\"ListItem\",\"position\":1,\"name\":\"Boas Vindas\",\"item\":\"https:\\\/\\\/sepam.com.br\\\/\"},{\"@type\":\"ListItem\",\"position\":2,\"name\":\"SEPAM participa do evento \u201cGest\u00e3o do Amanh\u00e3\u201d, promovido pelo Sinepe\\\/PR\"}]},{\"@type\":\"WebSite\",\"@id\":\"https:\\\/\\\/sepam.com.br\\\/fr\\\/#website\",\"url\":\"https:\\\/\\\/sepam.com.br\\\/fr\\\/\",\"name\":\"Col\u00e9gio Sepam\",\"description\":\"Ensino Incompar\u00e1vel\",\"publisher\":{\"@id\":\"https:\\\/\\\/sepam.com.br\\\/fr\\\/#organization\"},\"potentialAction\":[{\"@type\":\"SearchAction\",\"target\":{\"@type\":\"EntryPoint\",\"urlTemplate\":\"https:\\\/\\\/sepam.com.br\\\/fr\\\/?s={search_term_string}\"},\"query-input\":{\"@type\":\"PropertyValueSpecification\",\"valueRequired\":true,\"valueName\":\"search_term_string\"}}],\"inLanguage\":\"fr-FR\"},{\"@type\":\"Organization\",\"@id\":\"https:\\\/\\\/sepam.com.br\\\/fr\\\/#organization\",\"name\":\"Col\u00e9gio Sepam\",\"url\":\"https:\\\/\\\/sepam.com.br\\\/fr\\\/\",\"logo\":{\"@type\":\"ImageObject\",\"inLanguage\":\"fr-FR\",\"@id\":\"https:\\\/\\\/sepam.com.br\\\/fr\\\/#\\\/schema\\\/logo\\\/image\\\/\",\"url\":\"https:\\\/\\\/sepam.com.br\\\/wp-content\\\/uploads\\\/2025\\\/02\\\/Ativo-2.png\",\"contentUrl\":\"https:\\\/\\\/sepam.com.br\\\/wp-content\\\/uploads\\\/2025\\\/02\\\/Ativo-2.png\",\"width\":595,\"height\":525,\"caption\":\"Col\u00e9gio Sepam\"},\"image\":{\"@id\":\"https:\\\/\\\/sepam.com.br\\\/fr\\\/#\\\/schema\\\/logo\\\/image\\\/\"}},{\"@type\":\"Person\",\"@id\":\"https:\\\/\\\/sepam.com.br\\\/#\\\/schema\\\/person\\\/bfa2996c649a5a6d822766f6e64eb7fd\",\"name\":\"Sepam\",\"image\":{\"@type\":\"ImageObject\",\"inLanguage\":\"fr-FR\",\"@id\":\"https:\\\/\\\/secure.gravatar.com\\\/avatar\\\/0219e64664f5861998ad57a3432eb4bd5fd99a34c7cc9bc44b3c59dfb830db85?s=96&d=mm&r=g\",\"url\":\"https:\\\/\\\/secure.gravatar.com\\\/avatar\\\/0219e64664f5861998ad57a3432eb4bd5fd99a34c7cc9bc44b3c59dfb830db85?s=96&d=mm&r=g\",\"contentUrl\":\"https:\\\/\\\/secure.gravatar.com\\\/avatar\\\/0219e64664f5861998ad57a3432eb4bd5fd99a34c7cc9bc44b3c59dfb830db85?s=96&d=mm&r=g\",\"caption\":\"Sepam\"},\"url\":\"https:\\\/\\\/sepam.com.br\\\/fr\\\/author\\\/sepam\\\/\"}]}<\/script>\n<!-- \/ Yoast SEO plugin. -->","yoast_head_json":{"title":"SEPAM participa do evento \u201cGest\u00e3o do Amanh\u00e3\u201d, promovido pelo Sinepe\/PR","description":"Em comemora\u00e7\u00e3o ao 70 anos de atua\u00e7\u00e3o em defesa da educa\u00e7\u00e3o privada, o Sindicato das Escolas Particulares - Sinepe\/PR promoveu, na \u00faltima ter\u00e7a-feira (02), em Curitiba-PR, um encontro com um dos maiores pensadores de gest\u00e3o e lideran\u00e7a do pa\u00eds, o autor do best-seller \u201cGest\u00e3o do Amanh\u00e3\u201d, Jos\u00e9 Salibi Neto. Cerca de 500 convidados entre educadores,\u2026","robots":{"index":"index","follow":"follow","max-snippet":"max-snippet:-1","max-image-preview":"max-image-preview:large","max-video-preview":"max-video-preview:-1"},"canonical":"https:\/\/sepam.com.br\/fr\/sepam-participa-do-evento-gestao-do-amanha-promovido-pelo-sinepe-pr\/","og_locale":"fr_FR","og_type":"article","og_title":"SEPAM participa do evento \u201cGest\u00e3o do Amanh\u00e3\u201d, promovido pelo Sinepe\/PR","og_description":"Em comemora\u00e7\u00e3o ao 70 anos de atua\u00e7\u00e3o em defesa da educa\u00e7\u00e3o privada, o Sindicato das Escolas Particulares - Sinepe\/PR promoveu, na \u00faltima ter\u00e7a-feira (02), em Curitiba-PR, um encontro com um dos maiores pensadores de gest\u00e3o e lideran\u00e7a do pa\u00eds, o autor do best-seller \u201cGest\u00e3o do Amanh\u00e3\u201d, Jos\u00e9 Salibi Neto. Cerca de 500 convidados entre educadores,\u2026","og_url":"https:\/\/sepam.com.br\/fr\/sepam-participa-do-evento-gestao-do-amanha-promovido-pelo-sinepe-pr\/","og_site_name":"Col\u00e9gio Sepam","article_published_time":"2025-08-28T13:47:18+00:00","article_modified_time":"2025-11-24T13:53:36+00:00","author":"Sepam","twitter_card":"summary_large_image","twitter_misc":{"\u00c9crit par":"Sepam","Dur\u00e9e de lecture estim\u00e9e":"1 minute"},"schema":{"@context":"https:\/\/schema.org","@graph":[{"@type":"Article","@id":"https:\/\/sepam.com.br\/fr\/sepam-participa-do-evento-gestao-do-amanha-promovido-pelo-sinepe-pr\/#article","isPartOf":{"@id":"https:\/\/sepam.com.br\/fr\/sepam-participa-do-evento-gestao-do-amanha-promovido-pelo-sinepe-pr\/"},"author":{"name":"Sepam","@id":"https:\/\/sepam.com.br\/#\/schema\/person\/bfa2996c649a5a6d822766f6e64eb7fd"},"headline":"SEPAM participa do evento \u201cGest\u00e3o do Amanh\u00e3\u201d, promovido pelo Sinepe\/PR","datePublished":"2025-08-28T13:47:18+00:00","dateModified":"2025-11-24T13:53:36+00:00","mainEntityOfPage":{"@id":"https:\/\/sepam.com.br\/fr\/sepam-participa-do-evento-gestao-do-amanha-promovido-pelo-sinepe-pr\/"},"wordCount":251,"commentCount":0,"publisher":{"@id":"https:\/\/sepam.com.br\/#organization"},"articleSection":["Colegio Sepam"],"inLanguage":"fr-FR","potentialAction":[{"@type":"CommentAction","name":"Comment","target":["https:\/\/sepam.com.br\/fr\/sepam-participa-do-evento-gestao-do-amanha-promovido-pelo-sinepe-pr\/#respond"]}]},{"@type":"WebPage","@id":"https:\/\/sepam.com.br\/fr\/sepam-participa-do-evento-gestao-do-amanha-promovido-pelo-sinepe-pr\/","url":"https:\/\/sepam.com.br\/fr\/sepam-participa-do-evento-gestao-do-amanha-promovido-pelo-sinepe-pr\/","name":"SEPAM participa do evento \u201cGest\u00e3o do Amanh\u00e3\u201d, promovido pelo Sinepe\/PR - Col\u00e9gio Sepam","isPartOf":{"@id":"https:\/\/sepam.com.br\/#website"},"datePublished":"2025-08-28T13:47:18+00:00","dateModified":"2025-11-24T13:53:36+00:00","breadcrumb":{"@id":"https:\/\/sepam.com.br\/fr\/sepam-participa-do-evento-gestao-do-amanha-promovido-pelo-sinepe-pr\/#breadcrumb"},"inLanguage":"fr-FR","potentialAction":[{"@type":"ReadAction","target":["https:\/\/sepam.com.br\/fr\/sepam-participa-do-evento-gestao-do-amanha-promovido-pelo-sinepe-pr\/"]}]},{"@type":"BreadcrumbList","@id":"https:\/\/sepam.com.br\/fr\/sepam-participa-do-evento-gestao-do-amanha-promovido-pelo-sinepe-pr\/#breadcrumb","itemListElement":[{"@type":"ListItem","position":1,"name":"Boas Vindas","item":"https:\/\/sepam.com.br\/"},{"@type":"ListItem","position":2,"name":"SEPAM participa do evento \u201cGest\u00e3o do Amanh\u00e3\u201d, promovido pelo Sinepe\/PR"}]},{"@type":"WebSite","@id":"https:\/\/sepam.com.br\/fr\/#website","url":"https:\/\/sepam.com.br\/fr\/","name":"Col\u00e9gio Sepam","description":"Ensino Incompar\u00e1vel","publisher":{"@id":"https:\/\/sepam.com.br\/fr\/#organization"},"potentialAction":[{"@type":"SearchAction","target":{"@type":"EntryPoint","urlTemplate":"https:\/\/sepam.com.br\/fr\/?s={search_term_string}"},"query-input":{"@type":"PropertyValueSpecification","valueRequired":true,"valueName":"search_term_string"}}],"inLanguage":"fr-FR"},{"@type":"Organization","@id":"https:\/\/sepam.com.br\/fr\/#organization","name":"Col\u00e9gio Sepam","url":"https:\/\/sepam.com.br\/fr\/","logo":{"@type":"ImageObject","inLanguage":"fr-FR","@id":"https:\/\/sepam.com.br\/fr\/#\/schema\/logo\/image\/","url":"https:\/\/sepam.com.br\/wp-content\/uploads\/2025\/02\/Ativo-2.png","contentUrl":"https:\/\/sepam.com.br\/wp-content\/uploads\/2025\/02\/Ativo-2.png","width":595,"height":525,"caption":"Col\u00e9gio Sepam"},"image":{"@id":"https:\/\/sepam.com.br\/fr\/#\/schema\/logo\/image\/"}},{"@type":"Person","@id":"https:\/\/sepam.com.br\/#\/schema\/person\/bfa2996c649a5a6d822766f6e64eb7fd","name":"Sepam","image":{"@type":"ImageObject","inLanguage":"fr-FR","@id":"https:\/\/secure.gravatar.com\/avatar\/0219e64664f5861998ad57a3432eb4bd5fd99a34c7cc9bc44b3c59dfb830db85?s=96&d=mm&r=g","url":"https:\/\/secure.gravatar.com\/avatar\/0219e64664f5861998ad57a3432eb4bd5fd99a34c7cc9bc44b3c59dfb830db85?s=96&d=mm&r=g","contentUrl":"https:\/\/secure.gravatar.com\/avatar\/0219e64664f5861998ad57a3432eb4bd5fd99a34c7cc9bc44b3c59dfb830db85?s=96&d=mm&r=g","caption":"Sepam"},"url":"https:\/\/sepam.com.br\/fr\/author\/sepam\/"}]}},"_links":{"self":[{"href":"https:\/\/sepam.com.br\/fr\/wp-json\/wp\/v2\/posts\/6972","targetHints":{"allow":["GET"]}}],"collection":[{"href":"https:\/\/sepam.com.br\/fr\/wp-json\/wp\/v2\/posts"}],"about":[{"href":"https:\/\/sepam.com.br\/fr\/wp-json\/wp\/v2\/types\/post"}],"author":[{"embeddable":true,"href":"https:\/\/sepam.com.br\/fr\/wp-json\/wp\/v2\/users\/13"}],"replies":[{"embeddable":true,"href":"https:\/\/sepam.com.br\/fr\/wp-json\/wp\/v2\/comments?post=6972"}],"version-history":[{"count":1,"href":"https:\/\/sepam.com.br\/fr\/wp-json\/wp\/v2\/posts\/6972\/revisions"}],"predecessor-version":[{"id":7396,"href":"https:\/\/sepam.com.br\/fr\/wp-json\/wp\/v2\/posts\/6972\/revisions\/7396"}],"wp:attachment":[{"href":"https:\/\/sepam.com.br\/fr\/wp-json\/wp\/v2\/media?parent=6972"}],"wp:term":[{"taxonomy":"category","embeddable":true,"href":"https:\/\/sepam.com.br\/fr\/wp-json\/wp\/v2\/categories?post=6972"},{"taxonomy":"post_tag","embeddable":true,"href":"https:\/\/sepam.com.br\/fr\/wp-json\/wp\/v2\/tags?post=6972"}],"curies":[{"name":"wp","href":"https:\/\/api.w.org\/{rel}","templated":true}]}}