{"id":6971,"date":"2025-08-28T10:47:18","date_gmt":"2025-08-28T13:47:18","guid":{"rendered":"https:\/\/dev.alisonandrei.com.br\/noticia\/alunos-do-2o-ano-utilizam-material-reciclavel-para-criar-obras-de-arte\/"},"modified":"2025-11-24T10:53:36","modified_gmt":"2025-11-24T13:53:36","slug":"alunos-do-2o-ano-utilizam-material-reciclavel-para-criar-obras-de-arte","status":"publish","type":"post","link":"https:\/\/sepam.com.br\/fr\/alunos-do-2o-ano-utilizam-material-reciclavel-para-criar-obras-de-arte\/","title":{"rendered":"Alunos do 2\u00ba ano utilizam material recicl\u00e1vel para criar obras de arte"},"content":{"rendered":"<p>Voc\u00ea sabia que existem maneiras criativas de reaproveitar materiais? As turmas do 2\u00ba ano do Ensino Fundamental do Col\u00e9gio SEPAM, sob a orienta\u00e7\u00e3o das professoras Amanda Cristina Coelho Chemim, Cliciele Clara de Almeida, Fl\u00e1via Vanessa Starke e Franciele Cristine Matoso, utilizaram material recicl\u00e1vel para criar arte ef\u00eamera. A atividade foi inspirada nas obras do artista pl\u00e1stico brasileiro, Vik Muniz, e contemplou os componentes curriculares: Linguagem e Ci\u00eancias da Natureza.<\/p>\n<h3><a href=\"https:\/\/www.facebook.com\/pg\/sepamcolegio\/photos\/?tab=album&amp;album_id=1952653421530865&amp;__xts__%5B0%5D=68.ARBiRGqitp2vglwrX_IlFBPjE-Hs4v3YRGQoy4IjQeHdxUmGVFSXTs3HW1UYKdQBxyrAK1s7Ivr022SCOvM3KRDzEDZYQmWQR5XoI4Hk5ayq06UI9TRSQl0J-foq7SyUSauFNhDAqKR29Zz11-pc-yZsGXPfDDqlUe3CQDxWRZMNtEKCybXI2vIcuLLW3DGUmsyUmWSuaEeQ3B-LooefkkSBc4YZXgrHilKPPzgDHv6zl21hiTZDY6-jcfaYBJGw7EN9GRG75bGUXO9P0wXezw9fnhFctw9YC4R1LPOmfGWSNBHia2Aqn6pRJMKwpE-fAWzLoDCFBDbiAw2oq7DFKSTpH9uLXUIvszUTMgfAmBPOsAGWH4Hcm01hXMXiPxDaO9pgVKd2bDJAS1hIkliCk1VQzCUuGVi5y7mvBeE7WNG705HpOhHqQHvMZHUL-KyG-Z-4vnVhFH4w7hHnZLKa&amp;__tn__=-UC-R\" target=\"_blank\" rel=\"noopener\">Confira mais fotos aqui<\/a>.<\/h3>\n<p>O trabalho iniciou em casa onde, com a ajuda dos familiares, as crian\u00e7as separam o lixo recicl\u00e1vel. Em sala de aula, elas criaram suas obras de arte, que depois foram desmontadas e os materiais receberam o destino correto.<\/p>\n<p>\u201cO objetivo principal dessa atividade foi conscientizar os alunos de que pequenas atitudes, como separar o lixo, t\u00eam grande valor, que fazendo isso eles est\u00e3o contribuindo com a preserva\u00e7\u00e3o da natureza e do mundo\u201d, comenta Cliciele.<\/p>\n<h3><\/h3>\n<h3><strong>SOBRE VIK MUNIZ<\/strong><\/h3>\n<p>O artista pl\u00e1stico, Vik Muniz, utiliza materiais perec\u00edveis em suas obras, como a\u00e7\u00facar, chocolate l\u00edquido, doce de leite, lixo, poeira entre outros em suas obras. Por isso, sua arte \u00e9 chamada de ef\u00eamera (tempor\u00e1ria). \u00a0O document\u00e1rio Lixo Extraordin\u00e1rio acompanha durante dois anos o desdobramento do trabalho de Vik Muniz no maior aterro sanit\u00e1rio do mundo, no Jardim Gramacho, munic\u00edpio de Duque de Caxias-RJ; um filme que mostra o estatuto da arte e a quest\u00e3o do lixo na sociedade contempor\u00e2nea. Saiba mais sobre vida e obra do artista na sua p\u00e1gina: <a href=\"http:\/\/vikmuniz.net\/pt\" target=\"_blank\" rel=\"noopener\">vikmuniz.net\/pt<\/a>.<\/p>\n","protected":false},"excerpt":{"rendered":"<p>Voc\u00ea sabia que existem maneiras criativas de reaproveitar materiais? As turmas do 2\u00ba ano do Ensino Fundamental do Col\u00e9gio SEPAM, sob a orienta\u00e7\u00e3o das professoras Amanda Cristina Coelho Chemim, Cliciele Clara de Almeida, Fl\u00e1via Vanessa Starke e Franciele Cristine Matoso, utilizaram material recicl\u00e1vel para criar arte ef\u00eamera. A atividade foi inspirada nas obras do artista [&hellip;]<\/p>\n","protected":false},"author":13,"featured_media":0,"comment_status":"open","ping_status":"open","sticky":false,"template":"","format":"standard","meta":{"footnotes":""},"categories":[21],"tags":[],"class_list":["post-6971","post","type-post","status-publish","format-standard","hentry","category-colegio-sepam"],"yoast_head":"<!-- This site is optimized with the Yoast SEO plugin v28.4 - https:\/\/yoast.com\/product\/yoast-seo-wordpress\/ -->\n<title>Alunos do 2\u00ba ano utilizam material recicl\u00e1vel para criar obras de arte<\/title>\n<meta name=\"description\" content=\"Voc\u00ea sabia que existem maneiras criativas de reaproveitar materiais? As turmas do 2\u00ba ano do Ensino Fundamental do Col\u00e9gio SEPAM, sob a orienta\u00e7\u00e3o das professoras Amanda Cristina Coelho Chemim, Cliciele Clara de Almeida, Fl\u00e1via Vanessa Starke e Franciele Cristine Matoso, utilizaram material recicl\u00e1vel para criar arte ef\u00eamera. A atividade foi inspirada nas obras do artista\u2026\" \/>\n<meta name=\"robots\" content=\"index, follow, max-snippet:-1, max-image-preview:large, max-video-preview:-1\" \/>\n<link rel=\"canonical\" href=\"https:\/\/sepam.com.br\/fr\/alunos-do-2o-ano-utilizam-material-reciclavel-para-criar-obras-de-arte\/\" \/>\n<meta property=\"og:locale\" content=\"fr_FR\" \/>\n<meta property=\"og:type\" content=\"article\" \/>\n<meta property=\"og:title\" content=\"Alunos do 2\u00ba ano utilizam material recicl\u00e1vel para criar obras de arte\" \/>\n<meta property=\"og:description\" content=\"Voc\u00ea sabia que existem maneiras criativas de reaproveitar materiais? As turmas do 2\u00ba ano do Ensino Fundamental do Col\u00e9gio SEPAM, sob a orienta\u00e7\u00e3o das professoras Amanda Cristina Coelho Chemim, Cliciele Clara de Almeida, Fl\u00e1via Vanessa Starke e Franciele Cristine Matoso, utilizaram material recicl\u00e1vel para criar arte ef\u00eamera. A atividade foi inspirada nas obras do artista\u2026\" \/>\n<meta property=\"og:url\" content=\"https:\/\/sepam.com.br\/fr\/alunos-do-2o-ano-utilizam-material-reciclavel-para-criar-obras-de-arte\/\" \/>\n<meta property=\"og:site_name\" content=\"Col\u00e9gio Sepam\" \/>\n<meta property=\"article:published_time\" content=\"2025-08-28T13:47:18+00:00\" \/>\n<meta property=\"article:modified_time\" content=\"2025-11-24T13:53:36+00:00\" \/>\n<meta name=\"author\" content=\"Sepam\" \/>\n<meta name=\"twitter:card\" content=\"summary_large_image\" \/>\n<meta name=\"twitter:label1\" content=\"\u00c9crit par\" \/>\n\t<meta name=\"twitter:data1\" content=\"Sepam\" \/>\n\t<meta name=\"twitter:label2\" content=\"Dur\u00e9e de lecture estim\u00e9e\" \/>\n\t<meta name=\"twitter:data2\" content=\"1 minute\" \/>\n<script type=\"application\/ld+json\" class=\"yoast-schema-graph\">{\"@context\":\"https:\\\/\\\/schema.org\",\"@graph\":[{\"@type\":\"Article\",\"@id\":\"https:\\\/\\\/sepam.com.br\\\/fr\\\/alunos-do-2o-ano-utilizam-material-reciclavel-para-criar-obras-de-arte\\\/#article\",\"isPartOf\":{\"@id\":\"https:\\\/\\\/sepam.com.br\\\/fr\\\/alunos-do-2o-ano-utilizam-material-reciclavel-para-criar-obras-de-arte\\\/\"},\"author\":{\"name\":\"Sepam\",\"@id\":\"https:\\\/\\\/sepam.com.br\\\/#\\\/schema\\\/person\\\/bfa2996c649a5a6d822766f6e64eb7fd\"},\"headline\":\"Alunos do 2\u00ba ano utilizam material recicl\u00e1vel para criar obras de arte\",\"datePublished\":\"2025-08-28T13:47:18+00:00\",\"dateModified\":\"2025-11-24T13:53:36+00:00\",\"mainEntityOfPage\":{\"@id\":\"https:\\\/\\\/sepam.com.br\\\/fr\\\/alunos-do-2o-ano-utilizam-material-reciclavel-para-criar-obras-de-arte\\\/\"},\"wordCount\":278,\"commentCount\":0,\"publisher\":{\"@id\":\"https:\\\/\\\/sepam.com.br\\\/#organization\"},\"articleSection\":[\"Colegio Sepam\"],\"inLanguage\":\"fr-FR\",\"potentialAction\":[{\"@type\":\"CommentAction\",\"name\":\"Comment\",\"target\":[\"https:\\\/\\\/sepam.com.br\\\/fr\\\/alunos-do-2o-ano-utilizam-material-reciclavel-para-criar-obras-de-arte\\\/#respond\"]}]},{\"@type\":\"WebPage\",\"@id\":\"https:\\\/\\\/sepam.com.br\\\/fr\\\/alunos-do-2o-ano-utilizam-material-reciclavel-para-criar-obras-de-arte\\\/\",\"url\":\"https:\\\/\\\/sepam.com.br\\\/fr\\\/alunos-do-2o-ano-utilizam-material-reciclavel-para-criar-obras-de-arte\\\/\",\"name\":\"Alunos do 2\u00ba ano utilizam material recicl\u00e1vel para criar obras de arte - Col\u00e9gio Sepam\",\"isPartOf\":{\"@id\":\"https:\\\/\\\/sepam.com.br\\\/#website\"},\"datePublished\":\"2025-08-28T13:47:18+00:00\",\"dateModified\":\"2025-11-24T13:53:36+00:00\",\"breadcrumb\":{\"@id\":\"https:\\\/\\\/sepam.com.br\\\/fr\\\/alunos-do-2o-ano-utilizam-material-reciclavel-para-criar-obras-de-arte\\\/#breadcrumb\"},\"inLanguage\":\"fr-FR\",\"potentialAction\":[{\"@type\":\"ReadAction\",\"target\":[\"https:\\\/\\\/sepam.com.br\\\/fr\\\/alunos-do-2o-ano-utilizam-material-reciclavel-para-criar-obras-de-arte\\\/\"]}]},{\"@type\":\"BreadcrumbList\",\"@id\":\"https:\\\/\\\/sepam.com.br\\\/fr\\\/alunos-do-2o-ano-utilizam-material-reciclavel-para-criar-obras-de-arte\\\/#breadcrumb\",\"itemListElement\":[{\"@type\":\"ListItem\",\"position\":1,\"name\":\"Boas Vindas\",\"item\":\"https:\\\/\\\/sepam.com.br\\\/\"},{\"@type\":\"ListItem\",\"position\":2,\"name\":\"Alunos do 2\u00ba ano utilizam material recicl\u00e1vel para criar obras de arte\"}]},{\"@type\":\"WebSite\",\"@id\":\"https:\\\/\\\/sepam.com.br\\\/fr\\\/#website\",\"url\":\"https:\\\/\\\/sepam.com.br\\\/fr\\\/\",\"name\":\"Col\u00e9gio Sepam\",\"description\":\"Ensino Incompar\u00e1vel\",\"publisher\":{\"@id\":\"https:\\\/\\\/sepam.com.br\\\/fr\\\/#organization\"},\"potentialAction\":[{\"@type\":\"SearchAction\",\"target\":{\"@type\":\"EntryPoint\",\"urlTemplate\":\"https:\\\/\\\/sepam.com.br\\\/fr\\\/?s={search_term_string}\"},\"query-input\":{\"@type\":\"PropertyValueSpecification\",\"valueRequired\":true,\"valueName\":\"search_term_string\"}}],\"inLanguage\":\"fr-FR\"},{\"@type\":\"Organization\",\"@id\":\"https:\\\/\\\/sepam.com.br\\\/fr\\\/#organization\",\"name\":\"Col\u00e9gio Sepam\",\"url\":\"https:\\\/\\\/sepam.com.br\\\/fr\\\/\",\"logo\":{\"@type\":\"ImageObject\",\"inLanguage\":\"fr-FR\",\"@id\":\"https:\\\/\\\/sepam.com.br\\\/fr\\\/#\\\/schema\\\/logo\\\/image\\\/\",\"url\":\"https:\\\/\\\/sepam.com.br\\\/wp-content\\\/uploads\\\/2025\\\/02\\\/Ativo-2.png\",\"contentUrl\":\"https:\\\/\\\/sepam.com.br\\\/wp-content\\\/uploads\\\/2025\\\/02\\\/Ativo-2.png\",\"width\":595,\"height\":525,\"caption\":\"Col\u00e9gio Sepam\"},\"image\":{\"@id\":\"https:\\\/\\\/sepam.com.br\\\/fr\\\/#\\\/schema\\\/logo\\\/image\\\/\"}},{\"@type\":\"Person\",\"@id\":\"https:\\\/\\\/sepam.com.br\\\/#\\\/schema\\\/person\\\/bfa2996c649a5a6d822766f6e64eb7fd\",\"name\":\"Sepam\",\"image\":{\"@type\":\"ImageObject\",\"inLanguage\":\"fr-FR\",\"@id\":\"https:\\\/\\\/secure.gravatar.com\\\/avatar\\\/0219e64664f5861998ad57a3432eb4bd5fd99a34c7cc9bc44b3c59dfb830db85?s=96&d=mm&r=g\",\"url\":\"https:\\\/\\\/secure.gravatar.com\\\/avatar\\\/0219e64664f5861998ad57a3432eb4bd5fd99a34c7cc9bc44b3c59dfb830db85?s=96&d=mm&r=g\",\"contentUrl\":\"https:\\\/\\\/secure.gravatar.com\\\/avatar\\\/0219e64664f5861998ad57a3432eb4bd5fd99a34c7cc9bc44b3c59dfb830db85?s=96&d=mm&r=g\",\"caption\":\"Sepam\"},\"url\":\"https:\\\/\\\/sepam.com.br\\\/fr\\\/author\\\/sepam\\\/\"}]}<\/script>\n<!-- \/ Yoast SEO plugin. -->","yoast_head_json":{"title":"Alunos do 2\u00ba ano utilizam material recicl\u00e1vel para criar obras de arte","description":"Voc\u00ea sabia que existem maneiras criativas de reaproveitar materiais? As turmas do 2\u00ba ano do Ensino Fundamental do Col\u00e9gio SEPAM, sob a orienta\u00e7\u00e3o das professoras Amanda Cristina Coelho Chemim, Cliciele Clara de Almeida, Fl\u00e1via Vanessa Starke e Franciele Cristine Matoso, utilizaram material recicl\u00e1vel para criar arte ef\u00eamera. A atividade foi inspirada nas obras do artista\u2026","robots":{"index":"index","follow":"follow","max-snippet":"max-snippet:-1","max-image-preview":"max-image-preview:large","max-video-preview":"max-video-preview:-1"},"canonical":"https:\/\/sepam.com.br\/fr\/alunos-do-2o-ano-utilizam-material-reciclavel-para-criar-obras-de-arte\/","og_locale":"fr_FR","og_type":"article","og_title":"Alunos do 2\u00ba ano utilizam material recicl\u00e1vel para criar obras de arte","og_description":"Voc\u00ea sabia que existem maneiras criativas de reaproveitar materiais? As turmas do 2\u00ba ano do Ensino Fundamental do Col\u00e9gio SEPAM, sob a orienta\u00e7\u00e3o das professoras Amanda Cristina Coelho Chemim, Cliciele Clara de Almeida, Fl\u00e1via Vanessa Starke e Franciele Cristine Matoso, utilizaram material recicl\u00e1vel para criar arte ef\u00eamera. A atividade foi inspirada nas obras do artista\u2026","og_url":"https:\/\/sepam.com.br\/fr\/alunos-do-2o-ano-utilizam-material-reciclavel-para-criar-obras-de-arte\/","og_site_name":"Col\u00e9gio Sepam","article_published_time":"2025-08-28T13:47:18+00:00","article_modified_time":"2025-11-24T13:53:36+00:00","author":"Sepam","twitter_card":"summary_large_image","twitter_misc":{"\u00c9crit par":"Sepam","Dur\u00e9e de lecture estim\u00e9e":"1 minute"},"schema":{"@context":"https:\/\/schema.org","@graph":[{"@type":"Article","@id":"https:\/\/sepam.com.br\/fr\/alunos-do-2o-ano-utilizam-material-reciclavel-para-criar-obras-de-arte\/#article","isPartOf":{"@id":"https:\/\/sepam.com.br\/fr\/alunos-do-2o-ano-utilizam-material-reciclavel-para-criar-obras-de-arte\/"},"author":{"name":"Sepam","@id":"https:\/\/sepam.com.br\/#\/schema\/person\/bfa2996c649a5a6d822766f6e64eb7fd"},"headline":"Alunos do 2\u00ba ano utilizam material recicl\u00e1vel para criar obras de arte","datePublished":"2025-08-28T13:47:18+00:00","dateModified":"2025-11-24T13:53:36+00:00","mainEntityOfPage":{"@id":"https:\/\/sepam.com.br\/fr\/alunos-do-2o-ano-utilizam-material-reciclavel-para-criar-obras-de-arte\/"},"wordCount":278,"commentCount":0,"publisher":{"@id":"https:\/\/sepam.com.br\/#organization"},"articleSection":["Colegio Sepam"],"inLanguage":"fr-FR","potentialAction":[{"@type":"CommentAction","name":"Comment","target":["https:\/\/sepam.com.br\/fr\/alunos-do-2o-ano-utilizam-material-reciclavel-para-criar-obras-de-arte\/#respond"]}]},{"@type":"WebPage","@id":"https:\/\/sepam.com.br\/fr\/alunos-do-2o-ano-utilizam-material-reciclavel-para-criar-obras-de-arte\/","url":"https:\/\/sepam.com.br\/fr\/alunos-do-2o-ano-utilizam-material-reciclavel-para-criar-obras-de-arte\/","name":"Alunos do 2\u00ba ano utilizam material recicl\u00e1vel para criar obras de arte - Col\u00e9gio Sepam","isPartOf":{"@id":"https:\/\/sepam.com.br\/#website"},"datePublished":"2025-08-28T13:47:18+00:00","dateModified":"2025-11-24T13:53:36+00:00","breadcrumb":{"@id":"https:\/\/sepam.com.br\/fr\/alunos-do-2o-ano-utilizam-material-reciclavel-para-criar-obras-de-arte\/#breadcrumb"},"inLanguage":"fr-FR","potentialAction":[{"@type":"ReadAction","target":["https:\/\/sepam.com.br\/fr\/alunos-do-2o-ano-utilizam-material-reciclavel-para-criar-obras-de-arte\/"]}]},{"@type":"BreadcrumbList","@id":"https:\/\/sepam.com.br\/fr\/alunos-do-2o-ano-utilizam-material-reciclavel-para-criar-obras-de-arte\/#breadcrumb","itemListElement":[{"@type":"ListItem","position":1,"name":"Boas Vindas","item":"https:\/\/sepam.com.br\/"},{"@type":"ListItem","position":2,"name":"Alunos do 2\u00ba ano utilizam material recicl\u00e1vel para criar obras de arte"}]},{"@type":"WebSite","@id":"https:\/\/sepam.com.br\/fr\/#website","url":"https:\/\/sepam.com.br\/fr\/","name":"Col\u00e9gio Sepam","description":"Ensino Incompar\u00e1vel","publisher":{"@id":"https:\/\/sepam.com.br\/fr\/#organization"},"potentialAction":[{"@type":"SearchAction","target":{"@type":"EntryPoint","urlTemplate":"https:\/\/sepam.com.br\/fr\/?s={search_term_string}"},"query-input":{"@type":"PropertyValueSpecification","valueRequired":true,"valueName":"search_term_string"}}],"inLanguage":"fr-FR"},{"@type":"Organization","@id":"https:\/\/sepam.com.br\/fr\/#organization","name":"Col\u00e9gio Sepam","url":"https:\/\/sepam.com.br\/fr\/","logo":{"@type":"ImageObject","inLanguage":"fr-FR","@id":"https:\/\/sepam.com.br\/fr\/#\/schema\/logo\/image\/","url":"https:\/\/sepam.com.br\/wp-content\/uploads\/2025\/02\/Ativo-2.png","contentUrl":"https:\/\/sepam.com.br\/wp-content\/uploads\/2025\/02\/Ativo-2.png","width":595,"height":525,"caption":"Col\u00e9gio Sepam"},"image":{"@id":"https:\/\/sepam.com.br\/fr\/#\/schema\/logo\/image\/"}},{"@type":"Person","@id":"https:\/\/sepam.com.br\/#\/schema\/person\/bfa2996c649a5a6d822766f6e64eb7fd","name":"Sepam","image":{"@type":"ImageObject","inLanguage":"fr-FR","@id":"https:\/\/secure.gravatar.com\/avatar\/0219e64664f5861998ad57a3432eb4bd5fd99a34c7cc9bc44b3c59dfb830db85?s=96&d=mm&r=g","url":"https:\/\/secure.gravatar.com\/avatar\/0219e64664f5861998ad57a3432eb4bd5fd99a34c7cc9bc44b3c59dfb830db85?s=96&d=mm&r=g","contentUrl":"https:\/\/secure.gravatar.com\/avatar\/0219e64664f5861998ad57a3432eb4bd5fd99a34c7cc9bc44b3c59dfb830db85?s=96&d=mm&r=g","caption":"Sepam"},"url":"https:\/\/sepam.com.br\/fr\/author\/sepam\/"}]}},"_links":{"self":[{"href":"https:\/\/sepam.com.br\/fr\/wp-json\/wp\/v2\/posts\/6971","targetHints":{"allow":["GET"]}}],"collection":[{"href":"https:\/\/sepam.com.br\/fr\/wp-json\/wp\/v2\/posts"}],"about":[{"href":"https:\/\/sepam.com.br\/fr\/wp-json\/wp\/v2\/types\/post"}],"author":[{"embeddable":true,"href":"https:\/\/sepam.com.br\/fr\/wp-json\/wp\/v2\/users\/13"}],"replies":[{"embeddable":true,"href":"https:\/\/sepam.com.br\/fr\/wp-json\/wp\/v2\/comments?post=6971"}],"version-history":[{"count":1,"href":"https:\/\/sepam.com.br\/fr\/wp-json\/wp\/v2\/posts\/6971\/revisions"}],"predecessor-version":[{"id":7395,"href":"https:\/\/sepam.com.br\/fr\/wp-json\/wp\/v2\/posts\/6971\/revisions\/7395"}],"wp:attachment":[{"href":"https:\/\/sepam.com.br\/fr\/wp-json\/wp\/v2\/media?parent=6971"}],"wp:term":[{"taxonomy":"category","embeddable":true,"href":"https:\/\/sepam.com.br\/fr\/wp-json\/wp\/v2\/categories?post=6971"},{"taxonomy":"post_tag","embeddable":true,"href":"https:\/\/sepam.com.br\/fr\/wp-json\/wp\/v2\/tags?post=6971"}],"curies":[{"name":"wp","href":"https:\/\/api.w.org\/{rel}","templated":true}]}}