{"id":6946,"date":"2025-08-28T10:47:15","date_gmt":"2025-08-28T13:47:15","guid":{"rendered":"https:\/\/dev.alisonandrei.com.br\/noticia\/colegio-sepam-inicia-comemoracoes-de-seus-80-anos\/"},"modified":"2025-11-24T10:53:36","modified_gmt":"2025-11-24T13:53:36","slug":"colegio-sepam-inicia-comemoracoes-de-seus-80-anos","status":"publish","type":"post","link":"https:\/\/sepam.com.br\/fr\/colegio-sepam-inicia-comemoracoes-de-seus-80-anos\/","title":{"rendered":"Col\u00e9gio Sepam inicia comemora\u00e7\u00f5es de seus 80 anos"},"content":{"rendered":"<p>O Col\u00e9gio Sepam \u00e9 reconhecido por ser detentor de uma hist\u00f3ria de sucesso que se integra \u00e0 da cidade de Ponta Grossa, no Paran\u00e1, onde pioneiramente sua primeira unidade foi institu\u00edda (hoje o Col\u00e9gio Sepam tamb\u00e9m atua com uma sede em Castro). At\u00e9 os dias de hoje a Institui\u00e7\u00e3o soma a incr\u00edvel marca de mais de 40 mil alunos formados nos ensinos Infantil, Fundamental e M\u00e9dio.<\/p>\n<p>Para marcar as festividades, que come\u00e7aram em outubro deste ano e seguem at\u00e9 outubro de 2019, uma s\u00e9rie de atividades foram idealizadas como parte de um calend\u00e1rio especial integrado por diversas iniciativas que ser\u00e3o realizadas no decorrer desses doze meses. \u201cN\u00f3s temos orgulho em compartilhar nossa hist\u00f3ria e, exatamente por isso, escolhemos apresenta-la por meio de a\u00e7\u00f5es que envolvam a comunidade escolar e a sociedade\u201d, diz Osni Mongruel J\u00fanior, diretor do Col\u00e9gio.<\/p>\n<p>As a\u00e7\u00f5es citadas por Osni Mongruel J\u00fanior incluem desde a cria\u00e7\u00e3o de um selo especial, passando por a\u00e7\u00f5es sociais e de engajamento comunit\u00e1rio, document\u00e1rios e exposi\u00e7\u00f5es entre outras, todas envolvendo os profissionais do col\u00e9gio, os alunos e suas fam\u00edlias.<\/p>\n<p><em>Hist\u00f3ria incompar\u00e1vel<\/em><\/p>\n<p>Sob o mote \u201cSepam, h\u00e1 80 anos incompar\u00e1vel\u201d, o Col\u00e9gio inicia a campanha valorizando, ao mesmo tempo, hist\u00f3ria, infraestrutura e capacidade t\u00e9cnica, oferecidos desde 1939, al\u00e9m do sucesso na forma\u00e7\u00e3o de pessoas e de profissionais de sucesso. \u201cSabemos que este trabalho s\u00f3 \u00e9 poss\u00edvel gra\u00e7as \u00e0 constante renova\u00e7\u00e3o, ao comprometimento dos nossos colaboradores e, mais importante, \u00e0 confian\u00e7a dos pais\u201d, diz o diretor do Col\u00e9gio.<\/p>\n<p>O Sepam nasceu em 1939 idealizado pelos professores Roberto Em\u00edlio Mongruel e Altair de Oliveira Mongruel. Na \u00e9poca se chamava \u201cAcademia Pontagrossense do Com\u00e9rcio\u201d e oferecia cursos de Contabilidade e Proped\u00eautico \u2013 nome dado ao ensino m\u00e9dio da \u00e9poca.<\/p>\n<p>Constru\u00eddo especialmente para comportar uma escola, o pr\u00e9dio do Col\u00e9gio est\u00e1, at\u00e9 hoje, no mesmo endere\u00e7o (esquina das ruas General Carneiro e Tiradentes, no centro da cidade), tendo passado por uma s\u00e9rie de amplia\u00e7\u00f5es e moderniza\u00e7\u00f5es de sua estrutura, que hoje ocupa todo o quarteir\u00e3o. \u201cForam feitas adequa\u00e7\u00f5es para acompanhar a evolu\u00e7\u00e3o da educa\u00e7\u00e3o, tanto nas quest\u00f5es pedag\u00f3gicas como nas estruturais. O que se mant\u00e9m inalterado \u00e9 o nosso objetivo inicial: promover a educa\u00e7\u00e3o de qualidade e colaborar com desenvolvimento dos Campos Gerais\u201d, diz Osni Mongruel Junior.<\/p>\n<p>Ao mesmo tempo em que o Sepam evolui, conquista reconhecimentos. Em 1975, uma institui\u00e7\u00e3o de educa\u00e7\u00e3o de Ortigueira, cidade localizada a 141km de Ponta Grossa, recebeu o nome de um dos fundadores do Sepam, passando a se chamar Col\u00e9gio Estadual Altair Mongruel. Em 1993 a Sociedade Educacional Altair Mongruel estabeleceu em Castro, iniciando com educa\u00e7\u00e3o infantil e ensino fundamental, iniciando no ano seguinte o ensino m\u00e9dio. Em 2010, a Prefeitura Municipal de Ponta Grossa inaugurou a Escola Municipal Osni Vilaca Mongruel, uma homenagem ao professor por toda sua contribui\u00e7\u00e3o ao ensino na cidade. Pelo Col\u00e9gio, como alunos e professores j\u00e1 passaram destacadas personalidades da regi\u00e3o.<\/p>\n","protected":false},"excerpt":{"rendered":"<p>O Col\u00e9gio Sepam \u00e9 reconhecido por ser detentor de uma hist\u00f3ria de sucesso que se integra \u00e0 da cidade de Ponta Grossa, no Paran\u00e1, onde pioneiramente sua primeira unidade foi institu\u00edda (hoje o Col\u00e9gio Sepam tamb\u00e9m atua com uma sede em Castro). At\u00e9 os dias de hoje a Institui\u00e7\u00e3o soma a incr\u00edvel marca de mais [&hellip;]<\/p>\n","protected":false},"author":13,"featured_media":0,"comment_status":"open","ping_status":"open","sticky":false,"template":"","format":"standard","meta":{"footnotes":""},"categories":[21],"tags":[],"class_list":["post-6946","post","type-post","status-publish","format-standard","hentry","category-colegio-sepam"],"yoast_head":"<!-- This site is optimized with the Yoast SEO plugin v28.4 - https:\/\/yoast.com\/product\/yoast-seo-wordpress\/ -->\n<title>Col\u00e9gio Sepam inicia comemora\u00e7\u00f5es de seus 80 anos<\/title>\n<meta name=\"description\" content=\"O Col\u00e9gio Sepam \u00e9 reconhecido por ser detentor de uma hist\u00f3ria de sucesso que se integra \u00e0 da cidade de Ponta Grossa, no Paran\u00e1, onde pioneiramente sua primeira unidade foi institu\u00edda (hoje o Col\u00e9gio Sepam tamb\u00e9m atua com uma sede em Castro). At\u00e9 os dias de hoje a Institui\u00e7\u00e3o soma a incr\u00edvel marca de mais\u2026\" \/>\n<meta name=\"robots\" content=\"index, follow, max-snippet:-1, max-image-preview:large, max-video-preview:-1\" \/>\n<link rel=\"canonical\" href=\"https:\/\/sepam.com.br\/fr\/colegio-sepam-inicia-comemoracoes-de-seus-80-anos\/\" \/>\n<meta property=\"og:locale\" content=\"fr_FR\" \/>\n<meta property=\"og:type\" content=\"article\" \/>\n<meta property=\"og:title\" content=\"Col\u00e9gio Sepam inicia comemora\u00e7\u00f5es de seus 80 anos\" \/>\n<meta property=\"og:description\" content=\"O Col\u00e9gio Sepam \u00e9 reconhecido por ser detentor de uma hist\u00f3ria de sucesso que se integra \u00e0 da cidade de Ponta Grossa, no Paran\u00e1, onde pioneiramente sua primeira unidade foi institu\u00edda (hoje o Col\u00e9gio Sepam tamb\u00e9m atua com uma sede em Castro). At\u00e9 os dias de hoje a Institui\u00e7\u00e3o soma a incr\u00edvel marca de mais\u2026\" \/>\n<meta property=\"og:url\" content=\"https:\/\/sepam.com.br\/fr\/colegio-sepam-inicia-comemoracoes-de-seus-80-anos\/\" \/>\n<meta property=\"og:site_name\" content=\"Col\u00e9gio Sepam\" \/>\n<meta property=\"article:published_time\" content=\"2025-08-28T13:47:15+00:00\" \/>\n<meta property=\"article:modified_time\" content=\"2025-11-24T13:53:36+00:00\" \/>\n<meta name=\"author\" content=\"Sepam\" \/>\n<meta name=\"twitter:card\" content=\"summary_large_image\" \/>\n<meta name=\"twitter:label1\" content=\"\u00c9crit par\" \/>\n\t<meta name=\"twitter:data1\" content=\"Sepam\" \/>\n\t<meta name=\"twitter:label2\" content=\"Dur\u00e9e de lecture estim\u00e9e\" \/>\n\t<meta name=\"twitter:data2\" content=\"3 minutes\" \/>\n<script type=\"application\/ld+json\" class=\"yoast-schema-graph\">{\"@context\":\"https:\\\/\\\/schema.org\",\"@graph\":[{\"@type\":\"Article\",\"@id\":\"https:\\\/\\\/sepam.com.br\\\/fr\\\/colegio-sepam-inicia-comemoracoes-de-seus-80-anos\\\/#article\",\"isPartOf\":{\"@id\":\"https:\\\/\\\/sepam.com.br\\\/fr\\\/colegio-sepam-inicia-comemoracoes-de-seus-80-anos\\\/\"},\"author\":{\"name\":\"Sepam\",\"@id\":\"https:\\\/\\\/sepam.com.br\\\/#\\\/schema\\\/person\\\/bfa2996c649a5a6d822766f6e64eb7fd\"},\"headline\":\"Col\u00e9gio Sepam inicia comemora\u00e7\u00f5es de seus 80 anos\",\"datePublished\":\"2025-08-28T13:47:15+00:00\",\"dateModified\":\"2025-11-24T13:53:36+00:00\",\"mainEntityOfPage\":{\"@id\":\"https:\\\/\\\/sepam.com.br\\\/fr\\\/colegio-sepam-inicia-comemoracoes-de-seus-80-anos\\\/\"},\"wordCount\":535,\"commentCount\":0,\"publisher\":{\"@id\":\"https:\\\/\\\/sepam.com.br\\\/#organization\"},\"articleSection\":[\"Colegio Sepam\"],\"inLanguage\":\"fr-FR\",\"potentialAction\":[{\"@type\":\"CommentAction\",\"name\":\"Comment\",\"target\":[\"https:\\\/\\\/sepam.com.br\\\/fr\\\/colegio-sepam-inicia-comemoracoes-de-seus-80-anos\\\/#respond\"]}]},{\"@type\":\"WebPage\",\"@id\":\"https:\\\/\\\/sepam.com.br\\\/fr\\\/colegio-sepam-inicia-comemoracoes-de-seus-80-anos\\\/\",\"url\":\"https:\\\/\\\/sepam.com.br\\\/fr\\\/colegio-sepam-inicia-comemoracoes-de-seus-80-anos\\\/\",\"name\":\"Col\u00e9gio Sepam inicia comemora\u00e7\u00f5es de seus 80 anos - Col\u00e9gio Sepam\",\"isPartOf\":{\"@id\":\"https:\\\/\\\/sepam.com.br\\\/#website\"},\"datePublished\":\"2025-08-28T13:47:15+00:00\",\"dateModified\":\"2025-11-24T13:53:36+00:00\",\"breadcrumb\":{\"@id\":\"https:\\\/\\\/sepam.com.br\\\/fr\\\/colegio-sepam-inicia-comemoracoes-de-seus-80-anos\\\/#breadcrumb\"},\"inLanguage\":\"fr-FR\",\"potentialAction\":[{\"@type\":\"ReadAction\",\"target\":[\"https:\\\/\\\/sepam.com.br\\\/fr\\\/colegio-sepam-inicia-comemoracoes-de-seus-80-anos\\\/\"]}]},{\"@type\":\"BreadcrumbList\",\"@id\":\"https:\\\/\\\/sepam.com.br\\\/fr\\\/colegio-sepam-inicia-comemoracoes-de-seus-80-anos\\\/#breadcrumb\",\"itemListElement\":[{\"@type\":\"ListItem\",\"position\":1,\"name\":\"Boas Vindas\",\"item\":\"https:\\\/\\\/sepam.com.br\\\/\"},{\"@type\":\"ListItem\",\"position\":2,\"name\":\"Col\u00e9gio Sepam inicia comemora\u00e7\u00f5es de seus 80 anos\"}]},{\"@type\":\"WebSite\",\"@id\":\"https:\\\/\\\/sepam.com.br\\\/fr\\\/#website\",\"url\":\"https:\\\/\\\/sepam.com.br\\\/fr\\\/\",\"name\":\"Col\u00e9gio Sepam\",\"description\":\"Ensino Incompar\u00e1vel\",\"publisher\":{\"@id\":\"https:\\\/\\\/sepam.com.br\\\/fr\\\/#organization\"},\"potentialAction\":[{\"@type\":\"SearchAction\",\"target\":{\"@type\":\"EntryPoint\",\"urlTemplate\":\"https:\\\/\\\/sepam.com.br\\\/fr\\\/?s={search_term_string}\"},\"query-input\":{\"@type\":\"PropertyValueSpecification\",\"valueRequired\":true,\"valueName\":\"search_term_string\"}}],\"inLanguage\":\"fr-FR\"},{\"@type\":\"Organization\",\"@id\":\"https:\\\/\\\/sepam.com.br\\\/fr\\\/#organization\",\"name\":\"Col\u00e9gio Sepam\",\"url\":\"https:\\\/\\\/sepam.com.br\\\/fr\\\/\",\"logo\":{\"@type\":\"ImageObject\",\"inLanguage\":\"fr-FR\",\"@id\":\"https:\\\/\\\/sepam.com.br\\\/fr\\\/#\\\/schema\\\/logo\\\/image\\\/\",\"url\":\"https:\\\/\\\/sepam.com.br\\\/wp-content\\\/uploads\\\/2025\\\/02\\\/Ativo-2.png\",\"contentUrl\":\"https:\\\/\\\/sepam.com.br\\\/wp-content\\\/uploads\\\/2025\\\/02\\\/Ativo-2.png\",\"width\":595,\"height\":525,\"caption\":\"Col\u00e9gio Sepam\"},\"image\":{\"@id\":\"https:\\\/\\\/sepam.com.br\\\/fr\\\/#\\\/schema\\\/logo\\\/image\\\/\"}},{\"@type\":\"Person\",\"@id\":\"https:\\\/\\\/sepam.com.br\\\/#\\\/schema\\\/person\\\/bfa2996c649a5a6d822766f6e64eb7fd\",\"name\":\"Sepam\",\"image\":{\"@type\":\"ImageObject\",\"inLanguage\":\"fr-FR\",\"@id\":\"https:\\\/\\\/secure.gravatar.com\\\/avatar\\\/0219e64664f5861998ad57a3432eb4bd5fd99a34c7cc9bc44b3c59dfb830db85?s=96&d=mm&r=g\",\"url\":\"https:\\\/\\\/secure.gravatar.com\\\/avatar\\\/0219e64664f5861998ad57a3432eb4bd5fd99a34c7cc9bc44b3c59dfb830db85?s=96&d=mm&r=g\",\"contentUrl\":\"https:\\\/\\\/secure.gravatar.com\\\/avatar\\\/0219e64664f5861998ad57a3432eb4bd5fd99a34c7cc9bc44b3c59dfb830db85?s=96&d=mm&r=g\",\"caption\":\"Sepam\"},\"url\":\"https:\\\/\\\/sepam.com.br\\\/fr\\\/author\\\/sepam\\\/\"}]}<\/script>\n<!-- \/ Yoast SEO plugin. -->","yoast_head_json":{"title":"Col\u00e9gio Sepam inicia comemora\u00e7\u00f5es de seus 80 anos","description":"O Col\u00e9gio Sepam \u00e9 reconhecido por ser detentor de uma hist\u00f3ria de sucesso que se integra \u00e0 da cidade de Ponta Grossa, no Paran\u00e1, onde pioneiramente sua primeira unidade foi institu\u00edda (hoje o Col\u00e9gio Sepam tamb\u00e9m atua com uma sede em Castro). At\u00e9 os dias de hoje a Institui\u00e7\u00e3o soma a incr\u00edvel marca de mais\u2026","robots":{"index":"index","follow":"follow","max-snippet":"max-snippet:-1","max-image-preview":"max-image-preview:large","max-video-preview":"max-video-preview:-1"},"canonical":"https:\/\/sepam.com.br\/fr\/colegio-sepam-inicia-comemoracoes-de-seus-80-anos\/","og_locale":"fr_FR","og_type":"article","og_title":"Col\u00e9gio Sepam inicia comemora\u00e7\u00f5es de seus 80 anos","og_description":"O Col\u00e9gio Sepam \u00e9 reconhecido por ser detentor de uma hist\u00f3ria de sucesso que se integra \u00e0 da cidade de Ponta Grossa, no Paran\u00e1, onde pioneiramente sua primeira unidade foi institu\u00edda (hoje o Col\u00e9gio Sepam tamb\u00e9m atua com uma sede em Castro). At\u00e9 os dias de hoje a Institui\u00e7\u00e3o soma a incr\u00edvel marca de mais\u2026","og_url":"https:\/\/sepam.com.br\/fr\/colegio-sepam-inicia-comemoracoes-de-seus-80-anos\/","og_site_name":"Col\u00e9gio Sepam","article_published_time":"2025-08-28T13:47:15+00:00","article_modified_time":"2025-11-24T13:53:36+00:00","author":"Sepam","twitter_card":"summary_large_image","twitter_misc":{"\u00c9crit par":"Sepam","Dur\u00e9e de lecture estim\u00e9e":"3 minutes"},"schema":{"@context":"https:\/\/schema.org","@graph":[{"@type":"Article","@id":"https:\/\/sepam.com.br\/fr\/colegio-sepam-inicia-comemoracoes-de-seus-80-anos\/#article","isPartOf":{"@id":"https:\/\/sepam.com.br\/fr\/colegio-sepam-inicia-comemoracoes-de-seus-80-anos\/"},"author":{"name":"Sepam","@id":"https:\/\/sepam.com.br\/#\/schema\/person\/bfa2996c649a5a6d822766f6e64eb7fd"},"headline":"Col\u00e9gio Sepam inicia comemora\u00e7\u00f5es de seus 80 anos","datePublished":"2025-08-28T13:47:15+00:00","dateModified":"2025-11-24T13:53:36+00:00","mainEntityOfPage":{"@id":"https:\/\/sepam.com.br\/fr\/colegio-sepam-inicia-comemoracoes-de-seus-80-anos\/"},"wordCount":535,"commentCount":0,"publisher":{"@id":"https:\/\/sepam.com.br\/#organization"},"articleSection":["Colegio Sepam"],"inLanguage":"fr-FR","potentialAction":[{"@type":"CommentAction","name":"Comment","target":["https:\/\/sepam.com.br\/fr\/colegio-sepam-inicia-comemoracoes-de-seus-80-anos\/#respond"]}]},{"@type":"WebPage","@id":"https:\/\/sepam.com.br\/fr\/colegio-sepam-inicia-comemoracoes-de-seus-80-anos\/","url":"https:\/\/sepam.com.br\/fr\/colegio-sepam-inicia-comemoracoes-de-seus-80-anos\/","name":"Col\u00e9gio Sepam inicia comemora\u00e7\u00f5es de seus 80 anos - Col\u00e9gio Sepam","isPartOf":{"@id":"https:\/\/sepam.com.br\/#website"},"datePublished":"2025-08-28T13:47:15+00:00","dateModified":"2025-11-24T13:53:36+00:00","breadcrumb":{"@id":"https:\/\/sepam.com.br\/fr\/colegio-sepam-inicia-comemoracoes-de-seus-80-anos\/#breadcrumb"},"inLanguage":"fr-FR","potentialAction":[{"@type":"ReadAction","target":["https:\/\/sepam.com.br\/fr\/colegio-sepam-inicia-comemoracoes-de-seus-80-anos\/"]}]},{"@type":"BreadcrumbList","@id":"https:\/\/sepam.com.br\/fr\/colegio-sepam-inicia-comemoracoes-de-seus-80-anos\/#breadcrumb","itemListElement":[{"@type":"ListItem","position":1,"name":"Boas Vindas","item":"https:\/\/sepam.com.br\/"},{"@type":"ListItem","position":2,"name":"Col\u00e9gio Sepam inicia comemora\u00e7\u00f5es de seus 80 anos"}]},{"@type":"WebSite","@id":"https:\/\/sepam.com.br\/fr\/#website","url":"https:\/\/sepam.com.br\/fr\/","name":"Col\u00e9gio Sepam","description":"Ensino Incompar\u00e1vel","publisher":{"@id":"https:\/\/sepam.com.br\/fr\/#organization"},"potentialAction":[{"@type":"SearchAction","target":{"@type":"EntryPoint","urlTemplate":"https:\/\/sepam.com.br\/fr\/?s={search_term_string}"},"query-input":{"@type":"PropertyValueSpecification","valueRequired":true,"valueName":"search_term_string"}}],"inLanguage":"fr-FR"},{"@type":"Organization","@id":"https:\/\/sepam.com.br\/fr\/#organization","name":"Col\u00e9gio Sepam","url":"https:\/\/sepam.com.br\/fr\/","logo":{"@type":"ImageObject","inLanguage":"fr-FR","@id":"https:\/\/sepam.com.br\/fr\/#\/schema\/logo\/image\/","url":"https:\/\/sepam.com.br\/wp-content\/uploads\/2025\/02\/Ativo-2.png","contentUrl":"https:\/\/sepam.com.br\/wp-content\/uploads\/2025\/02\/Ativo-2.png","width":595,"height":525,"caption":"Col\u00e9gio Sepam"},"image":{"@id":"https:\/\/sepam.com.br\/fr\/#\/schema\/logo\/image\/"}},{"@type":"Person","@id":"https:\/\/sepam.com.br\/#\/schema\/person\/bfa2996c649a5a6d822766f6e64eb7fd","name":"Sepam","image":{"@type":"ImageObject","inLanguage":"fr-FR","@id":"https:\/\/secure.gravatar.com\/avatar\/0219e64664f5861998ad57a3432eb4bd5fd99a34c7cc9bc44b3c59dfb830db85?s=96&d=mm&r=g","url":"https:\/\/secure.gravatar.com\/avatar\/0219e64664f5861998ad57a3432eb4bd5fd99a34c7cc9bc44b3c59dfb830db85?s=96&d=mm&r=g","contentUrl":"https:\/\/secure.gravatar.com\/avatar\/0219e64664f5861998ad57a3432eb4bd5fd99a34c7cc9bc44b3c59dfb830db85?s=96&d=mm&r=g","caption":"Sepam"},"url":"https:\/\/sepam.com.br\/fr\/author\/sepam\/"}]}},"_links":{"self":[{"href":"https:\/\/sepam.com.br\/fr\/wp-json\/wp\/v2\/posts\/6946","targetHints":{"allow":["GET"]}}],"collection":[{"href":"https:\/\/sepam.com.br\/fr\/wp-json\/wp\/v2\/posts"}],"about":[{"href":"https:\/\/sepam.com.br\/fr\/wp-json\/wp\/v2\/types\/post"}],"author":[{"embeddable":true,"href":"https:\/\/sepam.com.br\/fr\/wp-json\/wp\/v2\/users\/13"}],"replies":[{"embeddable":true,"href":"https:\/\/sepam.com.br\/fr\/wp-json\/wp\/v2\/comments?post=6946"}],"version-history":[{"count":1,"href":"https:\/\/sepam.com.br\/fr\/wp-json\/wp\/v2\/posts\/6946\/revisions"}],"predecessor-version":[{"id":7410,"href":"https:\/\/sepam.com.br\/fr\/wp-json\/wp\/v2\/posts\/6946\/revisions\/7410"}],"wp:attachment":[{"href":"https:\/\/sepam.com.br\/fr\/wp-json\/wp\/v2\/media?parent=6946"}],"wp:term":[{"taxonomy":"category","embeddable":true,"href":"https:\/\/sepam.com.br\/fr\/wp-json\/wp\/v2\/categories?post=6946"},{"taxonomy":"post_tag","embeddable":true,"href":"https:\/\/sepam.com.br\/fr\/wp-json\/wp\/v2\/tags?post=6946"}],"curies":[{"name":"wp","href":"https:\/\/api.w.org\/{rel}","templated":true}]}}