{"id":6910,"date":"2025-08-28T10:47:08","date_gmt":"2025-08-28T13:47:08","guid":{"rendered":"https:\/\/dev.alisonandrei.com.br\/noticia\/estudantes-iniciam-atividades-do-programa-eleitor-do-futuro\/"},"modified":"2025-11-24T10:53:37","modified_gmt":"2025-11-24T13:53:37","slug":"estudantes-iniciam-atividades-do-programa-eleitor-do-futuro","status":"publish","type":"post","link":"https:\/\/sepam.com.br\/fr\/estudantes-iniciam-atividades-do-programa-eleitor-do-futuro\/","title":{"rendered":"Estudantes iniciam atividades do Programa Eleitor do Futuro"},"content":{"rendered":"<p><em>No Col\u00e9gio Sepam, adolescentes est\u00e3o envolvidos na cria\u00e7\u00e3o de elei\u00e7\u00f5es internas, que acontecem na pr\u00f3xima semana<\/em><\/p>\n<p>Com a finalidade de preparar e promover o exerc\u00edcio da cidadania, o programa Eleitor do Futuro, da Escola Judici\u00e1ria Eleitoral do Tribunal Superior Eleitoral (EJE\/TSE), adotado tamb\u00e9m pelas EJEs de todo o pa\u00eds, iniciou neste m\u00eas a edi\u00e7\u00e3o 2018. O objetivo \u00e9 que as escolas parceiras fa\u00e7am elei\u00e7\u00f5es internas com os pr\u00f3prios alunos como candidatos sendo representantes de partidos. Funciona da mesma forma que em uma elei\u00e7\u00e3o real: os candidatos fazem propostas, sugerem mudan\u00e7as e levantam solu\u00e7\u00f5es para quest\u00f5es pol\u00edticas, econ\u00f4micas e sociais.<\/p>\n<p>No Col\u00e9gio Sepam, os alunos de 9\u00ba do Ensino Fundamental ao 2\u00ba ano do Ensino M\u00e9dio j\u00e1 iniciaram as atividades do programa. Primeiro a constitui\u00e7\u00e3o dos cinco partidos: Partido Vida e Sa\u00fade (PVS), Partido Liberdade, Respeito e Dignidade (PLRD), Partido do Esporte, Lazer e Integra\u00e7\u00e3o da Comunidade Escolar (PELICE), Partido Educa\u00e7\u00e3o, Profissionaliza\u00e7\u00e3o e Cultura (PEPC) e o Partido da Seguran\u00e7a P\u00fablica e Combate \u00e0 Viol\u00eancia (PSPCV). Cada partido possui um representante e um grupo de alunos.\u00a0 No Sepam esses partidos s\u00e3o formados por membros dos projetos sociais e educacionais do Col\u00e9gio que tenham liga\u00e7\u00e3o com o foco principal do partido. Por exemplo, o projeto Menarca que trabalha com tem\u00e1ticas sobre a sa\u00fade da mulher e orienta\u00e7\u00f5es sobre sexualidade representa o PVS e o EcoPam que trata sobre a educa\u00e7\u00e3o sustent\u00e1vel, representa o PEPC.<\/p>\n<p>De acordo com o coordenador pedag\u00f3gico do Col\u00e9gio, Jacob Cavagnari, essa divis\u00e3o facilita ainda mais o conhecimento do representante e de seu grupo para defender ideais e levar \u00e0 frente suas propostas. Cavagnari ressalta ainda a import\u00e2ncia do programa como forma de motiva\u00e7\u00e3o dos jovens a estarem inseridos na pol\u00edtica e praticarem a democracia. \u201cEle promove a educa\u00e7\u00e3o pol\u00edtica dos estudantes, conscientizando sobre o exerc\u00edcio da cidadania e do voto respons\u00e1vel. D\u00e1 aos alunos voz para que exer\u00e7am a representatividade como cidad\u00e3os \u00e9ticos\u201d, afirma.<\/p>\n<p>Assim como no processo eleitoral real, o Programa Eleitor do Futuro ter\u00e1 elei\u00e7\u00e3o com urnas eletr\u00f4nicas e mes\u00e1rios. A vota\u00e7\u00e3o acontece no dia 14 de agosto, a partir das 9h. Para essa atividade, tr\u00eas alunos do Sepam foram selecionados como mes\u00e1rios: Manuela Kraemer Gubert Simionato, Gustavo Artigoso Cruz e Luis Eduardo Lorenzo Bronzini. Os adolescentes estiveram na ter\u00e7a-feira (08) no F\u00f3rum de Ponta Grossa para acompanhar a lacra\u00e7\u00e3o das urnas que ser\u00e3o usadas.<\/p>\n<p>Em Ponta Grossa, ao todo, s\u00e3o 12 escolas participantes entre p\u00fablicas e privadas. A novidade nesta edi\u00e7\u00e3o \u00e9 a parceria com a C\u00e2mara Municipal de Vereadores, por meio do Projeto C\u00e2mara Jovem, de autoria dos vereadores Vinicius Camargo (PMB) e Geraldo Stocco (Rede). Na iniciativa, alunos dos partidos eleitos de cada escola participar\u00e3o das sess\u00f5es, entendendo o funcionamento da C\u00e2mara, com possibilidade de discursar no plen\u00e1rio e at\u00e9 mesmo sugerir projetos de lei com o apoio de uma equipe direcionada ao projeto.<\/p>\n<p>O Programa Eleitor do Futuro tamb\u00e9m possui parceria com o Tribunal Regional Eleitoral, F\u00f3rum Eleitoral de Ponta Grossa, N\u00facleo Regional de Educa\u00e7\u00e3o, Conselho Municipal dos Direitos da Crian\u00e7a e do Adolescente e Universidade Estadual de Ponta Grossa (UEPG) com a coordena\u00e7\u00e3o da Ju\u00edza da Vara da Inf\u00e2ncia e Juventude de Ponta Grossa, Dr\u00aa. Noeli Salete Tavares Reback.<\/p>\n<p><em>Conscientiza\u00e7\u00e3o jovem<\/em><\/p>\n<p>Al\u00e9m da participa\u00e7\u00e3o no Programa Eleitor do Futuro, o Sepam realiza, em toda elei\u00e7\u00e3o municipal o Projeto Plataforma Pol\u00edtica que envolve a conscientiza\u00e7\u00e3o para os alunos a partir de 16 anos. Neste caso, o objetivo \u00e9 que os jovens estudantes fa\u00e7am o T\u00edtulo de Eleitor, al\u00e9m de conhecer a import\u00e2ncia do voto e do processo eleitoral a partir de uma palestra de um juiz eleitoral. Os alunos discutem e analisam as propostas dos candidatos \u00e0 Prefeitura Municipal de Ponta Grossa, recebendo um candidato por vez, num encontro em que se debatem as ideias dos candidatos e as sugest\u00f5es dos alunos para o munic\u00edpio.<\/p>\n","protected":false},"excerpt":{"rendered":"<p>No Col\u00e9gio Sepam, adolescentes est\u00e3o envolvidos na cria\u00e7\u00e3o de elei\u00e7\u00f5es internas, que acontecem na pr\u00f3xima semana Com a finalidade de preparar e promover o exerc\u00edcio da cidadania, o programa Eleitor do Futuro, da Escola Judici\u00e1ria Eleitoral do Tribunal Superior Eleitoral (EJE\/TSE), adotado tamb\u00e9m pelas EJEs de todo o pa\u00eds, iniciou neste m\u00eas a edi\u00e7\u00e3o 2018. [&hellip;]<\/p>\n","protected":false},"author":13,"featured_media":0,"comment_status":"open","ping_status":"open","sticky":false,"template":"","format":"standard","meta":{"footnotes":""},"categories":[21],"tags":[],"class_list":["post-6910","post","type-post","status-publish","format-standard","hentry","category-colegio-sepam"],"yoast_head":"<!-- This site is optimized with the Yoast SEO plugin v28.4 - https:\/\/yoast.com\/product\/yoast-seo-wordpress\/ -->\n<title>Estudantes iniciam atividades do Programa Eleitor do Futuro<\/title>\n<meta name=\"description\" content=\"No Col\u00e9gio Sepam, adolescentes est\u00e3o envolvidos na cria\u00e7\u00e3o de elei\u00e7\u00f5es internas, que acontecem na pr\u00f3xima semana Com a finalidade de preparar e promover o exerc\u00edcio da cidadania, o programa Eleitor do Futuro, da Escola Judici\u00e1ria Eleitoral do Tribunal Superior Eleitoral (EJE\/TSE), adotado tamb\u00e9m pelas EJEs de todo o pa\u00eds, iniciou neste m\u00eas a edi\u00e7\u00e3o 2018.\u2026\" \/>\n<meta name=\"robots\" content=\"index, follow, max-snippet:-1, max-image-preview:large, max-video-preview:-1\" \/>\n<link rel=\"canonical\" href=\"https:\/\/sepam.com.br\/fr\/estudantes-iniciam-atividades-do-programa-eleitor-do-futuro\/\" \/>\n<meta property=\"og:locale\" content=\"fr_FR\" \/>\n<meta property=\"og:type\" content=\"article\" \/>\n<meta property=\"og:title\" content=\"Estudantes iniciam atividades do Programa Eleitor do Futuro\" \/>\n<meta property=\"og:description\" content=\"No Col\u00e9gio Sepam, adolescentes est\u00e3o envolvidos na cria\u00e7\u00e3o de elei\u00e7\u00f5es internas, que acontecem na pr\u00f3xima semana Com a finalidade de preparar e promover o exerc\u00edcio da cidadania, o programa Eleitor do Futuro, da Escola Judici\u00e1ria Eleitoral do Tribunal Superior Eleitoral (EJE\/TSE), adotado tamb\u00e9m pelas EJEs de todo o pa\u00eds, iniciou neste m\u00eas a edi\u00e7\u00e3o 2018.\u2026\" \/>\n<meta property=\"og:url\" content=\"https:\/\/sepam.com.br\/fr\/estudantes-iniciam-atividades-do-programa-eleitor-do-futuro\/\" \/>\n<meta property=\"og:site_name\" content=\"Col\u00e9gio Sepam\" \/>\n<meta property=\"article:published_time\" content=\"2025-08-28T13:47:08+00:00\" \/>\n<meta property=\"article:modified_time\" content=\"2025-11-24T13:53:37+00:00\" \/>\n<meta name=\"author\" content=\"Sepam\" \/>\n<meta name=\"twitter:card\" content=\"summary_large_image\" \/>\n<meta name=\"twitter:label1\" content=\"\u00c9crit par\" \/>\n\t<meta name=\"twitter:data1\" content=\"Sepam\" \/>\n\t<meta name=\"twitter:label2\" content=\"Dur\u00e9e de lecture estim\u00e9e\" \/>\n\t<meta name=\"twitter:data2\" content=\"4 minutes\" \/>\n<script type=\"application\/ld+json\" class=\"yoast-schema-graph\">{\"@context\":\"https:\\\/\\\/schema.org\",\"@graph\":[{\"@type\":\"Article\",\"@id\":\"https:\\\/\\\/sepam.com.br\\\/fr\\\/estudantes-iniciam-atividades-do-programa-eleitor-do-futuro\\\/#article\",\"isPartOf\":{\"@id\":\"https:\\\/\\\/sepam.com.br\\\/fr\\\/estudantes-iniciam-atividades-do-programa-eleitor-do-futuro\\\/\"},\"author\":{\"name\":\"Sepam\",\"@id\":\"https:\\\/\\\/sepam.com.br\\\/#\\\/schema\\\/person\\\/bfa2996c649a5a6d822766f6e64eb7fd\"},\"headline\":\"Estudantes iniciam atividades do Programa Eleitor do Futuro\",\"datePublished\":\"2025-08-28T13:47:08+00:00\",\"dateModified\":\"2025-11-24T13:53:37+00:00\",\"mainEntityOfPage\":{\"@id\":\"https:\\\/\\\/sepam.com.br\\\/fr\\\/estudantes-iniciam-atividades-do-programa-eleitor-do-futuro\\\/\"},\"wordCount\":718,\"commentCount\":0,\"publisher\":{\"@id\":\"https:\\\/\\\/sepam.com.br\\\/#organization\"},\"articleSection\":[\"Colegio Sepam\"],\"inLanguage\":\"fr-FR\",\"potentialAction\":[{\"@type\":\"CommentAction\",\"name\":\"Comment\",\"target\":[\"https:\\\/\\\/sepam.com.br\\\/fr\\\/estudantes-iniciam-atividades-do-programa-eleitor-do-futuro\\\/#respond\"]}]},{\"@type\":\"WebPage\",\"@id\":\"https:\\\/\\\/sepam.com.br\\\/fr\\\/estudantes-iniciam-atividades-do-programa-eleitor-do-futuro\\\/\",\"url\":\"https:\\\/\\\/sepam.com.br\\\/fr\\\/estudantes-iniciam-atividades-do-programa-eleitor-do-futuro\\\/\",\"name\":\"Estudantes iniciam atividades do Programa Eleitor do Futuro - Col\u00e9gio Sepam\",\"isPartOf\":{\"@id\":\"https:\\\/\\\/sepam.com.br\\\/#website\"},\"datePublished\":\"2025-08-28T13:47:08+00:00\",\"dateModified\":\"2025-11-24T13:53:37+00:00\",\"breadcrumb\":{\"@id\":\"https:\\\/\\\/sepam.com.br\\\/fr\\\/estudantes-iniciam-atividades-do-programa-eleitor-do-futuro\\\/#breadcrumb\"},\"inLanguage\":\"fr-FR\",\"potentialAction\":[{\"@type\":\"ReadAction\",\"target\":[\"https:\\\/\\\/sepam.com.br\\\/fr\\\/estudantes-iniciam-atividades-do-programa-eleitor-do-futuro\\\/\"]}]},{\"@type\":\"BreadcrumbList\",\"@id\":\"https:\\\/\\\/sepam.com.br\\\/fr\\\/estudantes-iniciam-atividades-do-programa-eleitor-do-futuro\\\/#breadcrumb\",\"itemListElement\":[{\"@type\":\"ListItem\",\"position\":1,\"name\":\"Boas Vindas\",\"item\":\"https:\\\/\\\/sepam.com.br\\\/\"},{\"@type\":\"ListItem\",\"position\":2,\"name\":\"Estudantes iniciam atividades do Programa Eleitor do Futuro\"}]},{\"@type\":\"WebSite\",\"@id\":\"https:\\\/\\\/sepam.com.br\\\/fr\\\/#website\",\"url\":\"https:\\\/\\\/sepam.com.br\\\/fr\\\/\",\"name\":\"Col\u00e9gio Sepam\",\"description\":\"Ensino Incompar\u00e1vel\",\"publisher\":{\"@id\":\"https:\\\/\\\/sepam.com.br\\\/fr\\\/#organization\"},\"potentialAction\":[{\"@type\":\"SearchAction\",\"target\":{\"@type\":\"EntryPoint\",\"urlTemplate\":\"https:\\\/\\\/sepam.com.br\\\/fr\\\/?s={search_term_string}\"},\"query-input\":{\"@type\":\"PropertyValueSpecification\",\"valueRequired\":true,\"valueName\":\"search_term_string\"}}],\"inLanguage\":\"fr-FR\"},{\"@type\":\"Organization\",\"@id\":\"https:\\\/\\\/sepam.com.br\\\/fr\\\/#organization\",\"name\":\"Col\u00e9gio Sepam\",\"url\":\"https:\\\/\\\/sepam.com.br\\\/fr\\\/\",\"logo\":{\"@type\":\"ImageObject\",\"inLanguage\":\"fr-FR\",\"@id\":\"https:\\\/\\\/sepam.com.br\\\/fr\\\/#\\\/schema\\\/logo\\\/image\\\/\",\"url\":\"https:\\\/\\\/sepam.com.br\\\/wp-content\\\/uploads\\\/2025\\\/02\\\/Ativo-2.png\",\"contentUrl\":\"https:\\\/\\\/sepam.com.br\\\/wp-content\\\/uploads\\\/2025\\\/02\\\/Ativo-2.png\",\"width\":595,\"height\":525,\"caption\":\"Col\u00e9gio Sepam\"},\"image\":{\"@id\":\"https:\\\/\\\/sepam.com.br\\\/fr\\\/#\\\/schema\\\/logo\\\/image\\\/\"}},{\"@type\":\"Person\",\"@id\":\"https:\\\/\\\/sepam.com.br\\\/#\\\/schema\\\/person\\\/bfa2996c649a5a6d822766f6e64eb7fd\",\"name\":\"Sepam\",\"image\":{\"@type\":\"ImageObject\",\"inLanguage\":\"fr-FR\",\"@id\":\"https:\\\/\\\/secure.gravatar.com\\\/avatar\\\/0219e64664f5861998ad57a3432eb4bd5fd99a34c7cc9bc44b3c59dfb830db85?s=96&d=mm&r=g\",\"url\":\"https:\\\/\\\/secure.gravatar.com\\\/avatar\\\/0219e64664f5861998ad57a3432eb4bd5fd99a34c7cc9bc44b3c59dfb830db85?s=96&d=mm&r=g\",\"contentUrl\":\"https:\\\/\\\/secure.gravatar.com\\\/avatar\\\/0219e64664f5861998ad57a3432eb4bd5fd99a34c7cc9bc44b3c59dfb830db85?s=96&d=mm&r=g\",\"caption\":\"Sepam\"},\"url\":\"https:\\\/\\\/sepam.com.br\\\/fr\\\/author\\\/sepam\\\/\"}]}<\/script>\n<!-- \/ Yoast SEO plugin. -->","yoast_head_json":{"title":"Estudantes iniciam atividades do Programa Eleitor do Futuro","description":"No Col\u00e9gio Sepam, adolescentes est\u00e3o envolvidos na cria\u00e7\u00e3o de elei\u00e7\u00f5es internas, que acontecem na pr\u00f3xima semana Com a finalidade de preparar e promover o exerc\u00edcio da cidadania, o programa Eleitor do Futuro, da Escola Judici\u00e1ria Eleitoral do Tribunal Superior Eleitoral (EJE\/TSE), adotado tamb\u00e9m pelas EJEs de todo o pa\u00eds, iniciou neste m\u00eas a edi\u00e7\u00e3o 2018.\u2026","robots":{"index":"index","follow":"follow","max-snippet":"max-snippet:-1","max-image-preview":"max-image-preview:large","max-video-preview":"max-video-preview:-1"},"canonical":"https:\/\/sepam.com.br\/fr\/estudantes-iniciam-atividades-do-programa-eleitor-do-futuro\/","og_locale":"fr_FR","og_type":"article","og_title":"Estudantes iniciam atividades do Programa Eleitor do Futuro","og_description":"No Col\u00e9gio Sepam, adolescentes est\u00e3o envolvidos na cria\u00e7\u00e3o de elei\u00e7\u00f5es internas, que acontecem na pr\u00f3xima semana Com a finalidade de preparar e promover o exerc\u00edcio da cidadania, o programa Eleitor do Futuro, da Escola Judici\u00e1ria Eleitoral do Tribunal Superior Eleitoral (EJE\/TSE), adotado tamb\u00e9m pelas EJEs de todo o pa\u00eds, iniciou neste m\u00eas a edi\u00e7\u00e3o 2018.\u2026","og_url":"https:\/\/sepam.com.br\/fr\/estudantes-iniciam-atividades-do-programa-eleitor-do-futuro\/","og_site_name":"Col\u00e9gio Sepam","article_published_time":"2025-08-28T13:47:08+00:00","article_modified_time":"2025-11-24T13:53:37+00:00","author":"Sepam","twitter_card":"summary_large_image","twitter_misc":{"\u00c9crit par":"Sepam","Dur\u00e9e de lecture estim\u00e9e":"4 minutes"},"schema":{"@context":"https:\/\/schema.org","@graph":[{"@type":"Article","@id":"https:\/\/sepam.com.br\/fr\/estudantes-iniciam-atividades-do-programa-eleitor-do-futuro\/#article","isPartOf":{"@id":"https:\/\/sepam.com.br\/fr\/estudantes-iniciam-atividades-do-programa-eleitor-do-futuro\/"},"author":{"name":"Sepam","@id":"https:\/\/sepam.com.br\/#\/schema\/person\/bfa2996c649a5a6d822766f6e64eb7fd"},"headline":"Estudantes iniciam atividades do Programa Eleitor do Futuro","datePublished":"2025-08-28T13:47:08+00:00","dateModified":"2025-11-24T13:53:37+00:00","mainEntityOfPage":{"@id":"https:\/\/sepam.com.br\/fr\/estudantes-iniciam-atividades-do-programa-eleitor-do-futuro\/"},"wordCount":718,"commentCount":0,"publisher":{"@id":"https:\/\/sepam.com.br\/#organization"},"articleSection":["Colegio Sepam"],"inLanguage":"fr-FR","potentialAction":[{"@type":"CommentAction","name":"Comment","target":["https:\/\/sepam.com.br\/fr\/estudantes-iniciam-atividades-do-programa-eleitor-do-futuro\/#respond"]}]},{"@type":"WebPage","@id":"https:\/\/sepam.com.br\/fr\/estudantes-iniciam-atividades-do-programa-eleitor-do-futuro\/","url":"https:\/\/sepam.com.br\/fr\/estudantes-iniciam-atividades-do-programa-eleitor-do-futuro\/","name":"Estudantes iniciam atividades do Programa Eleitor do Futuro - Col\u00e9gio Sepam","isPartOf":{"@id":"https:\/\/sepam.com.br\/#website"},"datePublished":"2025-08-28T13:47:08+00:00","dateModified":"2025-11-24T13:53:37+00:00","breadcrumb":{"@id":"https:\/\/sepam.com.br\/fr\/estudantes-iniciam-atividades-do-programa-eleitor-do-futuro\/#breadcrumb"},"inLanguage":"fr-FR","potentialAction":[{"@type":"ReadAction","target":["https:\/\/sepam.com.br\/fr\/estudantes-iniciam-atividades-do-programa-eleitor-do-futuro\/"]}]},{"@type":"BreadcrumbList","@id":"https:\/\/sepam.com.br\/fr\/estudantes-iniciam-atividades-do-programa-eleitor-do-futuro\/#breadcrumb","itemListElement":[{"@type":"ListItem","position":1,"name":"Boas Vindas","item":"https:\/\/sepam.com.br\/"},{"@type":"ListItem","position":2,"name":"Estudantes iniciam atividades do Programa Eleitor do Futuro"}]},{"@type":"WebSite","@id":"https:\/\/sepam.com.br\/fr\/#website","url":"https:\/\/sepam.com.br\/fr\/","name":"Col\u00e9gio Sepam","description":"Ensino Incompar\u00e1vel","publisher":{"@id":"https:\/\/sepam.com.br\/fr\/#organization"},"potentialAction":[{"@type":"SearchAction","target":{"@type":"EntryPoint","urlTemplate":"https:\/\/sepam.com.br\/fr\/?s={search_term_string}"},"query-input":{"@type":"PropertyValueSpecification","valueRequired":true,"valueName":"search_term_string"}}],"inLanguage":"fr-FR"},{"@type":"Organization","@id":"https:\/\/sepam.com.br\/fr\/#organization","name":"Col\u00e9gio Sepam","url":"https:\/\/sepam.com.br\/fr\/","logo":{"@type":"ImageObject","inLanguage":"fr-FR","@id":"https:\/\/sepam.com.br\/fr\/#\/schema\/logo\/image\/","url":"https:\/\/sepam.com.br\/wp-content\/uploads\/2025\/02\/Ativo-2.png","contentUrl":"https:\/\/sepam.com.br\/wp-content\/uploads\/2025\/02\/Ativo-2.png","width":595,"height":525,"caption":"Col\u00e9gio Sepam"},"image":{"@id":"https:\/\/sepam.com.br\/fr\/#\/schema\/logo\/image\/"}},{"@type":"Person","@id":"https:\/\/sepam.com.br\/#\/schema\/person\/bfa2996c649a5a6d822766f6e64eb7fd","name":"Sepam","image":{"@type":"ImageObject","inLanguage":"fr-FR","@id":"https:\/\/secure.gravatar.com\/avatar\/0219e64664f5861998ad57a3432eb4bd5fd99a34c7cc9bc44b3c59dfb830db85?s=96&d=mm&r=g","url":"https:\/\/secure.gravatar.com\/avatar\/0219e64664f5861998ad57a3432eb4bd5fd99a34c7cc9bc44b3c59dfb830db85?s=96&d=mm&r=g","contentUrl":"https:\/\/secure.gravatar.com\/avatar\/0219e64664f5861998ad57a3432eb4bd5fd99a34c7cc9bc44b3c59dfb830db85?s=96&d=mm&r=g","caption":"Sepam"},"url":"https:\/\/sepam.com.br\/fr\/author\/sepam\/"}]}},"_links":{"self":[{"href":"https:\/\/sepam.com.br\/fr\/wp-json\/wp\/v2\/posts\/6910","targetHints":{"allow":["GET"]}}],"collection":[{"href":"https:\/\/sepam.com.br\/fr\/wp-json\/wp\/v2\/posts"}],"about":[{"href":"https:\/\/sepam.com.br\/fr\/wp-json\/wp\/v2\/types\/post"}],"author":[{"embeddable":true,"href":"https:\/\/sepam.com.br\/fr\/wp-json\/wp\/v2\/users\/13"}],"replies":[{"embeddable":true,"href":"https:\/\/sepam.com.br\/fr\/wp-json\/wp\/v2\/comments?post=6910"}],"version-history":[{"count":1,"href":"https:\/\/sepam.com.br\/fr\/wp-json\/wp\/v2\/posts\/6910\/revisions"}],"predecessor-version":[{"id":7454,"href":"https:\/\/sepam.com.br\/fr\/wp-json\/wp\/v2\/posts\/6910\/revisions\/7454"}],"wp:attachment":[{"href":"https:\/\/sepam.com.br\/fr\/wp-json\/wp\/v2\/media?parent=6910"}],"wp:term":[{"taxonomy":"category","embeddable":true,"href":"https:\/\/sepam.com.br\/fr\/wp-json\/wp\/v2\/categories?post=6910"},{"taxonomy":"post_tag","embeddable":true,"href":"https:\/\/sepam.com.br\/fr\/wp-json\/wp\/v2\/tags?post=6910"}],"curies":[{"name":"wp","href":"https:\/\/api.w.org\/{rel}","templated":true}]}}