{"id":6906,"date":"2025-08-28T10:47:08","date_gmt":"2025-08-28T13:47:08","guid":{"rendered":"https:\/\/dev.alisonandrei.com.br\/noticia\/colegio-sepam-reforca-programas-de-intercambio-estudantil\/"},"modified":"2025-11-24T10:53:37","modified_gmt":"2025-11-24T13:53:37","slug":"colegio-sepam-reforca-programas-de-intercambio-estudantil","status":"publish","type":"post","link":"https:\/\/sepam.com.br\/fr\/colegio-sepam-reforca-programas-de-intercambio-estudantil\/","title":{"rendered":"Col\u00e9gio Sepam refor\u00e7a programas de interc\u00e2mbio estudantil"},"content":{"rendered":"<p><em>Nos \u00faltimos anos estudantes de quatro pa\u00edses diferentes frequentaram a institui\u00e7\u00e3o<\/em><\/p>\n<p>Ter a oportunidade de estudar no exterior \u00e9 um desejo de muitos adolescentes. Quem busca a experi\u00eancia almeja o aprendizado da l\u00edngua estrangeira e procura por institui\u00e7\u00f5es educacionais com programas que ampliem os horizontes do aluno para novas aprendizagens e realidades.<\/p>\n<p>A francesa Oceane Mathilde Reybillet, 16 anos, veio para o Brasil aprender mais sobre a l\u00edngua portuguesa e uma nova cultura. A adolescente, que frequentou aulas do Ensino M\u00e9dio no Col\u00e9gio Sepam de maio a julho deste ano, destacou alguns diferenciais da institui\u00e7\u00e3o, como a metodologia de ensino. \u201cA pedagogia e o modo de pensar dos professores me ajudaram muito. As ADs [Atividades Di\u00e1rias] me ajudaram a gravar os conte\u00fados, e as aulas de teatro e de esportes foram \u00f3timas para a minha desenvoltura. Eu fui muito bem recebida no Col\u00e9gio! Ali\u00e1s, este \u00e9 o melhor col\u00e9gio que eu conhe\u00e7o\u201d, conta ela.<\/p>\n<p>No programa, o intercambista frequentou aulas de disciplinas regulares (L\u00edngua Portuguesa, Geografia, Artes, etc.) e tamb\u00e9m participou de atividades extracurriculares. \u201cO aluno de outro pa\u00eds que vem estudar no Sepam busca mais que uma forma\u00e7\u00e3o acad\u00eamica de excel\u00eancia, busca uma forma\u00e7\u00e3o cultural e humana. Ao ingressar no Sepam o aluno encontra em nosso Col\u00e9gio um cronograma especial e \u00e9 atendido em um programa preparado especificamente para ele, com bons professores e aux\u00edlio em todo o processo estudantil\u201d, explica o diretor Osni Mongruel Junior.<\/p>\n<p>Os estudantes cursam disciplinas e atividades que se encaixam no perfil deles e que estejam de acordo com a sua necessidade de aprendizagem. \u201cEssa metodologia proporciona aos intercambistas uma total integra\u00e7\u00e3o com tudo de bom que oferecemos. Com liberdade para escolherem o que gostam e possuem aptid\u00e3o, e tamb\u00e9m em atividades que ir\u00e3o desenvolver novas habilidades e compet\u00eancias\u201d, explica o coordenador do Ensino M\u00e9dio do Col\u00e9gio, Jacob Cavagnari.<\/p>\n<p>Al\u00e9m de Oceane, o Sepam j\u00e1 recebeu intercambistas da Turquia, do M\u00e9xico, da Alemanha e da Tail\u00e2ndia. Para Mongruel, a presen\u00e7a de estudantes estrangeiros \u00e9 \u00f3tima para a troca de conhecimentos e para a inser\u00e7\u00e3o de novos costumes e culturas. \u201cNosso col\u00e9gio trabalha h\u00e1 quase 80 anos capacitando alunos da cidade para atuarem em todo o mundo. Nada mais natural que recebamos aqui alunos estrangeiros e assim aproximar ainda mais o mundo dos nossos alunos, trazendo outras experi\u00eancias, habilidades e hist\u00f3rias de vida\u201d, finaliza.<\/p>\n<p>O Col\u00e9gio Sepam recebeu uma homenagem do Rotary Clube Ponta Grossa Vila Velha por ter acolhido a intercambista Oceane. A jovem retornou \u00e0 Fran\u00e7a no in\u00edcio do m\u00eas.<\/p>\n<p>&nbsp;<\/p>\n","protected":false},"excerpt":{"rendered":"<p>Nos \u00faltimos anos estudantes de quatro pa\u00edses diferentes frequentaram a institui\u00e7\u00e3o Ter a oportunidade de estudar no exterior \u00e9 um desejo de muitos adolescentes. Quem busca a experi\u00eancia almeja o aprendizado da l\u00edngua estrangeira e procura por institui\u00e7\u00f5es educacionais com programas que ampliem os horizontes do aluno para novas aprendizagens e realidades. A francesa Oceane [&hellip;]<\/p>\n","protected":false},"author":13,"featured_media":0,"comment_status":"open","ping_status":"open","sticky":false,"template":"","format":"standard","meta":{"footnotes":""},"categories":[21],"tags":[],"class_list":["post-6906","post","type-post","status-publish","format-standard","hentry","category-colegio-sepam"],"yoast_head":"<!-- This site is optimized with the Yoast SEO plugin v28.4 - https:\/\/yoast.com\/product\/yoast-seo-wordpress\/ -->\n<title>Col\u00e9gio Sepam refor\u00e7a programas de interc\u00e2mbio estudantil<\/title>\n<meta name=\"description\" content=\"Nos \u00faltimos anos estudantes de quatro pa\u00edses diferentes frequentaram a institui\u00e7\u00e3o Ter a oportunidade de estudar no exterior \u00e9 um desejo de muitos adolescentes. Quem busca a experi\u00eancia almeja o aprendizado da l\u00edngua estrangeira e procura por institui\u00e7\u00f5es educacionais com programas que ampliem os horizontes do aluno para novas aprendizagens e realidades. A francesa Oceane\u2026\" \/>\n<meta name=\"robots\" content=\"index, follow, max-snippet:-1, max-image-preview:large, max-video-preview:-1\" \/>\n<link rel=\"canonical\" href=\"https:\/\/sepam.com.br\/fr\/colegio-sepam-reforca-programas-de-intercambio-estudantil\/\" \/>\n<meta property=\"og:locale\" content=\"fr_FR\" \/>\n<meta property=\"og:type\" content=\"article\" \/>\n<meta property=\"og:title\" content=\"Col\u00e9gio Sepam refor\u00e7a programas de interc\u00e2mbio estudantil\" \/>\n<meta property=\"og:description\" content=\"Nos \u00faltimos anos estudantes de quatro pa\u00edses diferentes frequentaram a institui\u00e7\u00e3o Ter a oportunidade de estudar no exterior \u00e9 um desejo de muitos adolescentes. Quem busca a experi\u00eancia almeja o aprendizado da l\u00edngua estrangeira e procura por institui\u00e7\u00f5es educacionais com programas que ampliem os horizontes do aluno para novas aprendizagens e realidades. A francesa Oceane\u2026\" \/>\n<meta property=\"og:url\" content=\"https:\/\/sepam.com.br\/fr\/colegio-sepam-reforca-programas-de-intercambio-estudantil\/\" \/>\n<meta property=\"og:site_name\" content=\"Col\u00e9gio Sepam\" \/>\n<meta property=\"article:published_time\" content=\"2025-08-28T13:47:08+00:00\" \/>\n<meta property=\"article:modified_time\" content=\"2025-11-24T13:53:37+00:00\" \/>\n<meta name=\"author\" content=\"Sepam\" \/>\n<meta name=\"twitter:card\" content=\"summary_large_image\" \/>\n<meta name=\"twitter:label1\" content=\"\u00c9crit par\" \/>\n\t<meta name=\"twitter:data1\" content=\"Sepam\" \/>\n\t<meta name=\"twitter:label2\" content=\"Dur\u00e9e de lecture estim\u00e9e\" \/>\n\t<meta name=\"twitter:data2\" content=\"2 minutes\" \/>\n<script type=\"application\/ld+json\" class=\"yoast-schema-graph\">{\"@context\":\"https:\\\/\\\/schema.org\",\"@graph\":[{\"@type\":\"Article\",\"@id\":\"https:\\\/\\\/sepam.com.br\\\/fr\\\/colegio-sepam-reforca-programas-de-intercambio-estudantil\\\/#article\",\"isPartOf\":{\"@id\":\"https:\\\/\\\/sepam.com.br\\\/fr\\\/colegio-sepam-reforca-programas-de-intercambio-estudantil\\\/\"},\"author\":{\"name\":\"Sepam\",\"@id\":\"https:\\\/\\\/sepam.com.br\\\/#\\\/schema\\\/person\\\/bfa2996c649a5a6d822766f6e64eb7fd\"},\"headline\":\"Col\u00e9gio Sepam refor\u00e7a programas de interc\u00e2mbio estudantil\",\"datePublished\":\"2025-08-28T13:47:08+00:00\",\"dateModified\":\"2025-11-24T13:53:37+00:00\",\"mainEntityOfPage\":{\"@id\":\"https:\\\/\\\/sepam.com.br\\\/fr\\\/colegio-sepam-reforca-programas-de-intercambio-estudantil\\\/\"},\"wordCount\":464,\"commentCount\":0,\"publisher\":{\"@id\":\"https:\\\/\\\/sepam.com.br\\\/#organization\"},\"articleSection\":[\"Colegio Sepam\"],\"inLanguage\":\"fr-FR\",\"potentialAction\":[{\"@type\":\"CommentAction\",\"name\":\"Comment\",\"target\":[\"https:\\\/\\\/sepam.com.br\\\/fr\\\/colegio-sepam-reforca-programas-de-intercambio-estudantil\\\/#respond\"]}]},{\"@type\":\"WebPage\",\"@id\":\"https:\\\/\\\/sepam.com.br\\\/fr\\\/colegio-sepam-reforca-programas-de-intercambio-estudantil\\\/\",\"url\":\"https:\\\/\\\/sepam.com.br\\\/fr\\\/colegio-sepam-reforca-programas-de-intercambio-estudantil\\\/\",\"name\":\"Col\u00e9gio Sepam refor\u00e7a programas de interc\u00e2mbio estudantil - Col\u00e9gio Sepam\",\"isPartOf\":{\"@id\":\"https:\\\/\\\/sepam.com.br\\\/#website\"},\"datePublished\":\"2025-08-28T13:47:08+00:00\",\"dateModified\":\"2025-11-24T13:53:37+00:00\",\"breadcrumb\":{\"@id\":\"https:\\\/\\\/sepam.com.br\\\/fr\\\/colegio-sepam-reforca-programas-de-intercambio-estudantil\\\/#breadcrumb\"},\"inLanguage\":\"fr-FR\",\"potentialAction\":[{\"@type\":\"ReadAction\",\"target\":[\"https:\\\/\\\/sepam.com.br\\\/fr\\\/colegio-sepam-reforca-programas-de-intercambio-estudantil\\\/\"]}]},{\"@type\":\"BreadcrumbList\",\"@id\":\"https:\\\/\\\/sepam.com.br\\\/fr\\\/colegio-sepam-reforca-programas-de-intercambio-estudantil\\\/#breadcrumb\",\"itemListElement\":[{\"@type\":\"ListItem\",\"position\":1,\"name\":\"Boas Vindas\",\"item\":\"https:\\\/\\\/sepam.com.br\\\/\"},{\"@type\":\"ListItem\",\"position\":2,\"name\":\"Col\u00e9gio Sepam refor\u00e7a programas de interc\u00e2mbio estudantil\"}]},{\"@type\":\"WebSite\",\"@id\":\"https:\\\/\\\/sepam.com.br\\\/fr\\\/#website\",\"url\":\"https:\\\/\\\/sepam.com.br\\\/fr\\\/\",\"name\":\"Col\u00e9gio Sepam\",\"description\":\"Ensino Incompar\u00e1vel\",\"publisher\":{\"@id\":\"https:\\\/\\\/sepam.com.br\\\/fr\\\/#organization\"},\"potentialAction\":[{\"@type\":\"SearchAction\",\"target\":{\"@type\":\"EntryPoint\",\"urlTemplate\":\"https:\\\/\\\/sepam.com.br\\\/fr\\\/?s={search_term_string}\"},\"query-input\":{\"@type\":\"PropertyValueSpecification\",\"valueRequired\":true,\"valueName\":\"search_term_string\"}}],\"inLanguage\":\"fr-FR\"},{\"@type\":\"Organization\",\"@id\":\"https:\\\/\\\/sepam.com.br\\\/fr\\\/#organization\",\"name\":\"Col\u00e9gio Sepam\",\"url\":\"https:\\\/\\\/sepam.com.br\\\/fr\\\/\",\"logo\":{\"@type\":\"ImageObject\",\"inLanguage\":\"fr-FR\",\"@id\":\"https:\\\/\\\/sepam.com.br\\\/fr\\\/#\\\/schema\\\/logo\\\/image\\\/\",\"url\":\"https:\\\/\\\/sepam.com.br\\\/wp-content\\\/uploads\\\/2025\\\/02\\\/Ativo-2.png\",\"contentUrl\":\"https:\\\/\\\/sepam.com.br\\\/wp-content\\\/uploads\\\/2025\\\/02\\\/Ativo-2.png\",\"width\":595,\"height\":525,\"caption\":\"Col\u00e9gio Sepam\"},\"image\":{\"@id\":\"https:\\\/\\\/sepam.com.br\\\/fr\\\/#\\\/schema\\\/logo\\\/image\\\/\"}},{\"@type\":\"Person\",\"@id\":\"https:\\\/\\\/sepam.com.br\\\/#\\\/schema\\\/person\\\/bfa2996c649a5a6d822766f6e64eb7fd\",\"name\":\"Sepam\",\"image\":{\"@type\":\"ImageObject\",\"inLanguage\":\"fr-FR\",\"@id\":\"https:\\\/\\\/secure.gravatar.com\\\/avatar\\\/0219e64664f5861998ad57a3432eb4bd5fd99a34c7cc9bc44b3c59dfb830db85?s=96&d=mm&r=g\",\"url\":\"https:\\\/\\\/secure.gravatar.com\\\/avatar\\\/0219e64664f5861998ad57a3432eb4bd5fd99a34c7cc9bc44b3c59dfb830db85?s=96&d=mm&r=g\",\"contentUrl\":\"https:\\\/\\\/secure.gravatar.com\\\/avatar\\\/0219e64664f5861998ad57a3432eb4bd5fd99a34c7cc9bc44b3c59dfb830db85?s=96&d=mm&r=g\",\"caption\":\"Sepam\"},\"url\":\"https:\\\/\\\/sepam.com.br\\\/fr\\\/author\\\/sepam\\\/\"}]}<\/script>\n<!-- \/ Yoast SEO plugin. -->","yoast_head_json":{"title":"Col\u00e9gio Sepam refor\u00e7a programas de interc\u00e2mbio estudantil","description":"Nos \u00faltimos anos estudantes de quatro pa\u00edses diferentes frequentaram a institui\u00e7\u00e3o Ter a oportunidade de estudar no exterior \u00e9 um desejo de muitos adolescentes. Quem busca a experi\u00eancia almeja o aprendizado da l\u00edngua estrangeira e procura por institui\u00e7\u00f5es educacionais com programas que ampliem os horizontes do aluno para novas aprendizagens e realidades. A francesa Oceane\u2026","robots":{"index":"index","follow":"follow","max-snippet":"max-snippet:-1","max-image-preview":"max-image-preview:large","max-video-preview":"max-video-preview:-1"},"canonical":"https:\/\/sepam.com.br\/fr\/colegio-sepam-reforca-programas-de-intercambio-estudantil\/","og_locale":"fr_FR","og_type":"article","og_title":"Col\u00e9gio Sepam refor\u00e7a programas de interc\u00e2mbio estudantil","og_description":"Nos \u00faltimos anos estudantes de quatro pa\u00edses diferentes frequentaram a institui\u00e7\u00e3o Ter a oportunidade de estudar no exterior \u00e9 um desejo de muitos adolescentes. Quem busca a experi\u00eancia almeja o aprendizado da l\u00edngua estrangeira e procura por institui\u00e7\u00f5es educacionais com programas que ampliem os horizontes do aluno para novas aprendizagens e realidades. A francesa Oceane\u2026","og_url":"https:\/\/sepam.com.br\/fr\/colegio-sepam-reforca-programas-de-intercambio-estudantil\/","og_site_name":"Col\u00e9gio Sepam","article_published_time":"2025-08-28T13:47:08+00:00","article_modified_time":"2025-11-24T13:53:37+00:00","author":"Sepam","twitter_card":"summary_large_image","twitter_misc":{"\u00c9crit par":"Sepam","Dur\u00e9e de lecture estim\u00e9e":"2 minutes"},"schema":{"@context":"https:\/\/schema.org","@graph":[{"@type":"Article","@id":"https:\/\/sepam.com.br\/fr\/colegio-sepam-reforca-programas-de-intercambio-estudantil\/#article","isPartOf":{"@id":"https:\/\/sepam.com.br\/fr\/colegio-sepam-reforca-programas-de-intercambio-estudantil\/"},"author":{"name":"Sepam","@id":"https:\/\/sepam.com.br\/#\/schema\/person\/bfa2996c649a5a6d822766f6e64eb7fd"},"headline":"Col\u00e9gio Sepam refor\u00e7a programas de interc\u00e2mbio estudantil","datePublished":"2025-08-28T13:47:08+00:00","dateModified":"2025-11-24T13:53:37+00:00","mainEntityOfPage":{"@id":"https:\/\/sepam.com.br\/fr\/colegio-sepam-reforca-programas-de-intercambio-estudantil\/"},"wordCount":464,"commentCount":0,"publisher":{"@id":"https:\/\/sepam.com.br\/#organization"},"articleSection":["Colegio Sepam"],"inLanguage":"fr-FR","potentialAction":[{"@type":"CommentAction","name":"Comment","target":["https:\/\/sepam.com.br\/fr\/colegio-sepam-reforca-programas-de-intercambio-estudantil\/#respond"]}]},{"@type":"WebPage","@id":"https:\/\/sepam.com.br\/fr\/colegio-sepam-reforca-programas-de-intercambio-estudantil\/","url":"https:\/\/sepam.com.br\/fr\/colegio-sepam-reforca-programas-de-intercambio-estudantil\/","name":"Col\u00e9gio Sepam refor\u00e7a programas de interc\u00e2mbio estudantil - Col\u00e9gio Sepam","isPartOf":{"@id":"https:\/\/sepam.com.br\/#website"},"datePublished":"2025-08-28T13:47:08+00:00","dateModified":"2025-11-24T13:53:37+00:00","breadcrumb":{"@id":"https:\/\/sepam.com.br\/fr\/colegio-sepam-reforca-programas-de-intercambio-estudantil\/#breadcrumb"},"inLanguage":"fr-FR","potentialAction":[{"@type":"ReadAction","target":["https:\/\/sepam.com.br\/fr\/colegio-sepam-reforca-programas-de-intercambio-estudantil\/"]}]},{"@type":"BreadcrumbList","@id":"https:\/\/sepam.com.br\/fr\/colegio-sepam-reforca-programas-de-intercambio-estudantil\/#breadcrumb","itemListElement":[{"@type":"ListItem","position":1,"name":"Boas Vindas","item":"https:\/\/sepam.com.br\/"},{"@type":"ListItem","position":2,"name":"Col\u00e9gio Sepam refor\u00e7a programas de interc\u00e2mbio estudantil"}]},{"@type":"WebSite","@id":"https:\/\/sepam.com.br\/fr\/#website","url":"https:\/\/sepam.com.br\/fr\/","name":"Col\u00e9gio Sepam","description":"Ensino Incompar\u00e1vel","publisher":{"@id":"https:\/\/sepam.com.br\/fr\/#organization"},"potentialAction":[{"@type":"SearchAction","target":{"@type":"EntryPoint","urlTemplate":"https:\/\/sepam.com.br\/fr\/?s={search_term_string}"},"query-input":{"@type":"PropertyValueSpecification","valueRequired":true,"valueName":"search_term_string"}}],"inLanguage":"fr-FR"},{"@type":"Organization","@id":"https:\/\/sepam.com.br\/fr\/#organization","name":"Col\u00e9gio Sepam","url":"https:\/\/sepam.com.br\/fr\/","logo":{"@type":"ImageObject","inLanguage":"fr-FR","@id":"https:\/\/sepam.com.br\/fr\/#\/schema\/logo\/image\/","url":"https:\/\/sepam.com.br\/wp-content\/uploads\/2025\/02\/Ativo-2.png","contentUrl":"https:\/\/sepam.com.br\/wp-content\/uploads\/2025\/02\/Ativo-2.png","width":595,"height":525,"caption":"Col\u00e9gio Sepam"},"image":{"@id":"https:\/\/sepam.com.br\/fr\/#\/schema\/logo\/image\/"}},{"@type":"Person","@id":"https:\/\/sepam.com.br\/#\/schema\/person\/bfa2996c649a5a6d822766f6e64eb7fd","name":"Sepam","image":{"@type":"ImageObject","inLanguage":"fr-FR","@id":"https:\/\/secure.gravatar.com\/avatar\/0219e64664f5861998ad57a3432eb4bd5fd99a34c7cc9bc44b3c59dfb830db85?s=96&d=mm&r=g","url":"https:\/\/secure.gravatar.com\/avatar\/0219e64664f5861998ad57a3432eb4bd5fd99a34c7cc9bc44b3c59dfb830db85?s=96&d=mm&r=g","contentUrl":"https:\/\/secure.gravatar.com\/avatar\/0219e64664f5861998ad57a3432eb4bd5fd99a34c7cc9bc44b3c59dfb830db85?s=96&d=mm&r=g","caption":"Sepam"},"url":"https:\/\/sepam.com.br\/fr\/author\/sepam\/"}]}},"_links":{"self":[{"href":"https:\/\/sepam.com.br\/fr\/wp-json\/wp\/v2\/posts\/6906","targetHints":{"allow":["GET"]}}],"collection":[{"href":"https:\/\/sepam.com.br\/fr\/wp-json\/wp\/v2\/posts"}],"about":[{"href":"https:\/\/sepam.com.br\/fr\/wp-json\/wp\/v2\/types\/post"}],"author":[{"embeddable":true,"href":"https:\/\/sepam.com.br\/fr\/wp-json\/wp\/v2\/users\/13"}],"replies":[{"embeddable":true,"href":"https:\/\/sepam.com.br\/fr\/wp-json\/wp\/v2\/comments?post=6906"}],"version-history":[{"count":1,"href":"https:\/\/sepam.com.br\/fr\/wp-json\/wp\/v2\/posts\/6906\/revisions"}],"predecessor-version":[{"id":7450,"href":"https:\/\/sepam.com.br\/fr\/wp-json\/wp\/v2\/posts\/6906\/revisions\/7450"}],"wp:attachment":[{"href":"https:\/\/sepam.com.br\/fr\/wp-json\/wp\/v2\/media?parent=6906"}],"wp:term":[{"taxonomy":"category","embeddable":true,"href":"https:\/\/sepam.com.br\/fr\/wp-json\/wp\/v2\/categories?post=6906"},{"taxonomy":"post_tag","embeddable":true,"href":"https:\/\/sepam.com.br\/fr\/wp-json\/wp\/v2\/tags?post=6906"}],"curies":[{"name":"wp","href":"https:\/\/api.w.org\/{rel}","templated":true}]}}