{"id":6886,"date":"2025-08-28T10:47:05","date_gmt":"2025-08-28T13:47:05","guid":{"rendered":"https:\/\/dev.alisonandrei.com.br\/noticia\/grupo-da-cidadania-e-o-projeto-mais-antigo-do-sepam\/"},"modified":"2025-11-24T10:53:37","modified_gmt":"2025-11-24T13:53:37","slug":"grupo-da-cidadania-e-o-projeto-mais-antigo-do-sepam","status":"publish","type":"post","link":"https:\/\/sepam.com.br\/fr\/grupo-da-cidadania-e-o-projeto-mais-antigo-do-sepam\/","title":{"rendered":"Grupo da Cidadania \u00e9 o projeto mais antigo do SEPAM"},"content":{"rendered":"<p><i><span style=\"font-weight: 400\">Por meio do voluntariado, alunos do Sepam exercem a pr\u00e1tica da cidadania <\/span><\/i><\/p>\n<p><span style=\"font-weight: 400\">O Grupo da Cidadania \u00e9 o projeto mais antigo do Col\u00e9gio Sepam (desde 1998). Incentiva a participa\u00e7\u00e3o volunt\u00e1ria de alunos do 9<\/span><span style=\"font-weight: 400\">\u00b0 <\/span><span style=\"font-weight: 400\">ano do Ensino Fundamental II ao 2\u00ba ano do Ensino M\u00e9dio<\/span><span style=\"font-weight: 400\"> com campanhas filantr\u00f3picas em entidades assistenciais e centros de educa\u00e7\u00e3o infantil de Ponta Grossa. <\/span><\/p>\n<p><span style=\"font-weight: 400\">O atual coordenador do projeto, o professor Marcos Trancoso, explica que os alunos s\u00e3o respons\u00e1veis pela arrecada\u00e7\u00e3o dos produtos, pela divulga\u00e7\u00e3o das a\u00e7\u00f5es e pela separa\u00e7\u00e3o do material arrecadado. As visitas \u00e0s institui\u00e7\u00f5es acontecem semanalmente. \u201cN\u00f3s prestamos assistencialismo por meio de conversas, da realiza\u00e7\u00e3o de atividades l\u00fadicas, de jogos e de brincadeiras. <\/span><span style=\"font-weight: 400\">\u00c9 uma experi\u00eancia gratificante, que permite uma leitura de mundo diferente. Por meio do ato solid\u00e1rio, os alunos s\u00e3o deslocados de suas zonas de conforto e inseridos em outra realidade que n\u00e3o est\u00e3o acostumados<\/span><span style=\"font-weight: 400\">\u201d, ressalta Trancoso.<\/span><\/p>\n<p><span style=\"font-weight: 400\">O Sepam promove constantemente atividades e eventos com cunho social, para a arrecada\u00e7\u00e3o de alimentos, roupas, cal\u00e7ados e materiais recicl\u00e1veis, que s\u00e3o destinados ao Grupo da Cidadania.<\/span><\/p>\n<p>&nbsp;<\/p>\n","protected":false},"excerpt":{"rendered":"<p>Por meio do voluntariado, alunos do Sepam exercem a pr\u00e1tica da cidadania O Grupo da Cidadania \u00e9 o projeto mais antigo do Col\u00e9gio Sepam (desde 1998). Incentiva a participa\u00e7\u00e3o volunt\u00e1ria de alunos do 9\u00b0 ano do Ensino Fundamental II ao 2\u00ba ano do Ensino M\u00e9dio com campanhas filantr\u00f3picas em entidades assistenciais e centros de educa\u00e7\u00e3o [&hellip;]<\/p>\n","protected":false},"author":13,"featured_media":0,"comment_status":"open","ping_status":"open","sticky":false,"template":"","format":"standard","meta":{"footnotes":""},"categories":[21],"tags":[],"class_list":["post-6886","post","type-post","status-publish","format-standard","hentry","category-colegio-sepam"],"yoast_head":"<!-- This site is optimized with the Yoast SEO plugin v28.4 - https:\/\/yoast.com\/product\/yoast-seo-wordpress\/ -->\n<title>Grupo da Cidadania \u00e9 o projeto mais antigo do SEPAM<\/title>\n<meta name=\"description\" content=\"Por meio do voluntariado, alunos do Sepam exercem a pr\u00e1tica da cidadania O Grupo da Cidadania \u00e9 o projeto mais antigo do Col\u00e9gio Sepam (desde 1998). Incentiva a participa\u00e7\u00e3o volunt\u00e1ria de alunos do 9\u00b0 ano do Ensino Fundamental II ao 2\u00ba ano do Ensino M\u00e9dio com campanhas filantr\u00f3picas em entidades assistenciais e centros de educa\u00e7\u00e3o\u2026\" \/>\n<meta name=\"robots\" content=\"index, follow, max-snippet:-1, max-image-preview:large, max-video-preview:-1\" \/>\n<link rel=\"canonical\" href=\"https:\/\/sepam.com.br\/fr\/grupo-da-cidadania-e-o-projeto-mais-antigo-do-sepam\/\" \/>\n<meta property=\"og:locale\" content=\"fr_FR\" \/>\n<meta property=\"og:type\" content=\"article\" \/>\n<meta property=\"og:title\" content=\"Grupo da Cidadania \u00e9 o projeto mais antigo do SEPAM\" \/>\n<meta property=\"og:description\" content=\"Por meio do voluntariado, alunos do Sepam exercem a pr\u00e1tica da cidadania O Grupo da Cidadania \u00e9 o projeto mais antigo do Col\u00e9gio Sepam (desde 1998). Incentiva a participa\u00e7\u00e3o volunt\u00e1ria de alunos do 9\u00b0 ano do Ensino Fundamental II ao 2\u00ba ano do Ensino M\u00e9dio com campanhas filantr\u00f3picas em entidades assistenciais e centros de educa\u00e7\u00e3o\u2026\" \/>\n<meta property=\"og:url\" content=\"https:\/\/sepam.com.br\/fr\/grupo-da-cidadania-e-o-projeto-mais-antigo-do-sepam\/\" \/>\n<meta property=\"og:site_name\" content=\"Col\u00e9gio Sepam\" \/>\n<meta property=\"article:published_time\" content=\"2025-08-28T13:47:05+00:00\" \/>\n<meta property=\"article:modified_time\" content=\"2025-11-24T13:53:37+00:00\" \/>\n<meta name=\"author\" content=\"Sepam\" \/>\n<meta name=\"twitter:card\" content=\"summary_large_image\" \/>\n<meta name=\"twitter:label1\" content=\"\u00c9crit par\" \/>\n\t<meta name=\"twitter:data1\" content=\"Sepam\" \/>\n\t<meta name=\"twitter:label2\" content=\"Dur\u00e9e de lecture estim\u00e9e\" \/>\n\t<meta name=\"twitter:data2\" content=\"1 minute\" \/>\n<script type=\"application\/ld+json\" class=\"yoast-schema-graph\">{\"@context\":\"https:\\\/\\\/schema.org\",\"@graph\":[{\"@type\":\"Article\",\"@id\":\"https:\\\/\\\/sepam.com.br\\\/fr\\\/grupo-da-cidadania-e-o-projeto-mais-antigo-do-sepam\\\/#article\",\"isPartOf\":{\"@id\":\"https:\\\/\\\/sepam.com.br\\\/fr\\\/grupo-da-cidadania-e-o-projeto-mais-antigo-do-sepam\\\/\"},\"author\":{\"name\":\"Sepam\",\"@id\":\"https:\\\/\\\/sepam.com.br\\\/#\\\/schema\\\/person\\\/bfa2996c649a5a6d822766f6e64eb7fd\"},\"headline\":\"Grupo da Cidadania \u00e9 o projeto mais antigo do SEPAM\",\"datePublished\":\"2025-08-28T13:47:05+00:00\",\"dateModified\":\"2025-11-24T13:53:37+00:00\",\"mainEntityOfPage\":{\"@id\":\"https:\\\/\\\/sepam.com.br\\\/fr\\\/grupo-da-cidadania-e-o-projeto-mais-antigo-do-sepam\\\/\"},\"wordCount\":205,\"commentCount\":0,\"publisher\":{\"@id\":\"https:\\\/\\\/sepam.com.br\\\/#organization\"},\"articleSection\":[\"Colegio Sepam\"],\"inLanguage\":\"fr-FR\",\"potentialAction\":[{\"@type\":\"CommentAction\",\"name\":\"Comment\",\"target\":[\"https:\\\/\\\/sepam.com.br\\\/fr\\\/grupo-da-cidadania-e-o-projeto-mais-antigo-do-sepam\\\/#respond\"]}]},{\"@type\":\"WebPage\",\"@id\":\"https:\\\/\\\/sepam.com.br\\\/fr\\\/grupo-da-cidadania-e-o-projeto-mais-antigo-do-sepam\\\/\",\"url\":\"https:\\\/\\\/sepam.com.br\\\/fr\\\/grupo-da-cidadania-e-o-projeto-mais-antigo-do-sepam\\\/\",\"name\":\"Grupo da Cidadania \u00e9 o projeto mais antigo do SEPAM - Col\u00e9gio Sepam\",\"isPartOf\":{\"@id\":\"https:\\\/\\\/sepam.com.br\\\/#website\"},\"datePublished\":\"2025-08-28T13:47:05+00:00\",\"dateModified\":\"2025-11-24T13:53:37+00:00\",\"breadcrumb\":{\"@id\":\"https:\\\/\\\/sepam.com.br\\\/fr\\\/grupo-da-cidadania-e-o-projeto-mais-antigo-do-sepam\\\/#breadcrumb\"},\"inLanguage\":\"fr-FR\",\"potentialAction\":[{\"@type\":\"ReadAction\",\"target\":[\"https:\\\/\\\/sepam.com.br\\\/fr\\\/grupo-da-cidadania-e-o-projeto-mais-antigo-do-sepam\\\/\"]}]},{\"@type\":\"BreadcrumbList\",\"@id\":\"https:\\\/\\\/sepam.com.br\\\/fr\\\/grupo-da-cidadania-e-o-projeto-mais-antigo-do-sepam\\\/#breadcrumb\",\"itemListElement\":[{\"@type\":\"ListItem\",\"position\":1,\"name\":\"Boas Vindas\",\"item\":\"https:\\\/\\\/sepam.com.br\\\/\"},{\"@type\":\"ListItem\",\"position\":2,\"name\":\"Grupo da Cidadania \u00e9 o projeto mais antigo do SEPAM\"}]},{\"@type\":\"WebSite\",\"@id\":\"https:\\\/\\\/sepam.com.br\\\/fr\\\/#website\",\"url\":\"https:\\\/\\\/sepam.com.br\\\/fr\\\/\",\"name\":\"Col\u00e9gio Sepam\",\"description\":\"Ensino Incompar\u00e1vel\",\"publisher\":{\"@id\":\"https:\\\/\\\/sepam.com.br\\\/fr\\\/#organization\"},\"potentialAction\":[{\"@type\":\"SearchAction\",\"target\":{\"@type\":\"EntryPoint\",\"urlTemplate\":\"https:\\\/\\\/sepam.com.br\\\/fr\\\/?s={search_term_string}\"},\"query-input\":{\"@type\":\"PropertyValueSpecification\",\"valueRequired\":true,\"valueName\":\"search_term_string\"}}],\"inLanguage\":\"fr-FR\"},{\"@type\":\"Organization\",\"@id\":\"https:\\\/\\\/sepam.com.br\\\/fr\\\/#organization\",\"name\":\"Col\u00e9gio Sepam\",\"url\":\"https:\\\/\\\/sepam.com.br\\\/fr\\\/\",\"logo\":{\"@type\":\"ImageObject\",\"inLanguage\":\"fr-FR\",\"@id\":\"https:\\\/\\\/sepam.com.br\\\/fr\\\/#\\\/schema\\\/logo\\\/image\\\/\",\"url\":\"https:\\\/\\\/sepam.com.br\\\/wp-content\\\/uploads\\\/2025\\\/02\\\/Ativo-2.png\",\"contentUrl\":\"https:\\\/\\\/sepam.com.br\\\/wp-content\\\/uploads\\\/2025\\\/02\\\/Ativo-2.png\",\"width\":595,\"height\":525,\"caption\":\"Col\u00e9gio Sepam\"},\"image\":{\"@id\":\"https:\\\/\\\/sepam.com.br\\\/fr\\\/#\\\/schema\\\/logo\\\/image\\\/\"}},{\"@type\":\"Person\",\"@id\":\"https:\\\/\\\/sepam.com.br\\\/#\\\/schema\\\/person\\\/bfa2996c649a5a6d822766f6e64eb7fd\",\"name\":\"Sepam\",\"image\":{\"@type\":\"ImageObject\",\"inLanguage\":\"fr-FR\",\"@id\":\"https:\\\/\\\/secure.gravatar.com\\\/avatar\\\/0219e64664f5861998ad57a3432eb4bd5fd99a34c7cc9bc44b3c59dfb830db85?s=96&d=mm&r=g\",\"url\":\"https:\\\/\\\/secure.gravatar.com\\\/avatar\\\/0219e64664f5861998ad57a3432eb4bd5fd99a34c7cc9bc44b3c59dfb830db85?s=96&d=mm&r=g\",\"contentUrl\":\"https:\\\/\\\/secure.gravatar.com\\\/avatar\\\/0219e64664f5861998ad57a3432eb4bd5fd99a34c7cc9bc44b3c59dfb830db85?s=96&d=mm&r=g\",\"caption\":\"Sepam\"},\"url\":\"https:\\\/\\\/sepam.com.br\\\/fr\\\/author\\\/sepam\\\/\"}]}<\/script>\n<!-- \/ Yoast SEO plugin. -->","yoast_head_json":{"title":"Grupo da Cidadania \u00e9 o projeto mais antigo do SEPAM","description":"Por meio do voluntariado, alunos do Sepam exercem a pr\u00e1tica da cidadania O Grupo da Cidadania \u00e9 o projeto mais antigo do Col\u00e9gio Sepam (desde 1998). Incentiva a participa\u00e7\u00e3o volunt\u00e1ria de alunos do 9\u00b0 ano do Ensino Fundamental II ao 2\u00ba ano do Ensino M\u00e9dio com campanhas filantr\u00f3picas em entidades assistenciais e centros de educa\u00e7\u00e3o\u2026","robots":{"index":"index","follow":"follow","max-snippet":"max-snippet:-1","max-image-preview":"max-image-preview:large","max-video-preview":"max-video-preview:-1"},"canonical":"https:\/\/sepam.com.br\/fr\/grupo-da-cidadania-e-o-projeto-mais-antigo-do-sepam\/","og_locale":"fr_FR","og_type":"article","og_title":"Grupo da Cidadania \u00e9 o projeto mais antigo do SEPAM","og_description":"Por meio do voluntariado, alunos do Sepam exercem a pr\u00e1tica da cidadania O Grupo da Cidadania \u00e9 o projeto mais antigo do Col\u00e9gio Sepam (desde 1998). Incentiva a participa\u00e7\u00e3o volunt\u00e1ria de alunos do 9\u00b0 ano do Ensino Fundamental II ao 2\u00ba ano do Ensino M\u00e9dio com campanhas filantr\u00f3picas em entidades assistenciais e centros de educa\u00e7\u00e3o\u2026","og_url":"https:\/\/sepam.com.br\/fr\/grupo-da-cidadania-e-o-projeto-mais-antigo-do-sepam\/","og_site_name":"Col\u00e9gio Sepam","article_published_time":"2025-08-28T13:47:05+00:00","article_modified_time":"2025-11-24T13:53:37+00:00","author":"Sepam","twitter_card":"summary_large_image","twitter_misc":{"\u00c9crit par":"Sepam","Dur\u00e9e de lecture estim\u00e9e":"1 minute"},"schema":{"@context":"https:\/\/schema.org","@graph":[{"@type":"Article","@id":"https:\/\/sepam.com.br\/fr\/grupo-da-cidadania-e-o-projeto-mais-antigo-do-sepam\/#article","isPartOf":{"@id":"https:\/\/sepam.com.br\/fr\/grupo-da-cidadania-e-o-projeto-mais-antigo-do-sepam\/"},"author":{"name":"Sepam","@id":"https:\/\/sepam.com.br\/#\/schema\/person\/bfa2996c649a5a6d822766f6e64eb7fd"},"headline":"Grupo da Cidadania \u00e9 o projeto mais antigo do SEPAM","datePublished":"2025-08-28T13:47:05+00:00","dateModified":"2025-11-24T13:53:37+00:00","mainEntityOfPage":{"@id":"https:\/\/sepam.com.br\/fr\/grupo-da-cidadania-e-o-projeto-mais-antigo-do-sepam\/"},"wordCount":205,"commentCount":0,"publisher":{"@id":"https:\/\/sepam.com.br\/#organization"},"articleSection":["Colegio Sepam"],"inLanguage":"fr-FR","potentialAction":[{"@type":"CommentAction","name":"Comment","target":["https:\/\/sepam.com.br\/fr\/grupo-da-cidadania-e-o-projeto-mais-antigo-do-sepam\/#respond"]}]},{"@type":"WebPage","@id":"https:\/\/sepam.com.br\/fr\/grupo-da-cidadania-e-o-projeto-mais-antigo-do-sepam\/","url":"https:\/\/sepam.com.br\/fr\/grupo-da-cidadania-e-o-projeto-mais-antigo-do-sepam\/","name":"Grupo da Cidadania \u00e9 o projeto mais antigo do SEPAM - Col\u00e9gio Sepam","isPartOf":{"@id":"https:\/\/sepam.com.br\/#website"},"datePublished":"2025-08-28T13:47:05+00:00","dateModified":"2025-11-24T13:53:37+00:00","breadcrumb":{"@id":"https:\/\/sepam.com.br\/fr\/grupo-da-cidadania-e-o-projeto-mais-antigo-do-sepam\/#breadcrumb"},"inLanguage":"fr-FR","potentialAction":[{"@type":"ReadAction","target":["https:\/\/sepam.com.br\/fr\/grupo-da-cidadania-e-o-projeto-mais-antigo-do-sepam\/"]}]},{"@type":"BreadcrumbList","@id":"https:\/\/sepam.com.br\/fr\/grupo-da-cidadania-e-o-projeto-mais-antigo-do-sepam\/#breadcrumb","itemListElement":[{"@type":"ListItem","position":1,"name":"Boas Vindas","item":"https:\/\/sepam.com.br\/"},{"@type":"ListItem","position":2,"name":"Grupo da Cidadania \u00e9 o projeto mais antigo do SEPAM"}]},{"@type":"WebSite","@id":"https:\/\/sepam.com.br\/fr\/#website","url":"https:\/\/sepam.com.br\/fr\/","name":"Col\u00e9gio Sepam","description":"Ensino Incompar\u00e1vel","publisher":{"@id":"https:\/\/sepam.com.br\/fr\/#organization"},"potentialAction":[{"@type":"SearchAction","target":{"@type":"EntryPoint","urlTemplate":"https:\/\/sepam.com.br\/fr\/?s={search_term_string}"},"query-input":{"@type":"PropertyValueSpecification","valueRequired":true,"valueName":"search_term_string"}}],"inLanguage":"fr-FR"},{"@type":"Organization","@id":"https:\/\/sepam.com.br\/fr\/#organization","name":"Col\u00e9gio Sepam","url":"https:\/\/sepam.com.br\/fr\/","logo":{"@type":"ImageObject","inLanguage":"fr-FR","@id":"https:\/\/sepam.com.br\/fr\/#\/schema\/logo\/image\/","url":"https:\/\/sepam.com.br\/wp-content\/uploads\/2025\/02\/Ativo-2.png","contentUrl":"https:\/\/sepam.com.br\/wp-content\/uploads\/2025\/02\/Ativo-2.png","width":595,"height":525,"caption":"Col\u00e9gio Sepam"},"image":{"@id":"https:\/\/sepam.com.br\/fr\/#\/schema\/logo\/image\/"}},{"@type":"Person","@id":"https:\/\/sepam.com.br\/#\/schema\/person\/bfa2996c649a5a6d822766f6e64eb7fd","name":"Sepam","image":{"@type":"ImageObject","inLanguage":"fr-FR","@id":"https:\/\/secure.gravatar.com\/avatar\/0219e64664f5861998ad57a3432eb4bd5fd99a34c7cc9bc44b3c59dfb830db85?s=96&d=mm&r=g","url":"https:\/\/secure.gravatar.com\/avatar\/0219e64664f5861998ad57a3432eb4bd5fd99a34c7cc9bc44b3c59dfb830db85?s=96&d=mm&r=g","contentUrl":"https:\/\/secure.gravatar.com\/avatar\/0219e64664f5861998ad57a3432eb4bd5fd99a34c7cc9bc44b3c59dfb830db85?s=96&d=mm&r=g","caption":"Sepam"},"url":"https:\/\/sepam.com.br\/fr\/author\/sepam\/"}]}},"_links":{"self":[{"href":"https:\/\/sepam.com.br\/fr\/wp-json\/wp\/v2\/posts\/6886","targetHints":{"allow":["GET"]}}],"collection":[{"href":"https:\/\/sepam.com.br\/fr\/wp-json\/wp\/v2\/posts"}],"about":[{"href":"https:\/\/sepam.com.br\/fr\/wp-json\/wp\/v2\/types\/post"}],"author":[{"embeddable":true,"href":"https:\/\/sepam.com.br\/fr\/wp-json\/wp\/v2\/users\/13"}],"replies":[{"embeddable":true,"href":"https:\/\/sepam.com.br\/fr\/wp-json\/wp\/v2\/comments?post=6886"}],"version-history":[{"count":1,"href":"https:\/\/sepam.com.br\/fr\/wp-json\/wp\/v2\/posts\/6886\/revisions"}],"predecessor-version":[{"id":7470,"href":"https:\/\/sepam.com.br\/fr\/wp-json\/wp\/v2\/posts\/6886\/revisions\/7470"}],"wp:attachment":[{"href":"https:\/\/sepam.com.br\/fr\/wp-json\/wp\/v2\/media?parent=6886"}],"wp:term":[{"taxonomy":"category","embeddable":true,"href":"https:\/\/sepam.com.br\/fr\/wp-json\/wp\/v2\/categories?post=6886"},{"taxonomy":"post_tag","embeddable":true,"href":"https:\/\/sepam.com.br\/fr\/wp-json\/wp\/v2\/tags?post=6886"}],"curies":[{"name":"wp","href":"https:\/\/api.w.org\/{rel}","templated":true}]}}