{"id":6869,"date":"2025-08-28T10:47:01","date_gmt":"2025-08-28T13:47:01","guid":{"rendered":"https:\/\/dev.alisonandrei.com.br\/noticia\/ponta-grossa-alunos-participam-de-palestra-sobre-prevencao-de-doencas\/"},"modified":"2025-11-24T10:53:37","modified_gmt":"2025-11-24T13:53:37","slug":"ponta-grossa-alunos-participam-de-palestra-sobre-prevencao-de-doencas","status":"publish","type":"post","link":"https:\/\/sepam.com.br\/fr\/ponta-grossa-alunos-participam-de-palestra-sobre-prevencao-de-doencas\/","title":{"rendered":"PONTA GROSSA: Alunos participam de palestra sobre preven\u00e7\u00e3o de doen\u00e7as"},"content":{"rendered":"<p><i><span style=\"font-weight: 400;\">O tema ser\u00e1 apresentado pelas turmas do 4\u00ba ano na Feira da Cultura do Sepam, em outubro<\/span><\/i><\/p>\n<p><span style=\"font-weight: 400;\">Na \u00faltima quarta-feira (11), estiveram no Col\u00e9gio Sepam as agentes de combate a endemias do Departamento de Zoonoses da Prefeitura Municipal de Ponta Grossa, F\u00e1tima Rodrigues e Sandra Silva, para realizar uma palestra \u00e0s turmas do 4\u00b0 ano do Ensino Fundamental sobre preven\u00e7\u00e3o de doen\u00e7as. O tema, al\u00e9m de fazer parte do conte\u00fado pedag\u00f3gico, ser\u00e1 apresentado pelos alunos do 4\u00ba ano na Feira da Cultura do Sepam, que acontece em outubro. <\/span><\/p>\n<p><span style=\"font-weight: 400;\">Nesse encontro, os estudantes conheceram mais sobre as doen\u00e7as transmitidas pelo mosquito Aedes Aegypti: Dengue, ZiKa, Chikungunya e Febre Amarela; e tamb\u00e9m receberam informa\u00e7\u00f5es sobre o V\u00edrus H1N1. As agentes explicaram como evitar a prolifera\u00e7\u00e3o do mosquito, formas de preven\u00e7\u00e3o das doen\u00e7as e ressaltaram a import\u00e2ncia da vacina\u00e7\u00e3o. Elas trouxeram larvas e o mosquito para que todos pudessem conhecer. <\/span><\/p>\n<p><span style=\"font-weight: 400;\">\u201cOs alunos \u00a0aprenderam o que fazer para evitar as doen\u00e7as e combater o mosquito. Foi uma oportunidade para que eles iniciem a prepara\u00e7\u00e3o da Feira da Cultura ampliando o seu conhecimento e dom\u00ednio do assunto\u201d, explica a professora do 4\u00ba ano C, Sarah Wenceslau.<\/span><\/p>\n<p><span style=\"font-weight: 400;\">Na ter\u00e7a-feira (10), dia que antecedeu as palestras, os alunos fizeram pesquisas sobre o assunto utilizando os iPads do Col\u00e9gio para essa finalidade.<\/span><span style=\"font-weight: 400;\"><br \/>\n<\/span><span style=\"font-weight: 400;\"><br \/>\n<\/span><\/p>\n","protected":false},"excerpt":{"rendered":"<p>O tema ser\u00e1 apresentado pelas turmas do 4\u00ba ano na Feira da Cultura do Sepam, em outubro Na \u00faltima quarta-feira (11), estiveram no Col\u00e9gio Sepam as agentes de combate a endemias do Departamento de Zoonoses da Prefeitura Municipal de Ponta Grossa, F\u00e1tima Rodrigues e Sandra Silva, para realizar uma palestra \u00e0s turmas do 4\u00b0 ano [&hellip;]<\/p>\n","protected":false},"author":13,"featured_media":0,"comment_status":"open","ping_status":"open","sticky":false,"template":"","format":"standard","meta":{"footnotes":""},"categories":[21],"tags":[],"class_list":["post-6869","post","type-post","status-publish","format-standard","hentry","category-colegio-sepam"],"yoast_head":"<!-- This site is optimized with the Yoast SEO plugin v28.4 - https:\/\/yoast.com\/product\/yoast-seo-wordpress\/ -->\n<title>PONTA GROSSA: Alunos participam de palestra sobre preven\u00e7\u00e3o de doen\u00e7as<\/title>\n<meta name=\"description\" content=\"O tema ser\u00e1 apresentado pelas turmas do 4\u00ba ano na Feira da Cultura do Sepam, em outubro Na \u00faltima quarta-feira (11), estiveram no Col\u00e9gio Sepam as agentes de combate a endemias do Departamento de Zoonoses da Prefeitura Municipal de Ponta Grossa, F\u00e1tima Rodrigues e Sandra Silva, para realizar uma palestra \u00e0s turmas do 4\u00b0 ano\u2026\" \/>\n<meta name=\"robots\" content=\"index, follow, max-snippet:-1, max-image-preview:large, max-video-preview:-1\" \/>\n<link rel=\"canonical\" href=\"https:\/\/sepam.com.br\/fr\/ponta-grossa-alunos-participam-de-palestra-sobre-prevencao-de-doencas\/\" \/>\n<meta property=\"og:locale\" content=\"fr_FR\" \/>\n<meta property=\"og:type\" content=\"article\" \/>\n<meta property=\"og:title\" content=\"PONTA GROSSA: Alunos participam de palestra sobre preven\u00e7\u00e3o de doen\u00e7as\" \/>\n<meta property=\"og:description\" content=\"O tema ser\u00e1 apresentado pelas turmas do 4\u00ba ano na Feira da Cultura do Sepam, em outubro Na \u00faltima quarta-feira (11), estiveram no Col\u00e9gio Sepam as agentes de combate a endemias do Departamento de Zoonoses da Prefeitura Municipal de Ponta Grossa, F\u00e1tima Rodrigues e Sandra Silva, para realizar uma palestra \u00e0s turmas do 4\u00b0 ano\u2026\" \/>\n<meta property=\"og:url\" content=\"https:\/\/sepam.com.br\/fr\/ponta-grossa-alunos-participam-de-palestra-sobre-prevencao-de-doencas\/\" \/>\n<meta property=\"og:site_name\" content=\"Col\u00e9gio Sepam\" \/>\n<meta property=\"article:published_time\" content=\"2025-08-28T13:47:01+00:00\" \/>\n<meta property=\"article:modified_time\" content=\"2025-11-24T13:53:37+00:00\" \/>\n<meta name=\"author\" content=\"Sepam\" \/>\n<meta name=\"twitter:card\" content=\"summary_large_image\" \/>\n<meta name=\"twitter:label1\" content=\"\u00c9crit par\" \/>\n\t<meta name=\"twitter:data1\" content=\"Sepam\" \/>\n\t<meta name=\"twitter:label2\" content=\"Dur\u00e9e de lecture estim\u00e9e\" \/>\n\t<meta name=\"twitter:data2\" content=\"1 minute\" \/>\n<script type=\"application\/ld+json\" class=\"yoast-schema-graph\">{\"@context\":\"https:\\\/\\\/schema.org\",\"@graph\":[{\"@type\":\"Article\",\"@id\":\"https:\\\/\\\/sepam.com.br\\\/fr\\\/ponta-grossa-alunos-participam-de-palestra-sobre-prevencao-de-doencas\\\/#article\",\"isPartOf\":{\"@id\":\"https:\\\/\\\/sepam.com.br\\\/fr\\\/ponta-grossa-alunos-participam-de-palestra-sobre-prevencao-de-doencas\\\/\"},\"author\":{\"name\":\"Sepam\",\"@id\":\"https:\\\/\\\/sepam.com.br\\\/#\\\/schema\\\/person\\\/bfa2996c649a5a6d822766f6e64eb7fd\"},\"headline\":\"PONTA GROSSA: Alunos participam de palestra sobre preven\u00e7\u00e3o de doen\u00e7as\",\"datePublished\":\"2025-08-28T13:47:01+00:00\",\"dateModified\":\"2025-11-24T13:53:37+00:00\",\"mainEntityOfPage\":{\"@id\":\"https:\\\/\\\/sepam.com.br\\\/fr\\\/ponta-grossa-alunos-participam-de-palestra-sobre-prevencao-de-doencas\\\/\"},\"wordCount\":242,\"commentCount\":0,\"publisher\":{\"@id\":\"https:\\\/\\\/sepam.com.br\\\/#organization\"},\"articleSection\":[\"Colegio Sepam\"],\"inLanguage\":\"fr-FR\",\"potentialAction\":[{\"@type\":\"CommentAction\",\"name\":\"Comment\",\"target\":[\"https:\\\/\\\/sepam.com.br\\\/fr\\\/ponta-grossa-alunos-participam-de-palestra-sobre-prevencao-de-doencas\\\/#respond\"]}]},{\"@type\":\"WebPage\",\"@id\":\"https:\\\/\\\/sepam.com.br\\\/fr\\\/ponta-grossa-alunos-participam-de-palestra-sobre-prevencao-de-doencas\\\/\",\"url\":\"https:\\\/\\\/sepam.com.br\\\/fr\\\/ponta-grossa-alunos-participam-de-palestra-sobre-prevencao-de-doencas\\\/\",\"name\":\"PONTA GROSSA: Alunos participam de palestra sobre preven\u00e7\u00e3o de doen\u00e7as - Col\u00e9gio Sepam\",\"isPartOf\":{\"@id\":\"https:\\\/\\\/sepam.com.br\\\/#website\"},\"datePublished\":\"2025-08-28T13:47:01+00:00\",\"dateModified\":\"2025-11-24T13:53:37+00:00\",\"breadcrumb\":{\"@id\":\"https:\\\/\\\/sepam.com.br\\\/fr\\\/ponta-grossa-alunos-participam-de-palestra-sobre-prevencao-de-doencas\\\/#breadcrumb\"},\"inLanguage\":\"fr-FR\",\"potentialAction\":[{\"@type\":\"ReadAction\",\"target\":[\"https:\\\/\\\/sepam.com.br\\\/fr\\\/ponta-grossa-alunos-participam-de-palestra-sobre-prevencao-de-doencas\\\/\"]}]},{\"@type\":\"BreadcrumbList\",\"@id\":\"https:\\\/\\\/sepam.com.br\\\/fr\\\/ponta-grossa-alunos-participam-de-palestra-sobre-prevencao-de-doencas\\\/#breadcrumb\",\"itemListElement\":[{\"@type\":\"ListItem\",\"position\":1,\"name\":\"Boas Vindas\",\"item\":\"https:\\\/\\\/sepam.com.br\\\/\"},{\"@type\":\"ListItem\",\"position\":2,\"name\":\"PONTA GROSSA: Alunos participam de palestra sobre preven\u00e7\u00e3o de doen\u00e7as\"}]},{\"@type\":\"WebSite\",\"@id\":\"https:\\\/\\\/sepam.com.br\\\/fr\\\/#website\",\"url\":\"https:\\\/\\\/sepam.com.br\\\/fr\\\/\",\"name\":\"Col\u00e9gio Sepam\",\"description\":\"Ensino Incompar\u00e1vel\",\"publisher\":{\"@id\":\"https:\\\/\\\/sepam.com.br\\\/fr\\\/#organization\"},\"potentialAction\":[{\"@type\":\"SearchAction\",\"target\":{\"@type\":\"EntryPoint\",\"urlTemplate\":\"https:\\\/\\\/sepam.com.br\\\/fr\\\/?s={search_term_string}\"},\"query-input\":{\"@type\":\"PropertyValueSpecification\",\"valueRequired\":true,\"valueName\":\"search_term_string\"}}],\"inLanguage\":\"fr-FR\"},{\"@type\":\"Organization\",\"@id\":\"https:\\\/\\\/sepam.com.br\\\/fr\\\/#organization\",\"name\":\"Col\u00e9gio Sepam\",\"url\":\"https:\\\/\\\/sepam.com.br\\\/fr\\\/\",\"logo\":{\"@type\":\"ImageObject\",\"inLanguage\":\"fr-FR\",\"@id\":\"https:\\\/\\\/sepam.com.br\\\/fr\\\/#\\\/schema\\\/logo\\\/image\\\/\",\"url\":\"https:\\\/\\\/sepam.com.br\\\/wp-content\\\/uploads\\\/2025\\\/02\\\/Ativo-2.png\",\"contentUrl\":\"https:\\\/\\\/sepam.com.br\\\/wp-content\\\/uploads\\\/2025\\\/02\\\/Ativo-2.png\",\"width\":595,\"height\":525,\"caption\":\"Col\u00e9gio Sepam\"},\"image\":{\"@id\":\"https:\\\/\\\/sepam.com.br\\\/fr\\\/#\\\/schema\\\/logo\\\/image\\\/\"}},{\"@type\":\"Person\",\"@id\":\"https:\\\/\\\/sepam.com.br\\\/#\\\/schema\\\/person\\\/bfa2996c649a5a6d822766f6e64eb7fd\",\"name\":\"Sepam\",\"image\":{\"@type\":\"ImageObject\",\"inLanguage\":\"fr-FR\",\"@id\":\"https:\\\/\\\/secure.gravatar.com\\\/avatar\\\/0219e64664f5861998ad57a3432eb4bd5fd99a34c7cc9bc44b3c59dfb830db85?s=96&d=mm&r=g\",\"url\":\"https:\\\/\\\/secure.gravatar.com\\\/avatar\\\/0219e64664f5861998ad57a3432eb4bd5fd99a34c7cc9bc44b3c59dfb830db85?s=96&d=mm&r=g\",\"contentUrl\":\"https:\\\/\\\/secure.gravatar.com\\\/avatar\\\/0219e64664f5861998ad57a3432eb4bd5fd99a34c7cc9bc44b3c59dfb830db85?s=96&d=mm&r=g\",\"caption\":\"Sepam\"},\"url\":\"https:\\\/\\\/sepam.com.br\\\/fr\\\/author\\\/sepam\\\/\"}]}<\/script>\n<!-- \/ Yoast SEO plugin. -->","yoast_head_json":{"title":"PONTA GROSSA: Alunos participam de palestra sobre preven\u00e7\u00e3o de doen\u00e7as","description":"O tema ser\u00e1 apresentado pelas turmas do 4\u00ba ano na Feira da Cultura do Sepam, em outubro Na \u00faltima quarta-feira (11), estiveram no Col\u00e9gio Sepam as agentes de combate a endemias do Departamento de Zoonoses da Prefeitura Municipal de Ponta Grossa, F\u00e1tima Rodrigues e Sandra Silva, para realizar uma palestra \u00e0s turmas do 4\u00b0 ano\u2026","robots":{"index":"index","follow":"follow","max-snippet":"max-snippet:-1","max-image-preview":"max-image-preview:large","max-video-preview":"max-video-preview:-1"},"canonical":"https:\/\/sepam.com.br\/fr\/ponta-grossa-alunos-participam-de-palestra-sobre-prevencao-de-doencas\/","og_locale":"fr_FR","og_type":"article","og_title":"PONTA GROSSA: Alunos participam de palestra sobre preven\u00e7\u00e3o de doen\u00e7as","og_description":"O tema ser\u00e1 apresentado pelas turmas do 4\u00ba ano na Feira da Cultura do Sepam, em outubro Na \u00faltima quarta-feira (11), estiveram no Col\u00e9gio Sepam as agentes de combate a endemias do Departamento de Zoonoses da Prefeitura Municipal de Ponta Grossa, F\u00e1tima Rodrigues e Sandra Silva, para realizar uma palestra \u00e0s turmas do 4\u00b0 ano\u2026","og_url":"https:\/\/sepam.com.br\/fr\/ponta-grossa-alunos-participam-de-palestra-sobre-prevencao-de-doencas\/","og_site_name":"Col\u00e9gio Sepam","article_published_time":"2025-08-28T13:47:01+00:00","article_modified_time":"2025-11-24T13:53:37+00:00","author":"Sepam","twitter_card":"summary_large_image","twitter_misc":{"\u00c9crit par":"Sepam","Dur\u00e9e de lecture estim\u00e9e":"1 minute"},"schema":{"@context":"https:\/\/schema.org","@graph":[{"@type":"Article","@id":"https:\/\/sepam.com.br\/fr\/ponta-grossa-alunos-participam-de-palestra-sobre-prevencao-de-doencas\/#article","isPartOf":{"@id":"https:\/\/sepam.com.br\/fr\/ponta-grossa-alunos-participam-de-palestra-sobre-prevencao-de-doencas\/"},"author":{"name":"Sepam","@id":"https:\/\/sepam.com.br\/#\/schema\/person\/bfa2996c649a5a6d822766f6e64eb7fd"},"headline":"PONTA GROSSA: Alunos participam de palestra sobre preven\u00e7\u00e3o de doen\u00e7as","datePublished":"2025-08-28T13:47:01+00:00","dateModified":"2025-11-24T13:53:37+00:00","mainEntityOfPage":{"@id":"https:\/\/sepam.com.br\/fr\/ponta-grossa-alunos-participam-de-palestra-sobre-prevencao-de-doencas\/"},"wordCount":242,"commentCount":0,"publisher":{"@id":"https:\/\/sepam.com.br\/#organization"},"articleSection":["Colegio Sepam"],"inLanguage":"fr-FR","potentialAction":[{"@type":"CommentAction","name":"Comment","target":["https:\/\/sepam.com.br\/fr\/ponta-grossa-alunos-participam-de-palestra-sobre-prevencao-de-doencas\/#respond"]}]},{"@type":"WebPage","@id":"https:\/\/sepam.com.br\/fr\/ponta-grossa-alunos-participam-de-palestra-sobre-prevencao-de-doencas\/","url":"https:\/\/sepam.com.br\/fr\/ponta-grossa-alunos-participam-de-palestra-sobre-prevencao-de-doencas\/","name":"PONTA GROSSA: Alunos participam de palestra sobre preven\u00e7\u00e3o de doen\u00e7as - Col\u00e9gio Sepam","isPartOf":{"@id":"https:\/\/sepam.com.br\/#website"},"datePublished":"2025-08-28T13:47:01+00:00","dateModified":"2025-11-24T13:53:37+00:00","breadcrumb":{"@id":"https:\/\/sepam.com.br\/fr\/ponta-grossa-alunos-participam-de-palestra-sobre-prevencao-de-doencas\/#breadcrumb"},"inLanguage":"fr-FR","potentialAction":[{"@type":"ReadAction","target":["https:\/\/sepam.com.br\/fr\/ponta-grossa-alunos-participam-de-palestra-sobre-prevencao-de-doencas\/"]}]},{"@type":"BreadcrumbList","@id":"https:\/\/sepam.com.br\/fr\/ponta-grossa-alunos-participam-de-palestra-sobre-prevencao-de-doencas\/#breadcrumb","itemListElement":[{"@type":"ListItem","position":1,"name":"Boas Vindas","item":"https:\/\/sepam.com.br\/"},{"@type":"ListItem","position":2,"name":"PONTA GROSSA: Alunos participam de palestra sobre preven\u00e7\u00e3o de doen\u00e7as"}]},{"@type":"WebSite","@id":"https:\/\/sepam.com.br\/fr\/#website","url":"https:\/\/sepam.com.br\/fr\/","name":"Col\u00e9gio Sepam","description":"Ensino Incompar\u00e1vel","publisher":{"@id":"https:\/\/sepam.com.br\/fr\/#organization"},"potentialAction":[{"@type":"SearchAction","target":{"@type":"EntryPoint","urlTemplate":"https:\/\/sepam.com.br\/fr\/?s={search_term_string}"},"query-input":{"@type":"PropertyValueSpecification","valueRequired":true,"valueName":"search_term_string"}}],"inLanguage":"fr-FR"},{"@type":"Organization","@id":"https:\/\/sepam.com.br\/fr\/#organization","name":"Col\u00e9gio Sepam","url":"https:\/\/sepam.com.br\/fr\/","logo":{"@type":"ImageObject","inLanguage":"fr-FR","@id":"https:\/\/sepam.com.br\/fr\/#\/schema\/logo\/image\/","url":"https:\/\/sepam.com.br\/wp-content\/uploads\/2025\/02\/Ativo-2.png","contentUrl":"https:\/\/sepam.com.br\/wp-content\/uploads\/2025\/02\/Ativo-2.png","width":595,"height":525,"caption":"Col\u00e9gio Sepam"},"image":{"@id":"https:\/\/sepam.com.br\/fr\/#\/schema\/logo\/image\/"}},{"@type":"Person","@id":"https:\/\/sepam.com.br\/#\/schema\/person\/bfa2996c649a5a6d822766f6e64eb7fd","name":"Sepam","image":{"@type":"ImageObject","inLanguage":"fr-FR","@id":"https:\/\/secure.gravatar.com\/avatar\/0219e64664f5861998ad57a3432eb4bd5fd99a34c7cc9bc44b3c59dfb830db85?s=96&d=mm&r=g","url":"https:\/\/secure.gravatar.com\/avatar\/0219e64664f5861998ad57a3432eb4bd5fd99a34c7cc9bc44b3c59dfb830db85?s=96&d=mm&r=g","contentUrl":"https:\/\/secure.gravatar.com\/avatar\/0219e64664f5861998ad57a3432eb4bd5fd99a34c7cc9bc44b3c59dfb830db85?s=96&d=mm&r=g","caption":"Sepam"},"url":"https:\/\/sepam.com.br\/fr\/author\/sepam\/"}]}},"_links":{"self":[{"href":"https:\/\/sepam.com.br\/fr\/wp-json\/wp\/v2\/posts\/6869","targetHints":{"allow":["GET"]}}],"collection":[{"href":"https:\/\/sepam.com.br\/fr\/wp-json\/wp\/v2\/posts"}],"about":[{"href":"https:\/\/sepam.com.br\/fr\/wp-json\/wp\/v2\/types\/post"}],"author":[{"embeddable":true,"href":"https:\/\/sepam.com.br\/fr\/wp-json\/wp\/v2\/users\/13"}],"replies":[{"embeddable":true,"href":"https:\/\/sepam.com.br\/fr\/wp-json\/wp\/v2\/comments?post=6869"}],"version-history":[{"count":1,"href":"https:\/\/sepam.com.br\/fr\/wp-json\/wp\/v2\/posts\/6869\/revisions"}],"predecessor-version":[{"id":7493,"href":"https:\/\/sepam.com.br\/fr\/wp-json\/wp\/v2\/posts\/6869\/revisions\/7493"}],"wp:attachment":[{"href":"https:\/\/sepam.com.br\/fr\/wp-json\/wp\/v2\/media?parent=6869"}],"wp:term":[{"taxonomy":"category","embeddable":true,"href":"https:\/\/sepam.com.br\/fr\/wp-json\/wp\/v2\/categories?post=6869"},{"taxonomy":"post_tag","embeddable":true,"href":"https:\/\/sepam.com.br\/fr\/wp-json\/wp\/v2\/tags?post=6869"}],"curies":[{"name":"wp","href":"https:\/\/api.w.org\/{rel}","templated":true}]}}