{"id":6847,"date":"2025-08-28T10:46:57","date_gmt":"2025-08-28T13:46:57","guid":{"rendered":"https:\/\/dev.alisonandrei.com.br\/noticia\/fim-das-ferias-dicas-de-organizacao-na-volta-as-aulas\/"},"modified":"2025-11-24T10:53:38","modified_gmt":"2025-11-24T13:53:38","slug":"fim-das-ferias-dicas-de-organizacao-na-volta-as-aulas","status":"publish","type":"post","link":"https:\/\/sepam.com.br\/fr\/fim-das-ferias-dicas-de-organizacao-na-volta-as-aulas\/","title":{"rendered":"Fim das f\u00e9rias: dicas de organiza\u00e7\u00e3o na volta \u00e0s aulas"},"content":{"rendered":"<p><em>Alunos do Sepam retomam rotina escolar no dia 05 de fevereiro<\/em><\/p>\n<p>Para alunos de 02 a 17 anos o retorno \u00e0s aulas \u2013 ou ainda o primeiro dia de aula &#8211; acontece agora no in\u00edcio de fevereiro. Tanto para os pequenos quanto para\u00a0os adolescentes as dicas, de organiza\u00e7\u00e3o ainda nas f\u00e9rias, s\u00e3o essenciais para a volta \u00e0 rotina de estudos ser tranquila.<\/p>\n<p>Para as crian\u00e7as, principalmente \u00e0quelas que v\u00e3o pela primeira vez \u00e0 escola, pode ser um momento dif\u00edcil. \u201cAlguns alunos pequenos choram nas primeiras semanas, deixando os pais\u00a0preocupados, mas \u00e9 necess\u00e1rio levar em conta que a fase da adapta\u00e7\u00e3o \u00e9 curta e que a crian\u00e7a pequena chora muitas vezes porque ainda n\u00e3o entendeu que ela fica na escola e no fim da tarde os pais voltam para busc\u00e1-la. Quando os pequenos entendem esse processo, o choro acaba.\u00a0\u00bb explica a pedagoga\u00a0Katia Moro, do Col\u00e9gio Sepam. Ent\u00e3o, segundo a especialista, um pouco de nervosismo de ambas as parte \u2013 pais e filhos \u2013 \u00e9 normal. O importante \u00e9 o pai confiar no col\u00e9gio que escolheu para o seu filho.<\/p>\n<p>Confira algumas dicas para o fim do per\u00edodo de f\u00e9rias e o retorno das aulas para os pequenos:<\/p>\n<p><strong>O primeiro passo \u00e9 contar que as f\u00e9rias est\u00e3o no fim<\/strong>.\u00a0Lembre seu filho de o quanto \u00e9 bom e divertido ir para a escola. Voc\u00ea pode come\u00e7ar a conversa com perguntas como: quem era seu melhor amigo no ano passado? Ser\u00e1 que voc\u00ea\u00a0j\u00e1 vai para uma sala do segundo andar do col\u00e9gio? Sua turma ter\u00e1 aulas nas salas perto do elevador? Eu acho que voc\u00ea vai precisar de uma cal\u00e7a maior do uniforme, porque voc\u00ea cresceu muito nessas f\u00e9rias! Assim voc\u00eas v\u00e3o entrando no assunto.<\/p>\n<p><strong>Outra dica \u00e9 programar aquele passeio que est\u00e3o prevendo desde o in\u00edcio das f\u00e9rias<\/strong>, mas que ainda n\u00e3o tiveram oportunidade\u00a0de realizar. Justifique o programa dizendo: j\u00e1 que as f\u00e9rias est\u00e3o chegando ao fim&#8230; Curtam junto uma tarde diferente como uma ida \u00e0 sorveteria, ao parque, ao cinema, piscina ou at\u00e9 um programa em casa montando aquele quebra-cabe\u00e7a enorme.<\/p>\n<p><strong>Experimente uniforme e t\u00eanis<\/strong>. Veja o quanto seu filho cresceu nas f\u00e9rias e se ainda n\u00e3o fizeram as compras\u00a0para 2018 essa \u00e9 a hora de entrar no clima.<\/p>\n<p><strong>Comprar materiais<\/strong>, encapar cadernos, etiquetar e arrumar tudo novinho na mala pode ser divertido. Aproveitem para\u00a0dar uma carinha alegre no fim das f\u00e9rias.<\/p>\n<p>A partir dos\u00a010\u00a0anos os alunos j\u00e1 n\u00e3o sofrem tanto com o fim das f\u00e9rias. A organiza\u00e7\u00e3o tamb\u00e9m \u00e9 essencial nesse per\u00edodo, planeje-se. Em uma agenda anote desde o come\u00e7o do per\u00edodo letivo tudo o que importa: conte\u00fados das provas, datas de provas e simulados e os dias de provas de vestibular, por exemplo.<\/p>\n<p><strong>Conhe\u00e7a seus professores<\/strong>: \u00e9 importante perceber a estrat\u00e9gia de ensino usada por cada professor, pois eles\u00a0 v\u00e3o fazer de tudo para te ajudar a consolidar novos conceitos e refor\u00e7ar aprendizagens anteriores.<\/p>\n<p><strong>Estude desde o come\u00e7o<\/strong>: N\u00e3o existe f\u00f3rmula m\u00e1gica para estudar nem para conquistar boas notas. Cada um aprende melhor de um jeito diferente: pode ser lendo, escrevendo o conte\u00fado, resolvendo exerc\u00edcios ou\u00a0fazendo fichas. \u00c9 importante tomar nota de todos os assuntos desde a primeira semana.<\/p>\n<p><strong>Organize todos os seus afazeres:<\/strong>\u00a0junto com a rotina de estudos \u00e9 importante tamb\u00e9m realizar exerc\u00edcios f\u00edsicos e ter momentos de lazer com a fam\u00edlia e amigos. Aproveite o come\u00e7o de ano letivo para organizar\u00a0seus afazeres.<\/p>\n<p>&nbsp;<\/p>\n","protected":false},"excerpt":{"rendered":"<p>Alunos do Sepam retomam rotina escolar no dia 05 de fevereiro Para alunos de 02 a 17 anos o retorno \u00e0s aulas \u2013 ou ainda o primeiro dia de aula &#8211; acontece agora no in\u00edcio de fevereiro. Tanto para os pequenos quanto para\u00a0os adolescentes as dicas, de organiza\u00e7\u00e3o ainda nas f\u00e9rias, s\u00e3o essenciais para a [&hellip;]<\/p>\n","protected":false},"author":13,"featured_media":0,"comment_status":"open","ping_status":"open","sticky":false,"template":"","format":"standard","meta":{"footnotes":""},"categories":[21],"tags":[],"class_list":["post-6847","post","type-post","status-publish","format-standard","hentry","category-colegio-sepam"],"yoast_head":"<!-- This site is optimized with the Yoast SEO plugin v28.4 - https:\/\/yoast.com\/product\/yoast-seo-wordpress\/ -->\n<title>Fim das f\u00e9rias: dicas de organiza\u00e7\u00e3o na volta \u00e0s aulas<\/title>\n<meta name=\"description\" content=\"Alunos do Sepam retomam rotina escolar no dia 05 de fevereiro Para alunos de 02 a 17 anos o retorno \u00e0s aulas \u2013 ou ainda o primeiro dia de aula - acontece agora no in\u00edcio de fevereiro. Tanto para os pequenos quanto para\u00a0os adolescentes as dicas, de organiza\u00e7\u00e3o ainda nas f\u00e9rias, s\u00e3o essenciais para a\u2026\" \/>\n<meta name=\"robots\" content=\"index, follow, max-snippet:-1, max-image-preview:large, max-video-preview:-1\" \/>\n<link rel=\"canonical\" href=\"https:\/\/sepam.com.br\/fr\/fim-das-ferias-dicas-de-organizacao-na-volta-as-aulas\/\" \/>\n<meta property=\"og:locale\" content=\"fr_FR\" \/>\n<meta property=\"og:type\" content=\"article\" \/>\n<meta property=\"og:title\" content=\"Fim das f\u00e9rias: dicas de organiza\u00e7\u00e3o na volta \u00e0s aulas\" \/>\n<meta property=\"og:description\" content=\"Alunos do Sepam retomam rotina escolar no dia 05 de fevereiro Para alunos de 02 a 17 anos o retorno \u00e0s aulas \u2013 ou ainda o primeiro dia de aula - acontece agora no in\u00edcio de fevereiro. Tanto para os pequenos quanto para\u00a0os adolescentes as dicas, de organiza\u00e7\u00e3o ainda nas f\u00e9rias, s\u00e3o essenciais para a\u2026\" \/>\n<meta property=\"og:url\" content=\"https:\/\/sepam.com.br\/fr\/fim-das-ferias-dicas-de-organizacao-na-volta-as-aulas\/\" \/>\n<meta property=\"og:site_name\" content=\"Col\u00e9gio Sepam\" \/>\n<meta property=\"article:published_time\" content=\"2025-08-28T13:46:57+00:00\" \/>\n<meta property=\"article:modified_time\" content=\"2025-11-24T13:53:38+00:00\" \/>\n<meta name=\"author\" content=\"Sepam\" \/>\n<meta name=\"twitter:card\" content=\"summary_large_image\" \/>\n<meta name=\"twitter:label1\" content=\"\u00c9crit par\" \/>\n\t<meta name=\"twitter:data1\" content=\"Sepam\" \/>\n\t<meta name=\"twitter:label2\" content=\"Dur\u00e9e de lecture estim\u00e9e\" \/>\n\t<meta name=\"twitter:data2\" content=\"3 minutes\" \/>\n<script type=\"application\/ld+json\" class=\"yoast-schema-graph\">{\"@context\":\"https:\\\/\\\/schema.org\",\"@graph\":[{\"@type\":\"Article\",\"@id\":\"https:\\\/\\\/sepam.com.br\\\/fr\\\/fim-das-ferias-dicas-de-organizacao-na-volta-as-aulas\\\/#article\",\"isPartOf\":{\"@id\":\"https:\\\/\\\/sepam.com.br\\\/fr\\\/fim-das-ferias-dicas-de-organizacao-na-volta-as-aulas\\\/\"},\"author\":{\"name\":\"Sepam\",\"@id\":\"https:\\\/\\\/sepam.com.br\\\/#\\\/schema\\\/person\\\/bfa2996c649a5a6d822766f6e64eb7fd\"},\"headline\":\"Fim das f\u00e9rias: dicas de organiza\u00e7\u00e3o na volta \u00e0s aulas\",\"datePublished\":\"2025-08-28T13:46:57+00:00\",\"dateModified\":\"2025-11-24T13:53:38+00:00\",\"mainEntityOfPage\":{\"@id\":\"https:\\\/\\\/sepam.com.br\\\/fr\\\/fim-das-ferias-dicas-de-organizacao-na-volta-as-aulas\\\/\"},\"wordCount\":616,\"commentCount\":0,\"publisher\":{\"@id\":\"https:\\\/\\\/sepam.com.br\\\/#organization\"},\"articleSection\":[\"Colegio Sepam\"],\"inLanguage\":\"fr-FR\",\"potentialAction\":[{\"@type\":\"CommentAction\",\"name\":\"Comment\",\"target\":[\"https:\\\/\\\/sepam.com.br\\\/fr\\\/fim-das-ferias-dicas-de-organizacao-na-volta-as-aulas\\\/#respond\"]}]},{\"@type\":\"WebPage\",\"@id\":\"https:\\\/\\\/sepam.com.br\\\/fr\\\/fim-das-ferias-dicas-de-organizacao-na-volta-as-aulas\\\/\",\"url\":\"https:\\\/\\\/sepam.com.br\\\/fr\\\/fim-das-ferias-dicas-de-organizacao-na-volta-as-aulas\\\/\",\"name\":\"Fim das f\u00e9rias: dicas de organiza\u00e7\u00e3o na volta \u00e0s aulas - Col\u00e9gio Sepam\",\"isPartOf\":{\"@id\":\"https:\\\/\\\/sepam.com.br\\\/#website\"},\"datePublished\":\"2025-08-28T13:46:57+00:00\",\"dateModified\":\"2025-11-24T13:53:38+00:00\",\"breadcrumb\":{\"@id\":\"https:\\\/\\\/sepam.com.br\\\/fr\\\/fim-das-ferias-dicas-de-organizacao-na-volta-as-aulas\\\/#breadcrumb\"},\"inLanguage\":\"fr-FR\",\"potentialAction\":[{\"@type\":\"ReadAction\",\"target\":[\"https:\\\/\\\/sepam.com.br\\\/fr\\\/fim-das-ferias-dicas-de-organizacao-na-volta-as-aulas\\\/\"]}]},{\"@type\":\"BreadcrumbList\",\"@id\":\"https:\\\/\\\/sepam.com.br\\\/fr\\\/fim-das-ferias-dicas-de-organizacao-na-volta-as-aulas\\\/#breadcrumb\",\"itemListElement\":[{\"@type\":\"ListItem\",\"position\":1,\"name\":\"Boas Vindas\",\"item\":\"https:\\\/\\\/sepam.com.br\\\/\"},{\"@type\":\"ListItem\",\"position\":2,\"name\":\"Fim das f\u00e9rias: dicas de organiza\u00e7\u00e3o na volta \u00e0s aulas\"}]},{\"@type\":\"WebSite\",\"@id\":\"https:\\\/\\\/sepam.com.br\\\/fr\\\/#website\",\"url\":\"https:\\\/\\\/sepam.com.br\\\/fr\\\/\",\"name\":\"Col\u00e9gio Sepam\",\"description\":\"Ensino Incompar\u00e1vel\",\"publisher\":{\"@id\":\"https:\\\/\\\/sepam.com.br\\\/fr\\\/#organization\"},\"potentialAction\":[{\"@type\":\"SearchAction\",\"target\":{\"@type\":\"EntryPoint\",\"urlTemplate\":\"https:\\\/\\\/sepam.com.br\\\/fr\\\/?s={search_term_string}\"},\"query-input\":{\"@type\":\"PropertyValueSpecification\",\"valueRequired\":true,\"valueName\":\"search_term_string\"}}],\"inLanguage\":\"fr-FR\"},{\"@type\":\"Organization\",\"@id\":\"https:\\\/\\\/sepam.com.br\\\/fr\\\/#organization\",\"name\":\"Col\u00e9gio Sepam\",\"url\":\"https:\\\/\\\/sepam.com.br\\\/fr\\\/\",\"logo\":{\"@type\":\"ImageObject\",\"inLanguage\":\"fr-FR\",\"@id\":\"https:\\\/\\\/sepam.com.br\\\/fr\\\/#\\\/schema\\\/logo\\\/image\\\/\",\"url\":\"https:\\\/\\\/sepam.com.br\\\/wp-content\\\/uploads\\\/2025\\\/02\\\/Ativo-2.png\",\"contentUrl\":\"https:\\\/\\\/sepam.com.br\\\/wp-content\\\/uploads\\\/2025\\\/02\\\/Ativo-2.png\",\"width\":595,\"height\":525,\"caption\":\"Col\u00e9gio Sepam\"},\"image\":{\"@id\":\"https:\\\/\\\/sepam.com.br\\\/fr\\\/#\\\/schema\\\/logo\\\/image\\\/\"}},{\"@type\":\"Person\",\"@id\":\"https:\\\/\\\/sepam.com.br\\\/#\\\/schema\\\/person\\\/bfa2996c649a5a6d822766f6e64eb7fd\",\"name\":\"Sepam\",\"image\":{\"@type\":\"ImageObject\",\"inLanguage\":\"fr-FR\",\"@id\":\"https:\\\/\\\/secure.gravatar.com\\\/avatar\\\/0219e64664f5861998ad57a3432eb4bd5fd99a34c7cc9bc44b3c59dfb830db85?s=96&d=mm&r=g\",\"url\":\"https:\\\/\\\/secure.gravatar.com\\\/avatar\\\/0219e64664f5861998ad57a3432eb4bd5fd99a34c7cc9bc44b3c59dfb830db85?s=96&d=mm&r=g\",\"contentUrl\":\"https:\\\/\\\/secure.gravatar.com\\\/avatar\\\/0219e64664f5861998ad57a3432eb4bd5fd99a34c7cc9bc44b3c59dfb830db85?s=96&d=mm&r=g\",\"caption\":\"Sepam\"},\"url\":\"https:\\\/\\\/sepam.com.br\\\/fr\\\/author\\\/sepam\\\/\"}]}<\/script>\n<!-- \/ Yoast SEO plugin. -->","yoast_head_json":{"title":"Fim das f\u00e9rias: dicas de organiza\u00e7\u00e3o na volta \u00e0s aulas","description":"Alunos do Sepam retomam rotina escolar no dia 05 de fevereiro Para alunos de 02 a 17 anos o retorno \u00e0s aulas \u2013 ou ainda o primeiro dia de aula - acontece agora no in\u00edcio de fevereiro. Tanto para os pequenos quanto para\u00a0os adolescentes as dicas, de organiza\u00e7\u00e3o ainda nas f\u00e9rias, s\u00e3o essenciais para a\u2026","robots":{"index":"index","follow":"follow","max-snippet":"max-snippet:-1","max-image-preview":"max-image-preview:large","max-video-preview":"max-video-preview:-1"},"canonical":"https:\/\/sepam.com.br\/fr\/fim-das-ferias-dicas-de-organizacao-na-volta-as-aulas\/","og_locale":"fr_FR","og_type":"article","og_title":"Fim das f\u00e9rias: dicas de organiza\u00e7\u00e3o na volta \u00e0s aulas","og_description":"Alunos do Sepam retomam rotina escolar no dia 05 de fevereiro Para alunos de 02 a 17 anos o retorno \u00e0s aulas \u2013 ou ainda o primeiro dia de aula - acontece agora no in\u00edcio de fevereiro. Tanto para os pequenos quanto para\u00a0os adolescentes as dicas, de organiza\u00e7\u00e3o ainda nas f\u00e9rias, s\u00e3o essenciais para a\u2026","og_url":"https:\/\/sepam.com.br\/fr\/fim-das-ferias-dicas-de-organizacao-na-volta-as-aulas\/","og_site_name":"Col\u00e9gio Sepam","article_published_time":"2025-08-28T13:46:57+00:00","article_modified_time":"2025-11-24T13:53:38+00:00","author":"Sepam","twitter_card":"summary_large_image","twitter_misc":{"\u00c9crit par":"Sepam","Dur\u00e9e de lecture estim\u00e9e":"3 minutes"},"schema":{"@context":"https:\/\/schema.org","@graph":[{"@type":"Article","@id":"https:\/\/sepam.com.br\/fr\/fim-das-ferias-dicas-de-organizacao-na-volta-as-aulas\/#article","isPartOf":{"@id":"https:\/\/sepam.com.br\/fr\/fim-das-ferias-dicas-de-organizacao-na-volta-as-aulas\/"},"author":{"name":"Sepam","@id":"https:\/\/sepam.com.br\/#\/schema\/person\/bfa2996c649a5a6d822766f6e64eb7fd"},"headline":"Fim das f\u00e9rias: dicas de organiza\u00e7\u00e3o na volta \u00e0s aulas","datePublished":"2025-08-28T13:46:57+00:00","dateModified":"2025-11-24T13:53:38+00:00","mainEntityOfPage":{"@id":"https:\/\/sepam.com.br\/fr\/fim-das-ferias-dicas-de-organizacao-na-volta-as-aulas\/"},"wordCount":616,"commentCount":0,"publisher":{"@id":"https:\/\/sepam.com.br\/#organization"},"articleSection":["Colegio Sepam"],"inLanguage":"fr-FR","potentialAction":[{"@type":"CommentAction","name":"Comment","target":["https:\/\/sepam.com.br\/fr\/fim-das-ferias-dicas-de-organizacao-na-volta-as-aulas\/#respond"]}]},{"@type":"WebPage","@id":"https:\/\/sepam.com.br\/fr\/fim-das-ferias-dicas-de-organizacao-na-volta-as-aulas\/","url":"https:\/\/sepam.com.br\/fr\/fim-das-ferias-dicas-de-organizacao-na-volta-as-aulas\/","name":"Fim das f\u00e9rias: dicas de organiza\u00e7\u00e3o na volta \u00e0s aulas - Col\u00e9gio Sepam","isPartOf":{"@id":"https:\/\/sepam.com.br\/#website"},"datePublished":"2025-08-28T13:46:57+00:00","dateModified":"2025-11-24T13:53:38+00:00","breadcrumb":{"@id":"https:\/\/sepam.com.br\/fr\/fim-das-ferias-dicas-de-organizacao-na-volta-as-aulas\/#breadcrumb"},"inLanguage":"fr-FR","potentialAction":[{"@type":"ReadAction","target":["https:\/\/sepam.com.br\/fr\/fim-das-ferias-dicas-de-organizacao-na-volta-as-aulas\/"]}]},{"@type":"BreadcrumbList","@id":"https:\/\/sepam.com.br\/fr\/fim-das-ferias-dicas-de-organizacao-na-volta-as-aulas\/#breadcrumb","itemListElement":[{"@type":"ListItem","position":1,"name":"Boas Vindas","item":"https:\/\/sepam.com.br\/"},{"@type":"ListItem","position":2,"name":"Fim das f\u00e9rias: dicas de organiza\u00e7\u00e3o na volta \u00e0s aulas"}]},{"@type":"WebSite","@id":"https:\/\/sepam.com.br\/fr\/#website","url":"https:\/\/sepam.com.br\/fr\/","name":"Col\u00e9gio Sepam","description":"Ensino Incompar\u00e1vel","publisher":{"@id":"https:\/\/sepam.com.br\/fr\/#organization"},"potentialAction":[{"@type":"SearchAction","target":{"@type":"EntryPoint","urlTemplate":"https:\/\/sepam.com.br\/fr\/?s={search_term_string}"},"query-input":{"@type":"PropertyValueSpecification","valueRequired":true,"valueName":"search_term_string"}}],"inLanguage":"fr-FR"},{"@type":"Organization","@id":"https:\/\/sepam.com.br\/fr\/#organization","name":"Col\u00e9gio Sepam","url":"https:\/\/sepam.com.br\/fr\/","logo":{"@type":"ImageObject","inLanguage":"fr-FR","@id":"https:\/\/sepam.com.br\/fr\/#\/schema\/logo\/image\/","url":"https:\/\/sepam.com.br\/wp-content\/uploads\/2025\/02\/Ativo-2.png","contentUrl":"https:\/\/sepam.com.br\/wp-content\/uploads\/2025\/02\/Ativo-2.png","width":595,"height":525,"caption":"Col\u00e9gio Sepam"},"image":{"@id":"https:\/\/sepam.com.br\/fr\/#\/schema\/logo\/image\/"}},{"@type":"Person","@id":"https:\/\/sepam.com.br\/#\/schema\/person\/bfa2996c649a5a6d822766f6e64eb7fd","name":"Sepam","image":{"@type":"ImageObject","inLanguage":"fr-FR","@id":"https:\/\/secure.gravatar.com\/avatar\/0219e64664f5861998ad57a3432eb4bd5fd99a34c7cc9bc44b3c59dfb830db85?s=96&d=mm&r=g","url":"https:\/\/secure.gravatar.com\/avatar\/0219e64664f5861998ad57a3432eb4bd5fd99a34c7cc9bc44b3c59dfb830db85?s=96&d=mm&r=g","contentUrl":"https:\/\/secure.gravatar.com\/avatar\/0219e64664f5861998ad57a3432eb4bd5fd99a34c7cc9bc44b3c59dfb830db85?s=96&d=mm&r=g","caption":"Sepam"},"url":"https:\/\/sepam.com.br\/fr\/author\/sepam\/"}]}},"_links":{"self":[{"href":"https:\/\/sepam.com.br\/fr\/wp-json\/wp\/v2\/posts\/6847","targetHints":{"allow":["GET"]}}],"collection":[{"href":"https:\/\/sepam.com.br\/fr\/wp-json\/wp\/v2\/posts"}],"about":[{"href":"https:\/\/sepam.com.br\/fr\/wp-json\/wp\/v2\/types\/post"}],"author":[{"embeddable":true,"href":"https:\/\/sepam.com.br\/fr\/wp-json\/wp\/v2\/users\/13"}],"replies":[{"embeddable":true,"href":"https:\/\/sepam.com.br\/fr\/wp-json\/wp\/v2\/comments?post=6847"}],"version-history":[{"count":1,"href":"https:\/\/sepam.com.br\/fr\/wp-json\/wp\/v2\/posts\/6847\/revisions"}],"predecessor-version":[{"id":7511,"href":"https:\/\/sepam.com.br\/fr\/wp-json\/wp\/v2\/posts\/6847\/revisions\/7511"}],"wp:attachment":[{"href":"https:\/\/sepam.com.br\/fr\/wp-json\/wp\/v2\/media?parent=6847"}],"wp:term":[{"taxonomy":"category","embeddable":true,"href":"https:\/\/sepam.com.br\/fr\/wp-json\/wp\/v2\/categories?post=6847"},{"taxonomy":"post_tag","embeddable":true,"href":"https:\/\/sepam.com.br\/fr\/wp-json\/wp\/v2\/tags?post=6847"}],"curies":[{"name":"wp","href":"https:\/\/api.w.org\/{rel}","templated":true}]}}