{"id":6837,"date":"2025-08-28T10:46:54","date_gmt":"2025-08-28T13:46:54","guid":{"rendered":"https:\/\/dev.alisonandrei.com.br\/noticia\/alunos-do-colegio-sepam-lancam-livro-de-contos\/"},"modified":"2025-08-28T10:53:52","modified_gmt":"2025-08-28T13:53:52","slug":"alunos-do-colegio-sepam-lancam-livro-de-contos","status":"publish","type":"post","link":"https:\/\/sepam.com.br\/fr\/alunos-do-colegio-sepam-lancam-livro-de-contos\/","title":{"rendered":"Alunos do Col\u00e9gio Sepam lan\u00e7am livro de contos"},"content":{"rendered":"<p>&nbsp;<\/p>\n<p><em>Colet\u00e2nea traz as produ\u00e7\u00f5es de 66 estudantes de 13 anos. Vers\u00e3o digital dispon\u00edvel para download<\/em><\/p>\n<p>Inspirados por aulas sobre os g\u00eaneros textuais, os alunos do 8\u00ba ano do Col\u00e9gio Sepam receberam o desafio de produzirem textos in\u00e9ditos a partir de uma introdu\u00e7\u00e3o retirada do conto \u201cO telefone da m\u00e3e\u201d, do livro \u201cContos M\u00ednimos\u201d, de Helo\u00edsa Seixas.<\/p>\n<p>O resultado \u00e9 uma colet\u00e2nea com 66 contos produzidos pelos pr\u00f3prios estudantes, com orienta\u00e7\u00e3o da professora de Produ\u00e7\u00e3o de Texto do 8\u00ba ano, Marcela Marabeli. \u201cNossos alunos n\u00e3o tiveram medo ou receio de expor suas emo\u00e7\u00f5es e criatividade. Estamos orgulhosos de cada um deles, assim como deste nosso projeto pedag\u00f3gico direcionado \u00e0s aulas de produ\u00e7\u00e3o textual\u201d, comemora a professora.<\/p>\n<p>As caracter\u00edsticas do g\u00eanero textual \u201cconto\u201d foram trabalhadas durante o terceiro bimestre letivo. Os alunos tiveram contato com diversos autores, leram diferentes textos e constru\u00edram narrativas que iam ao encontro da proposta do g\u00eanero.<\/p>\n<p>O livro \u2013 resultado desse trabalho &#8211; foi ilustrado pela aluna do 1\u00ba ano do Ensino M\u00e9dio do Sepam, Andressa Luciane Vieira Dzuba, e produzido em duas vers\u00f5es: digital e impressa. A vers\u00e3o digital foi criada a partir de uma plataforma de publica\u00e7\u00e3o de livros (<a href=\"http:\/\/www.livrosdigitais.org.br\">www.livrosdigitais.org.br<\/a>) mantida pelo Instituto Paramitas, e j\u00e1 est\u00e1 dispon\u00edvel para download no site do col\u00e9gio. \u201cA escolha da plataforma foi com o intuito de enaltecer o trabalho dos alunos possibilitando que mais pessoas tenham acesso \u00e0 leitura dos textos\u201d, explica a gerente de Tecnologia Educacional do Sepam, Talita Moretto.<\/p>\n<p>A \u201cColet\u00e2nea de Contos\u201d ser\u00e1 lan\u00e7ada nos dias 29 e 30 de novembro, em um evento para pais e professores.<\/p>\n","protected":false},"excerpt":{"rendered":"<p>&nbsp; Colet\u00e2nea traz as produ\u00e7\u00f5es de 66 estudantes de 13 anos. Vers\u00e3o digital dispon\u00edvel para download Inspirados por aulas sobre os g\u00eaneros textuais, os alunos do 8\u00ba ano do Col\u00e9gio Sepam receberam o desafio de produzirem textos in\u00e9ditos a partir de uma introdu\u00e7\u00e3o retirada do conto \u201cO telefone da m\u00e3e\u201d, do livro \u201cContos M\u00ednimos\u201d, de [&hellip;]<\/p>\n","protected":false},"author":12,"featured_media":0,"comment_status":"open","ping_status":"open","sticky":false,"template":"","format":"standard","meta":{"footnotes":""},"categories":[21],"tags":[],"class_list":["post-6837","post","type-post","status-publish","format-standard","hentry","category-colegio-sepam"],"yoast_head":"<!-- This site is optimized with the Yoast SEO plugin v28.4 - https:\/\/yoast.com\/product\/yoast-seo-wordpress\/ -->\n<title>Alunos do Col\u00e9gio Sepam lan\u00e7am livro de contos<\/title>\n<meta name=\"description\" content=\"&nbsp; Colet\u00e2nea traz as produ\u00e7\u00f5es de 66 estudantes de 13 anos. Vers\u00e3o digital dispon\u00edvel para download Inspirados por aulas sobre os g\u00eaneros textuais, os alunos do 8\u00ba ano do Col\u00e9gio Sepam receberam o desafio de produzirem textos in\u00e9ditos a partir de uma introdu\u00e7\u00e3o retirada do conto \u201cO telefone da m\u00e3e\u201d, do livro \u201cContos M\u00ednimos\u201d, de\u2026\" \/>\n<meta name=\"robots\" content=\"index, follow, max-snippet:-1, max-image-preview:large, max-video-preview:-1\" \/>\n<link rel=\"canonical\" href=\"https:\/\/sepam.com.br\/fr\/alunos-do-colegio-sepam-lancam-livro-de-contos\/\" \/>\n<meta property=\"og:locale\" content=\"fr_FR\" \/>\n<meta property=\"og:type\" content=\"article\" \/>\n<meta property=\"og:title\" content=\"Alunos do Col\u00e9gio Sepam lan\u00e7am livro de contos\" \/>\n<meta property=\"og:description\" content=\"&nbsp; Colet\u00e2nea traz as produ\u00e7\u00f5es de 66 estudantes de 13 anos. Vers\u00e3o digital dispon\u00edvel para download Inspirados por aulas sobre os g\u00eaneros textuais, os alunos do 8\u00ba ano do Col\u00e9gio Sepam receberam o desafio de produzirem textos in\u00e9ditos a partir de uma introdu\u00e7\u00e3o retirada do conto \u201cO telefone da m\u00e3e\u201d, do livro \u201cContos M\u00ednimos\u201d, de\u2026\" \/>\n<meta property=\"og:url\" content=\"https:\/\/sepam.com.br\/fr\/alunos-do-colegio-sepam-lancam-livro-de-contos\/\" \/>\n<meta property=\"og:site_name\" content=\"Col\u00e9gio Sepam\" \/>\n<meta property=\"article:published_time\" content=\"2025-08-28T13:46:54+00:00\" \/>\n<meta property=\"article:modified_time\" content=\"2025-08-28T13:53:52+00:00\" \/>\n<meta name=\"author\" content=\"Alison Andrei\" \/>\n<meta name=\"twitter:card\" content=\"summary_large_image\" \/>\n<meta name=\"twitter:label1\" content=\"\u00c9crit par\" \/>\n\t<meta name=\"twitter:data1\" content=\"Alison Andrei\" \/>\n\t<meta name=\"twitter:label2\" content=\"Dur\u00e9e de lecture estim\u00e9e\" \/>\n\t<meta name=\"twitter:data2\" content=\"1 minute\" \/>\n<script type=\"application\/ld+json\" class=\"yoast-schema-graph\">{\"@context\":\"https:\\\/\\\/schema.org\",\"@graph\":[{\"@type\":\"Article\",\"@id\":\"https:\\\/\\\/sepam.com.br\\\/fr\\\/alunos-do-colegio-sepam-lancam-livro-de-contos\\\/#article\",\"isPartOf\":{\"@id\":\"https:\\\/\\\/sepam.com.br\\\/fr\\\/alunos-do-colegio-sepam-lancam-livro-de-contos\\\/\"},\"author\":{\"name\":\"Alison Andrei\",\"@id\":\"https:\\\/\\\/sepam.com.br\\\/#\\\/schema\\\/person\\\/38aff034b8d22d0cd551d59b7e4939f5\"},\"headline\":\"Alunos do Col\u00e9gio Sepam lan\u00e7am livro de contos\",\"datePublished\":\"2025-08-28T13:46:54+00:00\",\"dateModified\":\"2025-08-28T13:53:52+00:00\",\"mainEntityOfPage\":{\"@id\":\"https:\\\/\\\/sepam.com.br\\\/fr\\\/alunos-do-colegio-sepam-lancam-livro-de-contos\\\/\"},\"wordCount\":297,\"commentCount\":0,\"publisher\":{\"@id\":\"https:\\\/\\\/sepam.com.br\\\/#organization\"},\"articleSection\":[\"Colegio Sepam\"],\"inLanguage\":\"fr-FR\",\"potentialAction\":[{\"@type\":\"CommentAction\",\"name\":\"Comment\",\"target\":[\"https:\\\/\\\/sepam.com.br\\\/fr\\\/alunos-do-colegio-sepam-lancam-livro-de-contos\\\/#respond\"]}]},{\"@type\":\"WebPage\",\"@id\":\"https:\\\/\\\/sepam.com.br\\\/fr\\\/alunos-do-colegio-sepam-lancam-livro-de-contos\\\/\",\"url\":\"https:\\\/\\\/sepam.com.br\\\/fr\\\/alunos-do-colegio-sepam-lancam-livro-de-contos\\\/\",\"name\":\"Alunos do Col\u00e9gio Sepam lan\u00e7am livro de contos - Col\u00e9gio Sepam\",\"isPartOf\":{\"@id\":\"https:\\\/\\\/sepam.com.br\\\/#website\"},\"datePublished\":\"2025-08-28T13:46:54+00:00\",\"dateModified\":\"2025-08-28T13:53:52+00:00\",\"breadcrumb\":{\"@id\":\"https:\\\/\\\/sepam.com.br\\\/fr\\\/alunos-do-colegio-sepam-lancam-livro-de-contos\\\/#breadcrumb\"},\"inLanguage\":\"fr-FR\",\"potentialAction\":[{\"@type\":\"ReadAction\",\"target\":[\"https:\\\/\\\/sepam.com.br\\\/fr\\\/alunos-do-colegio-sepam-lancam-livro-de-contos\\\/\"]}]},{\"@type\":\"BreadcrumbList\",\"@id\":\"https:\\\/\\\/sepam.com.br\\\/fr\\\/alunos-do-colegio-sepam-lancam-livro-de-contos\\\/#breadcrumb\",\"itemListElement\":[{\"@type\":\"ListItem\",\"position\":1,\"name\":\"Boas Vindas\",\"item\":\"https:\\\/\\\/sepam.com.br\\\/\"},{\"@type\":\"ListItem\",\"position\":2,\"name\":\"Alunos do Col\u00e9gio Sepam lan\u00e7am livro de contos\"}]},{\"@type\":\"WebSite\",\"@id\":\"https:\\\/\\\/sepam.com.br\\\/fr\\\/#website\",\"url\":\"https:\\\/\\\/sepam.com.br\\\/fr\\\/\",\"name\":\"Col\u00e9gio Sepam\",\"description\":\"Ensino Incompar\u00e1vel\",\"publisher\":{\"@id\":\"https:\\\/\\\/sepam.com.br\\\/fr\\\/#organization\"},\"potentialAction\":[{\"@type\":\"SearchAction\",\"target\":{\"@type\":\"EntryPoint\",\"urlTemplate\":\"https:\\\/\\\/sepam.com.br\\\/fr\\\/?s={search_term_string}\"},\"query-input\":{\"@type\":\"PropertyValueSpecification\",\"valueRequired\":true,\"valueName\":\"search_term_string\"}}],\"inLanguage\":\"fr-FR\"},{\"@type\":\"Organization\",\"@id\":\"https:\\\/\\\/sepam.com.br\\\/fr\\\/#organization\",\"name\":\"Col\u00e9gio Sepam\",\"url\":\"https:\\\/\\\/sepam.com.br\\\/fr\\\/\",\"logo\":{\"@type\":\"ImageObject\",\"inLanguage\":\"fr-FR\",\"@id\":\"https:\\\/\\\/sepam.com.br\\\/fr\\\/#\\\/schema\\\/logo\\\/image\\\/\",\"url\":\"https:\\\/\\\/sepam.com.br\\\/wp-content\\\/uploads\\\/2025\\\/02\\\/Ativo-2.png\",\"contentUrl\":\"https:\\\/\\\/sepam.com.br\\\/wp-content\\\/uploads\\\/2025\\\/02\\\/Ativo-2.png\",\"width\":595,\"height\":525,\"caption\":\"Col\u00e9gio Sepam\"},\"image\":{\"@id\":\"https:\\\/\\\/sepam.com.br\\\/fr\\\/#\\\/schema\\\/logo\\\/image\\\/\"}},{\"@type\":\"Person\",\"@id\":\"https:\\\/\\\/sepam.com.br\\\/#\\\/schema\\\/person\\\/38aff034b8d22d0cd551d59b7e4939f5\",\"name\":\"Alison Andrei\",\"image\":{\"@type\":\"ImageObject\",\"inLanguage\":\"fr-FR\",\"@id\":\"https:\\\/\\\/secure.gravatar.com\\\/avatar\\\/7d433525a110825b50a22691febdab3f59016724f20a8f9b39c947a4aac9641a?s=96&d=mm&r=g\",\"url\":\"https:\\\/\\\/secure.gravatar.com\\\/avatar\\\/7d433525a110825b50a22691febdab3f59016724f20a8f9b39c947a4aac9641a?s=96&d=mm&r=g\",\"contentUrl\":\"https:\\\/\\\/secure.gravatar.com\\\/avatar\\\/7d433525a110825b50a22691febdab3f59016724f20a8f9b39c947a4aac9641a?s=96&d=mm&r=g\",\"caption\":\"Alison Andrei\"},\"url\":\"https:\\\/\\\/sepam.com.br\\\/fr\\\/author\\\/alisonandrei\\\/\"}]}<\/script>\n<!-- \/ Yoast SEO plugin. -->","yoast_head_json":{"title":"Alunos do Col\u00e9gio Sepam lan\u00e7am livro de contos","description":"&nbsp; Colet\u00e2nea traz as produ\u00e7\u00f5es de 66 estudantes de 13 anos. Vers\u00e3o digital dispon\u00edvel para download Inspirados por aulas sobre os g\u00eaneros textuais, os alunos do 8\u00ba ano do Col\u00e9gio Sepam receberam o desafio de produzirem textos in\u00e9ditos a partir de uma introdu\u00e7\u00e3o retirada do conto \u201cO telefone da m\u00e3e\u201d, do livro \u201cContos M\u00ednimos\u201d, de\u2026","robots":{"index":"index","follow":"follow","max-snippet":"max-snippet:-1","max-image-preview":"max-image-preview:large","max-video-preview":"max-video-preview:-1"},"canonical":"https:\/\/sepam.com.br\/fr\/alunos-do-colegio-sepam-lancam-livro-de-contos\/","og_locale":"fr_FR","og_type":"article","og_title":"Alunos do Col\u00e9gio Sepam lan\u00e7am livro de contos","og_description":"&nbsp; Colet\u00e2nea traz as produ\u00e7\u00f5es de 66 estudantes de 13 anos. Vers\u00e3o digital dispon\u00edvel para download Inspirados por aulas sobre os g\u00eaneros textuais, os alunos do 8\u00ba ano do Col\u00e9gio Sepam receberam o desafio de produzirem textos in\u00e9ditos a partir de uma introdu\u00e7\u00e3o retirada do conto \u201cO telefone da m\u00e3e\u201d, do livro \u201cContos M\u00ednimos\u201d, de\u2026","og_url":"https:\/\/sepam.com.br\/fr\/alunos-do-colegio-sepam-lancam-livro-de-contos\/","og_site_name":"Col\u00e9gio Sepam","article_published_time":"2025-08-28T13:46:54+00:00","article_modified_time":"2025-08-28T13:53:52+00:00","author":"Alison Andrei","twitter_card":"summary_large_image","twitter_misc":{"\u00c9crit par":"Alison Andrei","Dur\u00e9e de lecture estim\u00e9e":"1 minute"},"schema":{"@context":"https:\/\/schema.org","@graph":[{"@type":"Article","@id":"https:\/\/sepam.com.br\/fr\/alunos-do-colegio-sepam-lancam-livro-de-contos\/#article","isPartOf":{"@id":"https:\/\/sepam.com.br\/fr\/alunos-do-colegio-sepam-lancam-livro-de-contos\/"},"author":{"name":"Alison Andrei","@id":"https:\/\/sepam.com.br\/#\/schema\/person\/38aff034b8d22d0cd551d59b7e4939f5"},"headline":"Alunos do Col\u00e9gio Sepam lan\u00e7am livro de contos","datePublished":"2025-08-28T13:46:54+00:00","dateModified":"2025-08-28T13:53:52+00:00","mainEntityOfPage":{"@id":"https:\/\/sepam.com.br\/fr\/alunos-do-colegio-sepam-lancam-livro-de-contos\/"},"wordCount":297,"commentCount":0,"publisher":{"@id":"https:\/\/sepam.com.br\/#organization"},"articleSection":["Colegio Sepam"],"inLanguage":"fr-FR","potentialAction":[{"@type":"CommentAction","name":"Comment","target":["https:\/\/sepam.com.br\/fr\/alunos-do-colegio-sepam-lancam-livro-de-contos\/#respond"]}]},{"@type":"WebPage","@id":"https:\/\/sepam.com.br\/fr\/alunos-do-colegio-sepam-lancam-livro-de-contos\/","url":"https:\/\/sepam.com.br\/fr\/alunos-do-colegio-sepam-lancam-livro-de-contos\/","name":"Alunos do Col\u00e9gio Sepam lan\u00e7am livro de contos - Col\u00e9gio Sepam","isPartOf":{"@id":"https:\/\/sepam.com.br\/#website"},"datePublished":"2025-08-28T13:46:54+00:00","dateModified":"2025-08-28T13:53:52+00:00","breadcrumb":{"@id":"https:\/\/sepam.com.br\/fr\/alunos-do-colegio-sepam-lancam-livro-de-contos\/#breadcrumb"},"inLanguage":"fr-FR","potentialAction":[{"@type":"ReadAction","target":["https:\/\/sepam.com.br\/fr\/alunos-do-colegio-sepam-lancam-livro-de-contos\/"]}]},{"@type":"BreadcrumbList","@id":"https:\/\/sepam.com.br\/fr\/alunos-do-colegio-sepam-lancam-livro-de-contos\/#breadcrumb","itemListElement":[{"@type":"ListItem","position":1,"name":"Boas Vindas","item":"https:\/\/sepam.com.br\/"},{"@type":"ListItem","position":2,"name":"Alunos do Col\u00e9gio Sepam lan\u00e7am livro de contos"}]},{"@type":"WebSite","@id":"https:\/\/sepam.com.br\/fr\/#website","url":"https:\/\/sepam.com.br\/fr\/","name":"Col\u00e9gio Sepam","description":"Ensino Incompar\u00e1vel","publisher":{"@id":"https:\/\/sepam.com.br\/fr\/#organization"},"potentialAction":[{"@type":"SearchAction","target":{"@type":"EntryPoint","urlTemplate":"https:\/\/sepam.com.br\/fr\/?s={search_term_string}"},"query-input":{"@type":"PropertyValueSpecification","valueRequired":true,"valueName":"search_term_string"}}],"inLanguage":"fr-FR"},{"@type":"Organization","@id":"https:\/\/sepam.com.br\/fr\/#organization","name":"Col\u00e9gio Sepam","url":"https:\/\/sepam.com.br\/fr\/","logo":{"@type":"ImageObject","inLanguage":"fr-FR","@id":"https:\/\/sepam.com.br\/fr\/#\/schema\/logo\/image\/","url":"https:\/\/sepam.com.br\/wp-content\/uploads\/2025\/02\/Ativo-2.png","contentUrl":"https:\/\/sepam.com.br\/wp-content\/uploads\/2025\/02\/Ativo-2.png","width":595,"height":525,"caption":"Col\u00e9gio Sepam"},"image":{"@id":"https:\/\/sepam.com.br\/fr\/#\/schema\/logo\/image\/"}},{"@type":"Person","@id":"https:\/\/sepam.com.br\/#\/schema\/person\/38aff034b8d22d0cd551d59b7e4939f5","name":"Alison Andrei","image":{"@type":"ImageObject","inLanguage":"fr-FR","@id":"https:\/\/secure.gravatar.com\/avatar\/7d433525a110825b50a22691febdab3f59016724f20a8f9b39c947a4aac9641a?s=96&d=mm&r=g","url":"https:\/\/secure.gravatar.com\/avatar\/7d433525a110825b50a22691febdab3f59016724f20a8f9b39c947a4aac9641a?s=96&d=mm&r=g","contentUrl":"https:\/\/secure.gravatar.com\/avatar\/7d433525a110825b50a22691febdab3f59016724f20a8f9b39c947a4aac9641a?s=96&d=mm&r=g","caption":"Alison Andrei"},"url":"https:\/\/sepam.com.br\/fr\/author\/alisonandrei\/"}]}},"_links":{"self":[{"href":"https:\/\/sepam.com.br\/fr\/wp-json\/wp\/v2\/posts\/6837","targetHints":{"allow":["GET"]}}],"collection":[{"href":"https:\/\/sepam.com.br\/fr\/wp-json\/wp\/v2\/posts"}],"about":[{"href":"https:\/\/sepam.com.br\/fr\/wp-json\/wp\/v2\/types\/post"}],"author":[{"embeddable":true,"href":"https:\/\/sepam.com.br\/fr\/wp-json\/wp\/v2\/users\/12"}],"replies":[{"embeddable":true,"href":"https:\/\/sepam.com.br\/fr\/wp-json\/wp\/v2\/comments?post=6837"}],"version-history":[{"count":1,"href":"https:\/\/sepam.com.br\/fr\/wp-json\/wp\/v2\/posts\/6837\/revisions"}],"predecessor-version":[{"id":7541,"href":"https:\/\/sepam.com.br\/fr\/wp-json\/wp\/v2\/posts\/6837\/revisions\/7541"}],"wp:attachment":[{"href":"https:\/\/sepam.com.br\/fr\/wp-json\/wp\/v2\/media?parent=6837"}],"wp:term":[{"taxonomy":"category","embeddable":true,"href":"https:\/\/sepam.com.br\/fr\/wp-json\/wp\/v2\/categories?post=6837"},{"taxonomy":"post_tag","embeddable":true,"href":"https:\/\/sepam.com.br\/fr\/wp-json\/wp\/v2\/tags?post=6837"}],"curies":[{"name":"wp","href":"https:\/\/api.w.org\/{rel}","templated":true}]}}