{"id":6829,"date":"2025-08-28T10:46:54","date_gmt":"2025-08-28T13:46:54","guid":{"rendered":"https:\/\/dev.alisonandrei.com.br\/noticia\/sepam-completa-78-anos-de-atuacao-em-ponta-grossa\/"},"modified":"2025-11-24T10:53:38","modified_gmt":"2025-11-24T13:53:38","slug":"sepam-completa-78-anos-de-atuacao-em-ponta-grossa","status":"publish","type":"post","link":"https:\/\/sepam.com.br\/fr\/sepam-completa-78-anos-de-atuacao-em-ponta-grossa\/","title":{"rendered":"Sepam completa 78 anos de atua\u00e7\u00e3o em Ponta Grossa"},"content":{"rendered":"<p>&nbsp;<\/p>\n<p><em>O Col\u00e9gio, refer\u00eancia na cidade, atua na educa\u00e7\u00e3o desde 1939 construindo gera\u00e7\u00f5es de sucesso<\/em><\/p>\n<p>O Col\u00e9gio Sepam comemora neste m\u00eas de outubro 78 anos. Atuando na educa\u00e7\u00e3o b\u00e1sica e colaborando com o engrandecimento da comunidade da regi\u00e3o, o Col\u00e9gio cresceu junto com Ponta Grossa, fazendo da institui\u00e7\u00e3o uma das mais tradicionais dos Campos Gerais.<\/p>\n<p>Guiados pelo prop\u00f3sito de fundar uma institui\u00e7\u00e3o que faria a diferen\u00e7a na educa\u00e7\u00e3o do munic\u00edpio Roberto Emilio Mongruel e Altair de Oliveira Mongruel estabeleceram as bases do Col\u00e9gio Sepam em 1939. \u201cNo per\u00edodo, por conta da instala\u00e7\u00e3o da linha f\u00e9rrea na cidade e consequentemente por seu desenvolvimento como importante polo comercial, havia a necessidade de uma educa\u00e7\u00e3o privada de qualidade. A institui\u00e7\u00e3o inicialmente trabalhou com cursos semelhantes aos tecn\u00f3logos de hoje e ao longo dos anos passamos a oferecer o ensino b\u00e1sico\u201d, conta o atual diretor da institui\u00e7\u00e3o, Osni Mongruel Junior.<\/p>\n<p>Anos depois, em 1993 foi inaugurada a segunda unidade do Col\u00e9gio, em Castro. Como empresa familiar, a administra\u00e7\u00e3o do Sepam atualmente est\u00e1 na quarta gera\u00e7\u00e3o, seguindo o ideal de seus fundadores aliando tradi\u00e7\u00e3o e modernidade. Para Junior, desde a sua funda\u00e7\u00e3o o Col\u00e9gio sempre esteve \u00e0 frente de seu tempo. \u201cTrabalhamos para levar desenvolvimento educacional e social para nossos alunos. Contamos com uma equipe de educadores experientes, comprometidos e competentes para oferecer ensino forte e de qualidade\u201d, afirma.<\/p>\n<p>Como um exemplo de inova\u00e7\u00e3o e vanguardismo em 2013, o Sepam deu in\u00edcio a seu Programa Bil\u00edngue, onde os alunos desde a Educa\u00e7\u00e3o Infantil aprendem conte\u00fados curriculares simultaneamente em portugu\u00eas e ingl\u00eas. Em 2014 o Col\u00e9gio ampliou sua estrutura f\u00edsica crescendo em mais de 2500m\u00b2 a \u00e1rea destinada \u00e0 Educa\u00e7\u00e3o Infantil. A partir de 2015 o Col\u00e9gio trouxe para Ponta Grossa o primeiro programa de High School dos Campos Gerais. Em parceira com a Universidade do Missouri (EUA), o programa oferece a dupla diploma\u00e7\u00e3o aos estudantes da regi\u00e3o: o norte-americano e o brasileiro.<\/p>\n<p>Al\u00e9m do ensino b\u00e1sico, o Col\u00e9gio tamb\u00e9m oferece cursos pr\u00e9-vestibulares h\u00e1 mais de 40 anos, se consolidando com um o l\u00edder de aprova\u00e7\u00e3o da ciadas nas principais universidades do pa\u00eds. Em sua hist\u00f3ria, a institui\u00e7\u00e3o acumula destaques no ensino, tendo conquistado, por exemplo, a primeira coloca\u00e7\u00e3o no Exame Nacional do Ensino M\u00e9dio (Enem) nos \u00faltimos sete anos, de forma consecutiva, al\u00e9m de ocupar 35% das vagas de medicina da Universidade Estadual de Ponta Grossa (UEPG) desde a exist\u00eancia do curso na cidade. No esporte, o Col\u00e9gio j\u00e1 recebeu diversos trof\u00e9us em competi\u00e7\u00f5es regionais, municipais e nacionais, sendo que em novembro deste ano ter\u00e1 um aluno representando o Paran\u00e1 no nacional de Xadrez.<\/p>\n<p>O Sepam se destaca tamb\u00e9m no protagonismo juvenil, proporcionado que o estudante esteja envolvido com a comunidade por meio de diversos projetos sociais consolidados, como o mais antigo deles: Grupo da Cidadania, com 18 anos de atua\u00e7\u00e3o; Menarca, que completou 15 anos recentemente, al\u00e9m do Step by Step e EcoPAM. \u201cTodas as atividades realizadas diariamente com os alunos colaboram para que eles fa\u00e7am parte de gera\u00e7\u00f5es de sucesso. Em 78 anos j\u00e1 formamos mais de 50 mil alunos, atendendo diversas gera\u00e7\u00f5es de fam\u00edlias\u201d, conta o diretor.<\/p>\n<p><strong>Futuro<\/strong><\/p>\n<p>Para os pr\u00f3ximos anos, o Sepam pretende ampliar sua estrutura. \u201cAntecipando-se \u00e0 legisla\u00e7\u00e3o do hor\u00e1rio integral, o planejamento visa expandir a estrutura f\u00edsica do col\u00e9gio em Ponta Grossa oferecendo mais atividades e ainda mais qualidade de Educa\u00e7\u00e3o para alunos da Educa\u00e7\u00e3o Infantil ao Pr\u00e9-Vestibular\u201d, finaliza Osni Mongruel Junior.<\/p>\n<p>&nbsp;<\/p>\n","protected":false},"excerpt":{"rendered":"<p>&nbsp; O Col\u00e9gio, refer\u00eancia na cidade, atua na educa\u00e7\u00e3o desde 1939 construindo gera\u00e7\u00f5es de sucesso O Col\u00e9gio Sepam comemora neste m\u00eas de outubro 78 anos. Atuando na educa\u00e7\u00e3o b\u00e1sica e colaborando com o engrandecimento da comunidade da regi\u00e3o, o Col\u00e9gio cresceu junto com Ponta Grossa, fazendo da institui\u00e7\u00e3o uma das mais tradicionais dos Campos Gerais. [&hellip;]<\/p>\n","protected":false},"author":13,"featured_media":0,"comment_status":"open","ping_status":"open","sticky":false,"template":"","format":"standard","meta":{"footnotes":""},"categories":[21],"tags":[],"class_list":["post-6829","post","type-post","status-publish","format-standard","hentry","category-colegio-sepam"],"yoast_head":"<!-- This site is optimized with the Yoast SEO plugin v28.4 - https:\/\/yoast.com\/product\/yoast-seo-wordpress\/ -->\n<title>Sepam completa 78 anos de atua\u00e7\u00e3o em Ponta Grossa<\/title>\n<meta name=\"description\" content=\"&nbsp; O Col\u00e9gio, refer\u00eancia na cidade, atua na educa\u00e7\u00e3o desde 1939 construindo gera\u00e7\u00f5es de sucesso O Col\u00e9gio Sepam comemora neste m\u00eas de outubro 78 anos. Atuando na educa\u00e7\u00e3o b\u00e1sica e colaborando com o engrandecimento da comunidade da regi\u00e3o, o Col\u00e9gio cresceu junto com Ponta Grossa, fazendo da institui\u00e7\u00e3o uma das mais tradicionais dos Campos Gerais.\u2026\" \/>\n<meta name=\"robots\" content=\"index, follow, max-snippet:-1, max-image-preview:large, max-video-preview:-1\" \/>\n<link rel=\"canonical\" href=\"https:\/\/sepam.com.br\/fr\/sepam-completa-78-anos-de-atuacao-em-ponta-grossa\/\" \/>\n<meta property=\"og:locale\" content=\"fr_FR\" \/>\n<meta property=\"og:type\" content=\"article\" \/>\n<meta property=\"og:title\" content=\"Sepam completa 78 anos de atua\u00e7\u00e3o em Ponta Grossa\" \/>\n<meta property=\"og:description\" content=\"&nbsp; O Col\u00e9gio, refer\u00eancia na cidade, atua na educa\u00e7\u00e3o desde 1939 construindo gera\u00e7\u00f5es de sucesso O Col\u00e9gio Sepam comemora neste m\u00eas de outubro 78 anos. Atuando na educa\u00e7\u00e3o b\u00e1sica e colaborando com o engrandecimento da comunidade da regi\u00e3o, o Col\u00e9gio cresceu junto com Ponta Grossa, fazendo da institui\u00e7\u00e3o uma das mais tradicionais dos Campos Gerais.\u2026\" \/>\n<meta property=\"og:url\" content=\"https:\/\/sepam.com.br\/fr\/sepam-completa-78-anos-de-atuacao-em-ponta-grossa\/\" \/>\n<meta property=\"og:site_name\" content=\"Col\u00e9gio Sepam\" \/>\n<meta property=\"article:published_time\" content=\"2025-08-28T13:46:54+00:00\" \/>\n<meta property=\"article:modified_time\" content=\"2025-11-24T13:53:38+00:00\" \/>\n<meta name=\"author\" content=\"Sepam\" \/>\n<meta name=\"twitter:card\" content=\"summary_large_image\" \/>\n<meta name=\"twitter:label1\" content=\"\u00c9crit par\" \/>\n\t<meta name=\"twitter:data1\" content=\"Sepam\" \/>\n\t<meta name=\"twitter:label2\" content=\"Dur\u00e9e de lecture estim\u00e9e\" \/>\n\t<meta name=\"twitter:data2\" content=\"3 minutes\" \/>\n<script type=\"application\/ld+json\" class=\"yoast-schema-graph\">{\"@context\":\"https:\\\/\\\/schema.org\",\"@graph\":[{\"@type\":\"Article\",\"@id\":\"https:\\\/\\\/sepam.com.br\\\/fr\\\/sepam-completa-78-anos-de-atuacao-em-ponta-grossa\\\/#article\",\"isPartOf\":{\"@id\":\"https:\\\/\\\/sepam.com.br\\\/fr\\\/sepam-completa-78-anos-de-atuacao-em-ponta-grossa\\\/\"},\"author\":{\"name\":\"Sepam\",\"@id\":\"https:\\\/\\\/sepam.com.br\\\/#\\\/schema\\\/person\\\/bfa2996c649a5a6d822766f6e64eb7fd\"},\"headline\":\"Sepam completa 78 anos de atua\u00e7\u00e3o em Ponta Grossa\",\"datePublished\":\"2025-08-28T13:46:54+00:00\",\"dateModified\":\"2025-11-24T13:53:38+00:00\",\"mainEntityOfPage\":{\"@id\":\"https:\\\/\\\/sepam.com.br\\\/fr\\\/sepam-completa-78-anos-de-atuacao-em-ponta-grossa\\\/\"},\"wordCount\":634,\"commentCount\":0,\"publisher\":{\"@id\":\"https:\\\/\\\/sepam.com.br\\\/#organization\"},\"articleSection\":[\"Colegio Sepam\"],\"inLanguage\":\"fr-FR\",\"potentialAction\":[{\"@type\":\"CommentAction\",\"name\":\"Comment\",\"target\":[\"https:\\\/\\\/sepam.com.br\\\/fr\\\/sepam-completa-78-anos-de-atuacao-em-ponta-grossa\\\/#respond\"]}]},{\"@type\":\"WebPage\",\"@id\":\"https:\\\/\\\/sepam.com.br\\\/fr\\\/sepam-completa-78-anos-de-atuacao-em-ponta-grossa\\\/\",\"url\":\"https:\\\/\\\/sepam.com.br\\\/fr\\\/sepam-completa-78-anos-de-atuacao-em-ponta-grossa\\\/\",\"name\":\"Sepam completa 78 anos de atua\u00e7\u00e3o em Ponta Grossa - Col\u00e9gio Sepam\",\"isPartOf\":{\"@id\":\"https:\\\/\\\/sepam.com.br\\\/#website\"},\"datePublished\":\"2025-08-28T13:46:54+00:00\",\"dateModified\":\"2025-11-24T13:53:38+00:00\",\"breadcrumb\":{\"@id\":\"https:\\\/\\\/sepam.com.br\\\/fr\\\/sepam-completa-78-anos-de-atuacao-em-ponta-grossa\\\/#breadcrumb\"},\"inLanguage\":\"fr-FR\",\"potentialAction\":[{\"@type\":\"ReadAction\",\"target\":[\"https:\\\/\\\/sepam.com.br\\\/fr\\\/sepam-completa-78-anos-de-atuacao-em-ponta-grossa\\\/\"]}]},{\"@type\":\"BreadcrumbList\",\"@id\":\"https:\\\/\\\/sepam.com.br\\\/fr\\\/sepam-completa-78-anos-de-atuacao-em-ponta-grossa\\\/#breadcrumb\",\"itemListElement\":[{\"@type\":\"ListItem\",\"position\":1,\"name\":\"Boas Vindas\",\"item\":\"https:\\\/\\\/sepam.com.br\\\/\"},{\"@type\":\"ListItem\",\"position\":2,\"name\":\"Sepam completa 78 anos de atua\u00e7\u00e3o em Ponta Grossa\"}]},{\"@type\":\"WebSite\",\"@id\":\"https:\\\/\\\/sepam.com.br\\\/fr\\\/#website\",\"url\":\"https:\\\/\\\/sepam.com.br\\\/fr\\\/\",\"name\":\"Col\u00e9gio Sepam\",\"description\":\"Ensino Incompar\u00e1vel\",\"publisher\":{\"@id\":\"https:\\\/\\\/sepam.com.br\\\/fr\\\/#organization\"},\"potentialAction\":[{\"@type\":\"SearchAction\",\"target\":{\"@type\":\"EntryPoint\",\"urlTemplate\":\"https:\\\/\\\/sepam.com.br\\\/fr\\\/?s={search_term_string}\"},\"query-input\":{\"@type\":\"PropertyValueSpecification\",\"valueRequired\":true,\"valueName\":\"search_term_string\"}}],\"inLanguage\":\"fr-FR\"},{\"@type\":\"Organization\",\"@id\":\"https:\\\/\\\/sepam.com.br\\\/fr\\\/#organization\",\"name\":\"Col\u00e9gio Sepam\",\"url\":\"https:\\\/\\\/sepam.com.br\\\/fr\\\/\",\"logo\":{\"@type\":\"ImageObject\",\"inLanguage\":\"fr-FR\",\"@id\":\"https:\\\/\\\/sepam.com.br\\\/fr\\\/#\\\/schema\\\/logo\\\/image\\\/\",\"url\":\"https:\\\/\\\/sepam.com.br\\\/wp-content\\\/uploads\\\/2025\\\/02\\\/Ativo-2.png\",\"contentUrl\":\"https:\\\/\\\/sepam.com.br\\\/wp-content\\\/uploads\\\/2025\\\/02\\\/Ativo-2.png\",\"width\":595,\"height\":525,\"caption\":\"Col\u00e9gio Sepam\"},\"image\":{\"@id\":\"https:\\\/\\\/sepam.com.br\\\/fr\\\/#\\\/schema\\\/logo\\\/image\\\/\"}},{\"@type\":\"Person\",\"@id\":\"https:\\\/\\\/sepam.com.br\\\/#\\\/schema\\\/person\\\/bfa2996c649a5a6d822766f6e64eb7fd\",\"name\":\"Sepam\",\"image\":{\"@type\":\"ImageObject\",\"inLanguage\":\"fr-FR\",\"@id\":\"https:\\\/\\\/secure.gravatar.com\\\/avatar\\\/0219e64664f5861998ad57a3432eb4bd5fd99a34c7cc9bc44b3c59dfb830db85?s=96&d=mm&r=g\",\"url\":\"https:\\\/\\\/secure.gravatar.com\\\/avatar\\\/0219e64664f5861998ad57a3432eb4bd5fd99a34c7cc9bc44b3c59dfb830db85?s=96&d=mm&r=g\",\"contentUrl\":\"https:\\\/\\\/secure.gravatar.com\\\/avatar\\\/0219e64664f5861998ad57a3432eb4bd5fd99a34c7cc9bc44b3c59dfb830db85?s=96&d=mm&r=g\",\"caption\":\"Sepam\"},\"url\":\"https:\\\/\\\/sepam.com.br\\\/fr\\\/author\\\/sepam\\\/\"}]}<\/script>\n<!-- \/ Yoast SEO plugin. -->","yoast_head_json":{"title":"Sepam completa 78 anos de atua\u00e7\u00e3o em Ponta Grossa","description":"&nbsp; O Col\u00e9gio, refer\u00eancia na cidade, atua na educa\u00e7\u00e3o desde 1939 construindo gera\u00e7\u00f5es de sucesso O Col\u00e9gio Sepam comemora neste m\u00eas de outubro 78 anos. Atuando na educa\u00e7\u00e3o b\u00e1sica e colaborando com o engrandecimento da comunidade da regi\u00e3o, o Col\u00e9gio cresceu junto com Ponta Grossa, fazendo da institui\u00e7\u00e3o uma das mais tradicionais dos Campos Gerais.\u2026","robots":{"index":"index","follow":"follow","max-snippet":"max-snippet:-1","max-image-preview":"max-image-preview:large","max-video-preview":"max-video-preview:-1"},"canonical":"https:\/\/sepam.com.br\/fr\/sepam-completa-78-anos-de-atuacao-em-ponta-grossa\/","og_locale":"fr_FR","og_type":"article","og_title":"Sepam completa 78 anos de atua\u00e7\u00e3o em Ponta Grossa","og_description":"&nbsp; O Col\u00e9gio, refer\u00eancia na cidade, atua na educa\u00e7\u00e3o desde 1939 construindo gera\u00e7\u00f5es de sucesso O Col\u00e9gio Sepam comemora neste m\u00eas de outubro 78 anos. Atuando na educa\u00e7\u00e3o b\u00e1sica e colaborando com o engrandecimento da comunidade da regi\u00e3o, o Col\u00e9gio cresceu junto com Ponta Grossa, fazendo da institui\u00e7\u00e3o uma das mais tradicionais dos Campos Gerais.\u2026","og_url":"https:\/\/sepam.com.br\/fr\/sepam-completa-78-anos-de-atuacao-em-ponta-grossa\/","og_site_name":"Col\u00e9gio Sepam","article_published_time":"2025-08-28T13:46:54+00:00","article_modified_time":"2025-11-24T13:53:38+00:00","author":"Sepam","twitter_card":"summary_large_image","twitter_misc":{"\u00c9crit par":"Sepam","Dur\u00e9e de lecture estim\u00e9e":"3 minutes"},"schema":{"@context":"https:\/\/schema.org","@graph":[{"@type":"Article","@id":"https:\/\/sepam.com.br\/fr\/sepam-completa-78-anos-de-atuacao-em-ponta-grossa\/#article","isPartOf":{"@id":"https:\/\/sepam.com.br\/fr\/sepam-completa-78-anos-de-atuacao-em-ponta-grossa\/"},"author":{"name":"Sepam","@id":"https:\/\/sepam.com.br\/#\/schema\/person\/bfa2996c649a5a6d822766f6e64eb7fd"},"headline":"Sepam completa 78 anos de atua\u00e7\u00e3o em Ponta Grossa","datePublished":"2025-08-28T13:46:54+00:00","dateModified":"2025-11-24T13:53:38+00:00","mainEntityOfPage":{"@id":"https:\/\/sepam.com.br\/fr\/sepam-completa-78-anos-de-atuacao-em-ponta-grossa\/"},"wordCount":634,"commentCount":0,"publisher":{"@id":"https:\/\/sepam.com.br\/#organization"},"articleSection":["Colegio Sepam"],"inLanguage":"fr-FR","potentialAction":[{"@type":"CommentAction","name":"Comment","target":["https:\/\/sepam.com.br\/fr\/sepam-completa-78-anos-de-atuacao-em-ponta-grossa\/#respond"]}]},{"@type":"WebPage","@id":"https:\/\/sepam.com.br\/fr\/sepam-completa-78-anos-de-atuacao-em-ponta-grossa\/","url":"https:\/\/sepam.com.br\/fr\/sepam-completa-78-anos-de-atuacao-em-ponta-grossa\/","name":"Sepam completa 78 anos de atua\u00e7\u00e3o em Ponta Grossa - Col\u00e9gio Sepam","isPartOf":{"@id":"https:\/\/sepam.com.br\/#website"},"datePublished":"2025-08-28T13:46:54+00:00","dateModified":"2025-11-24T13:53:38+00:00","breadcrumb":{"@id":"https:\/\/sepam.com.br\/fr\/sepam-completa-78-anos-de-atuacao-em-ponta-grossa\/#breadcrumb"},"inLanguage":"fr-FR","potentialAction":[{"@type":"ReadAction","target":["https:\/\/sepam.com.br\/fr\/sepam-completa-78-anos-de-atuacao-em-ponta-grossa\/"]}]},{"@type":"BreadcrumbList","@id":"https:\/\/sepam.com.br\/fr\/sepam-completa-78-anos-de-atuacao-em-ponta-grossa\/#breadcrumb","itemListElement":[{"@type":"ListItem","position":1,"name":"Boas Vindas","item":"https:\/\/sepam.com.br\/"},{"@type":"ListItem","position":2,"name":"Sepam completa 78 anos de atua\u00e7\u00e3o em Ponta Grossa"}]},{"@type":"WebSite","@id":"https:\/\/sepam.com.br\/fr\/#website","url":"https:\/\/sepam.com.br\/fr\/","name":"Col\u00e9gio Sepam","description":"Ensino Incompar\u00e1vel","publisher":{"@id":"https:\/\/sepam.com.br\/fr\/#organization"},"potentialAction":[{"@type":"SearchAction","target":{"@type":"EntryPoint","urlTemplate":"https:\/\/sepam.com.br\/fr\/?s={search_term_string}"},"query-input":{"@type":"PropertyValueSpecification","valueRequired":true,"valueName":"search_term_string"}}],"inLanguage":"fr-FR"},{"@type":"Organization","@id":"https:\/\/sepam.com.br\/fr\/#organization","name":"Col\u00e9gio Sepam","url":"https:\/\/sepam.com.br\/fr\/","logo":{"@type":"ImageObject","inLanguage":"fr-FR","@id":"https:\/\/sepam.com.br\/fr\/#\/schema\/logo\/image\/","url":"https:\/\/sepam.com.br\/wp-content\/uploads\/2025\/02\/Ativo-2.png","contentUrl":"https:\/\/sepam.com.br\/wp-content\/uploads\/2025\/02\/Ativo-2.png","width":595,"height":525,"caption":"Col\u00e9gio Sepam"},"image":{"@id":"https:\/\/sepam.com.br\/fr\/#\/schema\/logo\/image\/"}},{"@type":"Person","@id":"https:\/\/sepam.com.br\/#\/schema\/person\/bfa2996c649a5a6d822766f6e64eb7fd","name":"Sepam","image":{"@type":"ImageObject","inLanguage":"fr-FR","@id":"https:\/\/secure.gravatar.com\/avatar\/0219e64664f5861998ad57a3432eb4bd5fd99a34c7cc9bc44b3c59dfb830db85?s=96&d=mm&r=g","url":"https:\/\/secure.gravatar.com\/avatar\/0219e64664f5861998ad57a3432eb4bd5fd99a34c7cc9bc44b3c59dfb830db85?s=96&d=mm&r=g","contentUrl":"https:\/\/secure.gravatar.com\/avatar\/0219e64664f5861998ad57a3432eb4bd5fd99a34c7cc9bc44b3c59dfb830db85?s=96&d=mm&r=g","caption":"Sepam"},"url":"https:\/\/sepam.com.br\/fr\/author\/sepam\/"}]}},"_links":{"self":[{"href":"https:\/\/sepam.com.br\/fr\/wp-json\/wp\/v2\/posts\/6829","targetHints":{"allow":["GET"]}}],"collection":[{"href":"https:\/\/sepam.com.br\/fr\/wp-json\/wp\/v2\/posts"}],"about":[{"href":"https:\/\/sepam.com.br\/fr\/wp-json\/wp\/v2\/types\/post"}],"author":[{"embeddable":true,"href":"https:\/\/sepam.com.br\/fr\/wp-json\/wp\/v2\/users\/13"}],"replies":[{"embeddable":true,"href":"https:\/\/sepam.com.br\/fr\/wp-json\/wp\/v2\/comments?post=6829"}],"version-history":[{"count":1,"href":"https:\/\/sepam.com.br\/fr\/wp-json\/wp\/v2\/posts\/6829\/revisions"}],"predecessor-version":[{"id":7533,"href":"https:\/\/sepam.com.br\/fr\/wp-json\/wp\/v2\/posts\/6829\/revisions\/7533"}],"wp:attachment":[{"href":"https:\/\/sepam.com.br\/fr\/wp-json\/wp\/v2\/media?parent=6829"}],"wp:term":[{"taxonomy":"category","embeddable":true,"href":"https:\/\/sepam.com.br\/fr\/wp-json\/wp\/v2\/categories?post=6829"},{"taxonomy":"post_tag","embeddable":true,"href":"https:\/\/sepam.com.br\/fr\/wp-json\/wp\/v2\/tags?post=6829"}],"curies":[{"name":"wp","href":"https:\/\/api.w.org\/{rel}","templated":true}]}}