{"id":6815,"date":"2025-08-28T10:46:50","date_gmt":"2025-08-28T13:46:50","guid":{"rendered":"https:\/\/dev.alisonandrei.com.br\/noticia\/sepam-participa-da-segunda-edicao-dos-jogos-das-escolas-particulares\/"},"modified":"2025-08-28T10:53:53","modified_gmt":"2025-08-28T13:53:53","slug":"sepam-participa-da-segunda-edicao-dos-jogos-das-escolas-particulares","status":"publish","type":"post","link":"https:\/\/sepam.com.br\/fr\/sepam-participa-da-segunda-edicao-dos-jogos-das-escolas-particulares\/","title":{"rendered":"Sepam participa da segunda edi\u00e7\u00e3o dos Jogos das Escolas Particulares"},"content":{"rendered":"<p>&nbsp;<\/p>\n<p><em>O JOESP vai reunir mais de mil alunos na competi\u00e7\u00e3o<\/em><\/p>\n<p>A segunda edi\u00e7\u00e3o dos Jogos das Escolas Particulares (JOESP), que acontece entre os dias 06 e 11 de novembro, contar\u00e1 com a participa\u00e7\u00e3o do Col\u00e9gio Sepam. A competi\u00e7\u00e3o envolve 12 escolas dos Campos Gerais, sendo dez de Ponta Grossa, uma de Castro e uma de Tel\u00eamaco Borba. O JOESP \u00e9 promovido pelo Sindicato das Escolas Particulares dos Campos Gerais (SINEPE).<\/p>\n<p>Para a edi\u00e7\u00e3o deste ano, o JOESP ampliou a faixa et\u00e1ria dos alunos iram participar. Ao todo, mais de mil estudantes competem divididos em tr\u00eas grupos: Mirim \u2013 para alunos de oito a dez anos; Grupo 1 \u2013 para alunos com idades entre 11 e 12 anos; e Grupo 2 \u2013 para alunos entre 13 e 14 anos.<\/p>\n<p>A previs\u00e3o \u00e9 que a disputa realize 134 jogos nas modalidades coletivas de Basquete, Futsal, Handebol, V\u00f4lei, Queimada, T\u00eanis de Mesa e Xadrez. Como premia\u00e7\u00e3o a competi\u00e7\u00e3o ira distribuir mais de 700 medalhas e 60 trof\u00e9us.<\/p>\n<p>Com sua primeira edi\u00e7\u00e3o em 2016, o JOESP foi elaborado como uma nova op\u00e7\u00e3o de competi\u00e7\u00e3o escolar. Seu objetivo \u00e9 organizar uma disputa que envolva as escolas do SINEPE.<\/p>\n","protected":false},"excerpt":{"rendered":"<p>&nbsp; O JOESP vai reunir mais de mil alunos na competi\u00e7\u00e3o A segunda edi\u00e7\u00e3o dos Jogos das Escolas Particulares (JOESP), que acontece entre os dias 06 e 11 de novembro, contar\u00e1 com a participa\u00e7\u00e3o do Col\u00e9gio Sepam. A competi\u00e7\u00e3o envolve 12 escolas dos Campos Gerais, sendo dez de Ponta Grossa, uma de Castro e uma [&hellip;]<\/p>\n","protected":false},"author":12,"featured_media":0,"comment_status":"open","ping_status":"open","sticky":false,"template":"","format":"standard","meta":{"footnotes":""},"categories":[21],"tags":[],"class_list":["post-6815","post","type-post","status-publish","format-standard","hentry","category-colegio-sepam"],"yoast_head":"<!-- This site is optimized with the Yoast SEO plugin v28.4 - https:\/\/yoast.com\/product\/yoast-seo-wordpress\/ -->\n<title>Sepam participa da segunda edi\u00e7\u00e3o dos Jogos das Escolas Particulares<\/title>\n<meta name=\"description\" content=\"&nbsp; O JOESP vai reunir mais de mil alunos na competi\u00e7\u00e3o A segunda edi\u00e7\u00e3o dos Jogos das Escolas Particulares (JOESP), que acontece entre os dias 06 e 11 de novembro, contar\u00e1 com a participa\u00e7\u00e3o do Col\u00e9gio Sepam. A competi\u00e7\u00e3o envolve 12 escolas dos Campos Gerais, sendo dez de Ponta Grossa, uma de Castro e uma\u2026\" \/>\n<meta name=\"robots\" content=\"index, follow, max-snippet:-1, max-image-preview:large, max-video-preview:-1\" \/>\n<link rel=\"canonical\" href=\"https:\/\/sepam.com.br\/fr\/sepam-participa-da-segunda-edicao-dos-jogos-das-escolas-particulares\/\" \/>\n<meta property=\"og:locale\" content=\"fr_FR\" \/>\n<meta property=\"og:type\" content=\"article\" \/>\n<meta property=\"og:title\" content=\"Sepam participa da segunda edi\u00e7\u00e3o dos Jogos das Escolas Particulares\" \/>\n<meta property=\"og:description\" content=\"&nbsp; O JOESP vai reunir mais de mil alunos na competi\u00e7\u00e3o A segunda edi\u00e7\u00e3o dos Jogos das Escolas Particulares (JOESP), que acontece entre os dias 06 e 11 de novembro, contar\u00e1 com a participa\u00e7\u00e3o do Col\u00e9gio Sepam. A competi\u00e7\u00e3o envolve 12 escolas dos Campos Gerais, sendo dez de Ponta Grossa, uma de Castro e uma\u2026\" \/>\n<meta property=\"og:url\" content=\"https:\/\/sepam.com.br\/fr\/sepam-participa-da-segunda-edicao-dos-jogos-das-escolas-particulares\/\" \/>\n<meta property=\"og:site_name\" content=\"Col\u00e9gio Sepam\" \/>\n<meta property=\"article:published_time\" content=\"2025-08-28T13:46:50+00:00\" \/>\n<meta property=\"article:modified_time\" content=\"2025-08-28T13:53:53+00:00\" \/>\n<meta name=\"author\" content=\"Alison Andrei\" \/>\n<meta name=\"twitter:card\" content=\"summary_large_image\" \/>\n<meta name=\"twitter:label1\" content=\"\u00c9crit par\" \/>\n\t<meta name=\"twitter:data1\" content=\"Alison Andrei\" \/>\n\t<meta name=\"twitter:label2\" content=\"Dur\u00e9e de lecture estim\u00e9e\" \/>\n\t<meta name=\"twitter:data2\" content=\"1 minute\" \/>\n<script type=\"application\/ld+json\" class=\"yoast-schema-graph\">{\"@context\":\"https:\\\/\\\/schema.org\",\"@graph\":[{\"@type\":\"Article\",\"@id\":\"https:\\\/\\\/sepam.com.br\\\/fr\\\/sepam-participa-da-segunda-edicao-dos-jogos-das-escolas-particulares\\\/#article\",\"isPartOf\":{\"@id\":\"https:\\\/\\\/sepam.com.br\\\/fr\\\/sepam-participa-da-segunda-edicao-dos-jogos-das-escolas-particulares\\\/\"},\"author\":{\"name\":\"Alison Andrei\",\"@id\":\"https:\\\/\\\/sepam.com.br\\\/#\\\/schema\\\/person\\\/38aff034b8d22d0cd551d59b7e4939f5\"},\"headline\":\"Sepam participa da segunda edi\u00e7\u00e3o dos Jogos das Escolas Particulares\",\"datePublished\":\"2025-08-28T13:46:50+00:00\",\"dateModified\":\"2025-08-28T13:53:53+00:00\",\"mainEntityOfPage\":{\"@id\":\"https:\\\/\\\/sepam.com.br\\\/fr\\\/sepam-participa-da-segunda-edicao-dos-jogos-das-escolas-particulares\\\/\"},\"wordCount\":204,\"commentCount\":0,\"publisher\":{\"@id\":\"https:\\\/\\\/sepam.com.br\\\/#organization\"},\"articleSection\":[\"Colegio Sepam\"],\"inLanguage\":\"fr-FR\",\"potentialAction\":[{\"@type\":\"CommentAction\",\"name\":\"Comment\",\"target\":[\"https:\\\/\\\/sepam.com.br\\\/fr\\\/sepam-participa-da-segunda-edicao-dos-jogos-das-escolas-particulares\\\/#respond\"]}]},{\"@type\":\"WebPage\",\"@id\":\"https:\\\/\\\/sepam.com.br\\\/fr\\\/sepam-participa-da-segunda-edicao-dos-jogos-das-escolas-particulares\\\/\",\"url\":\"https:\\\/\\\/sepam.com.br\\\/fr\\\/sepam-participa-da-segunda-edicao-dos-jogos-das-escolas-particulares\\\/\",\"name\":\"Sepam participa da segunda edi\u00e7\u00e3o dos Jogos das Escolas Particulares - Col\u00e9gio Sepam\",\"isPartOf\":{\"@id\":\"https:\\\/\\\/sepam.com.br\\\/#website\"},\"datePublished\":\"2025-08-28T13:46:50+00:00\",\"dateModified\":\"2025-08-28T13:53:53+00:00\",\"breadcrumb\":{\"@id\":\"https:\\\/\\\/sepam.com.br\\\/fr\\\/sepam-participa-da-segunda-edicao-dos-jogos-das-escolas-particulares\\\/#breadcrumb\"},\"inLanguage\":\"fr-FR\",\"potentialAction\":[{\"@type\":\"ReadAction\",\"target\":[\"https:\\\/\\\/sepam.com.br\\\/fr\\\/sepam-participa-da-segunda-edicao-dos-jogos-das-escolas-particulares\\\/\"]}]},{\"@type\":\"BreadcrumbList\",\"@id\":\"https:\\\/\\\/sepam.com.br\\\/fr\\\/sepam-participa-da-segunda-edicao-dos-jogos-das-escolas-particulares\\\/#breadcrumb\",\"itemListElement\":[{\"@type\":\"ListItem\",\"position\":1,\"name\":\"Boas Vindas\",\"item\":\"https:\\\/\\\/sepam.com.br\\\/\"},{\"@type\":\"ListItem\",\"position\":2,\"name\":\"Sepam participa da segunda edi\u00e7\u00e3o dos Jogos das Escolas Particulares\"}]},{\"@type\":\"WebSite\",\"@id\":\"https:\\\/\\\/sepam.com.br\\\/fr\\\/#website\",\"url\":\"https:\\\/\\\/sepam.com.br\\\/fr\\\/\",\"name\":\"Col\u00e9gio Sepam\",\"description\":\"Ensino Incompar\u00e1vel\",\"publisher\":{\"@id\":\"https:\\\/\\\/sepam.com.br\\\/fr\\\/#organization\"},\"potentialAction\":[{\"@type\":\"SearchAction\",\"target\":{\"@type\":\"EntryPoint\",\"urlTemplate\":\"https:\\\/\\\/sepam.com.br\\\/fr\\\/?s={search_term_string}\"},\"query-input\":{\"@type\":\"PropertyValueSpecification\",\"valueRequired\":true,\"valueName\":\"search_term_string\"}}],\"inLanguage\":\"fr-FR\"},{\"@type\":\"Organization\",\"@id\":\"https:\\\/\\\/sepam.com.br\\\/fr\\\/#organization\",\"name\":\"Col\u00e9gio Sepam\",\"url\":\"https:\\\/\\\/sepam.com.br\\\/fr\\\/\",\"logo\":{\"@type\":\"ImageObject\",\"inLanguage\":\"fr-FR\",\"@id\":\"https:\\\/\\\/sepam.com.br\\\/fr\\\/#\\\/schema\\\/logo\\\/image\\\/\",\"url\":\"https:\\\/\\\/sepam.com.br\\\/wp-content\\\/uploads\\\/2025\\\/02\\\/Ativo-2.png\",\"contentUrl\":\"https:\\\/\\\/sepam.com.br\\\/wp-content\\\/uploads\\\/2025\\\/02\\\/Ativo-2.png\",\"width\":595,\"height\":525,\"caption\":\"Col\u00e9gio Sepam\"},\"image\":{\"@id\":\"https:\\\/\\\/sepam.com.br\\\/fr\\\/#\\\/schema\\\/logo\\\/image\\\/\"}},{\"@type\":\"Person\",\"@id\":\"https:\\\/\\\/sepam.com.br\\\/#\\\/schema\\\/person\\\/38aff034b8d22d0cd551d59b7e4939f5\",\"name\":\"Alison Andrei\",\"image\":{\"@type\":\"ImageObject\",\"inLanguage\":\"fr-FR\",\"@id\":\"https:\\\/\\\/secure.gravatar.com\\\/avatar\\\/7d433525a110825b50a22691febdab3f59016724f20a8f9b39c947a4aac9641a?s=96&d=mm&r=g\",\"url\":\"https:\\\/\\\/secure.gravatar.com\\\/avatar\\\/7d433525a110825b50a22691febdab3f59016724f20a8f9b39c947a4aac9641a?s=96&d=mm&r=g\",\"contentUrl\":\"https:\\\/\\\/secure.gravatar.com\\\/avatar\\\/7d433525a110825b50a22691febdab3f59016724f20a8f9b39c947a4aac9641a?s=96&d=mm&r=g\",\"caption\":\"Alison Andrei\"},\"url\":\"https:\\\/\\\/sepam.com.br\\\/fr\\\/author\\\/alisonandrei\\\/\"}]}<\/script>\n<!-- \/ Yoast SEO plugin. -->","yoast_head_json":{"title":"Sepam participa da segunda edi\u00e7\u00e3o dos Jogos das Escolas Particulares","description":"&nbsp; O JOESP vai reunir mais de mil alunos na competi\u00e7\u00e3o A segunda edi\u00e7\u00e3o dos Jogos das Escolas Particulares (JOESP), que acontece entre os dias 06 e 11 de novembro, contar\u00e1 com a participa\u00e7\u00e3o do Col\u00e9gio Sepam. A competi\u00e7\u00e3o envolve 12 escolas dos Campos Gerais, sendo dez de Ponta Grossa, uma de Castro e uma\u2026","robots":{"index":"index","follow":"follow","max-snippet":"max-snippet:-1","max-image-preview":"max-image-preview:large","max-video-preview":"max-video-preview:-1"},"canonical":"https:\/\/sepam.com.br\/fr\/sepam-participa-da-segunda-edicao-dos-jogos-das-escolas-particulares\/","og_locale":"fr_FR","og_type":"article","og_title":"Sepam participa da segunda edi\u00e7\u00e3o dos Jogos das Escolas Particulares","og_description":"&nbsp; O JOESP vai reunir mais de mil alunos na competi\u00e7\u00e3o A segunda edi\u00e7\u00e3o dos Jogos das Escolas Particulares (JOESP), que acontece entre os dias 06 e 11 de novembro, contar\u00e1 com a participa\u00e7\u00e3o do Col\u00e9gio Sepam. A competi\u00e7\u00e3o envolve 12 escolas dos Campos Gerais, sendo dez de Ponta Grossa, uma de Castro e uma\u2026","og_url":"https:\/\/sepam.com.br\/fr\/sepam-participa-da-segunda-edicao-dos-jogos-das-escolas-particulares\/","og_site_name":"Col\u00e9gio Sepam","article_published_time":"2025-08-28T13:46:50+00:00","article_modified_time":"2025-08-28T13:53:53+00:00","author":"Alison Andrei","twitter_card":"summary_large_image","twitter_misc":{"\u00c9crit par":"Alison Andrei","Dur\u00e9e de lecture estim\u00e9e":"1 minute"},"schema":{"@context":"https:\/\/schema.org","@graph":[{"@type":"Article","@id":"https:\/\/sepam.com.br\/fr\/sepam-participa-da-segunda-edicao-dos-jogos-das-escolas-particulares\/#article","isPartOf":{"@id":"https:\/\/sepam.com.br\/fr\/sepam-participa-da-segunda-edicao-dos-jogos-das-escolas-particulares\/"},"author":{"name":"Alison Andrei","@id":"https:\/\/sepam.com.br\/#\/schema\/person\/38aff034b8d22d0cd551d59b7e4939f5"},"headline":"Sepam participa da segunda edi\u00e7\u00e3o dos Jogos das Escolas Particulares","datePublished":"2025-08-28T13:46:50+00:00","dateModified":"2025-08-28T13:53:53+00:00","mainEntityOfPage":{"@id":"https:\/\/sepam.com.br\/fr\/sepam-participa-da-segunda-edicao-dos-jogos-das-escolas-particulares\/"},"wordCount":204,"commentCount":0,"publisher":{"@id":"https:\/\/sepam.com.br\/#organization"},"articleSection":["Colegio Sepam"],"inLanguage":"fr-FR","potentialAction":[{"@type":"CommentAction","name":"Comment","target":["https:\/\/sepam.com.br\/fr\/sepam-participa-da-segunda-edicao-dos-jogos-das-escolas-particulares\/#respond"]}]},{"@type":"WebPage","@id":"https:\/\/sepam.com.br\/fr\/sepam-participa-da-segunda-edicao-dos-jogos-das-escolas-particulares\/","url":"https:\/\/sepam.com.br\/fr\/sepam-participa-da-segunda-edicao-dos-jogos-das-escolas-particulares\/","name":"Sepam participa da segunda edi\u00e7\u00e3o dos Jogos das Escolas Particulares - Col\u00e9gio Sepam","isPartOf":{"@id":"https:\/\/sepam.com.br\/#website"},"datePublished":"2025-08-28T13:46:50+00:00","dateModified":"2025-08-28T13:53:53+00:00","breadcrumb":{"@id":"https:\/\/sepam.com.br\/fr\/sepam-participa-da-segunda-edicao-dos-jogos-das-escolas-particulares\/#breadcrumb"},"inLanguage":"fr-FR","potentialAction":[{"@type":"ReadAction","target":["https:\/\/sepam.com.br\/fr\/sepam-participa-da-segunda-edicao-dos-jogos-das-escolas-particulares\/"]}]},{"@type":"BreadcrumbList","@id":"https:\/\/sepam.com.br\/fr\/sepam-participa-da-segunda-edicao-dos-jogos-das-escolas-particulares\/#breadcrumb","itemListElement":[{"@type":"ListItem","position":1,"name":"Boas Vindas","item":"https:\/\/sepam.com.br\/"},{"@type":"ListItem","position":2,"name":"Sepam participa da segunda edi\u00e7\u00e3o dos Jogos das Escolas Particulares"}]},{"@type":"WebSite","@id":"https:\/\/sepam.com.br\/fr\/#website","url":"https:\/\/sepam.com.br\/fr\/","name":"Col\u00e9gio Sepam","description":"Ensino Incompar\u00e1vel","publisher":{"@id":"https:\/\/sepam.com.br\/fr\/#organization"},"potentialAction":[{"@type":"SearchAction","target":{"@type":"EntryPoint","urlTemplate":"https:\/\/sepam.com.br\/fr\/?s={search_term_string}"},"query-input":{"@type":"PropertyValueSpecification","valueRequired":true,"valueName":"search_term_string"}}],"inLanguage":"fr-FR"},{"@type":"Organization","@id":"https:\/\/sepam.com.br\/fr\/#organization","name":"Col\u00e9gio Sepam","url":"https:\/\/sepam.com.br\/fr\/","logo":{"@type":"ImageObject","inLanguage":"fr-FR","@id":"https:\/\/sepam.com.br\/fr\/#\/schema\/logo\/image\/","url":"https:\/\/sepam.com.br\/wp-content\/uploads\/2025\/02\/Ativo-2.png","contentUrl":"https:\/\/sepam.com.br\/wp-content\/uploads\/2025\/02\/Ativo-2.png","width":595,"height":525,"caption":"Col\u00e9gio Sepam"},"image":{"@id":"https:\/\/sepam.com.br\/fr\/#\/schema\/logo\/image\/"}},{"@type":"Person","@id":"https:\/\/sepam.com.br\/#\/schema\/person\/38aff034b8d22d0cd551d59b7e4939f5","name":"Alison Andrei","image":{"@type":"ImageObject","inLanguage":"fr-FR","@id":"https:\/\/secure.gravatar.com\/avatar\/7d433525a110825b50a22691febdab3f59016724f20a8f9b39c947a4aac9641a?s=96&d=mm&r=g","url":"https:\/\/secure.gravatar.com\/avatar\/7d433525a110825b50a22691febdab3f59016724f20a8f9b39c947a4aac9641a?s=96&d=mm&r=g","contentUrl":"https:\/\/secure.gravatar.com\/avatar\/7d433525a110825b50a22691febdab3f59016724f20a8f9b39c947a4aac9641a?s=96&d=mm&r=g","caption":"Alison Andrei"},"url":"https:\/\/sepam.com.br\/fr\/author\/alisonandrei\/"}]}},"_links":{"self":[{"href":"https:\/\/sepam.com.br\/fr\/wp-json\/wp\/v2\/posts\/6815","targetHints":{"allow":["GET"]}}],"collection":[{"href":"https:\/\/sepam.com.br\/fr\/wp-json\/wp\/v2\/posts"}],"about":[{"href":"https:\/\/sepam.com.br\/fr\/wp-json\/wp\/v2\/types\/post"}],"author":[{"embeddable":true,"href":"https:\/\/sepam.com.br\/fr\/wp-json\/wp\/v2\/users\/12"}],"replies":[{"embeddable":true,"href":"https:\/\/sepam.com.br\/fr\/wp-json\/wp\/v2\/comments?post=6815"}],"version-history":[{"count":1,"href":"https:\/\/sepam.com.br\/fr\/wp-json\/wp\/v2\/posts\/6815\/revisions"}],"predecessor-version":[{"id":7559,"href":"https:\/\/sepam.com.br\/fr\/wp-json\/wp\/v2\/posts\/6815\/revisions\/7559"}],"wp:attachment":[{"href":"https:\/\/sepam.com.br\/fr\/wp-json\/wp\/v2\/media?parent=6815"}],"wp:term":[{"taxonomy":"category","embeddable":true,"href":"https:\/\/sepam.com.br\/fr\/wp-json\/wp\/v2\/categories?post=6815"},{"taxonomy":"post_tag","embeddable":true,"href":"https:\/\/sepam.com.br\/fr\/wp-json\/wp\/v2\/tags?post=6815"}],"curies":[{"name":"wp","href":"https:\/\/api.w.org\/{rel}","templated":true}]}}