{"id":6798,"date":"2025-08-28T10:46:50","date_gmt":"2025-08-28T13:46:50","guid":{"rendered":"https:\/\/dev.alisonandrei.com.br\/noticia\/mesatenista-do-sepam-disputa-fase-final-dos-jeps\/"},"modified":"2025-08-28T10:53:52","modified_gmt":"2025-08-28T13:53:52","slug":"mesatenista-do-sepam-disputa-fase-final-dos-jeps","status":"publish","type":"post","link":"https:\/\/sepam.com.br\/fr\/mesatenista-do-sepam-disputa-fase-final-dos-jeps\/","title":{"rendered":"Mesatenista do Sepam disputa fase final dos JEPs"},"content":{"rendered":"<p><em>Os jogos de t\u00eanis de mesa iniciam na quinta-feira (27)<\/em><\/p>\n<p>Atleta do Col\u00e9gio Sepam disputar\u00e1 a fase final dos Jogos Escolares do Paran\u00e1 (JEPs) no t\u00eanis de mesa feminino. As competi\u00e7\u00f5es da fase final dos JEPs acontecem desde o dia 21 de julho, na cidade de Apucarana, j\u00e1 os jogos de t\u00eanis de mesa iniciam nesta quinta-feira, dia 27.<\/p>\n<p>A aluna Bruna Bauzer Maciel estar\u00e1 representando o Sepam nos jogos. A mesatenista foi campe\u00e3 na fase regional, em Tibagi, e vice-campe\u00e3 na etapa macrorregional, em Castro. Nesta categoria \u00e9 sua primeira participa\u00e7\u00e3o. Como conta o professor do Sepam Pedro Ger\u00f4nimo, treinador de Bruna, ser\u00e1 um torneio dif\u00edcil. \u201cO Paran\u00e1 tem algumas jogadoras que j\u00e1 representaram a sele\u00e7\u00e3o brasileira, e por isso, possuem mais experi\u00eancia\u00a0\u00bb, afirmou o treinador. Bruna disputar\u00e1 a competi\u00e7\u00e3o individual a partir de sexta-feira, dia 28.<\/p>\n<p>Al\u00e9m do t\u00eanis de mesa, o Sepam tamb\u00e9m \u00e9 representado no JEPs, por alunos em equipes de xadrez, que foram campe\u00f5es na fase regional e macrorregional. Os Jogos Escolares do Paran\u00e1 re\u00fanem 100 mil atletas em todas as fases. A fase Final A, para estudantes de 15 a 17 anos, acontecem na cidade de Apucarana at\u00e9 o dia 29 de julho. A fase final B, para alunos de 12 a 14 anos, acontecem entre os dias 11 e 19 de agosto, na cidade de Camb\u00e9.<\/p>\n","protected":false},"excerpt":{"rendered":"<p>Os jogos de t\u00eanis de mesa iniciam na quinta-feira (27) Atleta do Col\u00e9gio Sepam disputar\u00e1 a fase final dos Jogos Escolares do Paran\u00e1 (JEPs) no t\u00eanis de mesa feminino. As competi\u00e7\u00f5es da fase final dos JEPs acontecem desde o dia 21 de julho, na cidade de Apucarana, j\u00e1 os jogos de t\u00eanis de mesa iniciam [&hellip;]<\/p>\n","protected":false},"author":12,"featured_media":0,"comment_status":"open","ping_status":"open","sticky":false,"template":"","format":"standard","meta":{"footnotes":""},"categories":[21],"tags":[],"class_list":["post-6798","post","type-post","status-publish","format-standard","hentry","category-colegio-sepam"],"yoast_head":"<!-- This site is optimized with the Yoast SEO plugin v28.4 - https:\/\/yoast.com\/product\/yoast-seo-wordpress\/ -->\n<title>Mesatenista do Sepam disputa fase final dos JEPs<\/title>\n<meta name=\"description\" content=\"Os jogos de t\u00eanis de mesa iniciam na quinta-feira (27) Atleta do Col\u00e9gio Sepam disputar\u00e1 a fase final dos Jogos Escolares do Paran\u00e1 (JEPs) no t\u00eanis de mesa feminino. As competi\u00e7\u00f5es da fase final dos JEPs acontecem desde o dia 21 de julho, na cidade de Apucarana, j\u00e1 os jogos de t\u00eanis de mesa iniciam\u2026\" \/>\n<meta name=\"robots\" content=\"index, follow, max-snippet:-1, max-image-preview:large, max-video-preview:-1\" \/>\n<link rel=\"canonical\" href=\"https:\/\/sepam.com.br\/fr\/mesatenista-do-sepam-disputa-fase-final-dos-jeps\/\" \/>\n<meta property=\"og:locale\" content=\"fr_FR\" \/>\n<meta property=\"og:type\" content=\"article\" \/>\n<meta property=\"og:title\" content=\"Mesatenista do Sepam disputa fase final dos JEPs\" \/>\n<meta property=\"og:description\" content=\"Os jogos de t\u00eanis de mesa iniciam na quinta-feira (27) Atleta do Col\u00e9gio Sepam disputar\u00e1 a fase final dos Jogos Escolares do Paran\u00e1 (JEPs) no t\u00eanis de mesa feminino. As competi\u00e7\u00f5es da fase final dos JEPs acontecem desde o dia 21 de julho, na cidade de Apucarana, j\u00e1 os jogos de t\u00eanis de mesa iniciam\u2026\" \/>\n<meta property=\"og:url\" content=\"https:\/\/sepam.com.br\/fr\/mesatenista-do-sepam-disputa-fase-final-dos-jeps\/\" \/>\n<meta property=\"og:site_name\" content=\"Col\u00e9gio Sepam\" \/>\n<meta property=\"article:published_time\" content=\"2025-08-28T13:46:50+00:00\" \/>\n<meta property=\"article:modified_time\" content=\"2025-08-28T13:53:52+00:00\" \/>\n<meta name=\"author\" content=\"Alison Andrei\" \/>\n<meta name=\"twitter:card\" content=\"summary_large_image\" \/>\n<meta name=\"twitter:label1\" content=\"\u00c9crit par\" \/>\n\t<meta name=\"twitter:data1\" content=\"Alison Andrei\" \/>\n\t<meta name=\"twitter:label2\" content=\"Dur\u00e9e de lecture estim\u00e9e\" \/>\n\t<meta name=\"twitter:data2\" content=\"1 minute\" \/>\n<script type=\"application\/ld+json\" class=\"yoast-schema-graph\">{\"@context\":\"https:\\\/\\\/schema.org\",\"@graph\":[{\"@type\":\"Article\",\"@id\":\"https:\\\/\\\/sepam.com.br\\\/fr\\\/mesatenista-do-sepam-disputa-fase-final-dos-jeps\\\/#article\",\"isPartOf\":{\"@id\":\"https:\\\/\\\/sepam.com.br\\\/fr\\\/mesatenista-do-sepam-disputa-fase-final-dos-jeps\\\/\"},\"author\":{\"name\":\"Alison Andrei\",\"@id\":\"https:\\\/\\\/sepam.com.br\\\/#\\\/schema\\\/person\\\/38aff034b8d22d0cd551d59b7e4939f5\"},\"headline\":\"Mesatenista do Sepam disputa fase final dos JEPs\",\"datePublished\":\"2025-08-28T13:46:50+00:00\",\"dateModified\":\"2025-08-28T13:53:52+00:00\",\"mainEntityOfPage\":{\"@id\":\"https:\\\/\\\/sepam.com.br\\\/fr\\\/mesatenista-do-sepam-disputa-fase-final-dos-jeps\\\/\"},\"wordCount\":233,\"commentCount\":0,\"publisher\":{\"@id\":\"https:\\\/\\\/sepam.com.br\\\/#organization\"},\"articleSection\":[\"Colegio Sepam\"],\"inLanguage\":\"fr-FR\",\"potentialAction\":[{\"@type\":\"CommentAction\",\"name\":\"Comment\",\"target\":[\"https:\\\/\\\/sepam.com.br\\\/fr\\\/mesatenista-do-sepam-disputa-fase-final-dos-jeps\\\/#respond\"]}]},{\"@type\":\"WebPage\",\"@id\":\"https:\\\/\\\/sepam.com.br\\\/fr\\\/mesatenista-do-sepam-disputa-fase-final-dos-jeps\\\/\",\"url\":\"https:\\\/\\\/sepam.com.br\\\/fr\\\/mesatenista-do-sepam-disputa-fase-final-dos-jeps\\\/\",\"name\":\"Mesatenista do Sepam disputa fase final dos JEPs - Col\u00e9gio Sepam\",\"isPartOf\":{\"@id\":\"https:\\\/\\\/sepam.com.br\\\/#website\"},\"datePublished\":\"2025-08-28T13:46:50+00:00\",\"dateModified\":\"2025-08-28T13:53:52+00:00\",\"breadcrumb\":{\"@id\":\"https:\\\/\\\/sepam.com.br\\\/fr\\\/mesatenista-do-sepam-disputa-fase-final-dos-jeps\\\/#breadcrumb\"},\"inLanguage\":\"fr-FR\",\"potentialAction\":[{\"@type\":\"ReadAction\",\"target\":[\"https:\\\/\\\/sepam.com.br\\\/fr\\\/mesatenista-do-sepam-disputa-fase-final-dos-jeps\\\/\"]}]},{\"@type\":\"BreadcrumbList\",\"@id\":\"https:\\\/\\\/sepam.com.br\\\/fr\\\/mesatenista-do-sepam-disputa-fase-final-dos-jeps\\\/#breadcrumb\",\"itemListElement\":[{\"@type\":\"ListItem\",\"position\":1,\"name\":\"Boas Vindas\",\"item\":\"https:\\\/\\\/sepam.com.br\\\/\"},{\"@type\":\"ListItem\",\"position\":2,\"name\":\"Mesatenista do Sepam disputa fase final dos JEPs\"}]},{\"@type\":\"WebSite\",\"@id\":\"https:\\\/\\\/sepam.com.br\\\/fr\\\/#website\",\"url\":\"https:\\\/\\\/sepam.com.br\\\/fr\\\/\",\"name\":\"Col\u00e9gio Sepam\",\"description\":\"Ensino Incompar\u00e1vel\",\"publisher\":{\"@id\":\"https:\\\/\\\/sepam.com.br\\\/fr\\\/#organization\"},\"potentialAction\":[{\"@type\":\"SearchAction\",\"target\":{\"@type\":\"EntryPoint\",\"urlTemplate\":\"https:\\\/\\\/sepam.com.br\\\/fr\\\/?s={search_term_string}\"},\"query-input\":{\"@type\":\"PropertyValueSpecification\",\"valueRequired\":true,\"valueName\":\"search_term_string\"}}],\"inLanguage\":\"fr-FR\"},{\"@type\":\"Organization\",\"@id\":\"https:\\\/\\\/sepam.com.br\\\/fr\\\/#organization\",\"name\":\"Col\u00e9gio Sepam\",\"url\":\"https:\\\/\\\/sepam.com.br\\\/fr\\\/\",\"logo\":{\"@type\":\"ImageObject\",\"inLanguage\":\"fr-FR\",\"@id\":\"https:\\\/\\\/sepam.com.br\\\/fr\\\/#\\\/schema\\\/logo\\\/image\\\/\",\"url\":\"https:\\\/\\\/sepam.com.br\\\/wp-content\\\/uploads\\\/2025\\\/02\\\/Ativo-2.png\",\"contentUrl\":\"https:\\\/\\\/sepam.com.br\\\/wp-content\\\/uploads\\\/2025\\\/02\\\/Ativo-2.png\",\"width\":595,\"height\":525,\"caption\":\"Col\u00e9gio Sepam\"},\"image\":{\"@id\":\"https:\\\/\\\/sepam.com.br\\\/fr\\\/#\\\/schema\\\/logo\\\/image\\\/\"}},{\"@type\":\"Person\",\"@id\":\"https:\\\/\\\/sepam.com.br\\\/#\\\/schema\\\/person\\\/38aff034b8d22d0cd551d59b7e4939f5\",\"name\":\"Alison Andrei\",\"image\":{\"@type\":\"ImageObject\",\"inLanguage\":\"fr-FR\",\"@id\":\"https:\\\/\\\/secure.gravatar.com\\\/avatar\\\/7d433525a110825b50a22691febdab3f59016724f20a8f9b39c947a4aac9641a?s=96&d=mm&r=g\",\"url\":\"https:\\\/\\\/secure.gravatar.com\\\/avatar\\\/7d433525a110825b50a22691febdab3f59016724f20a8f9b39c947a4aac9641a?s=96&d=mm&r=g\",\"contentUrl\":\"https:\\\/\\\/secure.gravatar.com\\\/avatar\\\/7d433525a110825b50a22691febdab3f59016724f20a8f9b39c947a4aac9641a?s=96&d=mm&r=g\",\"caption\":\"Alison Andrei\"},\"url\":\"https:\\\/\\\/sepam.com.br\\\/fr\\\/author\\\/alisonandrei\\\/\"}]}<\/script>\n<!-- \/ Yoast SEO plugin. -->","yoast_head_json":{"title":"Mesatenista do Sepam disputa fase final dos JEPs","description":"Os jogos de t\u00eanis de mesa iniciam na quinta-feira (27) Atleta do Col\u00e9gio Sepam disputar\u00e1 a fase final dos Jogos Escolares do Paran\u00e1 (JEPs) no t\u00eanis de mesa feminino. As competi\u00e7\u00f5es da fase final dos JEPs acontecem desde o dia 21 de julho, na cidade de Apucarana, j\u00e1 os jogos de t\u00eanis de mesa iniciam\u2026","robots":{"index":"index","follow":"follow","max-snippet":"max-snippet:-1","max-image-preview":"max-image-preview:large","max-video-preview":"max-video-preview:-1"},"canonical":"https:\/\/sepam.com.br\/fr\/mesatenista-do-sepam-disputa-fase-final-dos-jeps\/","og_locale":"fr_FR","og_type":"article","og_title":"Mesatenista do Sepam disputa fase final dos JEPs","og_description":"Os jogos de t\u00eanis de mesa iniciam na quinta-feira (27) Atleta do Col\u00e9gio Sepam disputar\u00e1 a fase final dos Jogos Escolares do Paran\u00e1 (JEPs) no t\u00eanis de mesa feminino. As competi\u00e7\u00f5es da fase final dos JEPs acontecem desde o dia 21 de julho, na cidade de Apucarana, j\u00e1 os jogos de t\u00eanis de mesa iniciam\u2026","og_url":"https:\/\/sepam.com.br\/fr\/mesatenista-do-sepam-disputa-fase-final-dos-jeps\/","og_site_name":"Col\u00e9gio Sepam","article_published_time":"2025-08-28T13:46:50+00:00","article_modified_time":"2025-08-28T13:53:52+00:00","author":"Alison Andrei","twitter_card":"summary_large_image","twitter_misc":{"\u00c9crit par":"Alison Andrei","Dur\u00e9e de lecture estim\u00e9e":"1 minute"},"schema":{"@context":"https:\/\/schema.org","@graph":[{"@type":"Article","@id":"https:\/\/sepam.com.br\/fr\/mesatenista-do-sepam-disputa-fase-final-dos-jeps\/#article","isPartOf":{"@id":"https:\/\/sepam.com.br\/fr\/mesatenista-do-sepam-disputa-fase-final-dos-jeps\/"},"author":{"name":"Alison Andrei","@id":"https:\/\/sepam.com.br\/#\/schema\/person\/38aff034b8d22d0cd551d59b7e4939f5"},"headline":"Mesatenista do Sepam disputa fase final dos JEPs","datePublished":"2025-08-28T13:46:50+00:00","dateModified":"2025-08-28T13:53:52+00:00","mainEntityOfPage":{"@id":"https:\/\/sepam.com.br\/fr\/mesatenista-do-sepam-disputa-fase-final-dos-jeps\/"},"wordCount":233,"commentCount":0,"publisher":{"@id":"https:\/\/sepam.com.br\/#organization"},"articleSection":["Colegio Sepam"],"inLanguage":"fr-FR","potentialAction":[{"@type":"CommentAction","name":"Comment","target":["https:\/\/sepam.com.br\/fr\/mesatenista-do-sepam-disputa-fase-final-dos-jeps\/#respond"]}]},{"@type":"WebPage","@id":"https:\/\/sepam.com.br\/fr\/mesatenista-do-sepam-disputa-fase-final-dos-jeps\/","url":"https:\/\/sepam.com.br\/fr\/mesatenista-do-sepam-disputa-fase-final-dos-jeps\/","name":"Mesatenista do Sepam disputa fase final dos JEPs - Col\u00e9gio Sepam","isPartOf":{"@id":"https:\/\/sepam.com.br\/#website"},"datePublished":"2025-08-28T13:46:50+00:00","dateModified":"2025-08-28T13:53:52+00:00","breadcrumb":{"@id":"https:\/\/sepam.com.br\/fr\/mesatenista-do-sepam-disputa-fase-final-dos-jeps\/#breadcrumb"},"inLanguage":"fr-FR","potentialAction":[{"@type":"ReadAction","target":["https:\/\/sepam.com.br\/fr\/mesatenista-do-sepam-disputa-fase-final-dos-jeps\/"]}]},{"@type":"BreadcrumbList","@id":"https:\/\/sepam.com.br\/fr\/mesatenista-do-sepam-disputa-fase-final-dos-jeps\/#breadcrumb","itemListElement":[{"@type":"ListItem","position":1,"name":"Boas Vindas","item":"https:\/\/sepam.com.br\/"},{"@type":"ListItem","position":2,"name":"Mesatenista do Sepam disputa fase final dos JEPs"}]},{"@type":"WebSite","@id":"https:\/\/sepam.com.br\/fr\/#website","url":"https:\/\/sepam.com.br\/fr\/","name":"Col\u00e9gio Sepam","description":"Ensino Incompar\u00e1vel","publisher":{"@id":"https:\/\/sepam.com.br\/fr\/#organization"},"potentialAction":[{"@type":"SearchAction","target":{"@type":"EntryPoint","urlTemplate":"https:\/\/sepam.com.br\/fr\/?s={search_term_string}"},"query-input":{"@type":"PropertyValueSpecification","valueRequired":true,"valueName":"search_term_string"}}],"inLanguage":"fr-FR"},{"@type":"Organization","@id":"https:\/\/sepam.com.br\/fr\/#organization","name":"Col\u00e9gio Sepam","url":"https:\/\/sepam.com.br\/fr\/","logo":{"@type":"ImageObject","inLanguage":"fr-FR","@id":"https:\/\/sepam.com.br\/fr\/#\/schema\/logo\/image\/","url":"https:\/\/sepam.com.br\/wp-content\/uploads\/2025\/02\/Ativo-2.png","contentUrl":"https:\/\/sepam.com.br\/wp-content\/uploads\/2025\/02\/Ativo-2.png","width":595,"height":525,"caption":"Col\u00e9gio Sepam"},"image":{"@id":"https:\/\/sepam.com.br\/fr\/#\/schema\/logo\/image\/"}},{"@type":"Person","@id":"https:\/\/sepam.com.br\/#\/schema\/person\/38aff034b8d22d0cd551d59b7e4939f5","name":"Alison Andrei","image":{"@type":"ImageObject","inLanguage":"fr-FR","@id":"https:\/\/secure.gravatar.com\/avatar\/7d433525a110825b50a22691febdab3f59016724f20a8f9b39c947a4aac9641a?s=96&d=mm&r=g","url":"https:\/\/secure.gravatar.com\/avatar\/7d433525a110825b50a22691febdab3f59016724f20a8f9b39c947a4aac9641a?s=96&d=mm&r=g","contentUrl":"https:\/\/secure.gravatar.com\/avatar\/7d433525a110825b50a22691febdab3f59016724f20a8f9b39c947a4aac9641a?s=96&d=mm&r=g","caption":"Alison Andrei"},"url":"https:\/\/sepam.com.br\/fr\/author\/alisonandrei\/"}]}},"_links":{"self":[{"href":"https:\/\/sepam.com.br\/fr\/wp-json\/wp\/v2\/posts\/6798","targetHints":{"allow":["GET"]}}],"collection":[{"href":"https:\/\/sepam.com.br\/fr\/wp-json\/wp\/v2\/posts"}],"about":[{"href":"https:\/\/sepam.com.br\/fr\/wp-json\/wp\/v2\/types\/post"}],"author":[{"embeddable":true,"href":"https:\/\/sepam.com.br\/fr\/wp-json\/wp\/v2\/users\/12"}],"replies":[{"embeddable":true,"href":"https:\/\/sepam.com.br\/fr\/wp-json\/wp\/v2\/comments?post=6798"}],"version-history":[{"count":1,"href":"https:\/\/sepam.com.br\/fr\/wp-json\/wp\/v2\/posts\/6798\/revisions"}],"predecessor-version":[{"id":7542,"href":"https:\/\/sepam.com.br\/fr\/wp-json\/wp\/v2\/posts\/6798\/revisions\/7542"}],"wp:attachment":[{"href":"https:\/\/sepam.com.br\/fr\/wp-json\/wp\/v2\/media?parent=6798"}],"wp:term":[{"taxonomy":"category","embeddable":true,"href":"https:\/\/sepam.com.br\/fr\/wp-json\/wp\/v2\/categories?post=6798"},{"taxonomy":"post_tag","embeddable":true,"href":"https:\/\/sepam.com.br\/fr\/wp-json\/wp\/v2\/tags?post=6798"}],"curies":[{"name":"wp","href":"https:\/\/api.w.org\/{rel}","templated":true}]}}