{"id":6797,"date":"2025-08-28T10:46:47","date_gmt":"2025-08-28T13:46:47","guid":{"rendered":"https:\/\/dev.alisonandrei.com.br\/noticia\/atletas-do-aspa-sepam-fundesp-recebem-convocacao-da-fprb\/"},"modified":"2025-08-28T10:53:54","modified_gmt":"2025-08-28T13:53:54","slug":"atletas-do-aspa-sepam-fundesp-recebem-convocacao-da-fprb","status":"publish","type":"post","link":"https:\/\/sepam.com.br\/fr\/atletas-do-aspa-sepam-fundesp-recebem-convocacao-da-fprb\/","title":{"rendered":"Atletas do ASPA\/Sepam\/Fundesp recebem convoca\u00e7\u00e3o da FPRB"},"content":{"rendered":"<p><em>Seis jogadores do time far\u00e3o treinamentos na categoria sub 13 <\/em><\/p>\n<p>A Federa\u00e7\u00e3o Paranaense de Basquete (FPRB) selecionou seis atletas do time Associa\u00e7\u00e3o dos Amigos do Basquetebol Ponta-grossense (Aspa), do Col\u00e9gio Sepam em parceria com a Funda\u00e7\u00e3o Municipal de Esportes (Fundesp), para participarem dos treinamentos da sele\u00e7\u00e3o de desenvolvimento, categoria sub-13. A meta \u00e9 criar um padr\u00e3o de treino entre os jovens.<\/p>\n<p>Ao todo, foram 31 jogadores convocados, que ir\u00e3o realizar a atividade nos dias 03 e 06 de agosto, na cidade de Toledo\/PR. O objetivo \u00e9 oferecer a oportunidade de os atletas se adaptarem aos futuros treinamentos dos times de basquete do Paran\u00e1 e para poss\u00edveis convoca\u00e7\u00f5es para competi\u00e7\u00f5es nacionais. A Federa\u00e7\u00e3o tamb\u00e9m pretende qualificar ainda mais os jogadores da categoria que se destacarem.<\/p>\n<p>Criada em 2016, a Aspa tem como treinador o professor do Sepam Luis Ant\u00f4nio Rodrigues Neto, o Passoka e vem realizando, com o apoio da Fundesp, treinos, atividades e competi\u00e7\u00f5es com equipes de base do basquete ponta-grossense, com atletas com idades entre 11 e 15 anos. Confira a lista dos alunos convocados: Lucas Vieira; Luis Pereira; Gustavo da Silva; Eduardo de Lima; Vitor Coradassi e Luis Eduardo Ribas.<\/p>\n<p>&nbsp;<\/p>\n","protected":false},"excerpt":{"rendered":"<p>Seis jogadores do time far\u00e3o treinamentos na categoria sub 13 A Federa\u00e7\u00e3o Paranaense de Basquete (FPRB) selecionou seis atletas do time Associa\u00e7\u00e3o dos Amigos do Basquetebol Ponta-grossense (Aspa), do Col\u00e9gio Sepam em parceria com a Funda\u00e7\u00e3o Municipal de Esportes (Fundesp), para participarem dos treinamentos da sele\u00e7\u00e3o de desenvolvimento, categoria sub-13. A meta \u00e9 criar um [&hellip;]<\/p>\n","protected":false},"author":12,"featured_media":0,"comment_status":"open","ping_status":"open","sticky":false,"template":"","format":"standard","meta":{"footnotes":""},"categories":[21],"tags":[],"class_list":["post-6797","post","type-post","status-publish","format-standard","hentry","category-colegio-sepam"],"yoast_head":"<!-- This site is optimized with the Yoast SEO plugin v28.4 - https:\/\/yoast.com\/product\/yoast-seo-wordpress\/ -->\n<title>Atletas do ASPA\/Sepam\/Fundesp recebem convoca\u00e7\u00e3o da FPRB<\/title>\n<meta name=\"description\" content=\"Seis jogadores do time far\u00e3o treinamentos na categoria sub 13 A Federa\u00e7\u00e3o Paranaense de Basquete (FPRB) selecionou seis atletas do time Associa\u00e7\u00e3o dos Amigos do Basquetebol Ponta-grossense (Aspa), do Col\u00e9gio Sepam em parceria com a Funda\u00e7\u00e3o Municipal de Esportes (Fundesp), para participarem dos treinamentos da sele\u00e7\u00e3o de desenvolvimento, categoria sub-13. A meta \u00e9 criar um\u2026\" \/>\n<meta name=\"robots\" content=\"index, follow, max-snippet:-1, max-image-preview:large, max-video-preview:-1\" \/>\n<link rel=\"canonical\" href=\"https:\/\/sepam.com.br\/fr\/atletas-do-aspa-sepam-fundesp-recebem-convocacao-da-fprb\/\" \/>\n<meta property=\"og:locale\" content=\"fr_FR\" \/>\n<meta property=\"og:type\" content=\"article\" \/>\n<meta property=\"og:title\" content=\"Atletas do ASPA\/Sepam\/Fundesp recebem convoca\u00e7\u00e3o da FPRB\" \/>\n<meta property=\"og:description\" content=\"Seis jogadores do time far\u00e3o treinamentos na categoria sub 13 A Federa\u00e7\u00e3o Paranaense de Basquete (FPRB) selecionou seis atletas do time Associa\u00e7\u00e3o dos Amigos do Basquetebol Ponta-grossense (Aspa), do Col\u00e9gio Sepam em parceria com a Funda\u00e7\u00e3o Municipal de Esportes (Fundesp), para participarem dos treinamentos da sele\u00e7\u00e3o de desenvolvimento, categoria sub-13. A meta \u00e9 criar um\u2026\" \/>\n<meta property=\"og:url\" content=\"https:\/\/sepam.com.br\/fr\/atletas-do-aspa-sepam-fundesp-recebem-convocacao-da-fprb\/\" \/>\n<meta property=\"og:site_name\" content=\"Col\u00e9gio Sepam\" \/>\n<meta property=\"article:published_time\" content=\"2025-08-28T13:46:47+00:00\" \/>\n<meta property=\"article:modified_time\" content=\"2025-08-28T13:53:54+00:00\" \/>\n<meta name=\"author\" content=\"Alison Andrei\" \/>\n<meta name=\"twitter:card\" content=\"summary_large_image\" \/>\n<meta name=\"twitter:label1\" content=\"\u00c9crit par\" \/>\n\t<meta name=\"twitter:data1\" content=\"Alison Andrei\" \/>\n\t<meta name=\"twitter:label2\" content=\"Dur\u00e9e de lecture estim\u00e9e\" \/>\n\t<meta name=\"twitter:data2\" content=\"1 minute\" \/>\n<script type=\"application\/ld+json\" class=\"yoast-schema-graph\">{\"@context\":\"https:\\\/\\\/schema.org\",\"@graph\":[{\"@type\":\"Article\",\"@id\":\"https:\\\/\\\/sepam.com.br\\\/fr\\\/atletas-do-aspa-sepam-fundesp-recebem-convocacao-da-fprb\\\/#article\",\"isPartOf\":{\"@id\":\"https:\\\/\\\/sepam.com.br\\\/fr\\\/atletas-do-aspa-sepam-fundesp-recebem-convocacao-da-fprb\\\/\"},\"author\":{\"name\":\"Alison Andrei\",\"@id\":\"https:\\\/\\\/sepam.com.br\\\/#\\\/schema\\\/person\\\/38aff034b8d22d0cd551d59b7e4939f5\"},\"headline\":\"Atletas do ASPA\\\/Sepam\\\/Fundesp recebem convoca\u00e7\u00e3o da FPRB\",\"datePublished\":\"2025-08-28T13:46:47+00:00\",\"dateModified\":\"2025-08-28T13:53:54+00:00\",\"mainEntityOfPage\":{\"@id\":\"https:\\\/\\\/sepam.com.br\\\/fr\\\/atletas-do-aspa-sepam-fundesp-recebem-convocacao-da-fprb\\\/\"},\"wordCount\":210,\"commentCount\":0,\"publisher\":{\"@id\":\"https:\\\/\\\/sepam.com.br\\\/#organization\"},\"articleSection\":[\"Colegio Sepam\"],\"inLanguage\":\"fr-FR\",\"potentialAction\":[{\"@type\":\"CommentAction\",\"name\":\"Comment\",\"target\":[\"https:\\\/\\\/sepam.com.br\\\/fr\\\/atletas-do-aspa-sepam-fundesp-recebem-convocacao-da-fprb\\\/#respond\"]}]},{\"@type\":\"WebPage\",\"@id\":\"https:\\\/\\\/sepam.com.br\\\/fr\\\/atletas-do-aspa-sepam-fundesp-recebem-convocacao-da-fprb\\\/\",\"url\":\"https:\\\/\\\/sepam.com.br\\\/fr\\\/atletas-do-aspa-sepam-fundesp-recebem-convocacao-da-fprb\\\/\",\"name\":\"Atletas do ASPA\\\/Sepam\\\/Fundesp recebem convoca\u00e7\u00e3o da FPRB - Col\u00e9gio Sepam\",\"isPartOf\":{\"@id\":\"https:\\\/\\\/sepam.com.br\\\/#website\"},\"datePublished\":\"2025-08-28T13:46:47+00:00\",\"dateModified\":\"2025-08-28T13:53:54+00:00\",\"breadcrumb\":{\"@id\":\"https:\\\/\\\/sepam.com.br\\\/fr\\\/atletas-do-aspa-sepam-fundesp-recebem-convocacao-da-fprb\\\/#breadcrumb\"},\"inLanguage\":\"fr-FR\",\"potentialAction\":[{\"@type\":\"ReadAction\",\"target\":[\"https:\\\/\\\/sepam.com.br\\\/fr\\\/atletas-do-aspa-sepam-fundesp-recebem-convocacao-da-fprb\\\/\"]}]},{\"@type\":\"BreadcrumbList\",\"@id\":\"https:\\\/\\\/sepam.com.br\\\/fr\\\/atletas-do-aspa-sepam-fundesp-recebem-convocacao-da-fprb\\\/#breadcrumb\",\"itemListElement\":[{\"@type\":\"ListItem\",\"position\":1,\"name\":\"Boas Vindas\",\"item\":\"https:\\\/\\\/sepam.com.br\\\/\"},{\"@type\":\"ListItem\",\"position\":2,\"name\":\"Atletas do ASPA\\\/Sepam\\\/Fundesp recebem convoca\u00e7\u00e3o da FPRB\"}]},{\"@type\":\"WebSite\",\"@id\":\"https:\\\/\\\/sepam.com.br\\\/fr\\\/#website\",\"url\":\"https:\\\/\\\/sepam.com.br\\\/fr\\\/\",\"name\":\"Col\u00e9gio Sepam\",\"description\":\"Ensino Incompar\u00e1vel\",\"publisher\":{\"@id\":\"https:\\\/\\\/sepam.com.br\\\/fr\\\/#organization\"},\"potentialAction\":[{\"@type\":\"SearchAction\",\"target\":{\"@type\":\"EntryPoint\",\"urlTemplate\":\"https:\\\/\\\/sepam.com.br\\\/fr\\\/?s={search_term_string}\"},\"query-input\":{\"@type\":\"PropertyValueSpecification\",\"valueRequired\":true,\"valueName\":\"search_term_string\"}}],\"inLanguage\":\"fr-FR\"},{\"@type\":\"Organization\",\"@id\":\"https:\\\/\\\/sepam.com.br\\\/fr\\\/#organization\",\"name\":\"Col\u00e9gio Sepam\",\"url\":\"https:\\\/\\\/sepam.com.br\\\/fr\\\/\",\"logo\":{\"@type\":\"ImageObject\",\"inLanguage\":\"fr-FR\",\"@id\":\"https:\\\/\\\/sepam.com.br\\\/fr\\\/#\\\/schema\\\/logo\\\/image\\\/\",\"url\":\"https:\\\/\\\/sepam.com.br\\\/wp-content\\\/uploads\\\/2025\\\/02\\\/Ativo-2.png\",\"contentUrl\":\"https:\\\/\\\/sepam.com.br\\\/wp-content\\\/uploads\\\/2025\\\/02\\\/Ativo-2.png\",\"width\":595,\"height\":525,\"caption\":\"Col\u00e9gio Sepam\"},\"image\":{\"@id\":\"https:\\\/\\\/sepam.com.br\\\/fr\\\/#\\\/schema\\\/logo\\\/image\\\/\"}},{\"@type\":\"Person\",\"@id\":\"https:\\\/\\\/sepam.com.br\\\/#\\\/schema\\\/person\\\/38aff034b8d22d0cd551d59b7e4939f5\",\"name\":\"Alison Andrei\",\"image\":{\"@type\":\"ImageObject\",\"inLanguage\":\"fr-FR\",\"@id\":\"https:\\\/\\\/secure.gravatar.com\\\/avatar\\\/7d433525a110825b50a22691febdab3f59016724f20a8f9b39c947a4aac9641a?s=96&d=mm&r=g\",\"url\":\"https:\\\/\\\/secure.gravatar.com\\\/avatar\\\/7d433525a110825b50a22691febdab3f59016724f20a8f9b39c947a4aac9641a?s=96&d=mm&r=g\",\"contentUrl\":\"https:\\\/\\\/secure.gravatar.com\\\/avatar\\\/7d433525a110825b50a22691febdab3f59016724f20a8f9b39c947a4aac9641a?s=96&d=mm&r=g\",\"caption\":\"Alison Andrei\"},\"url\":\"https:\\\/\\\/sepam.com.br\\\/fr\\\/author\\\/alisonandrei\\\/\"}]}<\/script>\n<!-- \/ Yoast SEO plugin. -->","yoast_head_json":{"title":"Atletas do ASPA\/Sepam\/Fundesp recebem convoca\u00e7\u00e3o da FPRB","description":"Seis jogadores do time far\u00e3o treinamentos na categoria sub 13 A Federa\u00e7\u00e3o Paranaense de Basquete (FPRB) selecionou seis atletas do time Associa\u00e7\u00e3o dos Amigos do Basquetebol Ponta-grossense (Aspa), do Col\u00e9gio Sepam em parceria com a Funda\u00e7\u00e3o Municipal de Esportes (Fundesp), para participarem dos treinamentos da sele\u00e7\u00e3o de desenvolvimento, categoria sub-13. A meta \u00e9 criar um\u2026","robots":{"index":"index","follow":"follow","max-snippet":"max-snippet:-1","max-image-preview":"max-image-preview:large","max-video-preview":"max-video-preview:-1"},"canonical":"https:\/\/sepam.com.br\/fr\/atletas-do-aspa-sepam-fundesp-recebem-convocacao-da-fprb\/","og_locale":"fr_FR","og_type":"article","og_title":"Atletas do ASPA\/Sepam\/Fundesp recebem convoca\u00e7\u00e3o da FPRB","og_description":"Seis jogadores do time far\u00e3o treinamentos na categoria sub 13 A Federa\u00e7\u00e3o Paranaense de Basquete (FPRB) selecionou seis atletas do time Associa\u00e7\u00e3o dos Amigos do Basquetebol Ponta-grossense (Aspa), do Col\u00e9gio Sepam em parceria com a Funda\u00e7\u00e3o Municipal de Esportes (Fundesp), para participarem dos treinamentos da sele\u00e7\u00e3o de desenvolvimento, categoria sub-13. A meta \u00e9 criar um\u2026","og_url":"https:\/\/sepam.com.br\/fr\/atletas-do-aspa-sepam-fundesp-recebem-convocacao-da-fprb\/","og_site_name":"Col\u00e9gio Sepam","article_published_time":"2025-08-28T13:46:47+00:00","article_modified_time":"2025-08-28T13:53:54+00:00","author":"Alison Andrei","twitter_card":"summary_large_image","twitter_misc":{"\u00c9crit par":"Alison Andrei","Dur\u00e9e de lecture estim\u00e9e":"1 minute"},"schema":{"@context":"https:\/\/schema.org","@graph":[{"@type":"Article","@id":"https:\/\/sepam.com.br\/fr\/atletas-do-aspa-sepam-fundesp-recebem-convocacao-da-fprb\/#article","isPartOf":{"@id":"https:\/\/sepam.com.br\/fr\/atletas-do-aspa-sepam-fundesp-recebem-convocacao-da-fprb\/"},"author":{"name":"Alison Andrei","@id":"https:\/\/sepam.com.br\/#\/schema\/person\/38aff034b8d22d0cd551d59b7e4939f5"},"headline":"Atletas do ASPA\/Sepam\/Fundesp recebem convoca\u00e7\u00e3o da FPRB","datePublished":"2025-08-28T13:46:47+00:00","dateModified":"2025-08-28T13:53:54+00:00","mainEntityOfPage":{"@id":"https:\/\/sepam.com.br\/fr\/atletas-do-aspa-sepam-fundesp-recebem-convocacao-da-fprb\/"},"wordCount":210,"commentCount":0,"publisher":{"@id":"https:\/\/sepam.com.br\/#organization"},"articleSection":["Colegio Sepam"],"inLanguage":"fr-FR","potentialAction":[{"@type":"CommentAction","name":"Comment","target":["https:\/\/sepam.com.br\/fr\/atletas-do-aspa-sepam-fundesp-recebem-convocacao-da-fprb\/#respond"]}]},{"@type":"WebPage","@id":"https:\/\/sepam.com.br\/fr\/atletas-do-aspa-sepam-fundesp-recebem-convocacao-da-fprb\/","url":"https:\/\/sepam.com.br\/fr\/atletas-do-aspa-sepam-fundesp-recebem-convocacao-da-fprb\/","name":"Atletas do ASPA\/Sepam\/Fundesp recebem convoca\u00e7\u00e3o da FPRB - Col\u00e9gio Sepam","isPartOf":{"@id":"https:\/\/sepam.com.br\/#website"},"datePublished":"2025-08-28T13:46:47+00:00","dateModified":"2025-08-28T13:53:54+00:00","breadcrumb":{"@id":"https:\/\/sepam.com.br\/fr\/atletas-do-aspa-sepam-fundesp-recebem-convocacao-da-fprb\/#breadcrumb"},"inLanguage":"fr-FR","potentialAction":[{"@type":"ReadAction","target":["https:\/\/sepam.com.br\/fr\/atletas-do-aspa-sepam-fundesp-recebem-convocacao-da-fprb\/"]}]},{"@type":"BreadcrumbList","@id":"https:\/\/sepam.com.br\/fr\/atletas-do-aspa-sepam-fundesp-recebem-convocacao-da-fprb\/#breadcrumb","itemListElement":[{"@type":"ListItem","position":1,"name":"Boas Vindas","item":"https:\/\/sepam.com.br\/"},{"@type":"ListItem","position":2,"name":"Atletas do ASPA\/Sepam\/Fundesp recebem convoca\u00e7\u00e3o da FPRB"}]},{"@type":"WebSite","@id":"https:\/\/sepam.com.br\/fr\/#website","url":"https:\/\/sepam.com.br\/fr\/","name":"Col\u00e9gio Sepam","description":"Ensino Incompar\u00e1vel","publisher":{"@id":"https:\/\/sepam.com.br\/fr\/#organization"},"potentialAction":[{"@type":"SearchAction","target":{"@type":"EntryPoint","urlTemplate":"https:\/\/sepam.com.br\/fr\/?s={search_term_string}"},"query-input":{"@type":"PropertyValueSpecification","valueRequired":true,"valueName":"search_term_string"}}],"inLanguage":"fr-FR"},{"@type":"Organization","@id":"https:\/\/sepam.com.br\/fr\/#organization","name":"Col\u00e9gio Sepam","url":"https:\/\/sepam.com.br\/fr\/","logo":{"@type":"ImageObject","inLanguage":"fr-FR","@id":"https:\/\/sepam.com.br\/fr\/#\/schema\/logo\/image\/","url":"https:\/\/sepam.com.br\/wp-content\/uploads\/2025\/02\/Ativo-2.png","contentUrl":"https:\/\/sepam.com.br\/wp-content\/uploads\/2025\/02\/Ativo-2.png","width":595,"height":525,"caption":"Col\u00e9gio Sepam"},"image":{"@id":"https:\/\/sepam.com.br\/fr\/#\/schema\/logo\/image\/"}},{"@type":"Person","@id":"https:\/\/sepam.com.br\/#\/schema\/person\/38aff034b8d22d0cd551d59b7e4939f5","name":"Alison Andrei","image":{"@type":"ImageObject","inLanguage":"fr-FR","@id":"https:\/\/secure.gravatar.com\/avatar\/7d433525a110825b50a22691febdab3f59016724f20a8f9b39c947a4aac9641a?s=96&d=mm&r=g","url":"https:\/\/secure.gravatar.com\/avatar\/7d433525a110825b50a22691febdab3f59016724f20a8f9b39c947a4aac9641a?s=96&d=mm&r=g","contentUrl":"https:\/\/secure.gravatar.com\/avatar\/7d433525a110825b50a22691febdab3f59016724f20a8f9b39c947a4aac9641a?s=96&d=mm&r=g","caption":"Alison Andrei"},"url":"https:\/\/sepam.com.br\/fr\/author\/alisonandrei\/"}]}},"_links":{"self":[{"href":"https:\/\/sepam.com.br\/fr\/wp-json\/wp\/v2\/posts\/6797","targetHints":{"allow":["GET"]}}],"collection":[{"href":"https:\/\/sepam.com.br\/fr\/wp-json\/wp\/v2\/posts"}],"about":[{"href":"https:\/\/sepam.com.br\/fr\/wp-json\/wp\/v2\/types\/post"}],"author":[{"embeddable":true,"href":"https:\/\/sepam.com.br\/fr\/wp-json\/wp\/v2\/users\/12"}],"replies":[{"embeddable":true,"href":"https:\/\/sepam.com.br\/fr\/wp-json\/wp\/v2\/comments?post=6797"}],"version-history":[{"count":1,"href":"https:\/\/sepam.com.br\/fr\/wp-json\/wp\/v2\/posts\/6797\/revisions"}],"predecessor-version":[{"id":7581,"href":"https:\/\/sepam.com.br\/fr\/wp-json\/wp\/v2\/posts\/6797\/revisions\/7581"}],"wp:attachment":[{"href":"https:\/\/sepam.com.br\/fr\/wp-json\/wp\/v2\/media?parent=6797"}],"wp:term":[{"taxonomy":"category","embeddable":true,"href":"https:\/\/sepam.com.br\/fr\/wp-json\/wp\/v2\/categories?post=6797"},{"taxonomy":"post_tag","embeddable":true,"href":"https:\/\/sepam.com.br\/fr\/wp-json\/wp\/v2\/tags?post=6797"}],"curies":[{"name":"wp","href":"https:\/\/api.w.org\/{rel}","templated":true}]}}