{"id":8018,"date":"2025-11-24T10:58:30","date_gmt":"2025-11-24T13:58:30","guid":{"rendered":"https:\/\/sepam.com.br\/?p=8018"},"modified":"2025-11-24T10:58:30","modified_gmt":"2025-11-24T13:58:30","slug":"aluna-e-convocada-para-defender-a-selecao-paranaense-no-campeonato-brasileiro-de-selecoes","status":"publish","type":"post","link":"https:\/\/sepam.com.br\/es\/aluna-e-convocada-para-defender-a-selecao-paranaense-no-campeonato-brasileiro-de-selecoes\/","title":{"rendered":"Aluna \u00e9 convocada para defender a sele\u00e7\u00e3o paranaense no Campeonato Brasileiro de Sele\u00e7\u00f5es"},"content":{"rendered":"\n<p class=\"wp-block-paragraph\">A aluna <strong>Fernanda Ortiz<\/strong> est\u00e1 convocada para defender a <strong>sele\u00e7\u00e3o paranaense<\/strong>, que disputar\u00e1 o <strong>Campeonato Brasileiro de Sele\u00e7\u00f5es<\/strong>. A competi\u00e7\u00e3o ser\u00e1 realizada no <strong>Rio de Janeiro<\/strong>, entre os dias <strong>26 de novembro e 02 de dezembro<\/strong>.<\/p>\n\n\n\n<p class=\"wp-block-paragraph\">Fernanda tem como caracter\u00edstica a <strong>disciplina<\/strong> e a <strong>\u00f3tima leitura de jogo<\/strong>, qualidades que contribu\u00edram para seu desempenho recente. A estudante vem sendo <strong>destaque nas competi\u00e7\u00f5es de clubes do estado<\/strong>, refor\u00e7ando sua trajet\u00f3ria de evolu\u00e7\u00e3o no esporte.<\/p>\n\n\n\n<p class=\"wp-block-paragraph\">Parab\u00e9ns para nossa aluna!<\/p>\n","protected":false},"excerpt":{"rendered":"<p>A aluna Fernanda Ortiz foi convocada para defender a sele\u00e7\u00e3o paranaense no Campeonato Brasileiro de Sele\u00e7\u00f5es, que acontecer\u00e1 no Rio de Janeiro entre 26 de novembro e 02 de dezembro.<\/p>\n","protected":false},"author":12,"featured_media":8019,"comment_status":"open","ping_status":"open","sticky":false,"template":"","format":"standard","meta":{"footnotes":""},"categories":[21],"tags":[38,42,40,41,37,39],"class_list":["post-8018","post","type-post","status-publish","format-standard","has-post-thumbnail","hentry","category-colegio-sepam","tag-campeonato-brasileiro-de-selecoes","tag-colegio-sepam","tag-educacao","tag-esportes","tag-fernanda-ortiz","tag-selecao-paranaense"],"yoast_head":"<!-- This site is optimized with the Yoast SEO plugin v28.4 - https:\/\/yoast.com\/product\/yoast-seo-wordpress\/ -->\n<title>Aluna \u00e9 convocada para defender a sele\u00e7\u00e3o paranaense no Campeonato Brasileiro de Sele\u00e7\u00f5es<\/title>\n<meta name=\"description\" content=\"A aluna Fernanda Ortiz foi convocada para defender a sele\u00e7\u00e3o paranaense no Campeonato Brasileiro de Sele\u00e7\u00f5es, que acontecer\u00e1 no Rio de Janeiro entre 26 de novembro e 02 de dezembro.\" \/>\n<meta name=\"robots\" content=\"index, follow, max-snippet:-1, max-image-preview:large, max-video-preview:-1\" \/>\n<link rel=\"canonical\" href=\"http:\/\/A%20aluna%20Fernanda%20Ortiz%20foi%20convocada%20para%20defender%20a%20sele\u00e7\u00e3o%20paranaense%20no%20Campeonato%20Brasileiro%20de%20Sele\u00e7\u00f5es,%20que%20acontecer\u00e1%20no%20Rio%20de%20Janeiro%20entre%2026%20de%20novembro%20e%2002%20de%20dezembro.\" \/>\n<meta property=\"og:locale\" content=\"es_ES\" \/>\n<meta property=\"og:type\" content=\"article\" \/>\n<meta property=\"og:title\" content=\"Aluna \u00e9 convocada para defender a sele\u00e7\u00e3o paranaense no Campeonato Brasileiro de Sele\u00e7\u00f5es\" \/>\n<meta property=\"og:description\" content=\"A aluna Fernanda Ortiz foi convocada para defender a sele\u00e7\u00e3o paranaense no Campeonato Brasileiro de Sele\u00e7\u00f5es, que acontecer\u00e1 no Rio de Janeiro entre 26 de novembro e 02 de dezembro.\" \/>\n<meta property=\"og:url\" content=\"https:\/\/sepam.com.br\/es\/aluna-e-convocada-para-defender-a-selecao-paranaense-no-campeonato-brasileiro-de-selecoes\/\" \/>\n<meta property=\"og:site_name\" content=\"Col\u00e9gio Sepam\" \/>\n<meta property=\"article:published_time\" content=\"2025-11-24T13:58:30+00:00\" \/>\n<meta property=\"og:image\" content=\"https:\/\/sepam.com.br\/wp-content\/uploads\/2025\/11\/WhatsApp-Image-2025-11-13-at-10.04.52.jpeg\" \/>\n\t<meta property=\"og:image:width\" content=\"316\" \/>\n\t<meta property=\"og:image:height\" content=\"399\" \/>\n\t<meta property=\"og:image:type\" content=\"image\/jpeg\" \/>\n<meta name=\"author\" content=\"Alison Andrei\" \/>\n<meta name=\"twitter:card\" content=\"summary_large_image\" \/>\n<meta name=\"twitter:label1\" content=\"Escrito por\" \/>\n\t<meta name=\"twitter:data1\" content=\"Alison Andrei\" \/>\n\t<meta name=\"twitter:label2\" content=\"Tiempo de lectura\" \/>\n\t<meta name=\"twitter:data2\" content=\"1 minuto\" \/>\n<script type=\"application\/ld+json\" class=\"yoast-schema-graph\">{\"@context\":\"https:\\\/\\\/schema.org\",\"@graph\":[{\"@type\":\"Article\",\"@id\":\"https:\\\/\\\/sepam.com.br\\\/es\\\/aluna-e-convocada-para-defender-a-selecao-paranaense-no-campeonato-brasileiro-de-selecoes\\\/#article\",\"isPartOf\":{\"@id\":\"https:\\\/\\\/sepam.com.br\\\/es\\\/aluna-e-convocada-para-defender-a-selecao-paranaense-no-campeonato-brasileiro-de-selecoes\\\/\"},\"author\":{\"name\":\"Alison Andrei\",\"@id\":\"https:\\\/\\\/sepam.com.br\\\/#\\\/schema\\\/person\\\/38aff034b8d22d0cd551d59b7e4939f5\"},\"headline\":\"Aluna \u00e9 convocada para defender a sele\u00e7\u00e3o paranaense no Campeonato Brasileiro de Sele\u00e7\u00f5es\",\"datePublished\":\"2025-11-24T13:58:30+00:00\",\"mainEntityOfPage\":{\"@id\":\"https:\\\/\\\/sepam.com.br\\\/es\\\/aluna-e-convocada-para-defender-a-selecao-paranaense-no-campeonato-brasileiro-de-selecoes\\\/\"},\"wordCount\":99,\"commentCount\":0,\"publisher\":{\"@id\":\"https:\\\/\\\/sepam.com.br\\\/#organization\"},\"image\":{\"@id\":\"https:\\\/\\\/sepam.com.br\\\/es\\\/aluna-e-convocada-para-defender-a-selecao-paranaense-no-campeonato-brasileiro-de-selecoes\\\/#primaryimage\"},\"thumbnailUrl\":\"https:\\\/\\\/sepam.com.br\\\/wp-content\\\/uploads\\\/2025\\\/11\\\/WhatsApp-Image-2025-11-13-at-10.04.52.jpeg\",\"keywords\":[\"Campeonato Brasileiro de Sele\u00e7\u00f5es\",\"Col\u00e9gio Sepam\",\"Educa\u00e7\u00e3o\",\"Esportes\",\"Fernanda Ortiz\",\"Sele\u00e7\u00e3o Paranaense\"],\"articleSection\":[\"Colegio Sepam\"],\"inLanguage\":\"es\",\"potentialAction\":[{\"@type\":\"CommentAction\",\"name\":\"Comment\",\"target\":[\"https:\\\/\\\/sepam.com.br\\\/es\\\/aluna-e-convocada-para-defender-a-selecao-paranaense-no-campeonato-brasileiro-de-selecoes\\\/#respond\"]}]},{\"@type\":\"WebPage\",\"@id\":\"https:\\\/\\\/sepam.com.br\\\/es\\\/aluna-e-convocada-para-defender-a-selecao-paranaense-no-campeonato-brasileiro-de-selecoes\\\/\",\"url\":\"https:\\\/\\\/sepam.com.br\\\/es\\\/aluna-e-convocada-para-defender-a-selecao-paranaense-no-campeonato-brasileiro-de-selecoes\\\/\",\"name\":\"Aluna \u00e9 convocada para defender a sele\u00e7\u00e3o paranaense no Campeonato Brasileiro de Sele\u00e7\u00f5es - Col\u00e9gio Sepam\",\"isPartOf\":{\"@id\":\"https:\\\/\\\/sepam.com.br\\\/#website\"},\"primaryImageOfPage\":{\"@id\":\"https:\\\/\\\/sepam.com.br\\\/es\\\/aluna-e-convocada-para-defender-a-selecao-paranaense-no-campeonato-brasileiro-de-selecoes\\\/#primaryimage\"},\"image\":{\"@id\":\"https:\\\/\\\/sepam.com.br\\\/es\\\/aluna-e-convocada-para-defender-a-selecao-paranaense-no-campeonato-brasileiro-de-selecoes\\\/#primaryimage\"},\"thumbnailUrl\":\"https:\\\/\\\/sepam.com.br\\\/wp-content\\\/uploads\\\/2025\\\/11\\\/WhatsApp-Image-2025-11-13-at-10.04.52.jpeg\",\"datePublished\":\"2025-11-24T13:58:30+00:00\",\"breadcrumb\":{\"@id\":\"https:\\\/\\\/sepam.com.br\\\/es\\\/aluna-e-convocada-para-defender-a-selecao-paranaense-no-campeonato-brasileiro-de-selecoes\\\/#breadcrumb\"},\"inLanguage\":\"es\",\"potentialAction\":[{\"@type\":\"ReadAction\",\"target\":[\"https:\\\/\\\/sepam.com.br\\\/es\\\/aluna-e-convocada-para-defender-a-selecao-paranaense-no-campeonato-brasileiro-de-selecoes\\\/\"]}]},{\"@type\":\"ImageObject\",\"inLanguage\":\"es\",\"@id\":\"https:\\\/\\\/sepam.com.br\\\/es\\\/aluna-e-convocada-para-defender-a-selecao-paranaense-no-campeonato-brasileiro-de-selecoes\\\/#primaryimage\",\"url\":\"https:\\\/\\\/sepam.com.br\\\/wp-content\\\/uploads\\\/2025\\\/11\\\/WhatsApp-Image-2025-11-13-at-10.04.52.jpeg\",\"contentUrl\":\"https:\\\/\\\/sepam.com.br\\\/wp-content\\\/uploads\\\/2025\\\/11\\\/WhatsApp-Image-2025-11-13-at-10.04.52.jpeg\",\"width\":316,\"height\":399},{\"@type\":\"BreadcrumbList\",\"@id\":\"https:\\\/\\\/sepam.com.br\\\/es\\\/aluna-e-convocada-para-defender-a-selecao-paranaense-no-campeonato-brasileiro-de-selecoes\\\/#breadcrumb\",\"itemListElement\":[{\"@type\":\"ListItem\",\"position\":1,\"name\":\"Boas Vindas\",\"item\":\"https:\\\/\\\/sepam.com.br\\\/\"},{\"@type\":\"ListItem\",\"position\":2,\"name\":\"Aluna \u00e9 convocada para defender a sele\u00e7\u00e3o paranaense no Campeonato Brasileiro de Sele\u00e7\u00f5es\"}]},{\"@type\":\"WebSite\",\"@id\":\"https:\\\/\\\/sepam.com.br\\\/es\\\/#website\",\"url\":\"https:\\\/\\\/sepam.com.br\\\/es\\\/\",\"name\":\"Col\u00e9gio Sepam\",\"description\":\"Ensino Incompar\u00e1vel\",\"publisher\":{\"@id\":\"https:\\\/\\\/sepam.com.br\\\/es\\\/#organization\"},\"potentialAction\":[{\"@type\":\"SearchAction\",\"target\":{\"@type\":\"EntryPoint\",\"urlTemplate\":\"https:\\\/\\\/sepam.com.br\\\/es\\\/?s={search_term_string}\"},\"query-input\":{\"@type\":\"PropertyValueSpecification\",\"valueRequired\":true,\"valueName\":\"search_term_string\"}}],\"inLanguage\":\"es\"},{\"@type\":\"Organization\",\"@id\":\"https:\\\/\\\/sepam.com.br\\\/es\\\/#organization\",\"name\":\"Col\u00e9gio Sepam\",\"url\":\"https:\\\/\\\/sepam.com.br\\\/es\\\/\",\"logo\":{\"@type\":\"ImageObject\",\"inLanguage\":\"es\",\"@id\":\"https:\\\/\\\/sepam.com.br\\\/es\\\/#\\\/schema\\\/logo\\\/image\\\/\",\"url\":\"https:\\\/\\\/sepam.com.br\\\/wp-content\\\/uploads\\\/2025\\\/02\\\/Ativo-2.png\",\"contentUrl\":\"https:\\\/\\\/sepam.com.br\\\/wp-content\\\/uploads\\\/2025\\\/02\\\/Ativo-2.png\",\"width\":595,\"height\":525,\"caption\":\"Col\u00e9gio Sepam\"},\"image\":{\"@id\":\"https:\\\/\\\/sepam.com.br\\\/es\\\/#\\\/schema\\\/logo\\\/image\\\/\"}},{\"@type\":\"Person\",\"@id\":\"https:\\\/\\\/sepam.com.br\\\/#\\\/schema\\\/person\\\/38aff034b8d22d0cd551d59b7e4939f5\",\"name\":\"Alison Andrei\",\"image\":{\"@type\":\"ImageObject\",\"inLanguage\":\"es\",\"@id\":\"https:\\\/\\\/secure.gravatar.com\\\/avatar\\\/7d433525a110825b50a22691febdab3f59016724f20a8f9b39c947a4aac9641a?s=96&d=mm&r=g\",\"url\":\"https:\\\/\\\/secure.gravatar.com\\\/avatar\\\/7d433525a110825b50a22691febdab3f59016724f20a8f9b39c947a4aac9641a?s=96&d=mm&r=g\",\"contentUrl\":\"https:\\\/\\\/secure.gravatar.com\\\/avatar\\\/7d433525a110825b50a22691febdab3f59016724f20a8f9b39c947a4aac9641a?s=96&d=mm&r=g\",\"caption\":\"Alison Andrei\"},\"url\":\"https:\\\/\\\/sepam.com.br\\\/es\\\/author\\\/alisonandrei\\\/\"}]}<\/script>\n<!-- \/ Yoast SEO plugin. -->","yoast_head_json":{"title":"Aluna \u00e9 convocada para defender a sele\u00e7\u00e3o paranaense no Campeonato Brasileiro de Sele\u00e7\u00f5es","description":"A aluna Fernanda Ortiz foi convocada para defender a sele\u00e7\u00e3o paranaense no Campeonato Brasileiro de Sele\u00e7\u00f5es, que acontecer\u00e1 no Rio de Janeiro entre 26 de novembro e 02 de dezembro.","robots":{"index":"index","follow":"follow","max-snippet":"max-snippet:-1","max-image-preview":"max-image-preview:large","max-video-preview":"max-video-preview:-1"},"canonical":"A aluna Fernanda Ortiz foi convocada para defender a sele\u00e7\u00e3o paranaense no Campeonato Brasileiro de Sele\u00e7\u00f5es, que acontecer\u00e1 no Rio de Janeiro entre 26 de novembro e 02 de dezembro.","og_locale":"es_ES","og_type":"article","og_title":"Aluna \u00e9 convocada para defender a sele\u00e7\u00e3o paranaense no Campeonato Brasileiro de Sele\u00e7\u00f5es","og_description":"A aluna Fernanda Ortiz foi convocada para defender a sele\u00e7\u00e3o paranaense no Campeonato Brasileiro de Sele\u00e7\u00f5es, que acontecer\u00e1 no Rio de Janeiro entre 26 de novembro e 02 de dezembro.","og_url":"https:\/\/sepam.com.br\/es\/aluna-e-convocada-para-defender-a-selecao-paranaense-no-campeonato-brasileiro-de-selecoes\/","og_site_name":"Col\u00e9gio Sepam","article_published_time":"2025-11-24T13:58:30+00:00","og_image":[{"width":316,"height":399,"url":"https:\/\/sepam.com.br\/wp-content\/uploads\/2025\/11\/WhatsApp-Image-2025-11-13-at-10.04.52.jpeg","type":"image\/jpeg"}],"author":"Alison Andrei","twitter_card":"summary_large_image","twitter_misc":{"Escrito por":"Alison Andrei","Tiempo de lectura":"1 minuto"},"schema":{"@context":"https:\/\/schema.org","@graph":[{"@type":"Article","@id":"https:\/\/sepam.com.br\/es\/aluna-e-convocada-para-defender-a-selecao-paranaense-no-campeonato-brasileiro-de-selecoes\/#article","isPartOf":{"@id":"https:\/\/sepam.com.br\/es\/aluna-e-convocada-para-defender-a-selecao-paranaense-no-campeonato-brasileiro-de-selecoes\/"},"author":{"name":"Alison Andrei","@id":"https:\/\/sepam.com.br\/#\/schema\/person\/38aff034b8d22d0cd551d59b7e4939f5"},"headline":"Aluna \u00e9 convocada para defender a sele\u00e7\u00e3o paranaense no Campeonato Brasileiro de Sele\u00e7\u00f5es","datePublished":"2025-11-24T13:58:30+00:00","mainEntityOfPage":{"@id":"https:\/\/sepam.com.br\/es\/aluna-e-convocada-para-defender-a-selecao-paranaense-no-campeonato-brasileiro-de-selecoes\/"},"wordCount":99,"commentCount":0,"publisher":{"@id":"https:\/\/sepam.com.br\/#organization"},"image":{"@id":"https:\/\/sepam.com.br\/es\/aluna-e-convocada-para-defender-a-selecao-paranaense-no-campeonato-brasileiro-de-selecoes\/#primaryimage"},"thumbnailUrl":"https:\/\/sepam.com.br\/wp-content\/uploads\/2025\/11\/WhatsApp-Image-2025-11-13-at-10.04.52.jpeg","keywords":["Campeonato Brasileiro de Sele\u00e7\u00f5es","Col\u00e9gio Sepam","Educa\u00e7\u00e3o","Esportes","Fernanda Ortiz","Sele\u00e7\u00e3o Paranaense"],"articleSection":["Colegio Sepam"],"inLanguage":"es","potentialAction":[{"@type":"CommentAction","name":"Comment","target":["https:\/\/sepam.com.br\/es\/aluna-e-convocada-para-defender-a-selecao-paranaense-no-campeonato-brasileiro-de-selecoes\/#respond"]}]},{"@type":"WebPage","@id":"https:\/\/sepam.com.br\/es\/aluna-e-convocada-para-defender-a-selecao-paranaense-no-campeonato-brasileiro-de-selecoes\/","url":"https:\/\/sepam.com.br\/es\/aluna-e-convocada-para-defender-a-selecao-paranaense-no-campeonato-brasileiro-de-selecoes\/","name":"Aluna \u00e9 convocada para defender a sele\u00e7\u00e3o paranaense no Campeonato Brasileiro de Sele\u00e7\u00f5es - Col\u00e9gio Sepam","isPartOf":{"@id":"https:\/\/sepam.com.br\/#website"},"primaryImageOfPage":{"@id":"https:\/\/sepam.com.br\/es\/aluna-e-convocada-para-defender-a-selecao-paranaense-no-campeonato-brasileiro-de-selecoes\/#primaryimage"},"image":{"@id":"https:\/\/sepam.com.br\/es\/aluna-e-convocada-para-defender-a-selecao-paranaense-no-campeonato-brasileiro-de-selecoes\/#primaryimage"},"thumbnailUrl":"https:\/\/sepam.com.br\/wp-content\/uploads\/2025\/11\/WhatsApp-Image-2025-11-13-at-10.04.52.jpeg","datePublished":"2025-11-24T13:58:30+00:00","breadcrumb":{"@id":"https:\/\/sepam.com.br\/es\/aluna-e-convocada-para-defender-a-selecao-paranaense-no-campeonato-brasileiro-de-selecoes\/#breadcrumb"},"inLanguage":"es","potentialAction":[{"@type":"ReadAction","target":["https:\/\/sepam.com.br\/es\/aluna-e-convocada-para-defender-a-selecao-paranaense-no-campeonato-brasileiro-de-selecoes\/"]}]},{"@type":"ImageObject","inLanguage":"es","@id":"https:\/\/sepam.com.br\/es\/aluna-e-convocada-para-defender-a-selecao-paranaense-no-campeonato-brasileiro-de-selecoes\/#primaryimage","url":"https:\/\/sepam.com.br\/wp-content\/uploads\/2025\/11\/WhatsApp-Image-2025-11-13-at-10.04.52.jpeg","contentUrl":"https:\/\/sepam.com.br\/wp-content\/uploads\/2025\/11\/WhatsApp-Image-2025-11-13-at-10.04.52.jpeg","width":316,"height":399},{"@type":"BreadcrumbList","@id":"https:\/\/sepam.com.br\/es\/aluna-e-convocada-para-defender-a-selecao-paranaense-no-campeonato-brasileiro-de-selecoes\/#breadcrumb","itemListElement":[{"@type":"ListItem","position":1,"name":"Boas Vindas","item":"https:\/\/sepam.com.br\/"},{"@type":"ListItem","position":2,"name":"Aluna \u00e9 convocada para defender a sele\u00e7\u00e3o paranaense no Campeonato Brasileiro de Sele\u00e7\u00f5es"}]},{"@type":"WebSite","@id":"https:\/\/sepam.com.br\/es\/#website","url":"https:\/\/sepam.com.br\/es\/","name":"Col\u00e9gio Sepam","description":"Ensino Incompar\u00e1vel","publisher":{"@id":"https:\/\/sepam.com.br\/es\/#organization"},"potentialAction":[{"@type":"SearchAction","target":{"@type":"EntryPoint","urlTemplate":"https:\/\/sepam.com.br\/es\/?s={search_term_string}"},"query-input":{"@type":"PropertyValueSpecification","valueRequired":true,"valueName":"search_term_string"}}],"inLanguage":"es"},{"@type":"Organization","@id":"https:\/\/sepam.com.br\/es\/#organization","name":"Col\u00e9gio Sepam","url":"https:\/\/sepam.com.br\/es\/","logo":{"@type":"ImageObject","inLanguage":"es","@id":"https:\/\/sepam.com.br\/es\/#\/schema\/logo\/image\/","url":"https:\/\/sepam.com.br\/wp-content\/uploads\/2025\/02\/Ativo-2.png","contentUrl":"https:\/\/sepam.com.br\/wp-content\/uploads\/2025\/02\/Ativo-2.png","width":595,"height":525,"caption":"Col\u00e9gio Sepam"},"image":{"@id":"https:\/\/sepam.com.br\/es\/#\/schema\/logo\/image\/"}},{"@type":"Person","@id":"https:\/\/sepam.com.br\/#\/schema\/person\/38aff034b8d22d0cd551d59b7e4939f5","name":"Alison Andrei","image":{"@type":"ImageObject","inLanguage":"es","@id":"https:\/\/secure.gravatar.com\/avatar\/7d433525a110825b50a22691febdab3f59016724f20a8f9b39c947a4aac9641a?s=96&d=mm&r=g","url":"https:\/\/secure.gravatar.com\/avatar\/7d433525a110825b50a22691febdab3f59016724f20a8f9b39c947a4aac9641a?s=96&d=mm&r=g","contentUrl":"https:\/\/secure.gravatar.com\/avatar\/7d433525a110825b50a22691febdab3f59016724f20a8f9b39c947a4aac9641a?s=96&d=mm&r=g","caption":"Alison Andrei"},"url":"https:\/\/sepam.com.br\/es\/author\/alisonandrei\/"}]}},"_links":{"self":[{"href":"https:\/\/sepam.com.br\/es\/wp-json\/wp\/v2\/posts\/8018","targetHints":{"allow":["GET"]}}],"collection":[{"href":"https:\/\/sepam.com.br\/es\/wp-json\/wp\/v2\/posts"}],"about":[{"href":"https:\/\/sepam.com.br\/es\/wp-json\/wp\/v2\/types\/post"}],"author":[{"embeddable":true,"href":"https:\/\/sepam.com.br\/es\/wp-json\/wp\/v2\/users\/12"}],"replies":[{"embeddable":true,"href":"https:\/\/sepam.com.br\/es\/wp-json\/wp\/v2\/comments?post=8018"}],"version-history":[{"count":1,"href":"https:\/\/sepam.com.br\/es\/wp-json\/wp\/v2\/posts\/8018\/revisions"}],"predecessor-version":[{"id":8020,"href":"https:\/\/sepam.com.br\/es\/wp-json\/wp\/v2\/posts\/8018\/revisions\/8020"}],"wp:featuredmedia":[{"embeddable":true,"href":"https:\/\/sepam.com.br\/es\/wp-json\/wp\/v2\/media\/8019"}],"wp:attachment":[{"href":"https:\/\/sepam.com.br\/es\/wp-json\/wp\/v2\/media?parent=8018"}],"wp:term":[{"taxonomy":"category","embeddable":true,"href":"https:\/\/sepam.com.br\/es\/wp-json\/wp\/v2\/categories?post=8018"},{"taxonomy":"post_tag","embeddable":true,"href":"https:\/\/sepam.com.br\/es\/wp-json\/wp\/v2\/tags?post=8018"}],"curies":[{"name":"wp","href":"https:\/\/api.w.org\/{rel}","templated":true}]}}