{"id":7911,"date":"2025-10-16T11:50:30","date_gmt":"2025-10-16T14:50:30","guid":{"rendered":"https:\/\/sepam.com.br\/?p=7911"},"modified":"2025-11-24T10:53:33","modified_gmt":"2025-11-24T13:53:33","slug":"jispam-retro-celebra-a-nostalgia-dos-tempos-de-colegio-em-mais-uma-edicao-especial","status":"publish","type":"post","link":"https:\/\/sepam.com.br\/es\/jispam-retro-celebra-a-nostalgia-dos-tempos-de-colegio-em-mais-uma-edicao-especial\/","title":{"rendered":"Jispam Retr\u00f4 celebra a nostalgia dos tempos de col\u00e9gio em mais uma edi\u00e7\u00e3o especial"},"content":{"rendered":"\n<p class=\"wp-block-paragraph\">No pr\u00f3ximo s\u00e1bado, dia <strong>18 de outubro<\/strong>, o Col\u00e9gio Sepam ser\u00e1 palco de um evento que promete reviver mem\u00f3rias inesquec\u00edveis: o <strong>Jispam Retr\u00f4<\/strong>. A segunda edi\u00e7\u00e3o da confraterniza\u00e7\u00e3o reunir\u00e1 <strong>mais de 100 ex-alunos<\/strong> das d\u00e9cadas de <strong>1970, 1980 e 1990<\/strong>, em um dia marcado por reencontros, risadas e muita emo\u00e7\u00e3o.<\/p>\n\n\n\n<p class=\"wp-block-paragraph\">A ideia de reviver os tradicionais jogos internos nasceu da saudade dos tempos de col\u00e9gio \u2014 e, com o sucesso da primeira edi\u00e7\u00e3o, o grupo de ex-alunos decidiu repetir a dose. Durante o evento, os participantes voltar\u00e3o \u00e0s quadras para disputar modalidades como <strong>handebol, futsal, v\u00f4lei, basquete<\/strong> e <strong>queimada<\/strong>, revivendo o esp\u00edrito esportivo e a camaradagem que marcaram gera\u00e7\u00f5es.<\/p>\n\n\n\n<p class=\"wp-block-paragraph\">Atendendo a pedidos das participantes, o <strong>Beach T\u00eannis<\/strong> tamb\u00e9m far\u00e1 parte da programa\u00e7\u00e3o \u2014 uma modalidade que nem existia nos tempos de col\u00e9gio, mas que refor\u00e7a o clima de integra\u00e7\u00e3o e divers\u00e3o que o Jispam Retr\u00f4 proporciona.<\/p>\n\n\n\n<p class=\"wp-block-paragraph\">Mais do que uma competi\u00e7\u00e3o, o evento \u00e9 uma oportunidade para <strong>rever amigos, relembrar hist\u00f3rias e celebrar o v\u00ednculo<\/strong> com o Sepam, em um ambiente de alegria e descontra\u00e7\u00e3o.<\/p>\n","protected":false},"excerpt":{"rendered":"<p>No pr\u00f3ximo s\u00e1bado, dia 18 de outubro, o Col\u00e9gio Sepam ser\u00e1 palco de um evento que promete reviver mem\u00f3rias inesquec\u00edveis: o Jispam Retr\u00f4. A segunda edi\u00e7\u00e3o da confraterniza\u00e7\u00e3o reunir\u00e1 mais de 100 ex-alunos das d\u00e9cadas de 1970, 1980 e 1990, em um dia marcado por reencontros, risadas e muita emo\u00e7\u00e3o.<\/p>\n","protected":false},"author":13,"featured_media":7912,"comment_status":"open","ping_status":"open","sticky":false,"template":"","format":"standard","meta":{"footnotes":""},"categories":[21],"tags":[28,26,27],"class_list":["post-7911","post","type-post","status-publish","format-standard","has-post-thumbnail","hentry","category-colegio-sepam","tag-competicao","tag-jispam","tag-retro"],"yoast_head":"<!-- This site is optimized with the Yoast SEO plugin v28.4 - https:\/\/yoast.com\/product\/yoast-seo-wordpress\/ -->\n<title>Jispam Retr\u00f4 celebra a nostalgia dos tempos de col\u00e9gio em mais uma edi\u00e7\u00e3o especial<\/title>\n<meta name=\"description\" content=\"No pr\u00f3ximo s\u00e1bado, dia 18 de outubro, o Col\u00e9gio Sepam ser\u00e1 palco de um evento que promete reviver mem\u00f3rias inesquec\u00edveis: o Jispam Retr\u00f4. A segunda edi\u00e7\u00e3o da confraterniza\u00e7\u00e3o reunir\u00e1 mais de 100 ex-alunos das d\u00e9cadas de 1970, 1980 e 1990, em um dia marcado por reencontros, risadas e muita emo\u00e7\u00e3o.\" \/>\n<meta name=\"robots\" content=\"index, follow, max-snippet:-1, max-image-preview:large, max-video-preview:-1\" \/>\n<link rel=\"canonical\" href=\"\" \/>\n<meta property=\"og:locale\" content=\"es_ES\" \/>\n<meta property=\"og:type\" content=\"article\" \/>\n<meta property=\"og:title\" content=\"Jispam Retr\u00f4 celebra a nostalgia dos tempos de col\u00e9gio em mais uma edi\u00e7\u00e3o especial\" \/>\n<meta property=\"og:description\" content=\"No pr\u00f3ximo s\u00e1bado, dia 18 de outubro, o Col\u00e9gio Sepam ser\u00e1 palco de um evento que promete reviver mem\u00f3rias inesquec\u00edveis: o Jispam Retr\u00f4. A segunda edi\u00e7\u00e3o da confraterniza\u00e7\u00e3o reunir\u00e1 mais de 100 ex-alunos das d\u00e9cadas de 1970, 1980 e 1990, em um dia marcado por reencontros, risadas e muita emo\u00e7\u00e3o.\" \/>\n<meta property=\"og:url\" content=\"https:\/\/sepam.com.br\/es\/jispam-retro-celebra-a-nostalgia-dos-tempos-de-colegio-em-mais-uma-edicao-especial\/\" \/>\n<meta property=\"og:site_name\" content=\"Col\u00e9gio Sepam\" \/>\n<meta property=\"article:published_time\" content=\"2025-10-16T14:50:30+00:00\" \/>\n<meta property=\"article:modified_time\" content=\"2025-11-24T13:53:33+00:00\" \/>\n<meta property=\"og:image\" content=\"https:\/\/sepam.com.br\/wp-content\/uploads\/2025\/10\/sepam-retro-copiar.jpg\" \/>\n\t<meta property=\"og:image:width\" content=\"1080\" \/>\n\t<meta property=\"og:image:height\" content=\"1350\" \/>\n\t<meta property=\"og:image:type\" content=\"image\/jpeg\" \/>\n<meta name=\"author\" content=\"Sepam\" \/>\n<meta name=\"twitter:card\" content=\"summary_large_image\" \/>\n<meta name=\"twitter:label1\" content=\"Escrito por\" \/>\n\t<meta name=\"twitter:data1\" content=\"Sepam\" \/>\n\t<meta name=\"twitter:label2\" content=\"Tiempo de lectura\" \/>\n\t<meta name=\"twitter:data2\" content=\"2 minutos\" \/>\n<script type=\"application\/ld+json\" class=\"yoast-schema-graph\">{\"@context\":\"https:\\\/\\\/schema.org\",\"@graph\":[{\"@type\":\"Article\",\"@id\":\"https:\\\/\\\/sepam.com.br\\\/es\\\/jispam-retro-celebra-a-nostalgia-dos-tempos-de-colegio-em-mais-uma-edicao-especial\\\/#article\",\"isPartOf\":{\"@id\":\"https:\\\/\\\/sepam.com.br\\\/es\\\/jispam-retro-celebra-a-nostalgia-dos-tempos-de-colegio-em-mais-uma-edicao-especial\\\/\"},\"author\":{\"name\":\"Sepam\",\"@id\":\"https:\\\/\\\/sepam.com.br\\\/#\\\/schema\\\/person\\\/bfa2996c649a5a6d822766f6e64eb7fd\"},\"headline\":\"Jispam Retr\u00f4 celebra a nostalgia dos tempos de col\u00e9gio em mais uma edi\u00e7\u00e3o especial\",\"datePublished\":\"2025-10-16T14:50:30+00:00\",\"dateModified\":\"2025-11-24T13:53:33+00:00\",\"mainEntityOfPage\":{\"@id\":\"https:\\\/\\\/sepam.com.br\\\/es\\\/jispam-retro-celebra-a-nostalgia-dos-tempos-de-colegio-em-mais-uma-edicao-especial\\\/\"},\"wordCount\":209,\"commentCount\":0,\"publisher\":{\"@id\":\"https:\\\/\\\/sepam.com.br\\\/#organization\"},\"image\":{\"@id\":\"https:\\\/\\\/sepam.com.br\\\/es\\\/jispam-retro-celebra-a-nostalgia-dos-tempos-de-colegio-em-mais-uma-edicao-especial\\\/#primaryimage\"},\"thumbnailUrl\":\"https:\\\/\\\/sepam.com.br\\\/wp-content\\\/uploads\\\/2025\\\/10\\\/sepam-retro-copiar.jpg\",\"keywords\":[\"competi\u00e7\u00e3o\",\"jispam\",\"retro\"],\"articleSection\":[\"Colegio Sepam\"],\"inLanguage\":\"es\",\"potentialAction\":[{\"@type\":\"CommentAction\",\"name\":\"Comment\",\"target\":[\"https:\\\/\\\/sepam.com.br\\\/es\\\/jispam-retro-celebra-a-nostalgia-dos-tempos-de-colegio-em-mais-uma-edicao-especial\\\/#respond\"]}]},{\"@type\":\"WebPage\",\"@id\":\"https:\\\/\\\/sepam.com.br\\\/es\\\/jispam-retro-celebra-a-nostalgia-dos-tempos-de-colegio-em-mais-uma-edicao-especial\\\/\",\"url\":\"https:\\\/\\\/sepam.com.br\\\/es\\\/jispam-retro-celebra-a-nostalgia-dos-tempos-de-colegio-em-mais-uma-edicao-especial\\\/\",\"name\":\"Jispam Retr\u00f4 celebra a nostalgia dos tempos de col\u00e9gio em mais uma edi\u00e7\u00e3o especial - Col\u00e9gio Sepam\",\"isPartOf\":{\"@id\":\"https:\\\/\\\/sepam.com.br\\\/#website\"},\"primaryImageOfPage\":{\"@id\":\"https:\\\/\\\/sepam.com.br\\\/es\\\/jispam-retro-celebra-a-nostalgia-dos-tempos-de-colegio-em-mais-uma-edicao-especial\\\/#primaryimage\"},\"image\":{\"@id\":\"https:\\\/\\\/sepam.com.br\\\/es\\\/jispam-retro-celebra-a-nostalgia-dos-tempos-de-colegio-em-mais-uma-edicao-especial\\\/#primaryimage\"},\"thumbnailUrl\":\"https:\\\/\\\/sepam.com.br\\\/wp-content\\\/uploads\\\/2025\\\/10\\\/sepam-retro-copiar.jpg\",\"datePublished\":\"2025-10-16T14:50:30+00:00\",\"dateModified\":\"2025-11-24T13:53:33+00:00\",\"breadcrumb\":{\"@id\":\"https:\\\/\\\/sepam.com.br\\\/es\\\/jispam-retro-celebra-a-nostalgia-dos-tempos-de-colegio-em-mais-uma-edicao-especial\\\/#breadcrumb\"},\"inLanguage\":\"es\",\"potentialAction\":[{\"@type\":\"ReadAction\",\"target\":[\"https:\\\/\\\/sepam.com.br\\\/es\\\/jispam-retro-celebra-a-nostalgia-dos-tempos-de-colegio-em-mais-uma-edicao-especial\\\/\"]}]},{\"@type\":\"ImageObject\",\"inLanguage\":\"es\",\"@id\":\"https:\\\/\\\/sepam.com.br\\\/es\\\/jispam-retro-celebra-a-nostalgia-dos-tempos-de-colegio-em-mais-uma-edicao-especial\\\/#primaryimage\",\"url\":\"https:\\\/\\\/sepam.com.br\\\/wp-content\\\/uploads\\\/2025\\\/10\\\/sepam-retro-copiar.jpg\",\"contentUrl\":\"https:\\\/\\\/sepam.com.br\\\/wp-content\\\/uploads\\\/2025\\\/10\\\/sepam-retro-copiar.jpg\",\"width\":1080,\"height\":1350},{\"@type\":\"BreadcrumbList\",\"@id\":\"https:\\\/\\\/sepam.com.br\\\/es\\\/jispam-retro-celebra-a-nostalgia-dos-tempos-de-colegio-em-mais-uma-edicao-especial\\\/#breadcrumb\",\"itemListElement\":[{\"@type\":\"ListItem\",\"position\":1,\"name\":\"Boas Vindas\",\"item\":\"https:\\\/\\\/sepam.com.br\\\/\"},{\"@type\":\"ListItem\",\"position\":2,\"name\":\"Jispam Retr\u00f4 celebra a nostalgia dos tempos de col\u00e9gio em mais uma edi\u00e7\u00e3o especial\"}]},{\"@type\":\"WebSite\",\"@id\":\"https:\\\/\\\/sepam.com.br\\\/es\\\/#website\",\"url\":\"https:\\\/\\\/sepam.com.br\\\/es\\\/\",\"name\":\"Col\u00e9gio Sepam\",\"description\":\"Ensino Incompar\u00e1vel\",\"publisher\":{\"@id\":\"https:\\\/\\\/sepam.com.br\\\/es\\\/#organization\"},\"potentialAction\":[{\"@type\":\"SearchAction\",\"target\":{\"@type\":\"EntryPoint\",\"urlTemplate\":\"https:\\\/\\\/sepam.com.br\\\/es\\\/?s={search_term_string}\"},\"query-input\":{\"@type\":\"PropertyValueSpecification\",\"valueRequired\":true,\"valueName\":\"search_term_string\"}}],\"inLanguage\":\"es\"},{\"@type\":\"Organization\",\"@id\":\"https:\\\/\\\/sepam.com.br\\\/es\\\/#organization\",\"name\":\"Col\u00e9gio Sepam\",\"url\":\"https:\\\/\\\/sepam.com.br\\\/es\\\/\",\"logo\":{\"@type\":\"ImageObject\",\"inLanguage\":\"es\",\"@id\":\"https:\\\/\\\/sepam.com.br\\\/es\\\/#\\\/schema\\\/logo\\\/image\\\/\",\"url\":\"https:\\\/\\\/sepam.com.br\\\/wp-content\\\/uploads\\\/2025\\\/02\\\/Ativo-2.png\",\"contentUrl\":\"https:\\\/\\\/sepam.com.br\\\/wp-content\\\/uploads\\\/2025\\\/02\\\/Ativo-2.png\",\"width\":595,\"height\":525,\"caption\":\"Col\u00e9gio Sepam\"},\"image\":{\"@id\":\"https:\\\/\\\/sepam.com.br\\\/es\\\/#\\\/schema\\\/logo\\\/image\\\/\"}},{\"@type\":\"Person\",\"@id\":\"https:\\\/\\\/sepam.com.br\\\/#\\\/schema\\\/person\\\/bfa2996c649a5a6d822766f6e64eb7fd\",\"name\":\"Sepam\",\"image\":{\"@type\":\"ImageObject\",\"inLanguage\":\"es\",\"@id\":\"https:\\\/\\\/secure.gravatar.com\\\/avatar\\\/0219e64664f5861998ad57a3432eb4bd5fd99a34c7cc9bc44b3c59dfb830db85?s=96&d=mm&r=g\",\"url\":\"https:\\\/\\\/secure.gravatar.com\\\/avatar\\\/0219e64664f5861998ad57a3432eb4bd5fd99a34c7cc9bc44b3c59dfb830db85?s=96&d=mm&r=g\",\"contentUrl\":\"https:\\\/\\\/secure.gravatar.com\\\/avatar\\\/0219e64664f5861998ad57a3432eb4bd5fd99a34c7cc9bc44b3c59dfb830db85?s=96&d=mm&r=g\",\"caption\":\"Sepam\"},\"url\":\"https:\\\/\\\/sepam.com.br\\\/es\\\/author\\\/sepam\\\/\"}]}<\/script>\n<!-- \/ Yoast SEO plugin. -->","yoast_head_json":{"title":"Jispam Retr\u00f4 celebra a nostalgia dos tempos de col\u00e9gio em mais uma edi\u00e7\u00e3o especial","description":"No pr\u00f3ximo s\u00e1bado, dia 18 de outubro, o Col\u00e9gio Sepam ser\u00e1 palco de um evento que promete reviver mem\u00f3rias inesquec\u00edveis: o Jispam Retr\u00f4. A segunda edi\u00e7\u00e3o da confraterniza\u00e7\u00e3o reunir\u00e1 mais de 100 ex-alunos das d\u00e9cadas de 1970, 1980 e 1990, em um dia marcado por reencontros, risadas e muita emo\u00e7\u00e3o.","robots":{"index":"index","follow":"follow","max-snippet":"max-snippet:-1","max-image-preview":"max-image-preview:large","max-video-preview":"max-video-preview:-1"},"canonical":"No pr\u00f3ximo s\u00e1bado, dia 18 de outubro, o Col\u00e9gio Sepam ser\u00e1 palco de um evento que promete reviver mem\u00f3rias inesquec\u00edveis: o Jispam Retr\u00f4. A segunda edi\u00e7\u00e3o da confraterniza\u00e7\u00e3o reunir\u00e1 mais de 100 ex-alunos das d\u00e9cadas de 1970, 1980 e 1990, em um dia marcado por reencontros, risadas e muita emo\u00e7\u00e3o.","og_locale":"es_ES","og_type":"article","og_title":"Jispam Retr\u00f4 celebra a nostalgia dos tempos de col\u00e9gio em mais uma edi\u00e7\u00e3o especial","og_description":"No pr\u00f3ximo s\u00e1bado, dia 18 de outubro, o Col\u00e9gio Sepam ser\u00e1 palco de um evento que promete reviver mem\u00f3rias inesquec\u00edveis: o Jispam Retr\u00f4. A segunda edi\u00e7\u00e3o da confraterniza\u00e7\u00e3o reunir\u00e1 mais de 100 ex-alunos das d\u00e9cadas de 1970, 1980 e 1990, em um dia marcado por reencontros, risadas e muita emo\u00e7\u00e3o.","og_url":"https:\/\/sepam.com.br\/es\/jispam-retro-celebra-a-nostalgia-dos-tempos-de-colegio-em-mais-uma-edicao-especial\/","og_site_name":"Col\u00e9gio Sepam","article_published_time":"2025-10-16T14:50:30+00:00","article_modified_time":"2025-11-24T13:53:33+00:00","og_image":[{"width":1080,"height":1350,"url":"https:\/\/sepam.com.br\/wp-content\/uploads\/2025\/10\/sepam-retro-copiar.jpg","type":"image\/jpeg"}],"author":"Sepam","twitter_card":"summary_large_image","twitter_misc":{"Escrito por":"Sepam","Tiempo de lectura":"2 minutos"},"schema":{"@context":"https:\/\/schema.org","@graph":[{"@type":"Article","@id":"https:\/\/sepam.com.br\/es\/jispam-retro-celebra-a-nostalgia-dos-tempos-de-colegio-em-mais-uma-edicao-especial\/#article","isPartOf":{"@id":"https:\/\/sepam.com.br\/es\/jispam-retro-celebra-a-nostalgia-dos-tempos-de-colegio-em-mais-uma-edicao-especial\/"},"author":{"name":"Sepam","@id":"https:\/\/sepam.com.br\/#\/schema\/person\/bfa2996c649a5a6d822766f6e64eb7fd"},"headline":"Jispam Retr\u00f4 celebra a nostalgia dos tempos de col\u00e9gio em mais uma edi\u00e7\u00e3o especial","datePublished":"2025-10-16T14:50:30+00:00","dateModified":"2025-11-24T13:53:33+00:00","mainEntityOfPage":{"@id":"https:\/\/sepam.com.br\/es\/jispam-retro-celebra-a-nostalgia-dos-tempos-de-colegio-em-mais-uma-edicao-especial\/"},"wordCount":209,"commentCount":0,"publisher":{"@id":"https:\/\/sepam.com.br\/#organization"},"image":{"@id":"https:\/\/sepam.com.br\/es\/jispam-retro-celebra-a-nostalgia-dos-tempos-de-colegio-em-mais-uma-edicao-especial\/#primaryimage"},"thumbnailUrl":"https:\/\/sepam.com.br\/wp-content\/uploads\/2025\/10\/sepam-retro-copiar.jpg","keywords":["competi\u00e7\u00e3o","jispam","retro"],"articleSection":["Colegio Sepam"],"inLanguage":"es","potentialAction":[{"@type":"CommentAction","name":"Comment","target":["https:\/\/sepam.com.br\/es\/jispam-retro-celebra-a-nostalgia-dos-tempos-de-colegio-em-mais-uma-edicao-especial\/#respond"]}]},{"@type":"WebPage","@id":"https:\/\/sepam.com.br\/es\/jispam-retro-celebra-a-nostalgia-dos-tempos-de-colegio-em-mais-uma-edicao-especial\/","url":"https:\/\/sepam.com.br\/es\/jispam-retro-celebra-a-nostalgia-dos-tempos-de-colegio-em-mais-uma-edicao-especial\/","name":"Jispam Retr\u00f4 celebra a nostalgia dos tempos de col\u00e9gio em mais uma edi\u00e7\u00e3o especial - Col\u00e9gio Sepam","isPartOf":{"@id":"https:\/\/sepam.com.br\/#website"},"primaryImageOfPage":{"@id":"https:\/\/sepam.com.br\/es\/jispam-retro-celebra-a-nostalgia-dos-tempos-de-colegio-em-mais-uma-edicao-especial\/#primaryimage"},"image":{"@id":"https:\/\/sepam.com.br\/es\/jispam-retro-celebra-a-nostalgia-dos-tempos-de-colegio-em-mais-uma-edicao-especial\/#primaryimage"},"thumbnailUrl":"https:\/\/sepam.com.br\/wp-content\/uploads\/2025\/10\/sepam-retro-copiar.jpg","datePublished":"2025-10-16T14:50:30+00:00","dateModified":"2025-11-24T13:53:33+00:00","breadcrumb":{"@id":"https:\/\/sepam.com.br\/es\/jispam-retro-celebra-a-nostalgia-dos-tempos-de-colegio-em-mais-uma-edicao-especial\/#breadcrumb"},"inLanguage":"es","potentialAction":[{"@type":"ReadAction","target":["https:\/\/sepam.com.br\/es\/jispam-retro-celebra-a-nostalgia-dos-tempos-de-colegio-em-mais-uma-edicao-especial\/"]}]},{"@type":"ImageObject","inLanguage":"es","@id":"https:\/\/sepam.com.br\/es\/jispam-retro-celebra-a-nostalgia-dos-tempos-de-colegio-em-mais-uma-edicao-especial\/#primaryimage","url":"https:\/\/sepam.com.br\/wp-content\/uploads\/2025\/10\/sepam-retro-copiar.jpg","contentUrl":"https:\/\/sepam.com.br\/wp-content\/uploads\/2025\/10\/sepam-retro-copiar.jpg","width":1080,"height":1350},{"@type":"BreadcrumbList","@id":"https:\/\/sepam.com.br\/es\/jispam-retro-celebra-a-nostalgia-dos-tempos-de-colegio-em-mais-uma-edicao-especial\/#breadcrumb","itemListElement":[{"@type":"ListItem","position":1,"name":"Boas Vindas","item":"https:\/\/sepam.com.br\/"},{"@type":"ListItem","position":2,"name":"Jispam Retr\u00f4 celebra a nostalgia dos tempos de col\u00e9gio em mais uma edi\u00e7\u00e3o especial"}]},{"@type":"WebSite","@id":"https:\/\/sepam.com.br\/es\/#website","url":"https:\/\/sepam.com.br\/es\/","name":"Col\u00e9gio Sepam","description":"Ensino Incompar\u00e1vel","publisher":{"@id":"https:\/\/sepam.com.br\/es\/#organization"},"potentialAction":[{"@type":"SearchAction","target":{"@type":"EntryPoint","urlTemplate":"https:\/\/sepam.com.br\/es\/?s={search_term_string}"},"query-input":{"@type":"PropertyValueSpecification","valueRequired":true,"valueName":"search_term_string"}}],"inLanguage":"es"},{"@type":"Organization","@id":"https:\/\/sepam.com.br\/es\/#organization","name":"Col\u00e9gio Sepam","url":"https:\/\/sepam.com.br\/es\/","logo":{"@type":"ImageObject","inLanguage":"es","@id":"https:\/\/sepam.com.br\/es\/#\/schema\/logo\/image\/","url":"https:\/\/sepam.com.br\/wp-content\/uploads\/2025\/02\/Ativo-2.png","contentUrl":"https:\/\/sepam.com.br\/wp-content\/uploads\/2025\/02\/Ativo-2.png","width":595,"height":525,"caption":"Col\u00e9gio Sepam"},"image":{"@id":"https:\/\/sepam.com.br\/es\/#\/schema\/logo\/image\/"}},{"@type":"Person","@id":"https:\/\/sepam.com.br\/#\/schema\/person\/bfa2996c649a5a6d822766f6e64eb7fd","name":"Sepam","image":{"@type":"ImageObject","inLanguage":"es","@id":"https:\/\/secure.gravatar.com\/avatar\/0219e64664f5861998ad57a3432eb4bd5fd99a34c7cc9bc44b3c59dfb830db85?s=96&d=mm&r=g","url":"https:\/\/secure.gravatar.com\/avatar\/0219e64664f5861998ad57a3432eb4bd5fd99a34c7cc9bc44b3c59dfb830db85?s=96&d=mm&r=g","contentUrl":"https:\/\/secure.gravatar.com\/avatar\/0219e64664f5861998ad57a3432eb4bd5fd99a34c7cc9bc44b3c59dfb830db85?s=96&d=mm&r=g","caption":"Sepam"},"url":"https:\/\/sepam.com.br\/es\/author\/sepam\/"}]}},"_links":{"self":[{"href":"https:\/\/sepam.com.br\/es\/wp-json\/wp\/v2\/posts\/7911","targetHints":{"allow":["GET"]}}],"collection":[{"href":"https:\/\/sepam.com.br\/es\/wp-json\/wp\/v2\/posts"}],"about":[{"href":"https:\/\/sepam.com.br\/es\/wp-json\/wp\/v2\/types\/post"}],"author":[{"embeddable":true,"href":"https:\/\/sepam.com.br\/es\/wp-json\/wp\/v2\/users\/13"}],"replies":[{"embeddable":true,"href":"https:\/\/sepam.com.br\/es\/wp-json\/wp\/v2\/comments?post=7911"}],"version-history":[{"count":1,"href":"https:\/\/sepam.com.br\/es\/wp-json\/wp\/v2\/posts\/7911\/revisions"}],"predecessor-version":[{"id":7913,"href":"https:\/\/sepam.com.br\/es\/wp-json\/wp\/v2\/posts\/7911\/revisions\/7913"}],"wp:featuredmedia":[{"embeddable":true,"href":"https:\/\/sepam.com.br\/es\/wp-json\/wp\/v2\/media\/7912"}],"wp:attachment":[{"href":"https:\/\/sepam.com.br\/es\/wp-json\/wp\/v2\/media?parent=7911"}],"wp:term":[{"taxonomy":"category","embeddable":true,"href":"https:\/\/sepam.com.br\/es\/wp-json\/wp\/v2\/categories?post=7911"},{"taxonomy":"post_tag","embeddable":true,"href":"https:\/\/sepam.com.br\/es\/wp-json\/wp\/v2\/tags?post=7911"}],"curies":[{"name":"wp","href":"https:\/\/api.w.org\/{rel}","templated":true}]}}