{"id":7646,"date":"2025-09-09T20:45:30","date_gmt":"2025-09-09T23:45:30","guid":{"rendered":"https:\/\/dev.alisonandrei.com.br\/noticiahighschool\/programa-de-educacao-internacional-do-sepam-passa-por-avaliacao-anual\/"},"modified":"2025-11-24T10:53:34","modified_gmt":"2025-11-24T13:53:34","slug":"programa-de-educacao-internacional-do-sepam-passa-por-avaliacao-anual","status":"publish","type":"post","link":"https:\/\/sepam.com.br\/es\/programa-de-educacao-internacional-do-sepam-passa-por-avaliacao-anual\/","title":{"rendered":"Programa de Educa\u00e7\u00e3o Internacional do Sepam passa por avalia\u00e7\u00e3o anual"},"content":{"rendered":"<p>Nesta ter\u00e7a-feira (15\/05), o Col\u00e9gio Sepam recebeu a visita da representante da High School Servi\u00e7os Educacionais (HSE), de Vit\u00f3ria (ES), Sindia Torres, para a avalia\u00e7\u00e3o anual do programa de Educa\u00e7\u00e3o Internacional High School.<\/p>\n<p>O Sepam oferece o High School desde 2015 com exclusividade em Ponta Grossa em parceria com a University of Missouri, dos Estados Unidos. Em dezembro de 2017, o Col\u00e9gio formou a primeira turma de Ensino M\u00e9dio americano em Ponta Grossa.<\/p>\n<p>Na foto, S\u00edndia Torres e a coordenadora do High School Sepam, Francine Cavagnari em frente \u00e0 nova estrutura do programa no Col\u00e9gio.<\/p>\n","protected":false},"excerpt":{"rendered":"<p>Nesta ter\u00e7a-feira (15\/05), o Col\u00e9gio Sepam recebeu a visita da representante da High School Servi\u00e7os Educacionais (HSE), de Vit\u00f3ria (ES), Sindia Torres, para a avalia\u00e7\u00e3o anual do programa de Educa\u00e7\u00e3o Internacional High School. O Sepam oferece o High School desde 2015 com exclusividade em Ponta Grossa em parceria com a University of Missouri, dos Estados [&hellip;]<\/p>\n","protected":false},"author":13,"featured_media":0,"comment_status":"open","ping_status":"open","sticky":false,"template":"","format":"standard","meta":{"footnotes":""},"categories":[22],"tags":[],"class_list":["post-7646","post","type-post","status-publish","format-standard","hentry","category-high-school"],"yoast_head":"<!-- This site is optimized with the Yoast SEO plugin v28.4 - https:\/\/yoast.com\/product\/yoast-seo-wordpress\/ -->\n<title>Programa de Educa\u00e7\u00e3o Internacional do Sepam passa por avalia\u00e7\u00e3o anual<\/title>\n<meta name=\"description\" content=\"Nesta ter\u00e7a-feira (15\/05), o Col\u00e9gio Sepam recebeu a visita da representante da High School Servi\u00e7os Educacionais (HSE), de Vit\u00f3ria (ES), Sindia Torres, para a avalia\u00e7\u00e3o anual do programa de Educa\u00e7\u00e3o Internacional High School. O Sepam oferece o High School desde 2015 com exclusividade em Ponta Grossa em parceria com a University of Missouri, dos Estados&hellip;\" \/>\n<meta name=\"robots\" content=\"index, follow, max-snippet:-1, max-image-preview:large, max-video-preview:-1\" \/>\n<link rel=\"canonical\" href=\"https:\/\/sepam.com.br\/es\/programa-de-educacao-internacional-do-sepam-passa-por-avaliacao-anual\/\" \/>\n<meta property=\"og:locale\" content=\"es_ES\" \/>\n<meta property=\"og:type\" content=\"article\" \/>\n<meta property=\"og:title\" content=\"Programa de Educa\u00e7\u00e3o Internacional do Sepam passa por avalia\u00e7\u00e3o anual\" \/>\n<meta property=\"og:description\" content=\"Nesta ter\u00e7a-feira (15\/05), o Col\u00e9gio Sepam recebeu a visita da representante da High School Servi\u00e7os Educacionais (HSE), de Vit\u00f3ria (ES), Sindia Torres, para a avalia\u00e7\u00e3o anual do programa de Educa\u00e7\u00e3o Internacional High School. O Sepam oferece o High School desde 2015 com exclusividade em Ponta Grossa em parceria com a University of Missouri, dos Estados&hellip;\" \/>\n<meta property=\"og:url\" content=\"https:\/\/sepam.com.br\/es\/programa-de-educacao-internacional-do-sepam-passa-por-avaliacao-anual\/\" \/>\n<meta property=\"og:site_name\" content=\"Col\u00e9gio Sepam\" \/>\n<meta property=\"article:published_time\" content=\"2025-09-09T23:45:30+00:00\" \/>\n<meta property=\"article:modified_time\" content=\"2025-11-24T13:53:34+00:00\" \/>\n<meta name=\"author\" content=\"Sepam\" \/>\n<meta name=\"twitter:card\" content=\"summary_large_image\" \/>\n<meta name=\"twitter:label1\" content=\"Escrito por\" \/>\n\t<meta name=\"twitter:data1\" content=\"Sepam\" \/>\n\t<meta name=\"twitter:label2\" content=\"Tiempo de lectura\" \/>\n\t<meta name=\"twitter:data2\" content=\"1 minuto\" \/>\n<script type=\"application\/ld+json\" class=\"yoast-schema-graph\">{\"@context\":\"https:\\\/\\\/schema.org\",\"@graph\":[{\"@type\":\"Article\",\"@id\":\"https:\\\/\\\/sepam.com.br\\\/es\\\/programa-de-educacao-internacional-do-sepam-passa-por-avaliacao-anual\\\/#article\",\"isPartOf\":{\"@id\":\"https:\\\/\\\/sepam.com.br\\\/es\\\/programa-de-educacao-internacional-do-sepam-passa-por-avaliacao-anual\\\/\"},\"author\":{\"name\":\"Sepam\",\"@id\":\"https:\\\/\\\/sepam.com.br\\\/#\\\/schema\\\/person\\\/bfa2996c649a5a6d822766f6e64eb7fd\"},\"headline\":\"Programa de Educa\u00e7\u00e3o Internacional do Sepam passa por avalia\u00e7\u00e3o anual\",\"datePublished\":\"2025-09-09T23:45:30+00:00\",\"dateModified\":\"2025-11-24T13:53:34+00:00\",\"mainEntityOfPage\":{\"@id\":\"https:\\\/\\\/sepam.com.br\\\/es\\\/programa-de-educacao-internacional-do-sepam-passa-por-avaliacao-anual\\\/\"},\"wordCount\":113,\"commentCount\":0,\"publisher\":{\"@id\":\"https:\\\/\\\/sepam.com.br\\\/#organization\"},\"articleSection\":[\"High School\"],\"inLanguage\":\"es\",\"potentialAction\":[{\"@type\":\"CommentAction\",\"name\":\"Comment\",\"target\":[\"https:\\\/\\\/sepam.com.br\\\/es\\\/programa-de-educacao-internacional-do-sepam-passa-por-avaliacao-anual\\\/#respond\"]}]},{\"@type\":\"WebPage\",\"@id\":\"https:\\\/\\\/sepam.com.br\\\/es\\\/programa-de-educacao-internacional-do-sepam-passa-por-avaliacao-anual\\\/\",\"url\":\"https:\\\/\\\/sepam.com.br\\\/es\\\/programa-de-educacao-internacional-do-sepam-passa-por-avaliacao-anual\\\/\",\"name\":\"Programa de Educa\u00e7\u00e3o Internacional do Sepam passa por avalia\u00e7\u00e3o anual - Col\u00e9gio Sepam\",\"isPartOf\":{\"@id\":\"https:\\\/\\\/sepam.com.br\\\/#website\"},\"datePublished\":\"2025-09-09T23:45:30+00:00\",\"dateModified\":\"2025-11-24T13:53:34+00:00\",\"breadcrumb\":{\"@id\":\"https:\\\/\\\/sepam.com.br\\\/es\\\/programa-de-educacao-internacional-do-sepam-passa-por-avaliacao-anual\\\/#breadcrumb\"},\"inLanguage\":\"es\",\"potentialAction\":[{\"@type\":\"ReadAction\",\"target\":[\"https:\\\/\\\/sepam.com.br\\\/es\\\/programa-de-educacao-internacional-do-sepam-passa-por-avaliacao-anual\\\/\"]}]},{\"@type\":\"BreadcrumbList\",\"@id\":\"https:\\\/\\\/sepam.com.br\\\/es\\\/programa-de-educacao-internacional-do-sepam-passa-por-avaliacao-anual\\\/#breadcrumb\",\"itemListElement\":[{\"@type\":\"ListItem\",\"position\":1,\"name\":\"Boas Vindas\",\"item\":\"https:\\\/\\\/sepam.com.br\\\/\"},{\"@type\":\"ListItem\",\"position\":2,\"name\":\"Programa de Educa\u00e7\u00e3o Internacional do Sepam passa por avalia\u00e7\u00e3o anual\"}]},{\"@type\":\"WebSite\",\"@id\":\"https:\\\/\\\/sepam.com.br\\\/es\\\/#website\",\"url\":\"https:\\\/\\\/sepam.com.br\\\/es\\\/\",\"name\":\"Col\u00e9gio Sepam\",\"description\":\"Ensino Incompar\u00e1vel\",\"publisher\":{\"@id\":\"https:\\\/\\\/sepam.com.br\\\/es\\\/#organization\"},\"potentialAction\":[{\"@type\":\"SearchAction\",\"target\":{\"@type\":\"EntryPoint\",\"urlTemplate\":\"https:\\\/\\\/sepam.com.br\\\/es\\\/?s={search_term_string}\"},\"query-input\":{\"@type\":\"PropertyValueSpecification\",\"valueRequired\":true,\"valueName\":\"search_term_string\"}}],\"inLanguage\":\"es\"},{\"@type\":\"Organization\",\"@id\":\"https:\\\/\\\/sepam.com.br\\\/es\\\/#organization\",\"name\":\"Col\u00e9gio Sepam\",\"url\":\"https:\\\/\\\/sepam.com.br\\\/es\\\/\",\"logo\":{\"@type\":\"ImageObject\",\"inLanguage\":\"es\",\"@id\":\"https:\\\/\\\/sepam.com.br\\\/es\\\/#\\\/schema\\\/logo\\\/image\\\/\",\"url\":\"https:\\\/\\\/sepam.com.br\\\/wp-content\\\/uploads\\\/2025\\\/02\\\/Ativo-2.png\",\"contentUrl\":\"https:\\\/\\\/sepam.com.br\\\/wp-content\\\/uploads\\\/2025\\\/02\\\/Ativo-2.png\",\"width\":595,\"height\":525,\"caption\":\"Col\u00e9gio Sepam\"},\"image\":{\"@id\":\"https:\\\/\\\/sepam.com.br\\\/es\\\/#\\\/schema\\\/logo\\\/image\\\/\"}},{\"@type\":\"Person\",\"@id\":\"https:\\\/\\\/sepam.com.br\\\/#\\\/schema\\\/person\\\/bfa2996c649a5a6d822766f6e64eb7fd\",\"name\":\"Sepam\",\"image\":{\"@type\":\"ImageObject\",\"inLanguage\":\"es\",\"@id\":\"https:\\\/\\\/secure.gravatar.com\\\/avatar\\\/0219e64664f5861998ad57a3432eb4bd5fd99a34c7cc9bc44b3c59dfb830db85?s=96&d=mm&r=g\",\"url\":\"https:\\\/\\\/secure.gravatar.com\\\/avatar\\\/0219e64664f5861998ad57a3432eb4bd5fd99a34c7cc9bc44b3c59dfb830db85?s=96&d=mm&r=g\",\"contentUrl\":\"https:\\\/\\\/secure.gravatar.com\\\/avatar\\\/0219e64664f5861998ad57a3432eb4bd5fd99a34c7cc9bc44b3c59dfb830db85?s=96&d=mm&r=g\",\"caption\":\"Sepam\"},\"url\":\"https:\\\/\\\/sepam.com.br\\\/es\\\/author\\\/sepam\\\/\"}]}<\/script>\n<!-- \/ Yoast SEO plugin. -->","yoast_head_json":{"title":"Programa de Educa\u00e7\u00e3o Internacional do Sepam passa por avalia\u00e7\u00e3o anual","description":"Nesta ter\u00e7a-feira (15\/05), o Col\u00e9gio Sepam recebeu a visita da representante da High School Servi\u00e7os Educacionais (HSE), de Vit\u00f3ria (ES), Sindia Torres, para a avalia\u00e7\u00e3o anual do programa de Educa\u00e7\u00e3o Internacional High School. O Sepam oferece o High School desde 2015 com exclusividade em Ponta Grossa em parceria com a University of Missouri, dos Estados&hellip;","robots":{"index":"index","follow":"follow","max-snippet":"max-snippet:-1","max-image-preview":"max-image-preview:large","max-video-preview":"max-video-preview:-1"},"canonical":"https:\/\/sepam.com.br\/es\/programa-de-educacao-internacional-do-sepam-passa-por-avaliacao-anual\/","og_locale":"es_ES","og_type":"article","og_title":"Programa de Educa\u00e7\u00e3o Internacional do Sepam passa por avalia\u00e7\u00e3o anual","og_description":"Nesta ter\u00e7a-feira (15\/05), o Col\u00e9gio Sepam recebeu a visita da representante da High School Servi\u00e7os Educacionais (HSE), de Vit\u00f3ria (ES), Sindia Torres, para a avalia\u00e7\u00e3o anual do programa de Educa\u00e7\u00e3o Internacional High School. O Sepam oferece o High School desde 2015 com exclusividade em Ponta Grossa em parceria com a University of Missouri, dos Estados&hellip;","og_url":"https:\/\/sepam.com.br\/es\/programa-de-educacao-internacional-do-sepam-passa-por-avaliacao-anual\/","og_site_name":"Col\u00e9gio Sepam","article_published_time":"2025-09-09T23:45:30+00:00","article_modified_time":"2025-11-24T13:53:34+00:00","author":"Sepam","twitter_card":"summary_large_image","twitter_misc":{"Escrito por":"Sepam","Tiempo de lectura":"1 minuto"},"schema":{"@context":"https:\/\/schema.org","@graph":[{"@type":"Article","@id":"https:\/\/sepam.com.br\/es\/programa-de-educacao-internacional-do-sepam-passa-por-avaliacao-anual\/#article","isPartOf":{"@id":"https:\/\/sepam.com.br\/es\/programa-de-educacao-internacional-do-sepam-passa-por-avaliacao-anual\/"},"author":{"name":"Sepam","@id":"https:\/\/sepam.com.br\/#\/schema\/person\/bfa2996c649a5a6d822766f6e64eb7fd"},"headline":"Programa de Educa\u00e7\u00e3o Internacional do Sepam passa por avalia\u00e7\u00e3o anual","datePublished":"2025-09-09T23:45:30+00:00","dateModified":"2025-11-24T13:53:34+00:00","mainEntityOfPage":{"@id":"https:\/\/sepam.com.br\/es\/programa-de-educacao-internacional-do-sepam-passa-por-avaliacao-anual\/"},"wordCount":113,"commentCount":0,"publisher":{"@id":"https:\/\/sepam.com.br\/#organization"},"articleSection":["High School"],"inLanguage":"es","potentialAction":[{"@type":"CommentAction","name":"Comment","target":["https:\/\/sepam.com.br\/es\/programa-de-educacao-internacional-do-sepam-passa-por-avaliacao-anual\/#respond"]}]},{"@type":"WebPage","@id":"https:\/\/sepam.com.br\/es\/programa-de-educacao-internacional-do-sepam-passa-por-avaliacao-anual\/","url":"https:\/\/sepam.com.br\/es\/programa-de-educacao-internacional-do-sepam-passa-por-avaliacao-anual\/","name":"Programa de Educa\u00e7\u00e3o Internacional do Sepam passa por avalia\u00e7\u00e3o anual - Col\u00e9gio Sepam","isPartOf":{"@id":"https:\/\/sepam.com.br\/#website"},"datePublished":"2025-09-09T23:45:30+00:00","dateModified":"2025-11-24T13:53:34+00:00","breadcrumb":{"@id":"https:\/\/sepam.com.br\/es\/programa-de-educacao-internacional-do-sepam-passa-por-avaliacao-anual\/#breadcrumb"},"inLanguage":"es","potentialAction":[{"@type":"ReadAction","target":["https:\/\/sepam.com.br\/es\/programa-de-educacao-internacional-do-sepam-passa-por-avaliacao-anual\/"]}]},{"@type":"BreadcrumbList","@id":"https:\/\/sepam.com.br\/es\/programa-de-educacao-internacional-do-sepam-passa-por-avaliacao-anual\/#breadcrumb","itemListElement":[{"@type":"ListItem","position":1,"name":"Boas Vindas","item":"https:\/\/sepam.com.br\/"},{"@type":"ListItem","position":2,"name":"Programa de Educa\u00e7\u00e3o Internacional do Sepam passa por avalia\u00e7\u00e3o anual"}]},{"@type":"WebSite","@id":"https:\/\/sepam.com.br\/es\/#website","url":"https:\/\/sepam.com.br\/es\/","name":"Col\u00e9gio Sepam","description":"Ensino Incompar\u00e1vel","publisher":{"@id":"https:\/\/sepam.com.br\/es\/#organization"},"potentialAction":[{"@type":"SearchAction","target":{"@type":"EntryPoint","urlTemplate":"https:\/\/sepam.com.br\/es\/?s={search_term_string}"},"query-input":{"@type":"PropertyValueSpecification","valueRequired":true,"valueName":"search_term_string"}}],"inLanguage":"es"},{"@type":"Organization","@id":"https:\/\/sepam.com.br\/es\/#organization","name":"Col\u00e9gio Sepam","url":"https:\/\/sepam.com.br\/es\/","logo":{"@type":"ImageObject","inLanguage":"es","@id":"https:\/\/sepam.com.br\/es\/#\/schema\/logo\/image\/","url":"https:\/\/sepam.com.br\/wp-content\/uploads\/2025\/02\/Ativo-2.png","contentUrl":"https:\/\/sepam.com.br\/wp-content\/uploads\/2025\/02\/Ativo-2.png","width":595,"height":525,"caption":"Col\u00e9gio Sepam"},"image":{"@id":"https:\/\/sepam.com.br\/es\/#\/schema\/logo\/image\/"}},{"@type":"Person","@id":"https:\/\/sepam.com.br\/#\/schema\/person\/bfa2996c649a5a6d822766f6e64eb7fd","name":"Sepam","image":{"@type":"ImageObject","inLanguage":"es","@id":"https:\/\/secure.gravatar.com\/avatar\/0219e64664f5861998ad57a3432eb4bd5fd99a34c7cc9bc44b3c59dfb830db85?s=96&d=mm&r=g","url":"https:\/\/secure.gravatar.com\/avatar\/0219e64664f5861998ad57a3432eb4bd5fd99a34c7cc9bc44b3c59dfb830db85?s=96&d=mm&r=g","contentUrl":"https:\/\/secure.gravatar.com\/avatar\/0219e64664f5861998ad57a3432eb4bd5fd99a34c7cc9bc44b3c59dfb830db85?s=96&d=mm&r=g","caption":"Sepam"},"url":"https:\/\/sepam.com.br\/es\/author\/sepam\/"}]}},"_links":{"self":[{"href":"https:\/\/sepam.com.br\/es\/wp-json\/wp\/v2\/posts\/7646","targetHints":{"allow":["GET"]}}],"collection":[{"href":"https:\/\/sepam.com.br\/es\/wp-json\/wp\/v2\/posts"}],"about":[{"href":"https:\/\/sepam.com.br\/es\/wp-json\/wp\/v2\/types\/post"}],"author":[{"embeddable":true,"href":"https:\/\/sepam.com.br\/es\/wp-json\/wp\/v2\/users\/13"}],"replies":[{"embeddable":true,"href":"https:\/\/sepam.com.br\/es\/wp-json\/wp\/v2\/comments?post=7646"}],"version-history":[{"count":1,"href":"https:\/\/sepam.com.br\/es\/wp-json\/wp\/v2\/posts\/7646\/revisions"}],"predecessor-version":[{"id":7655,"href":"https:\/\/sepam.com.br\/es\/wp-json\/wp\/v2\/posts\/7646\/revisions\/7655"}],"wp:attachment":[{"href":"https:\/\/sepam.com.br\/es\/wp-json\/wp\/v2\/media?parent=7646"}],"wp:term":[{"taxonomy":"category","embeddable":true,"href":"https:\/\/sepam.com.br\/es\/wp-json\/wp\/v2\/categories?post=7646"},{"taxonomy":"post_tag","embeddable":true,"href":"https:\/\/sepam.com.br\/es\/wp-json\/wp\/v2\/tags?post=7646"}],"curies":[{"name":"wp","href":"https:\/\/api.w.org\/{rel}","templated":true}]}}