{"id":7167,"date":"2025-08-28T10:47:50","date_gmt":"2025-08-28T13:47:50","guid":{"rendered":"https:\/\/dev.alisonandrei.com.br\/noticia\/atletas-do-sepam-se-destacam-na-copa-sul-americana-de-basquete\/"},"modified":"2025-11-24T10:53:34","modified_gmt":"2025-11-24T13:53:34","slug":"atletas-do-sepam-se-destacam-na-copa-sul-americana-de-basquete","status":"publish","type":"post","link":"https:\/\/sepam.com.br\/es\/atletas-do-sepam-se-destacam-na-copa-sul-americana-de-basquete\/","title":{"rendered":"Atletas do Sepam se destacam na Copa Sul-Americana de Basquete"},"content":{"rendered":"<p style=\"text-align: center;\"><em>Defendendo o NBPG, aluno do col\u00e9gio foi eleito MVP da competi\u00e7\u00e3o<\/em><\/p>\n<p>Cinco alunos do Col\u00e9gio Pontagrossense Sepam tiveram participa\u00e7\u00e3o fundamental na conquista do 3\u00ba lugar do Novo Basquete Ponta Grossa (NBPG) na Copa Sul-Americana de Basquete, categoria sub-15, realizada em Campos do Jord\u00e3o (SP). Dentre eles, destaque para Miguel Machado, 15 anos de idade, que al\u00e9m de conquistar o t\u00edtulo de MVP (jogador mais valioso) e escolhido para fazer parte do quinteto ideal, tamb\u00e9m foi o cestinha do torneio.<\/p>\n<p>A Copa Sul-Americana, realizada entre os dias 10 e 15 de julho, contou com 16 equipes participantes, num total de 160 atletas. O time de Ponta Grossa terminou com o trof\u00e9u de terceiro lugar, ficando atr\u00e1s apenas do Inter\/Santos e Minas T\u00eanis Clube. Mesmo n\u00e3o conseguindo a medalha de ouro com o time, Machado afirma estar contente com os resultados e o desempenho individual e da equipe. \u201cFiquei feliz de ver minha evolu\u00e7\u00e3o, comparando-se ao ano passado, e perceber que cada segundo de treino valeu a pena\u201d, ressalta o atleta, que treina em torno de 3 horas por dia, de segunda a sexta-feira.<\/p>\n<p>Estudante do Sepam desde a Educa\u00e7\u00e3o Infantil, foi pela institui\u00e7\u00e3o que Machado teve os primeiros contatos com partidas oficiais de basquete, participando dos Jogos Estudantis Municipais (JEM). Ele, assim como outros quatro atletas que fizeram parte do time titular do NBPG na Copa Sul-Americana, representa o Sepam em outras competi\u00e7\u00f5es e divide a rotina entre estudos e treinamentos.<\/p>\n<p>\u201cO Sepam me d\u00e1 um suporte grande para que eu consiga conciliar minha rotina. Quando viajo a jogos, por exemplo, os professores s\u00e3o compreensivos. Foi com o Col\u00e9gio que tive os meus primeiros jogos e aprendi realmente como \u00e9 a din\u00e2mica de uma partida. Sem contar que os valores que aprendo nos estudos, como disciplina, foco, const\u00e2ncia e respeito aos professores, e com os demais colegas, eu tamb\u00e9m busco colocar em pr\u00e1tica estando em quadra\u201d, ressalta o garoto.<\/p>\n<p>Para o coordenador de esportes do Sepam, Ben Hur Chiconato, o fato de cinco atletas do Col\u00e9gio comporem a equipe sub-15 do NBPG demonstra a excel\u00eancia da institui\u00e7\u00e3o em incentivar os alunos a praticarem esporte. Al\u00e9m de Machado, os estudantes que participaram da competi\u00e7\u00e3o foram Felipe Weirich, Enzo Jacintho, Arthur Bosi e Val\u00e9rio Nabozny.<\/p>\n<p>\u201cOs garotos que participam da equipe do NBPG treinam em alto n\u00edvel de rendimento, todos os dias. Neste sentido, o Col\u00e9gio \u00e9 parceiro para atender \u00e0s demandas necess\u00e1rias dos atletas e oferece condi\u00e7\u00f5es de treino tamb\u00e9m na institui\u00e7\u00e3o, para que possam aprimorar suas habilidades. Ficamos contentes em v\u00ea-los representando Ponta Grossa numa competi\u00e7\u00e3o de n\u00edvel como esta\u201d, sustenta Chiconato.<\/p>\n<h4><strong>Trajet\u00f3ria esportiva de Machado<\/strong><\/h4>\n<p>Machado possui 1,92m de altura e joga na posi\u00e7\u00e3o de ala. Ao longo dos cinco anos de experi\u00eancia como atleta, acumula t\u00edtulos importantes no curr\u00edculo, como o 2\u00ba lugar no Campeonato Paranaense sub-19, em 2022, e o 1\u00ba lugar na Ta\u00e7a Joinville sub-12, em 2018.<\/p>\n<p><img fetchpriority=\"high\" decoding=\"async\" class=\"size-medium wp-image-4329 aligncenter\" src=\"https:\/\/www.sepam.com.br\/wp-content\/uploads\/2022\/08\/Miguel-Machado-Col\u00e9gio-Sepam-300x200.jpeg\" alt=\"\" width=\"300\" height=\"200\" \/><\/p>\n<p>O in\u00edcio da trajet\u00f3ria de Machado como atleta ocorreu por influ\u00eancia dos pais e irm\u00e3os que tamb\u00e9m jogam basquete. Dessa forma, desde crian\u00e7a, ele se interessou por essa modalidade esportiva. \u201cNas minhas primeiras mem\u00f3rias, o basquete j\u00e1 estava presente em minha vida. Comecei a treinar com 10 anos j\u00e1 pelo time da cidade e tamb\u00e9m no Sepam, e hoje o esporte representa a maior parte da minha rotina. Tenho o sonho de me tornar jogador profissional\u201d, destaca.<\/p>\n<p>Prestes a disputar o Campeonato Brasileiro na segunda semana de agosto, Machado est\u00e1 esperan\u00e7oso em novamente obter um bom desempenho. Ele e os demais atletas desembarcam em Belo Horizonte (MG) para disputarem as partidas.<\/p>\n","protected":false},"excerpt":{"rendered":"<p>Defendendo o NBPG, aluno do col\u00e9gio foi eleito MVP da competi\u00e7\u00e3o Cinco alunos do Col\u00e9gio Pontagrossense Sepam tiveram participa\u00e7\u00e3o fundamental na conquista do 3\u00ba lugar do Novo Basquete Ponta Grossa (NBPG) na Copa Sul-Americana de Basquete, categoria sub-15, realizada em Campos do Jord\u00e3o (SP). Dentre eles, destaque para Miguel Machado, 15 anos de idade, que [&hellip;]<\/p>\n","protected":false},"author":13,"featured_media":0,"comment_status":"open","ping_status":"open","sticky":false,"template":"","format":"standard","meta":{"footnotes":""},"categories":[21],"tags":[],"class_list":["post-7167","post","type-post","status-publish","format-standard","hentry","category-colegio-sepam"],"yoast_head":"<!-- This site is optimized with the Yoast SEO plugin v28.4 - https:\/\/yoast.com\/product\/yoast-seo-wordpress\/ -->\n<title>Atletas do Sepam se destacam na Copa Sul-Americana de Basquete<\/title>\n<meta name=\"description\" content=\"Defendendo o NBPG, aluno do col\u00e9gio foi eleito MVP da competi\u00e7\u00e3o Cinco alunos do Col\u00e9gio Pontagrossense Sepam tiveram participa\u00e7\u00e3o fundamental na conquista do 3\u00ba lugar do Novo Basquete Ponta Grossa (NBPG) na Copa Sul-Americana de Basquete, categoria sub-15, realizada em Campos do Jord\u00e3o (SP). Dentre eles, destaque para Miguel Machado, 15 anos de idade, que&hellip;\" \/>\n<meta name=\"robots\" content=\"index, follow, max-snippet:-1, max-image-preview:large, max-video-preview:-1\" \/>\n<link rel=\"canonical\" href=\"https:\/\/sepam.com.br\/es\/atletas-do-sepam-se-destacam-na-copa-sul-americana-de-basquete\/\" \/>\n<meta property=\"og:locale\" content=\"es_ES\" \/>\n<meta property=\"og:type\" content=\"article\" \/>\n<meta property=\"og:title\" content=\"Atletas do Sepam se destacam na Copa Sul-Americana de Basquete\" \/>\n<meta property=\"og:description\" content=\"Defendendo o NBPG, aluno do col\u00e9gio foi eleito MVP da competi\u00e7\u00e3o Cinco alunos do Col\u00e9gio Pontagrossense Sepam tiveram participa\u00e7\u00e3o fundamental na conquista do 3\u00ba lugar do Novo Basquete Ponta Grossa (NBPG) na Copa Sul-Americana de Basquete, categoria sub-15, realizada em Campos do Jord\u00e3o (SP). Dentre eles, destaque para Miguel Machado, 15 anos de idade, que&hellip;\" \/>\n<meta property=\"og:url\" content=\"https:\/\/sepam.com.br\/es\/atletas-do-sepam-se-destacam-na-copa-sul-americana-de-basquete\/\" \/>\n<meta property=\"og:site_name\" content=\"Col\u00e9gio Sepam\" \/>\n<meta property=\"article:published_time\" content=\"2025-08-28T13:47:50+00:00\" \/>\n<meta property=\"article:modified_time\" content=\"2025-11-24T13:53:34+00:00\" \/>\n<meta name=\"author\" content=\"Sepam\" \/>\n<meta name=\"twitter:card\" content=\"summary_large_image\" \/>\n<meta name=\"twitter:label1\" content=\"Escrito por\" \/>\n\t<meta name=\"twitter:data1\" content=\"Sepam\" \/>\n\t<meta name=\"twitter:label2\" content=\"Tiempo de lectura\" \/>\n\t<meta name=\"twitter:data2\" content=\"3 minutos\" \/>\n<script type=\"application\/ld+json\" class=\"yoast-schema-graph\">{\"@context\":\"https:\\\/\\\/schema.org\",\"@graph\":[{\"@type\":\"Article\",\"@id\":\"https:\\\/\\\/sepam.com.br\\\/es\\\/atletas-do-sepam-se-destacam-na-copa-sul-americana-de-basquete\\\/#article\",\"isPartOf\":{\"@id\":\"https:\\\/\\\/sepam.com.br\\\/es\\\/atletas-do-sepam-se-destacam-na-copa-sul-americana-de-basquete\\\/\"},\"author\":{\"name\":\"Sepam\",\"@id\":\"https:\\\/\\\/sepam.com.br\\\/#\\\/schema\\\/person\\\/bfa2996c649a5a6d822766f6e64eb7fd\"},\"headline\":\"Atletas do Sepam se destacam na Copa Sul-Americana de Basquete\",\"datePublished\":\"2025-08-28T13:47:50+00:00\",\"dateModified\":\"2025-11-24T13:53:34+00:00\",\"mainEntityOfPage\":{\"@id\":\"https:\\\/\\\/sepam.com.br\\\/es\\\/atletas-do-sepam-se-destacam-na-copa-sul-americana-de-basquete\\\/\"},\"wordCount\":640,\"commentCount\":0,\"publisher\":{\"@id\":\"https:\\\/\\\/sepam.com.br\\\/#organization\"},\"articleSection\":[\"Colegio Sepam\"],\"inLanguage\":\"es\",\"potentialAction\":[{\"@type\":\"CommentAction\",\"name\":\"Comment\",\"target\":[\"https:\\\/\\\/sepam.com.br\\\/es\\\/atletas-do-sepam-se-destacam-na-copa-sul-americana-de-basquete\\\/#respond\"]}]},{\"@type\":\"WebPage\",\"@id\":\"https:\\\/\\\/sepam.com.br\\\/es\\\/atletas-do-sepam-se-destacam-na-copa-sul-americana-de-basquete\\\/\",\"url\":\"https:\\\/\\\/sepam.com.br\\\/es\\\/atletas-do-sepam-se-destacam-na-copa-sul-americana-de-basquete\\\/\",\"name\":\"Atletas do Sepam se destacam na Copa Sul-Americana de Basquete - Col\u00e9gio Sepam\",\"isPartOf\":{\"@id\":\"https:\\\/\\\/sepam.com.br\\\/#website\"},\"datePublished\":\"2025-08-28T13:47:50+00:00\",\"dateModified\":\"2025-11-24T13:53:34+00:00\",\"breadcrumb\":{\"@id\":\"https:\\\/\\\/sepam.com.br\\\/es\\\/atletas-do-sepam-se-destacam-na-copa-sul-americana-de-basquete\\\/#breadcrumb\"},\"inLanguage\":\"es\",\"potentialAction\":[{\"@type\":\"ReadAction\",\"target\":[\"https:\\\/\\\/sepam.com.br\\\/es\\\/atletas-do-sepam-se-destacam-na-copa-sul-americana-de-basquete\\\/\"]}]},{\"@type\":\"BreadcrumbList\",\"@id\":\"https:\\\/\\\/sepam.com.br\\\/es\\\/atletas-do-sepam-se-destacam-na-copa-sul-americana-de-basquete\\\/#breadcrumb\",\"itemListElement\":[{\"@type\":\"ListItem\",\"position\":1,\"name\":\"Boas Vindas\",\"item\":\"https:\\\/\\\/sepam.com.br\\\/\"},{\"@type\":\"ListItem\",\"position\":2,\"name\":\"Atletas do Sepam se destacam na Copa Sul-Americana de Basquete\"}]},{\"@type\":\"WebSite\",\"@id\":\"https:\\\/\\\/sepam.com.br\\\/es\\\/#website\",\"url\":\"https:\\\/\\\/sepam.com.br\\\/es\\\/\",\"name\":\"Col\u00e9gio Sepam\",\"description\":\"Ensino Incompar\u00e1vel\",\"publisher\":{\"@id\":\"https:\\\/\\\/sepam.com.br\\\/es\\\/#organization\"},\"potentialAction\":[{\"@type\":\"SearchAction\",\"target\":{\"@type\":\"EntryPoint\",\"urlTemplate\":\"https:\\\/\\\/sepam.com.br\\\/es\\\/?s={search_term_string}\"},\"query-input\":{\"@type\":\"PropertyValueSpecification\",\"valueRequired\":true,\"valueName\":\"search_term_string\"}}],\"inLanguage\":\"es\"},{\"@type\":\"Organization\",\"@id\":\"https:\\\/\\\/sepam.com.br\\\/es\\\/#organization\",\"name\":\"Col\u00e9gio Sepam\",\"url\":\"https:\\\/\\\/sepam.com.br\\\/es\\\/\",\"logo\":{\"@type\":\"ImageObject\",\"inLanguage\":\"es\",\"@id\":\"https:\\\/\\\/sepam.com.br\\\/es\\\/#\\\/schema\\\/logo\\\/image\\\/\",\"url\":\"https:\\\/\\\/sepam.com.br\\\/wp-content\\\/uploads\\\/2025\\\/02\\\/Ativo-2.png\",\"contentUrl\":\"https:\\\/\\\/sepam.com.br\\\/wp-content\\\/uploads\\\/2025\\\/02\\\/Ativo-2.png\",\"width\":595,\"height\":525,\"caption\":\"Col\u00e9gio Sepam\"},\"image\":{\"@id\":\"https:\\\/\\\/sepam.com.br\\\/es\\\/#\\\/schema\\\/logo\\\/image\\\/\"}},{\"@type\":\"Person\",\"@id\":\"https:\\\/\\\/sepam.com.br\\\/#\\\/schema\\\/person\\\/bfa2996c649a5a6d822766f6e64eb7fd\",\"name\":\"Sepam\",\"image\":{\"@type\":\"ImageObject\",\"inLanguage\":\"es\",\"@id\":\"https:\\\/\\\/secure.gravatar.com\\\/avatar\\\/0219e64664f5861998ad57a3432eb4bd5fd99a34c7cc9bc44b3c59dfb830db85?s=96&d=mm&r=g\",\"url\":\"https:\\\/\\\/secure.gravatar.com\\\/avatar\\\/0219e64664f5861998ad57a3432eb4bd5fd99a34c7cc9bc44b3c59dfb830db85?s=96&d=mm&r=g\",\"contentUrl\":\"https:\\\/\\\/secure.gravatar.com\\\/avatar\\\/0219e64664f5861998ad57a3432eb4bd5fd99a34c7cc9bc44b3c59dfb830db85?s=96&d=mm&r=g\",\"caption\":\"Sepam\"},\"url\":\"https:\\\/\\\/sepam.com.br\\\/es\\\/author\\\/sepam\\\/\"}]}<\/script>\n<!-- \/ Yoast SEO plugin. -->","yoast_head_json":{"title":"Atletas do Sepam se destacam na Copa Sul-Americana de Basquete","description":"Defendendo o NBPG, aluno do col\u00e9gio foi eleito MVP da competi\u00e7\u00e3o Cinco alunos do Col\u00e9gio Pontagrossense Sepam tiveram participa\u00e7\u00e3o fundamental na conquista do 3\u00ba lugar do Novo Basquete Ponta Grossa (NBPG) na Copa Sul-Americana de Basquete, categoria sub-15, realizada em Campos do Jord\u00e3o (SP). Dentre eles, destaque para Miguel Machado, 15 anos de idade, que&hellip;","robots":{"index":"index","follow":"follow","max-snippet":"max-snippet:-1","max-image-preview":"max-image-preview:large","max-video-preview":"max-video-preview:-1"},"canonical":"https:\/\/sepam.com.br\/es\/atletas-do-sepam-se-destacam-na-copa-sul-americana-de-basquete\/","og_locale":"es_ES","og_type":"article","og_title":"Atletas do Sepam se destacam na Copa Sul-Americana de Basquete","og_description":"Defendendo o NBPG, aluno do col\u00e9gio foi eleito MVP da competi\u00e7\u00e3o Cinco alunos do Col\u00e9gio Pontagrossense Sepam tiveram participa\u00e7\u00e3o fundamental na conquista do 3\u00ba lugar do Novo Basquete Ponta Grossa (NBPG) na Copa Sul-Americana de Basquete, categoria sub-15, realizada em Campos do Jord\u00e3o (SP). Dentre eles, destaque para Miguel Machado, 15 anos de idade, que&hellip;","og_url":"https:\/\/sepam.com.br\/es\/atletas-do-sepam-se-destacam-na-copa-sul-americana-de-basquete\/","og_site_name":"Col\u00e9gio Sepam","article_published_time":"2025-08-28T13:47:50+00:00","article_modified_time":"2025-11-24T13:53:34+00:00","author":"Sepam","twitter_card":"summary_large_image","twitter_misc":{"Escrito por":"Sepam","Tiempo de lectura":"3 minutos"},"schema":{"@context":"https:\/\/schema.org","@graph":[{"@type":"Article","@id":"https:\/\/sepam.com.br\/es\/atletas-do-sepam-se-destacam-na-copa-sul-americana-de-basquete\/#article","isPartOf":{"@id":"https:\/\/sepam.com.br\/es\/atletas-do-sepam-se-destacam-na-copa-sul-americana-de-basquete\/"},"author":{"name":"Sepam","@id":"https:\/\/sepam.com.br\/#\/schema\/person\/bfa2996c649a5a6d822766f6e64eb7fd"},"headline":"Atletas do Sepam se destacam na Copa Sul-Americana de Basquete","datePublished":"2025-08-28T13:47:50+00:00","dateModified":"2025-11-24T13:53:34+00:00","mainEntityOfPage":{"@id":"https:\/\/sepam.com.br\/es\/atletas-do-sepam-se-destacam-na-copa-sul-americana-de-basquete\/"},"wordCount":640,"commentCount":0,"publisher":{"@id":"https:\/\/sepam.com.br\/#organization"},"articleSection":["Colegio Sepam"],"inLanguage":"es","potentialAction":[{"@type":"CommentAction","name":"Comment","target":["https:\/\/sepam.com.br\/es\/atletas-do-sepam-se-destacam-na-copa-sul-americana-de-basquete\/#respond"]}]},{"@type":"WebPage","@id":"https:\/\/sepam.com.br\/es\/atletas-do-sepam-se-destacam-na-copa-sul-americana-de-basquete\/","url":"https:\/\/sepam.com.br\/es\/atletas-do-sepam-se-destacam-na-copa-sul-americana-de-basquete\/","name":"Atletas do Sepam se destacam na Copa Sul-Americana de Basquete - Col\u00e9gio Sepam","isPartOf":{"@id":"https:\/\/sepam.com.br\/#website"},"datePublished":"2025-08-28T13:47:50+00:00","dateModified":"2025-11-24T13:53:34+00:00","breadcrumb":{"@id":"https:\/\/sepam.com.br\/es\/atletas-do-sepam-se-destacam-na-copa-sul-americana-de-basquete\/#breadcrumb"},"inLanguage":"es","potentialAction":[{"@type":"ReadAction","target":["https:\/\/sepam.com.br\/es\/atletas-do-sepam-se-destacam-na-copa-sul-americana-de-basquete\/"]}]},{"@type":"BreadcrumbList","@id":"https:\/\/sepam.com.br\/es\/atletas-do-sepam-se-destacam-na-copa-sul-americana-de-basquete\/#breadcrumb","itemListElement":[{"@type":"ListItem","position":1,"name":"Boas Vindas","item":"https:\/\/sepam.com.br\/"},{"@type":"ListItem","position":2,"name":"Atletas do Sepam se destacam na Copa Sul-Americana de Basquete"}]},{"@type":"WebSite","@id":"https:\/\/sepam.com.br\/es\/#website","url":"https:\/\/sepam.com.br\/es\/","name":"Col\u00e9gio Sepam","description":"Ensino Incompar\u00e1vel","publisher":{"@id":"https:\/\/sepam.com.br\/es\/#organization"},"potentialAction":[{"@type":"SearchAction","target":{"@type":"EntryPoint","urlTemplate":"https:\/\/sepam.com.br\/es\/?s={search_term_string}"},"query-input":{"@type":"PropertyValueSpecification","valueRequired":true,"valueName":"search_term_string"}}],"inLanguage":"es"},{"@type":"Organization","@id":"https:\/\/sepam.com.br\/es\/#organization","name":"Col\u00e9gio Sepam","url":"https:\/\/sepam.com.br\/es\/","logo":{"@type":"ImageObject","inLanguage":"es","@id":"https:\/\/sepam.com.br\/es\/#\/schema\/logo\/image\/","url":"https:\/\/sepam.com.br\/wp-content\/uploads\/2025\/02\/Ativo-2.png","contentUrl":"https:\/\/sepam.com.br\/wp-content\/uploads\/2025\/02\/Ativo-2.png","width":595,"height":525,"caption":"Col\u00e9gio Sepam"},"image":{"@id":"https:\/\/sepam.com.br\/es\/#\/schema\/logo\/image\/"}},{"@type":"Person","@id":"https:\/\/sepam.com.br\/#\/schema\/person\/bfa2996c649a5a6d822766f6e64eb7fd","name":"Sepam","image":{"@type":"ImageObject","inLanguage":"es","@id":"https:\/\/secure.gravatar.com\/avatar\/0219e64664f5861998ad57a3432eb4bd5fd99a34c7cc9bc44b3c59dfb830db85?s=96&d=mm&r=g","url":"https:\/\/secure.gravatar.com\/avatar\/0219e64664f5861998ad57a3432eb4bd5fd99a34c7cc9bc44b3c59dfb830db85?s=96&d=mm&r=g","contentUrl":"https:\/\/secure.gravatar.com\/avatar\/0219e64664f5861998ad57a3432eb4bd5fd99a34c7cc9bc44b3c59dfb830db85?s=96&d=mm&r=g","caption":"Sepam"},"url":"https:\/\/sepam.com.br\/es\/author\/sepam\/"}]}},"_links":{"self":[{"href":"https:\/\/sepam.com.br\/es\/wp-json\/wp\/v2\/posts\/7167","targetHints":{"allow":["GET"]}}],"collection":[{"href":"https:\/\/sepam.com.br\/es\/wp-json\/wp\/v2\/posts"}],"about":[{"href":"https:\/\/sepam.com.br\/es\/wp-json\/wp\/v2\/types\/post"}],"author":[{"embeddable":true,"href":"https:\/\/sepam.com.br\/es\/wp-json\/wp\/v2\/users\/13"}],"replies":[{"embeddable":true,"href":"https:\/\/sepam.com.br\/es\/wp-json\/wp\/v2\/comments?post=7167"}],"version-history":[{"count":1,"href":"https:\/\/sepam.com.br\/es\/wp-json\/wp\/v2\/posts\/7167\/revisions"}],"predecessor-version":[{"id":7191,"href":"https:\/\/sepam.com.br\/es\/wp-json\/wp\/v2\/posts\/7167\/revisions\/7191"}],"wp:attachment":[{"href":"https:\/\/sepam.com.br\/es\/wp-json\/wp\/v2\/media?parent=7167"}],"wp:term":[{"taxonomy":"category","embeddable":true,"href":"https:\/\/sepam.com.br\/es\/wp-json\/wp\/v2\/categories?post=7167"},{"taxonomy":"post_tag","embeddable":true,"href":"https:\/\/sepam.com.br\/es\/wp-json\/wp\/v2\/tags?post=7167"}],"curies":[{"name":"wp","href":"https:\/\/api.w.org\/{rel}","templated":true}]}}