{"id":7153,"date":"2025-08-28T10:47:46","date_gmt":"2025-08-28T13:47:46","guid":{"rendered":"https:\/\/dev.alisonandrei.com.br\/noticia\/qual-a-melhor-idade-para-comecar-na-educacao-infantil\/"},"modified":"2025-11-24T10:53:34","modified_gmt":"2025-11-24T13:53:34","slug":"qual-a-melhor-idade-para-comecar-na-educacao-infantil","status":"publish","type":"post","link":"https:\/\/sepam.com.br\/es\/qual-a-melhor-idade-para-comecar-na-educacao-infantil\/","title":{"rendered":"Qual a melhor idade para come\u00e7ar na Educa\u00e7\u00e3o Infantil?\u00a0"},"content":{"rendered":"<p style=\"text-align: center;\"><i><span style=\"font-weight: 400;\">Pedagoga explica que crian\u00e7as que frequentam a escola desde os primeiros anos t\u00eam melhor desenvolvimento cognitivo e emocional<\/span><\/i><\/p>\n<p><span style=\"font-weight: 400;\">Fevereiro \u00e9 o per\u00edodo de volta \u00e0s aulas em todo o pa\u00eds. Para as crian\u00e7as menores, esse pode ser o primeiro contato com o ambiente escolar, e tamb\u00e9m gerar muitas d\u00favidas aos pais. Afinal, qual \u00e9 momento certo para matricular a crian\u00e7a na escola? A pedagoga K\u00e1tia Costa, mestre em educa\u00e7\u00e3o e coordenadora pedag\u00f3gica do Col\u00e9gio Pontagrossense Sepam, explica que frequentar a Educa\u00e7\u00e3o Infantil desde os primeiros anos vida pode contribuir no desenvolvimento cognitivo e emocional da crian\u00e7a.\u00a0<\/span><\/p>\n<p><span style=\"font-weight: 400;\">\u201cA crian\u00e7a que frequenta a escola desde pequena consegue administrar melhor a frustra\u00e7\u00e3o, desenvolve oralidade e habilidades de relacionamento. Ela aprende com a conviv\u00eancia entre os pares e nas atividades sistematizadas, que priorizam a psicomotricidade de forma geral\u201d, ressalta K\u00e1tia.<\/span><\/p>\n<p><span style=\"font-weight: 400;\">De acordo com a pedagoga, a Educa\u00e7\u00e3o Infantil \u00e9 um espa\u00e7o rico em est\u00edmulos, capaz de proporcionar \u00e0s crian\u00e7as momentos de intera\u00e7\u00e3o e aprendizagem constantes, em um ambiente estimulador, desafiador e repleto de oportunidades.<\/span><\/p>\n<p><span style=\"font-weight: 400;\">O Col\u00e9gio Sepam atende a crian\u00e7as a partir de um ano de idade. As turmas s\u00e3o pequenas e contam com duas professoras por sala. O trabalho da equipe pedag\u00f3gica \u00e9 realizado de maneira cuidadosa e bem planejada, para que as crian\u00e7as se sintam \u00e0 vontade e seguras, tanto no aspecto f\u00edsico quanto no emocional.\u00a0<\/span><\/p>\n<p><span style=\"font-weight: 400;\">A institui\u00e7\u00e3o trabalha ainda com projetos diferenciados, com aulas de express\u00e3o corporal, m\u00fasica, educa\u00e7\u00e3o f\u00edsica e programa bil\u00edngue, com atividades relativas \u00e0s datas comemorativas dos pa\u00edses de l\u00edngua inglesa, al\u00e9m das brincadeiras, que estimulam o desenvolvimento motor dos alunos.<\/span><\/p>\n<p><span style=\"font-weight: 400;\">\u201cA linha socioconstrutivista do col\u00e9gio possibilita aos estudantes oportunidades ricas de aprendizado e intera\u00e7\u00e3o, que envolvem projetos de investiga\u00e7\u00e3o no laborat\u00f3rio, na horta, aulas de culin\u00e1ria, al\u00e9m de experi\u00eancias sensoriais diversas e col\u00f4nias de f\u00e9rias\u201d, ressalta a pedagoga.<\/span><\/p>\n<p><span style=\"font-weight: 400;\">As aulas da Educa\u00e7\u00e3o Infantil no Col\u00e9gio Sepam iniciaram no in\u00edcio de fevereiro, respeitando as normas sanit\u00e1rias quanto ao uso de m\u00e1scara para crian\u00e7as a partir de 4 anos de idade, disponibiliza\u00e7\u00e3o de \u00e1lcool em gel para higieniza\u00e7\u00e3o das m\u00e3os e estado de alerta para qualquer sintoma que a crian\u00e7a possa vir a ter. Os interessados em matricular os filhos ainda podem entrar em contato pelo telefone (42) 3225-2677.\u00a0\u00a0<\/span><\/p>\n","protected":false},"excerpt":{"rendered":"<p>Pedagoga explica que crian\u00e7as que frequentam a escola desde os primeiros anos t\u00eam melhor desenvolvimento cognitivo e emocional Fevereiro \u00e9 o per\u00edodo de volta \u00e0s aulas em todo o pa\u00eds. Para as crian\u00e7as menores, esse pode ser o primeiro contato com o ambiente escolar, e tamb\u00e9m gerar muitas d\u00favidas aos pais. Afinal, qual \u00e9 momento [&hellip;]<\/p>\n","protected":false},"author":13,"featured_media":0,"comment_status":"open","ping_status":"open","sticky":false,"template":"","format":"standard","meta":{"footnotes":""},"categories":[21],"tags":[],"class_list":["post-7153","post","type-post","status-publish","format-standard","hentry","category-colegio-sepam"],"yoast_head":"<!-- This site is optimized with the Yoast SEO plugin v28.4 - https:\/\/yoast.com\/product\/yoast-seo-wordpress\/ -->\n<title>Qual a melhor idade para come\u00e7ar na Educa\u00e7\u00e3o Infantil?\u00a0<\/title>\n<meta name=\"description\" content=\"Pedagoga explica que crian\u00e7as que frequentam a escola desde os primeiros anos t\u00eam melhor desenvolvimento cognitivo e emocional Fevereiro \u00e9 o per\u00edodo de volta \u00e0s aulas em todo o pa\u00eds. Para as crian\u00e7as menores, esse pode ser o primeiro contato com o ambiente escolar, e tamb\u00e9m gerar muitas d\u00favidas aos pais. Afinal, qual \u00e9 momento&hellip;\" \/>\n<meta name=\"robots\" content=\"index, follow, max-snippet:-1, max-image-preview:large, max-video-preview:-1\" \/>\n<link rel=\"canonical\" href=\"https:\/\/sepam.com.br\/es\/qual-a-melhor-idade-para-comecar-na-educacao-infantil\/\" \/>\n<meta property=\"og:locale\" content=\"es_ES\" \/>\n<meta property=\"og:type\" content=\"article\" \/>\n<meta property=\"og:title\" content=\"Qual a melhor idade para come\u00e7ar na Educa\u00e7\u00e3o Infantil?\u00a0\" \/>\n<meta property=\"og:description\" content=\"Pedagoga explica que crian\u00e7as que frequentam a escola desde os primeiros anos t\u00eam melhor desenvolvimento cognitivo e emocional Fevereiro \u00e9 o per\u00edodo de volta \u00e0s aulas em todo o pa\u00eds. Para as crian\u00e7as menores, esse pode ser o primeiro contato com o ambiente escolar, e tamb\u00e9m gerar muitas d\u00favidas aos pais. Afinal, qual \u00e9 momento&hellip;\" \/>\n<meta property=\"og:url\" content=\"https:\/\/sepam.com.br\/es\/qual-a-melhor-idade-para-comecar-na-educacao-infantil\/\" \/>\n<meta property=\"og:site_name\" content=\"Col\u00e9gio Sepam\" \/>\n<meta property=\"article:published_time\" content=\"2025-08-28T13:47:46+00:00\" \/>\n<meta property=\"article:modified_time\" content=\"2025-11-24T13:53:34+00:00\" \/>\n<meta name=\"author\" content=\"Sepam\" \/>\n<meta name=\"twitter:card\" content=\"summary_large_image\" \/>\n<meta name=\"twitter:label1\" content=\"Escrito por\" \/>\n\t<meta name=\"twitter:data1\" content=\"Sepam\" \/>\n\t<meta name=\"twitter:label2\" content=\"Tiempo de lectura\" \/>\n\t<meta name=\"twitter:data2\" content=\"2 minutos\" \/>\n<script type=\"application\/ld+json\" class=\"yoast-schema-graph\">{\"@context\":\"https:\\\/\\\/schema.org\",\"@graph\":[{\"@type\":\"Article\",\"@id\":\"https:\\\/\\\/sepam.com.br\\\/es\\\/qual-a-melhor-idade-para-comecar-na-educacao-infantil\\\/#article\",\"isPartOf\":{\"@id\":\"https:\\\/\\\/sepam.com.br\\\/es\\\/qual-a-melhor-idade-para-comecar-na-educacao-infantil\\\/\"},\"author\":{\"name\":\"Sepam\",\"@id\":\"https:\\\/\\\/sepam.com.br\\\/#\\\/schema\\\/person\\\/bfa2996c649a5a6d822766f6e64eb7fd\"},\"headline\":\"Qual a melhor idade para come\u00e7ar na Educa\u00e7\u00e3o Infantil?\u00a0\",\"datePublished\":\"2025-08-28T13:47:46+00:00\",\"dateModified\":\"2025-11-24T13:53:34+00:00\",\"mainEntityOfPage\":{\"@id\":\"https:\\\/\\\/sepam.com.br\\\/es\\\/qual-a-melhor-idade-para-comecar-na-educacao-infantil\\\/\"},\"wordCount\":431,\"commentCount\":0,\"publisher\":{\"@id\":\"https:\\\/\\\/sepam.com.br\\\/#organization\"},\"articleSection\":[\"Colegio Sepam\"],\"inLanguage\":\"es\",\"potentialAction\":[{\"@type\":\"CommentAction\",\"name\":\"Comment\",\"target\":[\"https:\\\/\\\/sepam.com.br\\\/es\\\/qual-a-melhor-idade-para-comecar-na-educacao-infantil\\\/#respond\"]}]},{\"@type\":\"WebPage\",\"@id\":\"https:\\\/\\\/sepam.com.br\\\/es\\\/qual-a-melhor-idade-para-comecar-na-educacao-infantil\\\/\",\"url\":\"https:\\\/\\\/sepam.com.br\\\/es\\\/qual-a-melhor-idade-para-comecar-na-educacao-infantil\\\/\",\"name\":\"Qual a melhor idade para come\u00e7ar na Educa\u00e7\u00e3o Infantil?\u00a0 - Col\u00e9gio Sepam\",\"isPartOf\":{\"@id\":\"https:\\\/\\\/sepam.com.br\\\/#website\"},\"datePublished\":\"2025-08-28T13:47:46+00:00\",\"dateModified\":\"2025-11-24T13:53:34+00:00\",\"breadcrumb\":{\"@id\":\"https:\\\/\\\/sepam.com.br\\\/es\\\/qual-a-melhor-idade-para-comecar-na-educacao-infantil\\\/#breadcrumb\"},\"inLanguage\":\"es\",\"potentialAction\":[{\"@type\":\"ReadAction\",\"target\":[\"https:\\\/\\\/sepam.com.br\\\/es\\\/qual-a-melhor-idade-para-comecar-na-educacao-infantil\\\/\"]}]},{\"@type\":\"BreadcrumbList\",\"@id\":\"https:\\\/\\\/sepam.com.br\\\/es\\\/qual-a-melhor-idade-para-comecar-na-educacao-infantil\\\/#breadcrumb\",\"itemListElement\":[{\"@type\":\"ListItem\",\"position\":1,\"name\":\"Boas Vindas\",\"item\":\"https:\\\/\\\/sepam.com.br\\\/\"},{\"@type\":\"ListItem\",\"position\":2,\"name\":\"Qual a melhor idade para come\u00e7ar na Educa\u00e7\u00e3o Infantil?\u00a0\"}]},{\"@type\":\"WebSite\",\"@id\":\"https:\\\/\\\/sepam.com.br\\\/es\\\/#website\",\"url\":\"https:\\\/\\\/sepam.com.br\\\/es\\\/\",\"name\":\"Col\u00e9gio Sepam\",\"description\":\"Ensino Incompar\u00e1vel\",\"publisher\":{\"@id\":\"https:\\\/\\\/sepam.com.br\\\/es\\\/#organization\"},\"potentialAction\":[{\"@type\":\"SearchAction\",\"target\":{\"@type\":\"EntryPoint\",\"urlTemplate\":\"https:\\\/\\\/sepam.com.br\\\/es\\\/?s={search_term_string}\"},\"query-input\":{\"@type\":\"PropertyValueSpecification\",\"valueRequired\":true,\"valueName\":\"search_term_string\"}}],\"inLanguage\":\"es\"},{\"@type\":\"Organization\",\"@id\":\"https:\\\/\\\/sepam.com.br\\\/es\\\/#organization\",\"name\":\"Col\u00e9gio Sepam\",\"url\":\"https:\\\/\\\/sepam.com.br\\\/es\\\/\",\"logo\":{\"@type\":\"ImageObject\",\"inLanguage\":\"es\",\"@id\":\"https:\\\/\\\/sepam.com.br\\\/es\\\/#\\\/schema\\\/logo\\\/image\\\/\",\"url\":\"https:\\\/\\\/sepam.com.br\\\/wp-content\\\/uploads\\\/2025\\\/02\\\/Ativo-2.png\",\"contentUrl\":\"https:\\\/\\\/sepam.com.br\\\/wp-content\\\/uploads\\\/2025\\\/02\\\/Ativo-2.png\",\"width\":595,\"height\":525,\"caption\":\"Col\u00e9gio Sepam\"},\"image\":{\"@id\":\"https:\\\/\\\/sepam.com.br\\\/es\\\/#\\\/schema\\\/logo\\\/image\\\/\"}},{\"@type\":\"Person\",\"@id\":\"https:\\\/\\\/sepam.com.br\\\/#\\\/schema\\\/person\\\/bfa2996c649a5a6d822766f6e64eb7fd\",\"name\":\"Sepam\",\"image\":{\"@type\":\"ImageObject\",\"inLanguage\":\"es\",\"@id\":\"https:\\\/\\\/secure.gravatar.com\\\/avatar\\\/0219e64664f5861998ad57a3432eb4bd5fd99a34c7cc9bc44b3c59dfb830db85?s=96&d=mm&r=g\",\"url\":\"https:\\\/\\\/secure.gravatar.com\\\/avatar\\\/0219e64664f5861998ad57a3432eb4bd5fd99a34c7cc9bc44b3c59dfb830db85?s=96&d=mm&r=g\",\"contentUrl\":\"https:\\\/\\\/secure.gravatar.com\\\/avatar\\\/0219e64664f5861998ad57a3432eb4bd5fd99a34c7cc9bc44b3c59dfb830db85?s=96&d=mm&r=g\",\"caption\":\"Sepam\"},\"url\":\"https:\\\/\\\/sepam.com.br\\\/es\\\/author\\\/sepam\\\/\"}]}<\/script>\n<!-- \/ Yoast SEO plugin. -->","yoast_head_json":{"title":"Qual a melhor idade para come\u00e7ar na Educa\u00e7\u00e3o Infantil?\u00a0","description":"Pedagoga explica que crian\u00e7as que frequentam a escola desde os primeiros anos t\u00eam melhor desenvolvimento cognitivo e emocional Fevereiro \u00e9 o per\u00edodo de volta \u00e0s aulas em todo o pa\u00eds. Para as crian\u00e7as menores, esse pode ser o primeiro contato com o ambiente escolar, e tamb\u00e9m gerar muitas d\u00favidas aos pais. Afinal, qual \u00e9 momento&hellip;","robots":{"index":"index","follow":"follow","max-snippet":"max-snippet:-1","max-image-preview":"max-image-preview:large","max-video-preview":"max-video-preview:-1"},"canonical":"https:\/\/sepam.com.br\/es\/qual-a-melhor-idade-para-comecar-na-educacao-infantil\/","og_locale":"es_ES","og_type":"article","og_title":"Qual a melhor idade para come\u00e7ar na Educa\u00e7\u00e3o Infantil?\u00a0","og_description":"Pedagoga explica que crian\u00e7as que frequentam a escola desde os primeiros anos t\u00eam melhor desenvolvimento cognitivo e emocional Fevereiro \u00e9 o per\u00edodo de volta \u00e0s aulas em todo o pa\u00eds. Para as crian\u00e7as menores, esse pode ser o primeiro contato com o ambiente escolar, e tamb\u00e9m gerar muitas d\u00favidas aos pais. Afinal, qual \u00e9 momento&hellip;","og_url":"https:\/\/sepam.com.br\/es\/qual-a-melhor-idade-para-comecar-na-educacao-infantil\/","og_site_name":"Col\u00e9gio Sepam","article_published_time":"2025-08-28T13:47:46+00:00","article_modified_time":"2025-11-24T13:53:34+00:00","author":"Sepam","twitter_card":"summary_large_image","twitter_misc":{"Escrito por":"Sepam","Tiempo de lectura":"2 minutos"},"schema":{"@context":"https:\/\/schema.org","@graph":[{"@type":"Article","@id":"https:\/\/sepam.com.br\/es\/qual-a-melhor-idade-para-comecar-na-educacao-infantil\/#article","isPartOf":{"@id":"https:\/\/sepam.com.br\/es\/qual-a-melhor-idade-para-comecar-na-educacao-infantil\/"},"author":{"name":"Sepam","@id":"https:\/\/sepam.com.br\/#\/schema\/person\/bfa2996c649a5a6d822766f6e64eb7fd"},"headline":"Qual a melhor idade para come\u00e7ar na Educa\u00e7\u00e3o Infantil?\u00a0","datePublished":"2025-08-28T13:47:46+00:00","dateModified":"2025-11-24T13:53:34+00:00","mainEntityOfPage":{"@id":"https:\/\/sepam.com.br\/es\/qual-a-melhor-idade-para-comecar-na-educacao-infantil\/"},"wordCount":431,"commentCount":0,"publisher":{"@id":"https:\/\/sepam.com.br\/#organization"},"articleSection":["Colegio Sepam"],"inLanguage":"es","potentialAction":[{"@type":"CommentAction","name":"Comment","target":["https:\/\/sepam.com.br\/es\/qual-a-melhor-idade-para-comecar-na-educacao-infantil\/#respond"]}]},{"@type":"WebPage","@id":"https:\/\/sepam.com.br\/es\/qual-a-melhor-idade-para-comecar-na-educacao-infantil\/","url":"https:\/\/sepam.com.br\/es\/qual-a-melhor-idade-para-comecar-na-educacao-infantil\/","name":"Qual a melhor idade para come\u00e7ar na Educa\u00e7\u00e3o Infantil?\u00a0 - Col\u00e9gio Sepam","isPartOf":{"@id":"https:\/\/sepam.com.br\/#website"},"datePublished":"2025-08-28T13:47:46+00:00","dateModified":"2025-11-24T13:53:34+00:00","breadcrumb":{"@id":"https:\/\/sepam.com.br\/es\/qual-a-melhor-idade-para-comecar-na-educacao-infantil\/#breadcrumb"},"inLanguage":"es","potentialAction":[{"@type":"ReadAction","target":["https:\/\/sepam.com.br\/es\/qual-a-melhor-idade-para-comecar-na-educacao-infantil\/"]}]},{"@type":"BreadcrumbList","@id":"https:\/\/sepam.com.br\/es\/qual-a-melhor-idade-para-comecar-na-educacao-infantil\/#breadcrumb","itemListElement":[{"@type":"ListItem","position":1,"name":"Boas Vindas","item":"https:\/\/sepam.com.br\/"},{"@type":"ListItem","position":2,"name":"Qual a melhor idade para come\u00e7ar na Educa\u00e7\u00e3o Infantil?\u00a0"}]},{"@type":"WebSite","@id":"https:\/\/sepam.com.br\/es\/#website","url":"https:\/\/sepam.com.br\/es\/","name":"Col\u00e9gio Sepam","description":"Ensino Incompar\u00e1vel","publisher":{"@id":"https:\/\/sepam.com.br\/es\/#organization"},"potentialAction":[{"@type":"SearchAction","target":{"@type":"EntryPoint","urlTemplate":"https:\/\/sepam.com.br\/es\/?s={search_term_string}"},"query-input":{"@type":"PropertyValueSpecification","valueRequired":true,"valueName":"search_term_string"}}],"inLanguage":"es"},{"@type":"Organization","@id":"https:\/\/sepam.com.br\/es\/#organization","name":"Col\u00e9gio Sepam","url":"https:\/\/sepam.com.br\/es\/","logo":{"@type":"ImageObject","inLanguage":"es","@id":"https:\/\/sepam.com.br\/es\/#\/schema\/logo\/image\/","url":"https:\/\/sepam.com.br\/wp-content\/uploads\/2025\/02\/Ativo-2.png","contentUrl":"https:\/\/sepam.com.br\/wp-content\/uploads\/2025\/02\/Ativo-2.png","width":595,"height":525,"caption":"Col\u00e9gio Sepam"},"image":{"@id":"https:\/\/sepam.com.br\/es\/#\/schema\/logo\/image\/"}},{"@type":"Person","@id":"https:\/\/sepam.com.br\/#\/schema\/person\/bfa2996c649a5a6d822766f6e64eb7fd","name":"Sepam","image":{"@type":"ImageObject","inLanguage":"es","@id":"https:\/\/secure.gravatar.com\/avatar\/0219e64664f5861998ad57a3432eb4bd5fd99a34c7cc9bc44b3c59dfb830db85?s=96&d=mm&r=g","url":"https:\/\/secure.gravatar.com\/avatar\/0219e64664f5861998ad57a3432eb4bd5fd99a34c7cc9bc44b3c59dfb830db85?s=96&d=mm&r=g","contentUrl":"https:\/\/secure.gravatar.com\/avatar\/0219e64664f5861998ad57a3432eb4bd5fd99a34c7cc9bc44b3c59dfb830db85?s=96&d=mm&r=g","caption":"Sepam"},"url":"https:\/\/sepam.com.br\/es\/author\/sepam\/"}]}},"_links":{"self":[{"href":"https:\/\/sepam.com.br\/es\/wp-json\/wp\/v2\/posts\/7153","targetHints":{"allow":["GET"]}}],"collection":[{"href":"https:\/\/sepam.com.br\/es\/wp-json\/wp\/v2\/posts"}],"about":[{"href":"https:\/\/sepam.com.br\/es\/wp-json\/wp\/v2\/types\/post"}],"author":[{"embeddable":true,"href":"https:\/\/sepam.com.br\/es\/wp-json\/wp\/v2\/users\/13"}],"replies":[{"embeddable":true,"href":"https:\/\/sepam.com.br\/es\/wp-json\/wp\/v2\/comments?post=7153"}],"version-history":[{"count":1,"href":"https:\/\/sepam.com.br\/es\/wp-json\/wp\/v2\/posts\/7153\/revisions"}],"predecessor-version":[{"id":7217,"href":"https:\/\/sepam.com.br\/es\/wp-json\/wp\/v2\/posts\/7153\/revisions\/7217"}],"wp:attachment":[{"href":"https:\/\/sepam.com.br\/es\/wp-json\/wp\/v2\/media?parent=7153"}],"wp:term":[{"taxonomy":"category","embeddable":true,"href":"https:\/\/sepam.com.br\/es\/wp-json\/wp\/v2\/categories?post=7153"},{"taxonomy":"post_tag","embeddable":true,"href":"https:\/\/sepam.com.br\/es\/wp-json\/wp\/v2\/tags?post=7153"}],"curies":[{"name":"wp","href":"https:\/\/api.w.org\/{rel}","templated":true}]}}