{"id":7151,"date":"2025-08-28T10:47:46","date_gmt":"2025-08-28T13:47:46","guid":{"rendered":"https:\/\/dev.alisonandrei.com.br\/noticia\/colegio-sepam-se-prepara-para-implantacao-do-novo-ensino-medio\/"},"modified":"2025-11-24T10:53:34","modified_gmt":"2025-11-24T13:53:34","slug":"colegio-sepam-se-prepara-para-implantacao-do-novo-ensino-medio","status":"publish","type":"post","link":"https:\/\/sepam.com.br\/es\/colegio-sepam-se-prepara-para-implantacao-do-novo-ensino-medio\/","title":{"rendered":"Col\u00e9gio Sepam se prepara para implanta\u00e7\u00e3o do Novo Ensino M\u00e9dio"},"content":{"rendered":"<p><i><span data-contrast=\"auto\">Extens\u00e3o da carga hor\u00e1ria, itiner\u00e1rios formativos, Projeto de Vida e novas atividades ser\u00e3o ofertadas a partir de 2022<\/span><\/i><span data-ccp-props=\"{&quot;201341983&quot;:0,&quot;335551550&quot;:6,&quot;335551620&quot;:6,&quot;335559739&quot;:160,&quot;335559740&quot;:240}\">\u00a0<\/span><\/p>\n<p><span data-contrast=\"auto\">O Novo Ensino M\u00e9dio entra em vigor no Paran\u00e1 a partir do pr\u00f3ximo ano letivo. Alunos e professores vivenciar\u00e3o uma nova formata\u00e7\u00e3o do ensino, com mais tempo de aulas e com a grade curricular sendo composta por Forma\u00e7\u00e3o Geral B\u00e1sica e Itiner\u00e1rios Formativos. O Col\u00e9gio\u00a0Pontagrossense\u00a0Sepam\u00a0vem se preparando para essa implanta\u00e7\u00e3o do novo modelo de educa\u00e7\u00e3o regulamentado pelo Governo Federal. As aulas iniciam em 7 de fevereiro.<\/span><span data-ccp-props=\"{&quot;201341983&quot;:0,&quot;335551550&quot;:6,&quot;335551620&quot;:6,&quot;335559739&quot;:160,&quot;335559740&quot;:240}\">\u00a0<\/span><\/p>\n<p><span data-contrast=\"auto\">As principais mudan\u00e7as requeridas pela Lei n\u00b0 13.415\/2017 est\u00e3o relacionadas \u00e0 carga hor\u00e1ria e \u00e0 oferta de novos itiner\u00e1rios formativos, que s\u00e3o o conjunto de disciplinas e projetos que os estudantes ter\u00e3o \u00e0 disposi\u00e7\u00e3o. Pela lei, a quantidade de horas-aula a ser ofertada pelos col\u00e9gios passar\u00e1 de 800 para 1.000 horas anuais. No\u00a0Sepam, a carga hor\u00e1ria passar\u00e1 das atuais 1.100 para 1.400 horas\/ano. De acordo com o diretor da institui\u00e7\u00e3o, Osni\u00a0Mongruel\u00a0Junior, a carga hor\u00e1ria maior ofertada pelo col\u00e9gio permite uma forma\u00e7\u00e3o mais adequada dos alunos, preparando-os para o exerc\u00edcio da cidadania assim como para o acesso ao Ensino Superior.<\/span><span data-ccp-props=\"{&quot;201341983&quot;:0,&quot;335551550&quot;:6,&quot;335551620&quot;:6,&quot;335559739&quot;:160,&quot;335559740&quot;:240}\">\u00a0<\/span><\/p>\n<p><span data-contrast=\"auto\">\u201cNo per\u00edodo matutino presencial, de segunda a quinta-feira, as aulas ter\u00e3o enfoque nas disciplinas tradicionais. Na sexta-feira, os alunos poder\u00e3o escolher o itiner\u00e1rio formativo de acordo com suas predile\u00e7\u00f5es. No per\u00edodo vespertino, trabalharemos com aulas remotas e atividades presenciais complementares, explica o diretor.<\/span><span data-ccp-props=\"{&quot;201341983&quot;:0,&quot;335551550&quot;:6,&quot;335551620&quot;:6,&quot;335559739&quot;:160,&quot;335559740&quot;:240}\">\u00a0<\/span><\/p>\n<p><span data-ccp-props=\"{&quot;201341983&quot;:0,&quot;335551550&quot;:6,&quot;335551620&quot;:6,&quot;335559739&quot;:160,&quot;335559740&quot;:240}\">\u00a0<\/span><\/p>\n<p><b><span data-contrast=\"auto\">Projeto de Vida<\/span><\/b><span data-ccp-props=\"{&quot;201341983&quot;:0,&quot;335551550&quot;:6,&quot;335551620&quot;:6,&quot;335559739&quot;:160,&quot;335559740&quot;:240}\">\u00a0<\/span><\/p>\n<p><span data-contrast=\"auto\">Conforme o coordenador pedag\u00f3gico do Col\u00e9gio\u00a0Sepam, Jacob\u00a0Cavagnari, o foco da institui\u00e7\u00e3o \u00e9 possibilitar que o aluno seja protagonista de sua hist\u00f3ria, o que vem ao encontro da proposta do Novo Ensino M\u00e9dio, com o \u2018Projeto de Vida\u2019, que busca desenvolver nos estudantes a capacidade de compreender a si, ao outro e ao mundo, bem como reconhecer seus objetivos e, a partir deles, tomar decis\u00f5es e planejar o futuro.<\/span><span data-ccp-props=\"{&quot;201341983&quot;:0,&quot;335551550&quot;:6,&quot;335551620&quot;:6,&quot;335559739&quot;:160,&quot;335559740&quot;:240}\">\u00a0<\/span><\/p>\n<p><span data-contrast=\"auto\">\u201cO aluno avan\u00e7ar\u00e1 nas \u00e1reas relacionadas ao que ele quer cursar no Ensino Superior. As mudan\u00e7as requerem tamb\u00e9m novas habilidades dos professores e adequa\u00e7\u00f5es na metodologia das aulas. Para a efetividade do projeto, \u00e9 necess\u00e1ria a coopera\u00e7\u00e3o de todos: escola, fam\u00edlia e sociedade. O Col\u00e9gio\u00a0Sepam\u00a0j\u00e1 incentiva o protagonismo juvenil com a realiza\u00e7\u00e3o\u00a0de\u00a0projetos, jogos\u00a0inters\u00e9ries, eventos culturais e a oferta de diversas atividades extraclasse. Destaco o programa L\u00edder em Mim, desenvolvido em todo o ensino fundamental. Com as atividades do Novo Ensino M\u00e9dio daremos sequ\u00eancia ao bom trabalho que fazemos, ampliando as possibilidades aos nossos alunos\u201d, destaca\u00a0Cavagnari.<\/span><span data-ccp-props=\"{&quot;201341983&quot;:0,&quot;335551550&quot;:6,&quot;335551620&quot;:6,&quot;335559739&quot;:160,&quot;335559740&quot;:240}\">\u00a0<\/span><\/p>\n<p><span data-contrast=\"auto\">Para o Ensino M\u00e9dio, em 2022, o\u00a0Sepam\u00a0trabalhar\u00e1 com os materiais did\u00e1ticos elaborados pela Somos Educa\u00e7\u00e3o, principal grupo educacional do Brasil. Segundo a coordenadora pedag\u00f3gica do Col\u00e9gio, Giselle\u00a0Gehlen, as apostilas foram desenvolvidas para atender \u00e0s mudan\u00e7as previstas pela legisla\u00e7\u00e3o e s\u00e3o divididas em Forma\u00e7\u00e3o Geral B\u00e1sica e Itiner\u00e1rios Formativos. \u201cOs materiais possibilitam que os estudantes entendam na pr\u00e1tica os conte\u00fados, aumentem seu interesse e assim possam fazer melhor suas escolhas\u201d, sustenta Giselle.<\/span><span data-ccp-props=\"{&quot;201341983&quot;:0,&quot;335551550&quot;:6,&quot;335551620&quot;:6,&quot;335559739&quot;:160,&quot;335559740&quot;:240}\">\u00a0<\/span><\/p>\n<p><span data-ccp-props=\"{&quot;201341983&quot;:0,&quot;335551550&quot;:6,&quot;335551620&quot;:6,&quot;335559739&quot;:160,&quot;335559740&quot;:240}\">\u00a0<\/span><\/p>\n<p><b><span data-contrast=\"auto\">Itiner\u00e1rios formativos<\/span><\/b><span data-ccp-props=\"{&quot;201341983&quot;:0,&quot;335551550&quot;:6,&quot;335551620&quot;:6,&quot;335559739&quot;:160,&quot;335559740&quot;:240}\">\u00a0<\/span><\/p>\n<p><span data-contrast=\"auto\">O Novo Ensino M\u00e9dio ser\u00e1 composto por quatro itiner\u00e1rios formativos: Linguagens e suas tecnologias;\u00a0Matem\u00e1tica\u00a0e suas tecnologias; Ci\u00eancias da Natureza; e Ci\u00eancias Sociais Aplicadas. A legisla\u00e7\u00e3o possibilita que os col\u00e9gios trabalhem prioritariamente em dois n\u00facleos. Os dois escolhidos pelo\u00a0Sepam\u00a0s\u00e3o Linguagens e suas Tecnologias e Ci\u00eancias da Natureza. Os eixos estruturantes do novo modelo s\u00e3o: Investiga\u00e7\u00e3o Cient\u00edfica; Processos Criativos; Media\u00e7\u00e3o e Interven\u00e7\u00e3o Sociocultural; e Empreendedorismo.\u00a0<\/span><span data-ccp-props=\"{&quot;201341983&quot;:0,&quot;335551550&quot;:6,&quot;335551620&quot;:6,&quot;335559739&quot;:160,&quot;335559740&quot;:240}\">\u00a0<\/span><\/p>\n<p><span data-contrast=\"auto\">Conforme a coordenadora pedag\u00f3gica do\u00a0Sepam, S\u00f4nia\u00a0Mongruel, um dos desafios da institui\u00e7\u00e3o ser\u00e1 o formato de trabalho com os alunos, o que exigir\u00e1 adapta\u00e7\u00e3o e aprendizado tanto dos estudantes quanto dos professores. \u201cA nova proposta possibilitar\u00e1 o desenvolvimento de projetos. E se queremos alunos aut\u00f4nomos, protagonistas, capazes de fazer escolhas com responsabilidade, \u00e9 preciso pensar e formular metodologias adequadas para o projeto, desenvolvendo um excelente ensino pr\u00e1tico, que \u00e9 o que o\u00a0Sepam\u00a0realizar\u00e1 ainda mais em 2022\u201d, ressalta S\u00f4nia.<\/span><span data-ccp-props=\"{&quot;201341983&quot;:0,&quot;335551550&quot;:6,&quot;335551620&quot;:6,&quot;335559739&quot;:160,&quot;335559740&quot;:240}\">\u00a0<\/span><\/p>\n<p><span data-ccp-props=\"{&quot;201341983&quot;:0,&quot;335551550&quot;:6,&quot;335551620&quot;:6,&quot;335559739&quot;:160,&quot;335559740&quot;:240}\">\u00a0<\/span><\/p>\n<p><b><span data-contrast=\"auto\">Matr\u00edculas\u00a0\u00a0<\/span><\/b><span data-ccp-props=\"{&quot;201341983&quot;:0,&quot;335551550&quot;:6,&quot;335551620&quot;:6,&quot;335559739&quot;:160,&quot;335559740&quot;:240}\">\u00a0<\/span><\/p>\n<p><span data-contrast=\"auto\">As matr\u00edculas para o ano de 2022 podem ser feitas por meio do site do\u00a0<\/span><a href=\"https:\/\/www.sepam.com.br\/\"><span data-contrast=\"none\">Sepam.<\/span><\/a><span data-contrast=\"auto\">\u00a0<\/span><span data-ccp-props=\"{&quot;201341983&quot;:0,&quot;335551550&quot;:6,&quot;335551620&quot;:6,&quot;335559739&quot;:160,&quot;335559740&quot;:240}\">\u00a0<\/span><\/p>\n<p><span data-contrast=\"auto\">A institui\u00e7\u00e3o conta com aulas de rob\u00f3tica; High\u00a0School, em parceria com a Universidade do Missouri (Estados Unidos); programa de educa\u00e7\u00e3o socioemocional L\u00edder em Mim; aulas de yoga e incentivo \u00e0s pr\u00e1ticas saud\u00e1veis no dia a dia; al\u00e9m de aulas de dan\u00e7a, m\u00fasica, teatro, gin\u00e1stica e treinamentos esportivos.\u00a0\u00a0\u00a0<\/span><span data-ccp-props=\"{&quot;201341983&quot;:0,&quot;335551550&quot;:6,&quot;335551620&quot;:6,&quot;335559739&quot;:160,&quot;335559740&quot;:240}\">\u00a0<\/span><\/p>\n<p><span data-contrast=\"auto\">Mais informa\u00e7\u00f5es pelo telefone (42) 3225-2677.<\/span><span data-ccp-props=\"{&quot;201341983&quot;:0,&quot;335551550&quot;:6,&quot;335551620&quot;:6,&quot;335559739&quot;:160,&quot;335559740&quot;:240}\">\u00a0<\/span><\/p>\n<p>&nbsp;<\/p>\n<p><strong>Sobre o Col\u00e9gio Sepam<\/strong><\/p>\n<p>Fundado em 1939, na cidade de Ponta Grossa (PR), pelos professores Roberto Em\u00edlio Mongruel e Altair de Oliveira Mongruel, o Sepam \u00e9 uma institui\u00e7\u00e3o de ensino particular de n\u00edvel infantil, fundamental, m\u00e9dio e pr\u00e9-vestibular. Possui duas unidades em opera\u00e7\u00e3o, sendo a segunda na cidade de Castro (PR), inaugurada em 1993. Com perfil arrojado e inovador, o Col\u00e9gio Sepam implantou, em 2015, o programa de ensino m\u00e9dio internacional &#8211; o High School -, por meio de um conv\u00eanio com a Universidade de Missouri (Estados Unidos).<\/p>\n<p>Na unidade Sepam Vestibulares, a Institui\u00e7\u00e3o completa 40 anos de atua\u00e7\u00e3o no segmento de pr\u00e9-vestibular, consolidado como um dos l\u00edderes em aprova\u00e7\u00f5es do Paran\u00e1, com mais de 10 mil aprova\u00e7\u00f5es em destacadas universidades brasileiras. O Col\u00e9gio Sepam tem como linha filos\u00f3fica a forma\u00e7\u00e3o humanista de seus alunos e possui professores bil\u00edngues com forma\u00e7\u00e3o em diferentes \u00e1reas da licenciatura. Mais informa\u00e7\u00f5es: sepam.com.br, facebook.com\/sepamcolegio e @sepamcolegio (Instagram).<\/p>\n<p>&nbsp;<\/p>\n<p><strong>Informa\u00e7\u00f5es para a imprensa<\/strong><\/p>\n<p>MAPA360<\/p>\n<p>Andressa Zaffalon &#8211; Assistente de Comunica\u00e7\u00e3o &#8211; andressa@mapa360.com.br (44) 99888-0857<\/p>\n<p>Maria Priscila &#8211; CEO &#8211; mp@mapa360.com.br<\/p>\n","protected":false},"excerpt":{"rendered":"<p>Extens\u00e3o da carga hor\u00e1ria, itiner\u00e1rios formativos, Projeto de Vida e novas atividades ser\u00e3o ofertadas a partir de 2022\u00a0 O Novo Ensino M\u00e9dio entra em vigor no Paran\u00e1 a partir do pr\u00f3ximo ano letivo. Alunos e professores vivenciar\u00e3o uma nova formata\u00e7\u00e3o do ensino, com mais tempo de aulas e com a grade curricular sendo composta por [&hellip;]<\/p>\n","protected":false},"author":13,"featured_media":0,"comment_status":"open","ping_status":"open","sticky":false,"template":"","format":"standard","meta":{"footnotes":""},"categories":[21],"tags":[],"class_list":["post-7151","post","type-post","status-publish","format-standard","hentry","category-colegio-sepam"],"yoast_head":"<!-- This site is optimized with the Yoast SEO plugin v28.4 - https:\/\/yoast.com\/product\/yoast-seo-wordpress\/ -->\n<title>Col\u00e9gio Sepam se prepara para implanta\u00e7\u00e3o do Novo Ensino M\u00e9dio<\/title>\n<meta name=\"description\" content=\"Extens\u00e3o da carga hor\u00e1ria, itiner\u00e1rios formativos, Projeto de Vida e novas atividades ser\u00e3o ofertadas a partir de 2022\u00a0 O Novo Ensino M\u00e9dio entra em vigor no Paran\u00e1 a partir do pr\u00f3ximo ano letivo. Alunos e professores vivenciar\u00e3o uma nova formata\u00e7\u00e3o do ensino, com mais tempo de aulas e com a grade curricular sendo composta por&hellip;\" \/>\n<meta name=\"robots\" content=\"index, follow, max-snippet:-1, max-image-preview:large, max-video-preview:-1\" \/>\n<link rel=\"canonical\" href=\"https:\/\/sepam.com.br\/es\/colegio-sepam-se-prepara-para-implantacao-do-novo-ensino-medio\/\" \/>\n<meta property=\"og:locale\" content=\"es_ES\" \/>\n<meta property=\"og:type\" content=\"article\" \/>\n<meta property=\"og:title\" content=\"Col\u00e9gio Sepam se prepara para implanta\u00e7\u00e3o do Novo Ensino M\u00e9dio\" \/>\n<meta property=\"og:description\" content=\"Extens\u00e3o da carga hor\u00e1ria, itiner\u00e1rios formativos, Projeto de Vida e novas atividades ser\u00e3o ofertadas a partir de 2022\u00a0 O Novo Ensino M\u00e9dio entra em vigor no Paran\u00e1 a partir do pr\u00f3ximo ano letivo. Alunos e professores vivenciar\u00e3o uma nova formata\u00e7\u00e3o do ensino, com mais tempo de aulas e com a grade curricular sendo composta por&hellip;\" \/>\n<meta property=\"og:url\" content=\"https:\/\/sepam.com.br\/es\/colegio-sepam-se-prepara-para-implantacao-do-novo-ensino-medio\/\" \/>\n<meta property=\"og:site_name\" content=\"Col\u00e9gio Sepam\" \/>\n<meta property=\"article:published_time\" content=\"2025-08-28T13:47:46+00:00\" \/>\n<meta property=\"article:modified_time\" content=\"2025-11-24T13:53:34+00:00\" \/>\n<meta name=\"author\" content=\"Sepam\" \/>\n<meta name=\"twitter:card\" content=\"summary_large_image\" \/>\n<meta name=\"twitter:label1\" content=\"Escrito por\" \/>\n\t<meta name=\"twitter:data1\" content=\"Sepam\" \/>\n\t<meta name=\"twitter:label2\" content=\"Tiempo de lectura\" \/>\n\t<meta name=\"twitter:data2\" content=\"5 minutos\" \/>\n<script type=\"application\/ld+json\" class=\"yoast-schema-graph\">{\"@context\":\"https:\\\/\\\/schema.org\",\"@graph\":[{\"@type\":\"Article\",\"@id\":\"https:\\\/\\\/sepam.com.br\\\/es\\\/colegio-sepam-se-prepara-para-implantacao-do-novo-ensino-medio\\\/#article\",\"isPartOf\":{\"@id\":\"https:\\\/\\\/sepam.com.br\\\/es\\\/colegio-sepam-se-prepara-para-implantacao-do-novo-ensino-medio\\\/\"},\"author\":{\"name\":\"Sepam\",\"@id\":\"https:\\\/\\\/sepam.com.br\\\/#\\\/schema\\\/person\\\/bfa2996c649a5a6d822766f6e64eb7fd\"},\"headline\":\"Col\u00e9gio Sepam se prepara para implanta\u00e7\u00e3o do Novo Ensino M\u00e9dio\",\"datePublished\":\"2025-08-28T13:47:46+00:00\",\"dateModified\":\"2025-11-24T13:53:34+00:00\",\"mainEntityOfPage\":{\"@id\":\"https:\\\/\\\/sepam.com.br\\\/es\\\/colegio-sepam-se-prepara-para-implantacao-do-novo-ensino-medio\\\/\"},\"wordCount\":1002,\"commentCount\":0,\"publisher\":{\"@id\":\"https:\\\/\\\/sepam.com.br\\\/#organization\"},\"articleSection\":[\"Colegio Sepam\"],\"inLanguage\":\"es\",\"potentialAction\":[{\"@type\":\"CommentAction\",\"name\":\"Comment\",\"target\":[\"https:\\\/\\\/sepam.com.br\\\/es\\\/colegio-sepam-se-prepara-para-implantacao-do-novo-ensino-medio\\\/#respond\"]}]},{\"@type\":\"WebPage\",\"@id\":\"https:\\\/\\\/sepam.com.br\\\/es\\\/colegio-sepam-se-prepara-para-implantacao-do-novo-ensino-medio\\\/\",\"url\":\"https:\\\/\\\/sepam.com.br\\\/es\\\/colegio-sepam-se-prepara-para-implantacao-do-novo-ensino-medio\\\/\",\"name\":\"Col\u00e9gio Sepam se prepara para implanta\u00e7\u00e3o do Novo Ensino M\u00e9dio - Col\u00e9gio Sepam\",\"isPartOf\":{\"@id\":\"https:\\\/\\\/sepam.com.br\\\/#website\"},\"datePublished\":\"2025-08-28T13:47:46+00:00\",\"dateModified\":\"2025-11-24T13:53:34+00:00\",\"breadcrumb\":{\"@id\":\"https:\\\/\\\/sepam.com.br\\\/es\\\/colegio-sepam-se-prepara-para-implantacao-do-novo-ensino-medio\\\/#breadcrumb\"},\"inLanguage\":\"es\",\"potentialAction\":[{\"@type\":\"ReadAction\",\"target\":[\"https:\\\/\\\/sepam.com.br\\\/es\\\/colegio-sepam-se-prepara-para-implantacao-do-novo-ensino-medio\\\/\"]}]},{\"@type\":\"BreadcrumbList\",\"@id\":\"https:\\\/\\\/sepam.com.br\\\/es\\\/colegio-sepam-se-prepara-para-implantacao-do-novo-ensino-medio\\\/#breadcrumb\",\"itemListElement\":[{\"@type\":\"ListItem\",\"position\":1,\"name\":\"Boas Vindas\",\"item\":\"https:\\\/\\\/sepam.com.br\\\/\"},{\"@type\":\"ListItem\",\"position\":2,\"name\":\"Col\u00e9gio Sepam se prepara para implanta\u00e7\u00e3o do Novo Ensino M\u00e9dio\"}]},{\"@type\":\"WebSite\",\"@id\":\"https:\\\/\\\/sepam.com.br\\\/es\\\/#website\",\"url\":\"https:\\\/\\\/sepam.com.br\\\/es\\\/\",\"name\":\"Col\u00e9gio Sepam\",\"description\":\"Ensino Incompar\u00e1vel\",\"publisher\":{\"@id\":\"https:\\\/\\\/sepam.com.br\\\/es\\\/#organization\"},\"potentialAction\":[{\"@type\":\"SearchAction\",\"target\":{\"@type\":\"EntryPoint\",\"urlTemplate\":\"https:\\\/\\\/sepam.com.br\\\/es\\\/?s={search_term_string}\"},\"query-input\":{\"@type\":\"PropertyValueSpecification\",\"valueRequired\":true,\"valueName\":\"search_term_string\"}}],\"inLanguage\":\"es\"},{\"@type\":\"Organization\",\"@id\":\"https:\\\/\\\/sepam.com.br\\\/es\\\/#organization\",\"name\":\"Col\u00e9gio Sepam\",\"url\":\"https:\\\/\\\/sepam.com.br\\\/es\\\/\",\"logo\":{\"@type\":\"ImageObject\",\"inLanguage\":\"es\",\"@id\":\"https:\\\/\\\/sepam.com.br\\\/es\\\/#\\\/schema\\\/logo\\\/image\\\/\",\"url\":\"https:\\\/\\\/sepam.com.br\\\/wp-content\\\/uploads\\\/2025\\\/02\\\/Ativo-2.png\",\"contentUrl\":\"https:\\\/\\\/sepam.com.br\\\/wp-content\\\/uploads\\\/2025\\\/02\\\/Ativo-2.png\",\"width\":595,\"height\":525,\"caption\":\"Col\u00e9gio Sepam\"},\"image\":{\"@id\":\"https:\\\/\\\/sepam.com.br\\\/es\\\/#\\\/schema\\\/logo\\\/image\\\/\"}},{\"@type\":\"Person\",\"@id\":\"https:\\\/\\\/sepam.com.br\\\/#\\\/schema\\\/person\\\/bfa2996c649a5a6d822766f6e64eb7fd\",\"name\":\"Sepam\",\"image\":{\"@type\":\"ImageObject\",\"inLanguage\":\"es\",\"@id\":\"https:\\\/\\\/secure.gravatar.com\\\/avatar\\\/0219e64664f5861998ad57a3432eb4bd5fd99a34c7cc9bc44b3c59dfb830db85?s=96&d=mm&r=g\",\"url\":\"https:\\\/\\\/secure.gravatar.com\\\/avatar\\\/0219e64664f5861998ad57a3432eb4bd5fd99a34c7cc9bc44b3c59dfb830db85?s=96&d=mm&r=g\",\"contentUrl\":\"https:\\\/\\\/secure.gravatar.com\\\/avatar\\\/0219e64664f5861998ad57a3432eb4bd5fd99a34c7cc9bc44b3c59dfb830db85?s=96&d=mm&r=g\",\"caption\":\"Sepam\"},\"url\":\"https:\\\/\\\/sepam.com.br\\\/es\\\/author\\\/sepam\\\/\"}]}<\/script>\n<!-- \/ Yoast SEO plugin. -->","yoast_head_json":{"title":"Col\u00e9gio Sepam se prepara para implanta\u00e7\u00e3o do Novo Ensino M\u00e9dio","description":"Extens\u00e3o da carga hor\u00e1ria, itiner\u00e1rios formativos, Projeto de Vida e novas atividades ser\u00e3o ofertadas a partir de 2022\u00a0 O Novo Ensino M\u00e9dio entra em vigor no Paran\u00e1 a partir do pr\u00f3ximo ano letivo. Alunos e professores vivenciar\u00e3o uma nova formata\u00e7\u00e3o do ensino, com mais tempo de aulas e com a grade curricular sendo composta por&hellip;","robots":{"index":"index","follow":"follow","max-snippet":"max-snippet:-1","max-image-preview":"max-image-preview:large","max-video-preview":"max-video-preview:-1"},"canonical":"https:\/\/sepam.com.br\/es\/colegio-sepam-se-prepara-para-implantacao-do-novo-ensino-medio\/","og_locale":"es_ES","og_type":"article","og_title":"Col\u00e9gio Sepam se prepara para implanta\u00e7\u00e3o do Novo Ensino M\u00e9dio","og_description":"Extens\u00e3o da carga hor\u00e1ria, itiner\u00e1rios formativos, Projeto de Vida e novas atividades ser\u00e3o ofertadas a partir de 2022\u00a0 O Novo Ensino M\u00e9dio entra em vigor no Paran\u00e1 a partir do pr\u00f3ximo ano letivo. Alunos e professores vivenciar\u00e3o uma nova formata\u00e7\u00e3o do ensino, com mais tempo de aulas e com a grade curricular sendo composta por&hellip;","og_url":"https:\/\/sepam.com.br\/es\/colegio-sepam-se-prepara-para-implantacao-do-novo-ensino-medio\/","og_site_name":"Col\u00e9gio Sepam","article_published_time":"2025-08-28T13:47:46+00:00","article_modified_time":"2025-11-24T13:53:34+00:00","author":"Sepam","twitter_card":"summary_large_image","twitter_misc":{"Escrito por":"Sepam","Tiempo de lectura":"5 minutos"},"schema":{"@context":"https:\/\/schema.org","@graph":[{"@type":"Article","@id":"https:\/\/sepam.com.br\/es\/colegio-sepam-se-prepara-para-implantacao-do-novo-ensino-medio\/#article","isPartOf":{"@id":"https:\/\/sepam.com.br\/es\/colegio-sepam-se-prepara-para-implantacao-do-novo-ensino-medio\/"},"author":{"name":"Sepam","@id":"https:\/\/sepam.com.br\/#\/schema\/person\/bfa2996c649a5a6d822766f6e64eb7fd"},"headline":"Col\u00e9gio Sepam se prepara para implanta\u00e7\u00e3o do Novo Ensino M\u00e9dio","datePublished":"2025-08-28T13:47:46+00:00","dateModified":"2025-11-24T13:53:34+00:00","mainEntityOfPage":{"@id":"https:\/\/sepam.com.br\/es\/colegio-sepam-se-prepara-para-implantacao-do-novo-ensino-medio\/"},"wordCount":1002,"commentCount":0,"publisher":{"@id":"https:\/\/sepam.com.br\/#organization"},"articleSection":["Colegio Sepam"],"inLanguage":"es","potentialAction":[{"@type":"CommentAction","name":"Comment","target":["https:\/\/sepam.com.br\/es\/colegio-sepam-se-prepara-para-implantacao-do-novo-ensino-medio\/#respond"]}]},{"@type":"WebPage","@id":"https:\/\/sepam.com.br\/es\/colegio-sepam-se-prepara-para-implantacao-do-novo-ensino-medio\/","url":"https:\/\/sepam.com.br\/es\/colegio-sepam-se-prepara-para-implantacao-do-novo-ensino-medio\/","name":"Col\u00e9gio Sepam se prepara para implanta\u00e7\u00e3o do Novo Ensino M\u00e9dio - Col\u00e9gio Sepam","isPartOf":{"@id":"https:\/\/sepam.com.br\/#website"},"datePublished":"2025-08-28T13:47:46+00:00","dateModified":"2025-11-24T13:53:34+00:00","breadcrumb":{"@id":"https:\/\/sepam.com.br\/es\/colegio-sepam-se-prepara-para-implantacao-do-novo-ensino-medio\/#breadcrumb"},"inLanguage":"es","potentialAction":[{"@type":"ReadAction","target":["https:\/\/sepam.com.br\/es\/colegio-sepam-se-prepara-para-implantacao-do-novo-ensino-medio\/"]}]},{"@type":"BreadcrumbList","@id":"https:\/\/sepam.com.br\/es\/colegio-sepam-se-prepara-para-implantacao-do-novo-ensino-medio\/#breadcrumb","itemListElement":[{"@type":"ListItem","position":1,"name":"Boas Vindas","item":"https:\/\/sepam.com.br\/"},{"@type":"ListItem","position":2,"name":"Col\u00e9gio Sepam se prepara para implanta\u00e7\u00e3o do Novo Ensino M\u00e9dio"}]},{"@type":"WebSite","@id":"https:\/\/sepam.com.br\/es\/#website","url":"https:\/\/sepam.com.br\/es\/","name":"Col\u00e9gio Sepam","description":"Ensino Incompar\u00e1vel","publisher":{"@id":"https:\/\/sepam.com.br\/es\/#organization"},"potentialAction":[{"@type":"SearchAction","target":{"@type":"EntryPoint","urlTemplate":"https:\/\/sepam.com.br\/es\/?s={search_term_string}"},"query-input":{"@type":"PropertyValueSpecification","valueRequired":true,"valueName":"search_term_string"}}],"inLanguage":"es"},{"@type":"Organization","@id":"https:\/\/sepam.com.br\/es\/#organization","name":"Col\u00e9gio Sepam","url":"https:\/\/sepam.com.br\/es\/","logo":{"@type":"ImageObject","inLanguage":"es","@id":"https:\/\/sepam.com.br\/es\/#\/schema\/logo\/image\/","url":"https:\/\/sepam.com.br\/wp-content\/uploads\/2025\/02\/Ativo-2.png","contentUrl":"https:\/\/sepam.com.br\/wp-content\/uploads\/2025\/02\/Ativo-2.png","width":595,"height":525,"caption":"Col\u00e9gio Sepam"},"image":{"@id":"https:\/\/sepam.com.br\/es\/#\/schema\/logo\/image\/"}},{"@type":"Person","@id":"https:\/\/sepam.com.br\/#\/schema\/person\/bfa2996c649a5a6d822766f6e64eb7fd","name":"Sepam","image":{"@type":"ImageObject","inLanguage":"es","@id":"https:\/\/secure.gravatar.com\/avatar\/0219e64664f5861998ad57a3432eb4bd5fd99a34c7cc9bc44b3c59dfb830db85?s=96&d=mm&r=g","url":"https:\/\/secure.gravatar.com\/avatar\/0219e64664f5861998ad57a3432eb4bd5fd99a34c7cc9bc44b3c59dfb830db85?s=96&d=mm&r=g","contentUrl":"https:\/\/secure.gravatar.com\/avatar\/0219e64664f5861998ad57a3432eb4bd5fd99a34c7cc9bc44b3c59dfb830db85?s=96&d=mm&r=g","caption":"Sepam"},"url":"https:\/\/sepam.com.br\/es\/author\/sepam\/"}]}},"_links":{"self":[{"href":"https:\/\/sepam.com.br\/es\/wp-json\/wp\/v2\/posts\/7151","targetHints":{"allow":["GET"]}}],"collection":[{"href":"https:\/\/sepam.com.br\/es\/wp-json\/wp\/v2\/posts"}],"about":[{"href":"https:\/\/sepam.com.br\/es\/wp-json\/wp\/v2\/types\/post"}],"author":[{"embeddable":true,"href":"https:\/\/sepam.com.br\/es\/wp-json\/wp\/v2\/users\/13"}],"replies":[{"embeddable":true,"href":"https:\/\/sepam.com.br\/es\/wp-json\/wp\/v2\/comments?post=7151"}],"version-history":[{"count":1,"href":"https:\/\/sepam.com.br\/es\/wp-json\/wp\/v2\/posts\/7151\/revisions"}],"predecessor-version":[{"id":7215,"href":"https:\/\/sepam.com.br\/es\/wp-json\/wp\/v2\/posts\/7151\/revisions\/7215"}],"wp:attachment":[{"href":"https:\/\/sepam.com.br\/es\/wp-json\/wp\/v2\/media?parent=7151"}],"wp:term":[{"taxonomy":"category","embeddable":true,"href":"https:\/\/sepam.com.br\/es\/wp-json\/wp\/v2\/categories?post=7151"},{"taxonomy":"post_tag","embeddable":true,"href":"https:\/\/sepam.com.br\/es\/wp-json\/wp\/v2\/tags?post=7151"}],"curies":[{"name":"wp","href":"https:\/\/api.w.org\/{rel}","templated":true}]}}