{"id":7147,"date":"2025-08-28T10:47:46","date_gmt":"2025-08-28T13:47:46","guid":{"rendered":"https:\/\/dev.alisonandrei.com.br\/noticia\/mostra-de-danca-do-colegio-sepam-arrecada-mais-de-4-mil-fraldas-geriatricas-para-doacao\/"},"modified":"2025-11-24T10:53:34","modified_gmt":"2025-11-24T13:53:34","slug":"mostra-de-danca-do-colegio-sepam-arrecada-mais-de-4-mil-fraldas-geriatricas-para-doacao","status":"publish","type":"post","link":"https:\/\/sepam.com.br\/es\/mostra-de-danca-do-colegio-sepam-arrecada-mais-de-4-mil-fraldas-geriatricas-para-doacao\/","title":{"rendered":"Mostra de dan\u00e7a do Col\u00e9gio Sepam arrecada mais de 4 mil fraldas geri\u00e1tricas para doa\u00e7\u00e3o"},"content":{"rendered":"<p style=\"text-align: center;\"><em><span class=\"TextRun SCXW186037509 BCX0\" lang=\"PT-BR\" xml_lang=\"PT-BR\" data-contrast=\"auto\"><span class=\"NormalTextRun SCXW186037509 BCX0\">O evento aconteceu no \u00faltimo fim de semana com apresenta\u00e7\u00f5es de estudantes da institui\u00e7\u00e3o<\/span><\/span><span class=\"EOP SCXW186037509 BCX0\" data-ccp-props=\"{&quot;201341983&quot;:0,&quot;335559739&quot;:160,&quot;335559740&quot;:259}\">\u00a0<\/span><\/em><\/p>\n<p><b><span data-contrast=\"none\">Ponta Grossa, outubro de 2021 &#8211;\u00a0<\/span><\/b><span data-contrast=\"none\">O Col\u00e9gio\u00a0Pontagrossense\u00a0Sepam\u00a0arrecadou, aproximadamente, 4,5 mil fraldas geri\u00e1tricas para doa\u00e7\u00e3o a entidades assistenciais do munic\u00edpio, por meio do ingresso solid\u00e1rio da Mostra de Dan\u00e7a\u00a0Sepam. O evento ocorreu nos dias 23 e 24 de outubro, no Cinte Teatro \u00d3pera e foi aberto \u00e0 aprecia\u00e7\u00e3o dos pais dos alunos participantes, respeitando as normas sanit\u00e1rias de combate ao Coronav\u00edrus.\u00a0<\/span><span data-ccp-props=\"{&quot;201341983&quot;:0,&quot;335551550&quot;:6,&quot;335551620&quot;:6,&quot;335559739&quot;:160,&quot;335559740&quot;:259}\">\u00a0<\/span><\/p>\n<p><span data-contrast=\"none\">Neste ano, as coreografias apresentadas pelos alunos da Educa\u00e7\u00e3o Infantil at\u00e9 o Ensino M\u00e9dio, que participam das aulas de express\u00e3o corporal do Col\u00e9gio, foram releituras de espet\u00e1culos que marcaram a trajet\u00f3ria do evento nos \u00faltimos anos, como: O Rei Le\u00e3o,\u00a0Tinker\u00a0Bell e os Piratas, Monstros S\/A, Kung Fu Panda,\u00a0Smurfette, Moranguinho e\u00a0Teen\u00a0Beach\u00a0Movie.\u00a0<\/span><span data-ccp-props=\"{&quot;201341983&quot;:0,&quot;335551550&quot;:6,&quot;335551620&quot;:6,&quot;335559739&quot;:160,&quot;335559740&quot;:259}\">\u00a0<\/span><\/p>\n<p><span data-contrast=\"none\">O Col\u00e9gio frequentemente realiza a\u00e7\u00f5es solid\u00e1rias. O Grupo da Cidadania\u00a0Sepam, formado por alunos volunt\u00e1rios a partir do 9\u00ba ano do Ensino Fundamental, fica respons\u00e1vel por organizar e distribuir os bens arrecadados para as institui\u00e7\u00f5es atendidas.\u00a0<\/span><span data-ccp-props=\"{&quot;201341983&quot;:0,&quot;335551550&quot;:6,&quot;335551620&quot;:6,&quot;335559739&quot;:160,&quot;335559740&quot;:259}\">\u00a0<\/span><\/p>\n<p><span data-ccp-props=\"{&quot;201341983&quot;:0,&quot;335551550&quot;:2,&quot;335551620&quot;:2,&quot;335559739&quot;:160,&quot;335559740&quot;:259}\">\u00a0<\/span><\/p>\n<p><b><span data-contrast=\"none\">Incentivo \u00e0 express\u00e3o corporal\u00a0\u00a0<\/span><\/b><span data-ccp-props=\"{&quot;201341983&quot;:0,&quot;335551550&quot;:6,&quot;335551620&quot;:6,&quot;335559739&quot;:160,&quot;335559740&quot;:259}\">\u00a0<\/span><\/p>\n<p><span data-contrast=\"none\">No Col\u00e9gio\u00a0Sepam, os alunos participam das aulas de express\u00e3o corporal a partir da Educa\u00e7\u00e3o Infantil. Para as crian\u00e7as de at\u00e9 seis anos de idade, as aulas s\u00e3o tem\u00e1ticas e ocorrem uma vez por semana. O intuito das atividades \u00e9 trabalhar o l\u00fadico, estimular a coordena\u00e7\u00e3o motora e a no\u00e7\u00e3o espacial. Do 2\u00ba ao 5\u00ba ano, s\u00e3o realizados trabalhos coreogr\u00e1ficos com a introdu\u00e7\u00e3o a alguns passos e sequ\u00eancias. J\u00e1 do 6\u00ba ano ao Ensino M\u00e9dico, o foco \u00e9 direcionado ao ensino do jazz.\u00a0\u00a0<\/span><span data-ccp-props=\"{&quot;201341983&quot;:0,&quot;335551550&quot;:6,&quot;335551620&quot;:6,&quot;335559739&quot;:160,&quot;335559740&quot;:259}\">\u00a0<\/span><\/p>\n<p><span data-contrast=\"none\">\u201cA express\u00e3o corporal trabalha a coordena\u00e7\u00e3o motora, a no\u00e7\u00e3o espacial, musicalidade, memoriza\u00e7\u00e3o, criatividade e autoestima, al\u00e9m da constru\u00e7\u00e3o de la\u00e7os afetivos com o grupo que participa das aulas\u201d, explica a professora de express\u00e3o corporal e coordenadora de eventos do\u00a0Sepam,\u00a0Verg\u00ednia\u00a0Uliana.\u00a0<\/span><span data-ccp-props=\"{&quot;201341983&quot;:0,&quot;335551550&quot;:6,&quot;335551620&quot;:6,&quot;335559739&quot;:160,&quot;335559740&quot;:259}\">\u00a0<\/span><\/p>\n<p><span data-contrast=\"none\">A estudante da 2\u00aa s\u00e9rie do Ensino M\u00e9dio, Ana Carolina Yamamoto, 16 anos, come\u00e7ou a praticar a dan\u00e7a com 11 anos de idade e descobriu na atividade uma paix\u00e3o. \u201cEu tinha uma coordena\u00e7\u00e3o motora p\u00e9ssima e era muito t\u00edmida. Me apaixonei pela dan\u00e7a e vi na professora um ponto de apoio, j\u00e1 que ela est\u00e1 sempre presente. Me esforcei ao longo dos anos e percebo que melhorei muito minha elasticidade, coordena\u00e7\u00e3o e at\u00e9 na forma de me expressar\u201d, conta a aluna.\u00a0<\/span><span data-ccp-props=\"{&quot;201341983&quot;:0,&quot;335551550&quot;:6,&quot;335551620&quot;:6,&quot;335559739&quot;:160,&quot;335559740&quot;:259}\">\u00a0<\/span><\/p>\n<p><span data-contrast=\"none\">Ana Carolina foi uma das contempladas na lista de aprova\u00e7\u00e3o do vestibular de primavera da Universidade Estadual de Ponta Grossa (UEPG) para o curso de Direito. A estudante afirma que a dan\u00e7a a auxiliou no processo de estudos. \u201cA dan\u00e7a me ensinou a ser focada e disciplinada. Tento levar isso para os meus estudos tamb\u00e9m, como um valor para a vida toda. Essa atividade n\u00e3o atrapalhou minha rotina escolar, s\u00f3 me acrescentou\u201d, finaliza.\u00a0<\/span><span data-ccp-props=\"{&quot;201341983&quot;:0,&quot;335551550&quot;:6,&quot;335551620&quot;:6,&quot;335559739&quot;:160,&quot;335559740&quot;:259}\">\u00a0<\/span><\/p>\n<p><img fetchpriority=\"high\" decoding=\"async\" class=\"size-medium wp-image-4033 aligncenter\" src=\"https:\/\/www.sepam.com.br\/wp-content\/uploads\/2021\/11\/perfo-300x199.png\" alt=\"\" width=\"300\" height=\"199\" \/><\/p>\n<p><span data-ccp-props=\"{&quot;201341983&quot;:0,&quot;335551550&quot;:6,&quot;335551620&quot;:6,&quot;335559739&quot;:160,&quot;335559740&quot;:259}\">\u00a0<\/span><\/p>\n<p><b><span data-contrast=\"none\">Matr\u00edculas 2022\u00a0<\/span><\/b><span data-ccp-props=\"{&quot;201341983&quot;:0,&quot;335551550&quot;:6,&quot;335551620&quot;:6,&quot;335559739&quot;:160,&quot;335559740&quot;:259}\">\u00a0<\/span><\/p>\n<p><span data-contrast=\"none\">O incentivo \u00e0 express\u00e3o corporal como forma de comunica\u00e7\u00e3o e do est\u00edmulo \u00e0 coordena\u00e7\u00e3o motora \u00e9 apenas um dos diferenciais do Col\u00e9gio\u00a0Sepam, de Ponta Grossa. A institui\u00e7\u00e3o conta tamb\u00e9m com aulas de rob\u00f3tica; High\u00a0School, em parceria com a Universidade de Missouri, dos Estados Unidos; implementa\u00e7\u00e3o do programa de educa\u00e7\u00e3o socioemocional L\u00edder em Mim; aulas de yoga e incentivo \u00e0s pr\u00e1ticas saud\u00e1veis no dia a dia; al\u00e9m de aulas de dan\u00e7a, teatro gin\u00e1stica e treinamentos esportivos.\u00a0\u00a0<\/span><span data-ccp-props=\"{&quot;201341983&quot;:0,&quot;335551550&quot;:6,&quot;335551620&quot;:6,&quot;335559739&quot;:160,&quot;335559740&quot;:259}\">\u00a0<\/span><\/p>\n<p><span data-contrast=\"none\">As matr\u00edculas para o ano de 2022 j\u00e1 podem ser feitas por meio do\u00a0<\/span><a href=\"https:\/\/www.sepam.com.br\/cadastro-para-matricula\"><span data-contrast=\"none\">site do Sepam.<\/span><\/a><span data-contrast=\"none\">\u00a0Para mais informa\u00e7\u00f5es, contate o (42) 3225-2677.\u00a0<\/span><span data-ccp-props=\"{&quot;201341983&quot;:0,&quot;335551550&quot;:6,&quot;335551620&quot;:6,&quot;335559739&quot;:160,&quot;335559740&quot;:259}\">\u00a0<\/span><\/p>\n","protected":false},"excerpt":{"rendered":"<p>O evento aconteceu no \u00faltimo fim de semana com apresenta\u00e7\u00f5es de estudantes da institui\u00e7\u00e3o\u00a0 Ponta Grossa, outubro de 2021 &#8211;\u00a0O Col\u00e9gio\u00a0Pontagrossense\u00a0Sepam\u00a0arrecadou, aproximadamente, 4,5 mil fraldas geri\u00e1tricas para doa\u00e7\u00e3o a entidades assistenciais do munic\u00edpio, por meio do ingresso solid\u00e1rio da Mostra de Dan\u00e7a\u00a0Sepam. O evento ocorreu nos dias 23 e 24 de outubro, no Cinte Teatro [&hellip;]<\/p>\n","protected":false},"author":13,"featured_media":0,"comment_status":"open","ping_status":"open","sticky":false,"template":"","format":"standard","meta":{"footnotes":""},"categories":[21],"tags":[],"class_list":["post-7147","post","type-post","status-publish","format-standard","hentry","category-colegio-sepam"],"yoast_head":"<!-- This site is optimized with the Yoast SEO plugin v28.4 - https:\/\/yoast.com\/product\/yoast-seo-wordpress\/ -->\n<title>Mostra de dan\u00e7a do Col\u00e9gio Sepam arrecada mais de 4 mil fraldas geri\u00e1tricas para doa\u00e7\u00e3o<\/title>\n<meta name=\"description\" content=\"O evento aconteceu no \u00faltimo fim de semana com apresenta\u00e7\u00f5es de estudantes da institui\u00e7\u00e3o\u00a0 Ponta Grossa, outubro de 2021 -\u00a0O Col\u00e9gio\u00a0Pontagrossense\u00a0Sepam\u00a0arrecadou, aproximadamente, 4,5 mil fraldas geri\u00e1tricas para doa\u00e7\u00e3o a entidades assistenciais do munic\u00edpio, por meio do ingresso solid\u00e1rio da Mostra de Dan\u00e7a\u00a0Sepam. O evento ocorreu nos dias 23 e 24 de outubro, no Cinte Teatro&hellip;\" \/>\n<meta name=\"robots\" content=\"index, follow, max-snippet:-1, max-image-preview:large, max-video-preview:-1\" \/>\n<link rel=\"canonical\" href=\"https:\/\/sepam.com.br\/es\/mostra-de-danca-do-colegio-sepam-arrecada-mais-de-4-mil-fraldas-geriatricas-para-doacao\/\" \/>\n<meta property=\"og:locale\" content=\"es_ES\" \/>\n<meta property=\"og:type\" content=\"article\" \/>\n<meta property=\"og:title\" content=\"Mostra de dan\u00e7a do Col\u00e9gio Sepam arrecada mais de 4 mil fraldas geri\u00e1tricas para doa\u00e7\u00e3o\" \/>\n<meta property=\"og:description\" content=\"O evento aconteceu no \u00faltimo fim de semana com apresenta\u00e7\u00f5es de estudantes da institui\u00e7\u00e3o\u00a0 Ponta Grossa, outubro de 2021 -\u00a0O Col\u00e9gio\u00a0Pontagrossense\u00a0Sepam\u00a0arrecadou, aproximadamente, 4,5 mil fraldas geri\u00e1tricas para doa\u00e7\u00e3o a entidades assistenciais do munic\u00edpio, por meio do ingresso solid\u00e1rio da Mostra de Dan\u00e7a\u00a0Sepam. O evento ocorreu nos dias 23 e 24 de outubro, no Cinte Teatro&hellip;\" \/>\n<meta property=\"og:url\" content=\"https:\/\/sepam.com.br\/es\/mostra-de-danca-do-colegio-sepam-arrecada-mais-de-4-mil-fraldas-geriatricas-para-doacao\/\" \/>\n<meta property=\"og:site_name\" content=\"Col\u00e9gio Sepam\" \/>\n<meta property=\"article:published_time\" content=\"2025-08-28T13:47:46+00:00\" \/>\n<meta property=\"article:modified_time\" content=\"2025-11-24T13:53:34+00:00\" \/>\n<meta name=\"author\" content=\"Sepam\" \/>\n<meta name=\"twitter:card\" content=\"summary_large_image\" \/>\n<meta name=\"twitter:label1\" content=\"Escrito por\" \/>\n\t<meta name=\"twitter:data1\" content=\"Sepam\" \/>\n\t<meta name=\"twitter:label2\" content=\"Tiempo de lectura\" \/>\n\t<meta name=\"twitter:data2\" content=\"3 minutos\" \/>\n<script type=\"application\/ld+json\" class=\"yoast-schema-graph\">{\"@context\":\"https:\\\/\\\/schema.org\",\"@graph\":[{\"@type\":\"Article\",\"@id\":\"https:\\\/\\\/sepam.com.br\\\/es\\\/mostra-de-danca-do-colegio-sepam-arrecada-mais-de-4-mil-fraldas-geriatricas-para-doacao\\\/#article\",\"isPartOf\":{\"@id\":\"https:\\\/\\\/sepam.com.br\\\/es\\\/mostra-de-danca-do-colegio-sepam-arrecada-mais-de-4-mil-fraldas-geriatricas-para-doacao\\\/\"},\"author\":{\"name\":\"Sepam\",\"@id\":\"https:\\\/\\\/sepam.com.br\\\/#\\\/schema\\\/person\\\/bfa2996c649a5a6d822766f6e64eb7fd\"},\"headline\":\"Mostra de dan\u00e7a do Col\u00e9gio Sepam arrecada mais de 4 mil fraldas geri\u00e1tricas para doa\u00e7\u00e3o\",\"datePublished\":\"2025-08-28T13:47:46+00:00\",\"dateModified\":\"2025-11-24T13:53:34+00:00\",\"mainEntityOfPage\":{\"@id\":\"https:\\\/\\\/sepam.com.br\\\/es\\\/mostra-de-danca-do-colegio-sepam-arrecada-mais-de-4-mil-fraldas-geriatricas-para-doacao\\\/\"},\"wordCount\":637,\"commentCount\":0,\"publisher\":{\"@id\":\"https:\\\/\\\/sepam.com.br\\\/#organization\"},\"image\":{\"@id\":\"https:\\\/\\\/sepam.com.br\\\/es\\\/mostra-de-danca-do-colegio-sepam-arrecada-mais-de-4-mil-fraldas-geriatricas-para-doacao\\\/#primaryimage\"},\"thumbnailUrl\":\"https:\\\/\\\/www.sepam.com.br\\\/wp-content\\\/uploads\\\/2021\\\/11\\\/perfo-300x199.png\",\"articleSection\":[\"Colegio Sepam\"],\"inLanguage\":\"es\",\"potentialAction\":[{\"@type\":\"CommentAction\",\"name\":\"Comment\",\"target\":[\"https:\\\/\\\/sepam.com.br\\\/es\\\/mostra-de-danca-do-colegio-sepam-arrecada-mais-de-4-mil-fraldas-geriatricas-para-doacao\\\/#respond\"]}]},{\"@type\":\"WebPage\",\"@id\":\"https:\\\/\\\/sepam.com.br\\\/es\\\/mostra-de-danca-do-colegio-sepam-arrecada-mais-de-4-mil-fraldas-geriatricas-para-doacao\\\/\",\"url\":\"https:\\\/\\\/sepam.com.br\\\/es\\\/mostra-de-danca-do-colegio-sepam-arrecada-mais-de-4-mil-fraldas-geriatricas-para-doacao\\\/\",\"name\":\"Mostra de dan\u00e7a do Col\u00e9gio Sepam arrecada mais de 4 mil fraldas geri\u00e1tricas para doa\u00e7\u00e3o - Col\u00e9gio Sepam\",\"isPartOf\":{\"@id\":\"https:\\\/\\\/sepam.com.br\\\/#website\"},\"primaryImageOfPage\":{\"@id\":\"https:\\\/\\\/sepam.com.br\\\/es\\\/mostra-de-danca-do-colegio-sepam-arrecada-mais-de-4-mil-fraldas-geriatricas-para-doacao\\\/#primaryimage\"},\"image\":{\"@id\":\"https:\\\/\\\/sepam.com.br\\\/es\\\/mostra-de-danca-do-colegio-sepam-arrecada-mais-de-4-mil-fraldas-geriatricas-para-doacao\\\/#primaryimage\"},\"thumbnailUrl\":\"https:\\\/\\\/www.sepam.com.br\\\/wp-content\\\/uploads\\\/2021\\\/11\\\/perfo-300x199.png\",\"datePublished\":\"2025-08-28T13:47:46+00:00\",\"dateModified\":\"2025-11-24T13:53:34+00:00\",\"breadcrumb\":{\"@id\":\"https:\\\/\\\/sepam.com.br\\\/es\\\/mostra-de-danca-do-colegio-sepam-arrecada-mais-de-4-mil-fraldas-geriatricas-para-doacao\\\/#breadcrumb\"},\"inLanguage\":\"es\",\"potentialAction\":[{\"@type\":\"ReadAction\",\"target\":[\"https:\\\/\\\/sepam.com.br\\\/es\\\/mostra-de-danca-do-colegio-sepam-arrecada-mais-de-4-mil-fraldas-geriatricas-para-doacao\\\/\"]}]},{\"@type\":\"ImageObject\",\"inLanguage\":\"es\",\"@id\":\"https:\\\/\\\/sepam.com.br\\\/es\\\/mostra-de-danca-do-colegio-sepam-arrecada-mais-de-4-mil-fraldas-geriatricas-para-doacao\\\/#primaryimage\",\"url\":\"https:\\\/\\\/www.sepam.com.br\\\/wp-content\\\/uploads\\\/2021\\\/11\\\/perfo-300x199.png\",\"contentUrl\":\"https:\\\/\\\/www.sepam.com.br\\\/wp-content\\\/uploads\\\/2021\\\/11\\\/perfo-300x199.png\"},{\"@type\":\"BreadcrumbList\",\"@id\":\"https:\\\/\\\/sepam.com.br\\\/es\\\/mostra-de-danca-do-colegio-sepam-arrecada-mais-de-4-mil-fraldas-geriatricas-para-doacao\\\/#breadcrumb\",\"itemListElement\":[{\"@type\":\"ListItem\",\"position\":1,\"name\":\"Boas Vindas\",\"item\":\"https:\\\/\\\/sepam.com.br\\\/\"},{\"@type\":\"ListItem\",\"position\":2,\"name\":\"Mostra de dan\u00e7a do Col\u00e9gio Sepam arrecada mais de 4 mil fraldas geri\u00e1tricas para doa\u00e7\u00e3o\"}]},{\"@type\":\"WebSite\",\"@id\":\"https:\\\/\\\/sepam.com.br\\\/es\\\/#website\",\"url\":\"https:\\\/\\\/sepam.com.br\\\/es\\\/\",\"name\":\"Col\u00e9gio Sepam\",\"description\":\"Ensino Incompar\u00e1vel\",\"publisher\":{\"@id\":\"https:\\\/\\\/sepam.com.br\\\/es\\\/#organization\"},\"potentialAction\":[{\"@type\":\"SearchAction\",\"target\":{\"@type\":\"EntryPoint\",\"urlTemplate\":\"https:\\\/\\\/sepam.com.br\\\/es\\\/?s={search_term_string}\"},\"query-input\":{\"@type\":\"PropertyValueSpecification\",\"valueRequired\":true,\"valueName\":\"search_term_string\"}}],\"inLanguage\":\"es\"},{\"@type\":\"Organization\",\"@id\":\"https:\\\/\\\/sepam.com.br\\\/es\\\/#organization\",\"name\":\"Col\u00e9gio Sepam\",\"url\":\"https:\\\/\\\/sepam.com.br\\\/es\\\/\",\"logo\":{\"@type\":\"ImageObject\",\"inLanguage\":\"es\",\"@id\":\"https:\\\/\\\/sepam.com.br\\\/es\\\/#\\\/schema\\\/logo\\\/image\\\/\",\"url\":\"https:\\\/\\\/sepam.com.br\\\/wp-content\\\/uploads\\\/2025\\\/02\\\/Ativo-2.png\",\"contentUrl\":\"https:\\\/\\\/sepam.com.br\\\/wp-content\\\/uploads\\\/2025\\\/02\\\/Ativo-2.png\",\"width\":595,\"height\":525,\"caption\":\"Col\u00e9gio Sepam\"},\"image\":{\"@id\":\"https:\\\/\\\/sepam.com.br\\\/es\\\/#\\\/schema\\\/logo\\\/image\\\/\"}},{\"@type\":\"Person\",\"@id\":\"https:\\\/\\\/sepam.com.br\\\/#\\\/schema\\\/person\\\/bfa2996c649a5a6d822766f6e64eb7fd\",\"name\":\"Sepam\",\"image\":{\"@type\":\"ImageObject\",\"inLanguage\":\"es\",\"@id\":\"https:\\\/\\\/secure.gravatar.com\\\/avatar\\\/0219e64664f5861998ad57a3432eb4bd5fd99a34c7cc9bc44b3c59dfb830db85?s=96&d=mm&r=g\",\"url\":\"https:\\\/\\\/secure.gravatar.com\\\/avatar\\\/0219e64664f5861998ad57a3432eb4bd5fd99a34c7cc9bc44b3c59dfb830db85?s=96&d=mm&r=g\",\"contentUrl\":\"https:\\\/\\\/secure.gravatar.com\\\/avatar\\\/0219e64664f5861998ad57a3432eb4bd5fd99a34c7cc9bc44b3c59dfb830db85?s=96&d=mm&r=g\",\"caption\":\"Sepam\"},\"url\":\"https:\\\/\\\/sepam.com.br\\\/es\\\/author\\\/sepam\\\/\"}]}<\/script>\n<!-- \/ Yoast SEO plugin. -->","yoast_head_json":{"title":"Mostra de dan\u00e7a do Col\u00e9gio Sepam arrecada mais de 4 mil fraldas geri\u00e1tricas para doa\u00e7\u00e3o","description":"O evento aconteceu no \u00faltimo fim de semana com apresenta\u00e7\u00f5es de estudantes da institui\u00e7\u00e3o\u00a0 Ponta Grossa, outubro de 2021 -\u00a0O Col\u00e9gio\u00a0Pontagrossense\u00a0Sepam\u00a0arrecadou, aproximadamente, 4,5 mil fraldas geri\u00e1tricas para doa\u00e7\u00e3o a entidades assistenciais do munic\u00edpio, por meio do ingresso solid\u00e1rio da Mostra de Dan\u00e7a\u00a0Sepam. O evento ocorreu nos dias 23 e 24 de outubro, no Cinte Teatro&hellip;","robots":{"index":"index","follow":"follow","max-snippet":"max-snippet:-1","max-image-preview":"max-image-preview:large","max-video-preview":"max-video-preview:-1"},"canonical":"https:\/\/sepam.com.br\/es\/mostra-de-danca-do-colegio-sepam-arrecada-mais-de-4-mil-fraldas-geriatricas-para-doacao\/","og_locale":"es_ES","og_type":"article","og_title":"Mostra de dan\u00e7a do Col\u00e9gio Sepam arrecada mais de 4 mil fraldas geri\u00e1tricas para doa\u00e7\u00e3o","og_description":"O evento aconteceu no \u00faltimo fim de semana com apresenta\u00e7\u00f5es de estudantes da institui\u00e7\u00e3o\u00a0 Ponta Grossa, outubro de 2021 -\u00a0O Col\u00e9gio\u00a0Pontagrossense\u00a0Sepam\u00a0arrecadou, aproximadamente, 4,5 mil fraldas geri\u00e1tricas para doa\u00e7\u00e3o a entidades assistenciais do munic\u00edpio, por meio do ingresso solid\u00e1rio da Mostra de Dan\u00e7a\u00a0Sepam. O evento ocorreu nos dias 23 e 24 de outubro, no Cinte Teatro&hellip;","og_url":"https:\/\/sepam.com.br\/es\/mostra-de-danca-do-colegio-sepam-arrecada-mais-de-4-mil-fraldas-geriatricas-para-doacao\/","og_site_name":"Col\u00e9gio Sepam","article_published_time":"2025-08-28T13:47:46+00:00","article_modified_time":"2025-11-24T13:53:34+00:00","author":"Sepam","twitter_card":"summary_large_image","twitter_misc":{"Escrito por":"Sepam","Tiempo de lectura":"3 minutos"},"schema":{"@context":"https:\/\/schema.org","@graph":[{"@type":"Article","@id":"https:\/\/sepam.com.br\/es\/mostra-de-danca-do-colegio-sepam-arrecada-mais-de-4-mil-fraldas-geriatricas-para-doacao\/#article","isPartOf":{"@id":"https:\/\/sepam.com.br\/es\/mostra-de-danca-do-colegio-sepam-arrecada-mais-de-4-mil-fraldas-geriatricas-para-doacao\/"},"author":{"name":"Sepam","@id":"https:\/\/sepam.com.br\/#\/schema\/person\/bfa2996c649a5a6d822766f6e64eb7fd"},"headline":"Mostra de dan\u00e7a do Col\u00e9gio Sepam arrecada mais de 4 mil fraldas geri\u00e1tricas para doa\u00e7\u00e3o","datePublished":"2025-08-28T13:47:46+00:00","dateModified":"2025-11-24T13:53:34+00:00","mainEntityOfPage":{"@id":"https:\/\/sepam.com.br\/es\/mostra-de-danca-do-colegio-sepam-arrecada-mais-de-4-mil-fraldas-geriatricas-para-doacao\/"},"wordCount":637,"commentCount":0,"publisher":{"@id":"https:\/\/sepam.com.br\/#organization"},"image":{"@id":"https:\/\/sepam.com.br\/es\/mostra-de-danca-do-colegio-sepam-arrecada-mais-de-4-mil-fraldas-geriatricas-para-doacao\/#primaryimage"},"thumbnailUrl":"https:\/\/www.sepam.com.br\/wp-content\/uploads\/2021\/11\/perfo-300x199.png","articleSection":["Colegio Sepam"],"inLanguage":"es","potentialAction":[{"@type":"CommentAction","name":"Comment","target":["https:\/\/sepam.com.br\/es\/mostra-de-danca-do-colegio-sepam-arrecada-mais-de-4-mil-fraldas-geriatricas-para-doacao\/#respond"]}]},{"@type":"WebPage","@id":"https:\/\/sepam.com.br\/es\/mostra-de-danca-do-colegio-sepam-arrecada-mais-de-4-mil-fraldas-geriatricas-para-doacao\/","url":"https:\/\/sepam.com.br\/es\/mostra-de-danca-do-colegio-sepam-arrecada-mais-de-4-mil-fraldas-geriatricas-para-doacao\/","name":"Mostra de dan\u00e7a do Col\u00e9gio Sepam arrecada mais de 4 mil fraldas geri\u00e1tricas para doa\u00e7\u00e3o - Col\u00e9gio Sepam","isPartOf":{"@id":"https:\/\/sepam.com.br\/#website"},"primaryImageOfPage":{"@id":"https:\/\/sepam.com.br\/es\/mostra-de-danca-do-colegio-sepam-arrecada-mais-de-4-mil-fraldas-geriatricas-para-doacao\/#primaryimage"},"image":{"@id":"https:\/\/sepam.com.br\/es\/mostra-de-danca-do-colegio-sepam-arrecada-mais-de-4-mil-fraldas-geriatricas-para-doacao\/#primaryimage"},"thumbnailUrl":"https:\/\/www.sepam.com.br\/wp-content\/uploads\/2021\/11\/perfo-300x199.png","datePublished":"2025-08-28T13:47:46+00:00","dateModified":"2025-11-24T13:53:34+00:00","breadcrumb":{"@id":"https:\/\/sepam.com.br\/es\/mostra-de-danca-do-colegio-sepam-arrecada-mais-de-4-mil-fraldas-geriatricas-para-doacao\/#breadcrumb"},"inLanguage":"es","potentialAction":[{"@type":"ReadAction","target":["https:\/\/sepam.com.br\/es\/mostra-de-danca-do-colegio-sepam-arrecada-mais-de-4-mil-fraldas-geriatricas-para-doacao\/"]}]},{"@type":"ImageObject","inLanguage":"es","@id":"https:\/\/sepam.com.br\/es\/mostra-de-danca-do-colegio-sepam-arrecada-mais-de-4-mil-fraldas-geriatricas-para-doacao\/#primaryimage","url":"https:\/\/www.sepam.com.br\/wp-content\/uploads\/2021\/11\/perfo-300x199.png","contentUrl":"https:\/\/www.sepam.com.br\/wp-content\/uploads\/2021\/11\/perfo-300x199.png"},{"@type":"BreadcrumbList","@id":"https:\/\/sepam.com.br\/es\/mostra-de-danca-do-colegio-sepam-arrecada-mais-de-4-mil-fraldas-geriatricas-para-doacao\/#breadcrumb","itemListElement":[{"@type":"ListItem","position":1,"name":"Boas Vindas","item":"https:\/\/sepam.com.br\/"},{"@type":"ListItem","position":2,"name":"Mostra de dan\u00e7a do Col\u00e9gio Sepam arrecada mais de 4 mil fraldas geri\u00e1tricas para doa\u00e7\u00e3o"}]},{"@type":"WebSite","@id":"https:\/\/sepam.com.br\/es\/#website","url":"https:\/\/sepam.com.br\/es\/","name":"Col\u00e9gio Sepam","description":"Ensino Incompar\u00e1vel","publisher":{"@id":"https:\/\/sepam.com.br\/es\/#organization"},"potentialAction":[{"@type":"SearchAction","target":{"@type":"EntryPoint","urlTemplate":"https:\/\/sepam.com.br\/es\/?s={search_term_string}"},"query-input":{"@type":"PropertyValueSpecification","valueRequired":true,"valueName":"search_term_string"}}],"inLanguage":"es"},{"@type":"Organization","@id":"https:\/\/sepam.com.br\/es\/#organization","name":"Col\u00e9gio Sepam","url":"https:\/\/sepam.com.br\/es\/","logo":{"@type":"ImageObject","inLanguage":"es","@id":"https:\/\/sepam.com.br\/es\/#\/schema\/logo\/image\/","url":"https:\/\/sepam.com.br\/wp-content\/uploads\/2025\/02\/Ativo-2.png","contentUrl":"https:\/\/sepam.com.br\/wp-content\/uploads\/2025\/02\/Ativo-2.png","width":595,"height":525,"caption":"Col\u00e9gio Sepam"},"image":{"@id":"https:\/\/sepam.com.br\/es\/#\/schema\/logo\/image\/"}},{"@type":"Person","@id":"https:\/\/sepam.com.br\/#\/schema\/person\/bfa2996c649a5a6d822766f6e64eb7fd","name":"Sepam","image":{"@type":"ImageObject","inLanguage":"es","@id":"https:\/\/secure.gravatar.com\/avatar\/0219e64664f5861998ad57a3432eb4bd5fd99a34c7cc9bc44b3c59dfb830db85?s=96&d=mm&r=g","url":"https:\/\/secure.gravatar.com\/avatar\/0219e64664f5861998ad57a3432eb4bd5fd99a34c7cc9bc44b3c59dfb830db85?s=96&d=mm&r=g","contentUrl":"https:\/\/secure.gravatar.com\/avatar\/0219e64664f5861998ad57a3432eb4bd5fd99a34c7cc9bc44b3c59dfb830db85?s=96&d=mm&r=g","caption":"Sepam"},"url":"https:\/\/sepam.com.br\/es\/author\/sepam\/"}]}},"_links":{"self":[{"href":"https:\/\/sepam.com.br\/es\/wp-json\/wp\/v2\/posts\/7147","targetHints":{"allow":["GET"]}}],"collection":[{"href":"https:\/\/sepam.com.br\/es\/wp-json\/wp\/v2\/posts"}],"about":[{"href":"https:\/\/sepam.com.br\/es\/wp-json\/wp\/v2\/types\/post"}],"author":[{"embeddable":true,"href":"https:\/\/sepam.com.br\/es\/wp-json\/wp\/v2\/users\/13"}],"replies":[{"embeddable":true,"href":"https:\/\/sepam.com.br\/es\/wp-json\/wp\/v2\/comments?post=7147"}],"version-history":[{"count":1,"href":"https:\/\/sepam.com.br\/es\/wp-json\/wp\/v2\/posts\/7147\/revisions"}],"predecessor-version":[{"id":7211,"href":"https:\/\/sepam.com.br\/es\/wp-json\/wp\/v2\/posts\/7147\/revisions\/7211"}],"wp:attachment":[{"href":"https:\/\/sepam.com.br\/es\/wp-json\/wp\/v2\/media?parent=7147"}],"wp:term":[{"taxonomy":"category","embeddable":true,"href":"https:\/\/sepam.com.br\/es\/wp-json\/wp\/v2\/categories?post=7147"},{"taxonomy":"post_tag","embeddable":true,"href":"https:\/\/sepam.com.br\/es\/wp-json\/wp\/v2\/tags?post=7147"}],"curies":[{"name":"wp","href":"https:\/\/api.w.org\/{rel}","templated":true}]}}