{"id":7124,"date":"2025-08-28T10:47:43","date_gmt":"2025-08-28T13:47:43","guid":{"rendered":"https:\/\/dev.alisonandrei.com.br\/noticia\/textos-de-alunos-viram-livros\/"},"modified":"2025-11-24T10:53:34","modified_gmt":"2025-11-24T13:53:34","slug":"textos-de-alunos-viram-livros","status":"publish","type":"post","link":"https:\/\/sepam.com.br\/es\/textos-de-alunos-viram-livros\/","title":{"rendered":"Textos de alunos viram livros"},"content":{"rendered":"<p style=\"text-align: center;\"><em>As seis obras do projeto liter\u00e1rio do Sepam est\u00e3o dispon\u00edveis nos formatos impresso e digital<\/em><\/p>\n<p>Os alunos dos anos finais do Ensino Fundamental (6\u00ba ao 9\u00ba ano) do Col\u00e9gio Pontagrossense \u2013 Sepam conclu\u00edram, na \u00faltima semana, os trabalhos da 4\u00aa edi\u00e7\u00e3o do Projeto Liter\u00e1rio Colet\u00e2neas Sepam. Este ano, foram escritos seis livros com textos de autoria dos alunos em uma proposta interdisciplinar que envolve as disciplinas de Produ\u00e7\u00e3o Textual, Ingl\u00eas e Artes. As produ\u00e7\u00f5es textuais aconteceram durante as aulas remotas, no segundo bimestre deste ano, utilizando meios digitais para comunica\u00e7\u00e3o e escrita.<\/p>\n<p>Al\u00e9m dos livros impressos, os t\u00edtulos tamb\u00e9m est\u00e3o dispon\u00edveis no formato e-Book. A coordenadora de tecnologia educacional do Col\u00e9gio, Talita Moretto, ressalta a import\u00e2ncia da democratiza\u00e7\u00e3o da leitura. \u201cO projeto j\u00e1 nasceu com os dois formatos: impresso e digital. Especialmente nos dias atuais, que estamos com atividades online, \u00e9 importante pensar em estrat\u00e9gias que democratizam a leitura e, sobretudo, mostrar aos estudantes envolvidos que suas produ\u00e7\u00f5es podem ganhar mais leitores e outros espa\u00e7os. Trata-se tamb\u00e9m de oferecer aos nossos alunos outras possibilidades de intera\u00e7\u00e3o com os dispositivos m\u00f3veis. Eles podem ter seu pr\u00f3prio livro na palma da m\u00e3o, compartilhar com amigos e familiares, valorizando ainda mais seus esfor\u00e7os\u201d, destaca.<\/p>\n<p>Como neste ano n\u00e3o foi poss\u00edvel a realiza\u00e7\u00e3o de um evento presencial para a apresenta\u00e7\u00e3o das obras, a conclus\u00e3o dos trabalhos tamb\u00e9m foi realizada online, conduzida pelas professoras envolvidas e pela coordena\u00e7\u00e3o pedag\u00f3gica, em hor\u00e1rio de aula.<\/p>\n<p>Para o diretor do Sepam, Osni Mongruel Junior, o col\u00e9gio tem grande tradi\u00e7\u00e3o em complementar as atividades realizadas em sala de aula com projetos. \u201cTemos atividades como Jispam e Ginpam, projetos sociais de protagonismo juvenil como o Menarca, Step by Step, Grupo da Cidadania e tantos outros. Neste ano t\u00e3o at\u00edpico, nos reinventamos e envolvemos nossos alunos em atividades que pudessem ser realizadas a dist\u00e2ncia. Assim tivemos palestras e aulas especiais com convidados externos. Iniciamos uma vers\u00e3o online do Sepam + Saud\u00e1vel Teen. E, no projeto liter\u00e1rio, mantivemos o foco nos estudos e na produ\u00e7\u00e3o textual. Nossos alunos\/autores est\u00e3o de parab\u00e9ns pela dedica\u00e7\u00e3o e comprometimento com as atividades escolares, com a difus\u00e3o da cultura\u201d, finaliza.<\/p>\n<p>Cada aluno autor recebeu tr\u00eas exemplares do seu livro impresso. Os e-Books est\u00e3o dispon\u00edveis para leitura no site do col\u00e9gio: <a href=\"https:\/\/www.sepam.com.br\/projeto-literario-coletaneas-sepam\/\">https:\/\/www.sepam.com.br\/projeto-literario-coletaneas-sepam\/<\/a><\/p>\n<p><strong>O PROJETO<\/strong><\/p>\n<p>O Projeto Liter\u00e1rio Colet\u00e2neas Sepam \u00e9 realizado com a finalidade processual do desenvolvimento da escrita. Foi criado em 2017 e j\u00e1 contempla 18 livros. Nesta 4\u00aa edi\u00e7\u00e3o foram trabalhados os g\u00eaneros: Biografia, P\u00e1gina de Di\u00e1rio, Relato Pessoal e Radionovela, distribu\u00eddos em seis obras, sendo duas em ingl\u00eas, com textos e ilustra\u00e7\u00f5es in\u00e9ditas de autoria dos alunos.<\/p>\n","protected":false},"excerpt":{"rendered":"<p>As seis obras do projeto liter\u00e1rio do Sepam est\u00e3o dispon\u00edveis nos formatos impresso e digital Os alunos dos anos finais do Ensino Fundamental (6\u00ba ao 9\u00ba ano) do Col\u00e9gio Pontagrossense \u2013 Sepam conclu\u00edram, na \u00faltima semana, os trabalhos da 4\u00aa edi\u00e7\u00e3o do Projeto Liter\u00e1rio Colet\u00e2neas Sepam. Este ano, foram escritos seis livros com textos de [&hellip;]<\/p>\n","protected":false},"author":13,"featured_media":0,"comment_status":"open","ping_status":"open","sticky":false,"template":"","format":"standard","meta":{"footnotes":""},"categories":[21],"tags":[],"class_list":["post-7124","post","type-post","status-publish","format-standard","hentry","category-colegio-sepam"],"yoast_head":"<!-- This site is optimized with the Yoast SEO plugin v28.4 - https:\/\/yoast.com\/product\/yoast-seo-wordpress\/ -->\n<title>Textos de alunos viram livros<\/title>\n<meta name=\"description\" content=\"As seis obras do projeto liter\u00e1rio do Sepam est\u00e3o dispon\u00edveis nos formatos impresso e digital Os alunos dos anos finais do Ensino Fundamental (6\u00ba ao 9\u00ba ano) do Col\u00e9gio Pontagrossense \u2013 Sepam conclu\u00edram, na \u00faltima semana, os trabalhos da 4\u00aa edi\u00e7\u00e3o do Projeto Liter\u00e1rio Colet\u00e2neas Sepam. Este ano, foram escritos seis livros com textos de&hellip;\" \/>\n<meta name=\"robots\" content=\"index, follow, max-snippet:-1, max-image-preview:large, max-video-preview:-1\" \/>\n<link rel=\"canonical\" href=\"https:\/\/sepam.com.br\/es\/textos-de-alunos-viram-livros\/\" \/>\n<meta property=\"og:locale\" content=\"es_ES\" \/>\n<meta property=\"og:type\" content=\"article\" \/>\n<meta property=\"og:title\" content=\"Textos de alunos viram livros\" \/>\n<meta property=\"og:description\" content=\"As seis obras do projeto liter\u00e1rio do Sepam est\u00e3o dispon\u00edveis nos formatos impresso e digital Os alunos dos anos finais do Ensino Fundamental (6\u00ba ao 9\u00ba ano) do Col\u00e9gio Pontagrossense \u2013 Sepam conclu\u00edram, na \u00faltima semana, os trabalhos da 4\u00aa edi\u00e7\u00e3o do Projeto Liter\u00e1rio Colet\u00e2neas Sepam. Este ano, foram escritos seis livros com textos de&hellip;\" \/>\n<meta property=\"og:url\" content=\"https:\/\/sepam.com.br\/es\/textos-de-alunos-viram-livros\/\" \/>\n<meta property=\"og:site_name\" content=\"Col\u00e9gio Sepam\" \/>\n<meta property=\"article:published_time\" content=\"2025-08-28T13:47:43+00:00\" \/>\n<meta property=\"article:modified_time\" content=\"2025-11-24T13:53:34+00:00\" \/>\n<meta name=\"author\" content=\"Sepam\" \/>\n<meta name=\"twitter:card\" content=\"summary_large_image\" \/>\n<meta name=\"twitter:label1\" content=\"Escrito por\" \/>\n\t<meta name=\"twitter:data1\" content=\"Sepam\" \/>\n\t<meta name=\"twitter:label2\" content=\"Tiempo de lectura\" \/>\n\t<meta name=\"twitter:data2\" content=\"2 minutos\" \/>\n<script type=\"application\/ld+json\" class=\"yoast-schema-graph\">{\"@context\":\"https:\\\/\\\/schema.org\",\"@graph\":[{\"@type\":\"Article\",\"@id\":\"https:\\\/\\\/sepam.com.br\\\/es\\\/textos-de-alunos-viram-livros\\\/#article\",\"isPartOf\":{\"@id\":\"https:\\\/\\\/sepam.com.br\\\/es\\\/textos-de-alunos-viram-livros\\\/\"},\"author\":{\"name\":\"Sepam\",\"@id\":\"https:\\\/\\\/sepam.com.br\\\/#\\\/schema\\\/person\\\/bfa2996c649a5a6d822766f6e64eb7fd\"},\"headline\":\"Textos de alunos viram livros\",\"datePublished\":\"2025-08-28T13:47:43+00:00\",\"dateModified\":\"2025-11-24T13:53:34+00:00\",\"mainEntityOfPage\":{\"@id\":\"https:\\\/\\\/sepam.com.br\\\/es\\\/textos-de-alunos-viram-livros\\\/\"},\"wordCount\":498,\"commentCount\":0,\"publisher\":{\"@id\":\"https:\\\/\\\/sepam.com.br\\\/#organization\"},\"articleSection\":[\"Colegio Sepam\"],\"inLanguage\":\"es\",\"potentialAction\":[{\"@type\":\"CommentAction\",\"name\":\"Comment\",\"target\":[\"https:\\\/\\\/sepam.com.br\\\/es\\\/textos-de-alunos-viram-livros\\\/#respond\"]}]},{\"@type\":\"WebPage\",\"@id\":\"https:\\\/\\\/sepam.com.br\\\/es\\\/textos-de-alunos-viram-livros\\\/\",\"url\":\"https:\\\/\\\/sepam.com.br\\\/es\\\/textos-de-alunos-viram-livros\\\/\",\"name\":\"Textos de alunos viram livros - Col\u00e9gio Sepam\",\"isPartOf\":{\"@id\":\"https:\\\/\\\/sepam.com.br\\\/#website\"},\"datePublished\":\"2025-08-28T13:47:43+00:00\",\"dateModified\":\"2025-11-24T13:53:34+00:00\",\"breadcrumb\":{\"@id\":\"https:\\\/\\\/sepam.com.br\\\/es\\\/textos-de-alunos-viram-livros\\\/#breadcrumb\"},\"inLanguage\":\"es\",\"potentialAction\":[{\"@type\":\"ReadAction\",\"target\":[\"https:\\\/\\\/sepam.com.br\\\/es\\\/textos-de-alunos-viram-livros\\\/\"]}]},{\"@type\":\"BreadcrumbList\",\"@id\":\"https:\\\/\\\/sepam.com.br\\\/es\\\/textos-de-alunos-viram-livros\\\/#breadcrumb\",\"itemListElement\":[{\"@type\":\"ListItem\",\"position\":1,\"name\":\"Boas Vindas\",\"item\":\"https:\\\/\\\/sepam.com.br\\\/\"},{\"@type\":\"ListItem\",\"position\":2,\"name\":\"Textos de alunos viram livros\"}]},{\"@type\":\"WebSite\",\"@id\":\"https:\\\/\\\/sepam.com.br\\\/es\\\/#website\",\"url\":\"https:\\\/\\\/sepam.com.br\\\/es\\\/\",\"name\":\"Col\u00e9gio Sepam\",\"description\":\"Ensino Incompar\u00e1vel\",\"publisher\":{\"@id\":\"https:\\\/\\\/sepam.com.br\\\/es\\\/#organization\"},\"potentialAction\":[{\"@type\":\"SearchAction\",\"target\":{\"@type\":\"EntryPoint\",\"urlTemplate\":\"https:\\\/\\\/sepam.com.br\\\/es\\\/?s={search_term_string}\"},\"query-input\":{\"@type\":\"PropertyValueSpecification\",\"valueRequired\":true,\"valueName\":\"search_term_string\"}}],\"inLanguage\":\"es\"},{\"@type\":\"Organization\",\"@id\":\"https:\\\/\\\/sepam.com.br\\\/es\\\/#organization\",\"name\":\"Col\u00e9gio Sepam\",\"url\":\"https:\\\/\\\/sepam.com.br\\\/es\\\/\",\"logo\":{\"@type\":\"ImageObject\",\"inLanguage\":\"es\",\"@id\":\"https:\\\/\\\/sepam.com.br\\\/es\\\/#\\\/schema\\\/logo\\\/image\\\/\",\"url\":\"https:\\\/\\\/sepam.com.br\\\/wp-content\\\/uploads\\\/2025\\\/02\\\/Ativo-2.png\",\"contentUrl\":\"https:\\\/\\\/sepam.com.br\\\/wp-content\\\/uploads\\\/2025\\\/02\\\/Ativo-2.png\",\"width\":595,\"height\":525,\"caption\":\"Col\u00e9gio Sepam\"},\"image\":{\"@id\":\"https:\\\/\\\/sepam.com.br\\\/es\\\/#\\\/schema\\\/logo\\\/image\\\/\"}},{\"@type\":\"Person\",\"@id\":\"https:\\\/\\\/sepam.com.br\\\/#\\\/schema\\\/person\\\/bfa2996c649a5a6d822766f6e64eb7fd\",\"name\":\"Sepam\",\"image\":{\"@type\":\"ImageObject\",\"inLanguage\":\"es\",\"@id\":\"https:\\\/\\\/secure.gravatar.com\\\/avatar\\\/0219e64664f5861998ad57a3432eb4bd5fd99a34c7cc9bc44b3c59dfb830db85?s=96&d=mm&r=g\",\"url\":\"https:\\\/\\\/secure.gravatar.com\\\/avatar\\\/0219e64664f5861998ad57a3432eb4bd5fd99a34c7cc9bc44b3c59dfb830db85?s=96&d=mm&r=g\",\"contentUrl\":\"https:\\\/\\\/secure.gravatar.com\\\/avatar\\\/0219e64664f5861998ad57a3432eb4bd5fd99a34c7cc9bc44b3c59dfb830db85?s=96&d=mm&r=g\",\"caption\":\"Sepam\"},\"url\":\"https:\\\/\\\/sepam.com.br\\\/es\\\/author\\\/sepam\\\/\"}]}<\/script>\n<!-- \/ Yoast SEO plugin. -->","yoast_head_json":{"title":"Textos de alunos viram livros","description":"As seis obras do projeto liter\u00e1rio do Sepam est\u00e3o dispon\u00edveis nos formatos impresso e digital Os alunos dos anos finais do Ensino Fundamental (6\u00ba ao 9\u00ba ano) do Col\u00e9gio Pontagrossense \u2013 Sepam conclu\u00edram, na \u00faltima semana, os trabalhos da 4\u00aa edi\u00e7\u00e3o do Projeto Liter\u00e1rio Colet\u00e2neas Sepam. Este ano, foram escritos seis livros com textos de&hellip;","robots":{"index":"index","follow":"follow","max-snippet":"max-snippet:-1","max-image-preview":"max-image-preview:large","max-video-preview":"max-video-preview:-1"},"canonical":"https:\/\/sepam.com.br\/es\/textos-de-alunos-viram-livros\/","og_locale":"es_ES","og_type":"article","og_title":"Textos de alunos viram livros","og_description":"As seis obras do projeto liter\u00e1rio do Sepam est\u00e3o dispon\u00edveis nos formatos impresso e digital Os alunos dos anos finais do Ensino Fundamental (6\u00ba ao 9\u00ba ano) do Col\u00e9gio Pontagrossense \u2013 Sepam conclu\u00edram, na \u00faltima semana, os trabalhos da 4\u00aa edi\u00e7\u00e3o do Projeto Liter\u00e1rio Colet\u00e2neas Sepam. Este ano, foram escritos seis livros com textos de&hellip;","og_url":"https:\/\/sepam.com.br\/es\/textos-de-alunos-viram-livros\/","og_site_name":"Col\u00e9gio Sepam","article_published_time":"2025-08-28T13:47:43+00:00","article_modified_time":"2025-11-24T13:53:34+00:00","author":"Sepam","twitter_card":"summary_large_image","twitter_misc":{"Escrito por":"Sepam","Tiempo de lectura":"2 minutos"},"schema":{"@context":"https:\/\/schema.org","@graph":[{"@type":"Article","@id":"https:\/\/sepam.com.br\/es\/textos-de-alunos-viram-livros\/#article","isPartOf":{"@id":"https:\/\/sepam.com.br\/es\/textos-de-alunos-viram-livros\/"},"author":{"name":"Sepam","@id":"https:\/\/sepam.com.br\/#\/schema\/person\/bfa2996c649a5a6d822766f6e64eb7fd"},"headline":"Textos de alunos viram livros","datePublished":"2025-08-28T13:47:43+00:00","dateModified":"2025-11-24T13:53:34+00:00","mainEntityOfPage":{"@id":"https:\/\/sepam.com.br\/es\/textos-de-alunos-viram-livros\/"},"wordCount":498,"commentCount":0,"publisher":{"@id":"https:\/\/sepam.com.br\/#organization"},"articleSection":["Colegio Sepam"],"inLanguage":"es","potentialAction":[{"@type":"CommentAction","name":"Comment","target":["https:\/\/sepam.com.br\/es\/textos-de-alunos-viram-livros\/#respond"]}]},{"@type":"WebPage","@id":"https:\/\/sepam.com.br\/es\/textos-de-alunos-viram-livros\/","url":"https:\/\/sepam.com.br\/es\/textos-de-alunos-viram-livros\/","name":"Textos de alunos viram livros - Col\u00e9gio Sepam","isPartOf":{"@id":"https:\/\/sepam.com.br\/#website"},"datePublished":"2025-08-28T13:47:43+00:00","dateModified":"2025-11-24T13:53:34+00:00","breadcrumb":{"@id":"https:\/\/sepam.com.br\/es\/textos-de-alunos-viram-livros\/#breadcrumb"},"inLanguage":"es","potentialAction":[{"@type":"ReadAction","target":["https:\/\/sepam.com.br\/es\/textos-de-alunos-viram-livros\/"]}]},{"@type":"BreadcrumbList","@id":"https:\/\/sepam.com.br\/es\/textos-de-alunos-viram-livros\/#breadcrumb","itemListElement":[{"@type":"ListItem","position":1,"name":"Boas Vindas","item":"https:\/\/sepam.com.br\/"},{"@type":"ListItem","position":2,"name":"Textos de alunos viram livros"}]},{"@type":"WebSite","@id":"https:\/\/sepam.com.br\/es\/#website","url":"https:\/\/sepam.com.br\/es\/","name":"Col\u00e9gio Sepam","description":"Ensino Incompar\u00e1vel","publisher":{"@id":"https:\/\/sepam.com.br\/es\/#organization"},"potentialAction":[{"@type":"SearchAction","target":{"@type":"EntryPoint","urlTemplate":"https:\/\/sepam.com.br\/es\/?s={search_term_string}"},"query-input":{"@type":"PropertyValueSpecification","valueRequired":true,"valueName":"search_term_string"}}],"inLanguage":"es"},{"@type":"Organization","@id":"https:\/\/sepam.com.br\/es\/#organization","name":"Col\u00e9gio Sepam","url":"https:\/\/sepam.com.br\/es\/","logo":{"@type":"ImageObject","inLanguage":"es","@id":"https:\/\/sepam.com.br\/es\/#\/schema\/logo\/image\/","url":"https:\/\/sepam.com.br\/wp-content\/uploads\/2025\/02\/Ativo-2.png","contentUrl":"https:\/\/sepam.com.br\/wp-content\/uploads\/2025\/02\/Ativo-2.png","width":595,"height":525,"caption":"Col\u00e9gio Sepam"},"image":{"@id":"https:\/\/sepam.com.br\/es\/#\/schema\/logo\/image\/"}},{"@type":"Person","@id":"https:\/\/sepam.com.br\/#\/schema\/person\/bfa2996c649a5a6d822766f6e64eb7fd","name":"Sepam","image":{"@type":"ImageObject","inLanguage":"es","@id":"https:\/\/secure.gravatar.com\/avatar\/0219e64664f5861998ad57a3432eb4bd5fd99a34c7cc9bc44b3c59dfb830db85?s=96&d=mm&r=g","url":"https:\/\/secure.gravatar.com\/avatar\/0219e64664f5861998ad57a3432eb4bd5fd99a34c7cc9bc44b3c59dfb830db85?s=96&d=mm&r=g","contentUrl":"https:\/\/secure.gravatar.com\/avatar\/0219e64664f5861998ad57a3432eb4bd5fd99a34c7cc9bc44b3c59dfb830db85?s=96&d=mm&r=g","caption":"Sepam"},"url":"https:\/\/sepam.com.br\/es\/author\/sepam\/"}]}},"_links":{"self":[{"href":"https:\/\/sepam.com.br\/es\/wp-json\/wp\/v2\/posts\/7124","targetHints":{"allow":["GET"]}}],"collection":[{"href":"https:\/\/sepam.com.br\/es\/wp-json\/wp\/v2\/posts"}],"about":[{"href":"https:\/\/sepam.com.br\/es\/wp-json\/wp\/v2\/types\/post"}],"author":[{"embeddable":true,"href":"https:\/\/sepam.com.br\/es\/wp-json\/wp\/v2\/users\/13"}],"replies":[{"embeddable":true,"href":"https:\/\/sepam.com.br\/es\/wp-json\/wp\/v2\/comments?post=7124"}],"version-history":[{"count":1,"href":"https:\/\/sepam.com.br\/es\/wp-json\/wp\/v2\/posts\/7124\/revisions"}],"predecessor-version":[{"id":7228,"href":"https:\/\/sepam.com.br\/es\/wp-json\/wp\/v2\/posts\/7124\/revisions\/7228"}],"wp:attachment":[{"href":"https:\/\/sepam.com.br\/es\/wp-json\/wp\/v2\/media?parent=7124"}],"wp:term":[{"taxonomy":"category","embeddable":true,"href":"https:\/\/sepam.com.br\/es\/wp-json\/wp\/v2\/categories?post=7124"},{"taxonomy":"post_tag","embeddable":true,"href":"https:\/\/sepam.com.br\/es\/wp-json\/wp\/v2\/tags?post=7124"}],"curies":[{"name":"wp","href":"https:\/\/api.w.org\/{rel}","templated":true}]}}