{"id":7113,"date":"2025-08-28T10:47:40","date_gmt":"2025-08-28T13:47:40","guid":{"rendered":"https:\/\/dev.alisonandrei.com.br\/noticia\/sepam-comemora-o-dia-nacional-do-voluntariado-com-semana-de-arrecadacao\/"},"modified":"2025-11-24T10:53:35","modified_gmt":"2025-11-24T13:53:35","slug":"sepam-comemora-o-dia-nacional-do-voluntariado-com-semana-de-arrecadacao","status":"publish","type":"post","link":"https:\/\/sepam.com.br\/es\/sepam-comemora-o-dia-nacional-do-voluntariado-com-semana-de-arrecadacao\/","title":{"rendered":"Sepam comemora o Dia Nacional do Voluntariado com semana de arrecada\u00e7\u00e3o"},"content":{"rendered":"<p><em>Col\u00e9gio realiza projetos volunt\u00e1rios h\u00e1 mais de 20 anos <\/em><em>\u00a0<\/em><\/p>\n<p>No dia 28 de agosto \u00e9 comemorado o Dia Nacional do Voluntariado. Para celebrar a data, o Col\u00e9gio Pontagrossense Sepam, em Ponta Grossa (PR), que desenvolve projetos volunt\u00e1rios de protagonismo juvenil h\u00e1 mais de 20 anos, realizar\u00e1 uma campanha de arrecada\u00e7\u00e3o. Agasalhos, cal\u00e7ados, cobertores, produtos de higiene pessoal, tampinhas pl\u00e1sticas e lacres de metal poder\u00e3o ser doados. As arrecada\u00e7\u00f5es ser\u00e3o destinadas ao projeto Tampinha do Bem, \u00e0 Rota da Fraternidade e para outras entidades do munic\u00edpio.<\/p>\n<p>\u201cNesse ano, em fun\u00e7\u00e3o da pandemia estamos propondo uma atividade diferente, onde receberemos as doa\u00e7\u00f5es dos pais de alunos e da comunidade, que quiserem participar, diretamente na recep\u00e7\u00e3o do Col\u00e9gio e encaminharemos para as entidades. Essa arrecada\u00e7\u00e3o \u00e9 uma forma de lembrar a import\u00e2ncia que essas a\u00e7\u00f5es volunt\u00e1rias t\u00eam para quem precisa de ajuda para sobreviver\u201d, observa o diretor do Sepam, Osni Mongruel Junior.<\/p>\n<p>As doa\u00e7\u00f5es podem ser feitas por qualquer pessoa da comunidade no per\u00edodo de 28 de agosto a 04 de setembro, na recep\u00e7\u00e3o do Col\u00e9gio (Rua general Carneiro, 1171), de segunda a sexta-feira, das 10h \u00e0s 16h. As arrecada\u00e7\u00f5es ser\u00e3o encaminhadas para entidades beneficentes do munic\u00edpio.<\/p>\n<p><strong>Voluntariado entre alunos<\/strong><\/p>\n<p>As campanhas de arrecada\u00e7\u00e3o para entidades, feitas pelo Sepam, come\u00e7aram em 1998, com o projeto Grupo da Cidadania. Na sequ\u00eancia, nasceu o Menarca, projeto premiado pela ONU\/UNESCO (2003), que promove a sa\u00fade da menina com palestras realizadas por estudantes volunt\u00e1rias de 14 a 16 anos do Sepam para adolescentes de escolas p\u00fablicas e institui\u00e7\u00f5es sociais. Em 2007, o projeto Step by Step foi criado com a finalidade de levar aulas de ingl\u00eas para crian\u00e7as da rede municipal de ensino. Na sequ\u00eancia, o Paso a Paso iniciou com a mesma proposta, mas com o idioma Espanhol. E pensando na preserva\u00e7\u00e3o ambiental foi criado o Ecopam, cujo objetivo \u00e9 que os alunos sensibilizem a comunidade sobre a import\u00e2ncia de atitudes coletivas e individuais em prol do futuro do planeta e da conserva\u00e7\u00e3o ambiental.<\/p>\n<p>O coordenador pedag\u00f3gico e de projetos do Sepam, Jacob Cavagnari, refor\u00e7a o compromisso da escola em envolver os alunos em atividades de protagonismo. \u201cPor meio desses projetos conseguimos mostrar aos alunos a import\u00e2ncia da doa\u00e7\u00e3o, seja de objetos, doa\u00e7\u00e3o do tempo, de suas habilidades para contribuir com o bem-estar e com a felicidade de pessoas que necessitam desse amparo\u201d, finaliza.<\/p>\n<p>Saiba mais sobre os projetos do Sepam:\u00a0 https:\/\/www.sepam.com.br\/sobre-nos\/#diferenciais.<\/p>\n","protected":false},"excerpt":{"rendered":"<p>Col\u00e9gio realiza projetos volunt\u00e1rios h\u00e1 mais de 20 anos \u00a0 No dia 28 de agosto \u00e9 comemorado o Dia Nacional do Voluntariado. Para celebrar a data, o Col\u00e9gio Pontagrossense Sepam, em Ponta Grossa (PR), que desenvolve projetos volunt\u00e1rios de protagonismo juvenil h\u00e1 mais de 20 anos, realizar\u00e1 uma campanha de arrecada\u00e7\u00e3o. Agasalhos, cal\u00e7ados, cobertores, produtos [&hellip;]<\/p>\n","protected":false},"author":13,"featured_media":0,"comment_status":"open","ping_status":"open","sticky":false,"template":"","format":"standard","meta":{"footnotes":""},"categories":[21],"tags":[],"class_list":["post-7113","post","type-post","status-publish","format-standard","hentry","category-colegio-sepam"],"yoast_head":"<!-- This site is optimized with the Yoast SEO plugin v28.4 - https:\/\/yoast.com\/product\/yoast-seo-wordpress\/ -->\n<title>Sepam comemora o Dia Nacional do Voluntariado com semana de arrecada\u00e7\u00e3o<\/title>\n<meta name=\"description\" content=\"Col\u00e9gio realiza projetos volunt\u00e1rios h\u00e1 mais de 20 anos \u00a0 No dia 28 de agosto \u00e9 comemorado o Dia Nacional do Voluntariado. Para celebrar a data, o Col\u00e9gio Pontagrossense Sepam, em Ponta Grossa (PR), que desenvolve projetos volunt\u00e1rios de protagonismo juvenil h\u00e1 mais de 20 anos, realizar\u00e1 uma campanha de arrecada\u00e7\u00e3o. Agasalhos, cal\u00e7ados, cobertores, produtos&hellip;\" \/>\n<meta name=\"robots\" content=\"index, follow, max-snippet:-1, max-image-preview:large, max-video-preview:-1\" \/>\n<link rel=\"canonical\" href=\"https:\/\/sepam.com.br\/es\/sepam-comemora-o-dia-nacional-do-voluntariado-com-semana-de-arrecadacao\/\" \/>\n<meta property=\"og:locale\" content=\"es_ES\" \/>\n<meta property=\"og:type\" content=\"article\" \/>\n<meta property=\"og:title\" content=\"Sepam comemora o Dia Nacional do Voluntariado com semana de arrecada\u00e7\u00e3o\" \/>\n<meta property=\"og:description\" content=\"Col\u00e9gio realiza projetos volunt\u00e1rios h\u00e1 mais de 20 anos \u00a0 No dia 28 de agosto \u00e9 comemorado o Dia Nacional do Voluntariado. Para celebrar a data, o Col\u00e9gio Pontagrossense Sepam, em Ponta Grossa (PR), que desenvolve projetos volunt\u00e1rios de protagonismo juvenil h\u00e1 mais de 20 anos, realizar\u00e1 uma campanha de arrecada\u00e7\u00e3o. Agasalhos, cal\u00e7ados, cobertores, produtos&hellip;\" \/>\n<meta property=\"og:url\" content=\"https:\/\/sepam.com.br\/es\/sepam-comemora-o-dia-nacional-do-voluntariado-com-semana-de-arrecadacao\/\" \/>\n<meta property=\"og:site_name\" content=\"Col\u00e9gio Sepam\" \/>\n<meta property=\"article:published_time\" content=\"2025-08-28T13:47:40+00:00\" \/>\n<meta property=\"article:modified_time\" content=\"2025-11-24T13:53:35+00:00\" \/>\n<meta name=\"author\" content=\"Sepam\" \/>\n<meta name=\"twitter:card\" content=\"summary_large_image\" \/>\n<meta name=\"twitter:label1\" content=\"Escrito por\" \/>\n\t<meta name=\"twitter:data1\" content=\"Sepam\" \/>\n\t<meta name=\"twitter:label2\" content=\"Tiempo de lectura\" \/>\n\t<meta name=\"twitter:data2\" content=\"2 minutos\" \/>\n<script type=\"application\/ld+json\" class=\"yoast-schema-graph\">{\"@context\":\"https:\\\/\\\/schema.org\",\"@graph\":[{\"@type\":\"Article\",\"@id\":\"https:\\\/\\\/sepam.com.br\\\/es\\\/sepam-comemora-o-dia-nacional-do-voluntariado-com-semana-de-arrecadacao\\\/#article\",\"isPartOf\":{\"@id\":\"https:\\\/\\\/sepam.com.br\\\/es\\\/sepam-comemora-o-dia-nacional-do-voluntariado-com-semana-de-arrecadacao\\\/\"},\"author\":{\"name\":\"Sepam\",\"@id\":\"https:\\\/\\\/sepam.com.br\\\/#\\\/schema\\\/person\\\/bfa2996c649a5a6d822766f6e64eb7fd\"},\"headline\":\"Sepam comemora o Dia Nacional do Voluntariado com semana de arrecada\u00e7\u00e3o\",\"datePublished\":\"2025-08-28T13:47:40+00:00\",\"dateModified\":\"2025-11-24T13:53:35+00:00\",\"mainEntityOfPage\":{\"@id\":\"https:\\\/\\\/sepam.com.br\\\/es\\\/sepam-comemora-o-dia-nacional-do-voluntariado-com-semana-de-arrecadacao\\\/\"},\"wordCount\":445,\"commentCount\":0,\"publisher\":{\"@id\":\"https:\\\/\\\/sepam.com.br\\\/#organization\"},\"articleSection\":[\"Colegio Sepam\"],\"inLanguage\":\"es\",\"potentialAction\":[{\"@type\":\"CommentAction\",\"name\":\"Comment\",\"target\":[\"https:\\\/\\\/sepam.com.br\\\/es\\\/sepam-comemora-o-dia-nacional-do-voluntariado-com-semana-de-arrecadacao\\\/#respond\"]}]},{\"@type\":\"WebPage\",\"@id\":\"https:\\\/\\\/sepam.com.br\\\/es\\\/sepam-comemora-o-dia-nacional-do-voluntariado-com-semana-de-arrecadacao\\\/\",\"url\":\"https:\\\/\\\/sepam.com.br\\\/es\\\/sepam-comemora-o-dia-nacional-do-voluntariado-com-semana-de-arrecadacao\\\/\",\"name\":\"Sepam comemora o Dia Nacional do Voluntariado com semana de arrecada\u00e7\u00e3o - Col\u00e9gio Sepam\",\"isPartOf\":{\"@id\":\"https:\\\/\\\/sepam.com.br\\\/#website\"},\"datePublished\":\"2025-08-28T13:47:40+00:00\",\"dateModified\":\"2025-11-24T13:53:35+00:00\",\"breadcrumb\":{\"@id\":\"https:\\\/\\\/sepam.com.br\\\/es\\\/sepam-comemora-o-dia-nacional-do-voluntariado-com-semana-de-arrecadacao\\\/#breadcrumb\"},\"inLanguage\":\"es\",\"potentialAction\":[{\"@type\":\"ReadAction\",\"target\":[\"https:\\\/\\\/sepam.com.br\\\/es\\\/sepam-comemora-o-dia-nacional-do-voluntariado-com-semana-de-arrecadacao\\\/\"]}]},{\"@type\":\"BreadcrumbList\",\"@id\":\"https:\\\/\\\/sepam.com.br\\\/es\\\/sepam-comemora-o-dia-nacional-do-voluntariado-com-semana-de-arrecadacao\\\/#breadcrumb\",\"itemListElement\":[{\"@type\":\"ListItem\",\"position\":1,\"name\":\"Boas Vindas\",\"item\":\"https:\\\/\\\/sepam.com.br\\\/\"},{\"@type\":\"ListItem\",\"position\":2,\"name\":\"Sepam comemora o Dia Nacional do Voluntariado com semana de arrecada\u00e7\u00e3o\"}]},{\"@type\":\"WebSite\",\"@id\":\"https:\\\/\\\/sepam.com.br\\\/es\\\/#website\",\"url\":\"https:\\\/\\\/sepam.com.br\\\/es\\\/\",\"name\":\"Col\u00e9gio Sepam\",\"description\":\"Ensino Incompar\u00e1vel\",\"publisher\":{\"@id\":\"https:\\\/\\\/sepam.com.br\\\/es\\\/#organization\"},\"potentialAction\":[{\"@type\":\"SearchAction\",\"target\":{\"@type\":\"EntryPoint\",\"urlTemplate\":\"https:\\\/\\\/sepam.com.br\\\/es\\\/?s={search_term_string}\"},\"query-input\":{\"@type\":\"PropertyValueSpecification\",\"valueRequired\":true,\"valueName\":\"search_term_string\"}}],\"inLanguage\":\"es\"},{\"@type\":\"Organization\",\"@id\":\"https:\\\/\\\/sepam.com.br\\\/es\\\/#organization\",\"name\":\"Col\u00e9gio Sepam\",\"url\":\"https:\\\/\\\/sepam.com.br\\\/es\\\/\",\"logo\":{\"@type\":\"ImageObject\",\"inLanguage\":\"es\",\"@id\":\"https:\\\/\\\/sepam.com.br\\\/es\\\/#\\\/schema\\\/logo\\\/image\\\/\",\"url\":\"https:\\\/\\\/sepam.com.br\\\/wp-content\\\/uploads\\\/2025\\\/02\\\/Ativo-2.png\",\"contentUrl\":\"https:\\\/\\\/sepam.com.br\\\/wp-content\\\/uploads\\\/2025\\\/02\\\/Ativo-2.png\",\"width\":595,\"height\":525,\"caption\":\"Col\u00e9gio Sepam\"},\"image\":{\"@id\":\"https:\\\/\\\/sepam.com.br\\\/es\\\/#\\\/schema\\\/logo\\\/image\\\/\"}},{\"@type\":\"Person\",\"@id\":\"https:\\\/\\\/sepam.com.br\\\/#\\\/schema\\\/person\\\/bfa2996c649a5a6d822766f6e64eb7fd\",\"name\":\"Sepam\",\"image\":{\"@type\":\"ImageObject\",\"inLanguage\":\"es\",\"@id\":\"https:\\\/\\\/secure.gravatar.com\\\/avatar\\\/0219e64664f5861998ad57a3432eb4bd5fd99a34c7cc9bc44b3c59dfb830db85?s=96&d=mm&r=g\",\"url\":\"https:\\\/\\\/secure.gravatar.com\\\/avatar\\\/0219e64664f5861998ad57a3432eb4bd5fd99a34c7cc9bc44b3c59dfb830db85?s=96&d=mm&r=g\",\"contentUrl\":\"https:\\\/\\\/secure.gravatar.com\\\/avatar\\\/0219e64664f5861998ad57a3432eb4bd5fd99a34c7cc9bc44b3c59dfb830db85?s=96&d=mm&r=g\",\"caption\":\"Sepam\"},\"url\":\"https:\\\/\\\/sepam.com.br\\\/es\\\/author\\\/sepam\\\/\"}]}<\/script>\n<!-- \/ Yoast SEO plugin. -->","yoast_head_json":{"title":"Sepam comemora o Dia Nacional do Voluntariado com semana de arrecada\u00e7\u00e3o","description":"Col\u00e9gio realiza projetos volunt\u00e1rios h\u00e1 mais de 20 anos \u00a0 No dia 28 de agosto \u00e9 comemorado o Dia Nacional do Voluntariado. Para celebrar a data, o Col\u00e9gio Pontagrossense Sepam, em Ponta Grossa (PR), que desenvolve projetos volunt\u00e1rios de protagonismo juvenil h\u00e1 mais de 20 anos, realizar\u00e1 uma campanha de arrecada\u00e7\u00e3o. Agasalhos, cal\u00e7ados, cobertores, produtos&hellip;","robots":{"index":"index","follow":"follow","max-snippet":"max-snippet:-1","max-image-preview":"max-image-preview:large","max-video-preview":"max-video-preview:-1"},"canonical":"https:\/\/sepam.com.br\/es\/sepam-comemora-o-dia-nacional-do-voluntariado-com-semana-de-arrecadacao\/","og_locale":"es_ES","og_type":"article","og_title":"Sepam comemora o Dia Nacional do Voluntariado com semana de arrecada\u00e7\u00e3o","og_description":"Col\u00e9gio realiza projetos volunt\u00e1rios h\u00e1 mais de 20 anos \u00a0 No dia 28 de agosto \u00e9 comemorado o Dia Nacional do Voluntariado. Para celebrar a data, o Col\u00e9gio Pontagrossense Sepam, em Ponta Grossa (PR), que desenvolve projetos volunt\u00e1rios de protagonismo juvenil h\u00e1 mais de 20 anos, realizar\u00e1 uma campanha de arrecada\u00e7\u00e3o. Agasalhos, cal\u00e7ados, cobertores, produtos&hellip;","og_url":"https:\/\/sepam.com.br\/es\/sepam-comemora-o-dia-nacional-do-voluntariado-com-semana-de-arrecadacao\/","og_site_name":"Col\u00e9gio Sepam","article_published_time":"2025-08-28T13:47:40+00:00","article_modified_time":"2025-11-24T13:53:35+00:00","author":"Sepam","twitter_card":"summary_large_image","twitter_misc":{"Escrito por":"Sepam","Tiempo de lectura":"2 minutos"},"schema":{"@context":"https:\/\/schema.org","@graph":[{"@type":"Article","@id":"https:\/\/sepam.com.br\/es\/sepam-comemora-o-dia-nacional-do-voluntariado-com-semana-de-arrecadacao\/#article","isPartOf":{"@id":"https:\/\/sepam.com.br\/es\/sepam-comemora-o-dia-nacional-do-voluntariado-com-semana-de-arrecadacao\/"},"author":{"name":"Sepam","@id":"https:\/\/sepam.com.br\/#\/schema\/person\/bfa2996c649a5a6d822766f6e64eb7fd"},"headline":"Sepam comemora o Dia Nacional do Voluntariado com semana de arrecada\u00e7\u00e3o","datePublished":"2025-08-28T13:47:40+00:00","dateModified":"2025-11-24T13:53:35+00:00","mainEntityOfPage":{"@id":"https:\/\/sepam.com.br\/es\/sepam-comemora-o-dia-nacional-do-voluntariado-com-semana-de-arrecadacao\/"},"wordCount":445,"commentCount":0,"publisher":{"@id":"https:\/\/sepam.com.br\/#organization"},"articleSection":["Colegio Sepam"],"inLanguage":"es","potentialAction":[{"@type":"CommentAction","name":"Comment","target":["https:\/\/sepam.com.br\/es\/sepam-comemora-o-dia-nacional-do-voluntariado-com-semana-de-arrecadacao\/#respond"]}]},{"@type":"WebPage","@id":"https:\/\/sepam.com.br\/es\/sepam-comemora-o-dia-nacional-do-voluntariado-com-semana-de-arrecadacao\/","url":"https:\/\/sepam.com.br\/es\/sepam-comemora-o-dia-nacional-do-voluntariado-com-semana-de-arrecadacao\/","name":"Sepam comemora o Dia Nacional do Voluntariado com semana de arrecada\u00e7\u00e3o - Col\u00e9gio Sepam","isPartOf":{"@id":"https:\/\/sepam.com.br\/#website"},"datePublished":"2025-08-28T13:47:40+00:00","dateModified":"2025-11-24T13:53:35+00:00","breadcrumb":{"@id":"https:\/\/sepam.com.br\/es\/sepam-comemora-o-dia-nacional-do-voluntariado-com-semana-de-arrecadacao\/#breadcrumb"},"inLanguage":"es","potentialAction":[{"@type":"ReadAction","target":["https:\/\/sepam.com.br\/es\/sepam-comemora-o-dia-nacional-do-voluntariado-com-semana-de-arrecadacao\/"]}]},{"@type":"BreadcrumbList","@id":"https:\/\/sepam.com.br\/es\/sepam-comemora-o-dia-nacional-do-voluntariado-com-semana-de-arrecadacao\/#breadcrumb","itemListElement":[{"@type":"ListItem","position":1,"name":"Boas Vindas","item":"https:\/\/sepam.com.br\/"},{"@type":"ListItem","position":2,"name":"Sepam comemora o Dia Nacional do Voluntariado com semana de arrecada\u00e7\u00e3o"}]},{"@type":"WebSite","@id":"https:\/\/sepam.com.br\/es\/#website","url":"https:\/\/sepam.com.br\/es\/","name":"Col\u00e9gio Sepam","description":"Ensino Incompar\u00e1vel","publisher":{"@id":"https:\/\/sepam.com.br\/es\/#organization"},"potentialAction":[{"@type":"SearchAction","target":{"@type":"EntryPoint","urlTemplate":"https:\/\/sepam.com.br\/es\/?s={search_term_string}"},"query-input":{"@type":"PropertyValueSpecification","valueRequired":true,"valueName":"search_term_string"}}],"inLanguage":"es"},{"@type":"Organization","@id":"https:\/\/sepam.com.br\/es\/#organization","name":"Col\u00e9gio Sepam","url":"https:\/\/sepam.com.br\/es\/","logo":{"@type":"ImageObject","inLanguage":"es","@id":"https:\/\/sepam.com.br\/es\/#\/schema\/logo\/image\/","url":"https:\/\/sepam.com.br\/wp-content\/uploads\/2025\/02\/Ativo-2.png","contentUrl":"https:\/\/sepam.com.br\/wp-content\/uploads\/2025\/02\/Ativo-2.png","width":595,"height":525,"caption":"Col\u00e9gio Sepam"},"image":{"@id":"https:\/\/sepam.com.br\/es\/#\/schema\/logo\/image\/"}},{"@type":"Person","@id":"https:\/\/sepam.com.br\/#\/schema\/person\/bfa2996c649a5a6d822766f6e64eb7fd","name":"Sepam","image":{"@type":"ImageObject","inLanguage":"es","@id":"https:\/\/secure.gravatar.com\/avatar\/0219e64664f5861998ad57a3432eb4bd5fd99a34c7cc9bc44b3c59dfb830db85?s=96&d=mm&r=g","url":"https:\/\/secure.gravatar.com\/avatar\/0219e64664f5861998ad57a3432eb4bd5fd99a34c7cc9bc44b3c59dfb830db85?s=96&d=mm&r=g","contentUrl":"https:\/\/secure.gravatar.com\/avatar\/0219e64664f5861998ad57a3432eb4bd5fd99a34c7cc9bc44b3c59dfb830db85?s=96&d=mm&r=g","caption":"Sepam"},"url":"https:\/\/sepam.com.br\/es\/author\/sepam\/"}]}},"_links":{"self":[{"href":"https:\/\/sepam.com.br\/es\/wp-json\/wp\/v2\/posts\/7113","targetHints":{"allow":["GET"]}}],"collection":[{"href":"https:\/\/sepam.com.br\/es\/wp-json\/wp\/v2\/posts"}],"about":[{"href":"https:\/\/sepam.com.br\/es\/wp-json\/wp\/v2\/types\/post"}],"author":[{"embeddable":true,"href":"https:\/\/sepam.com.br\/es\/wp-json\/wp\/v2\/users\/13"}],"replies":[{"embeddable":true,"href":"https:\/\/sepam.com.br\/es\/wp-json\/wp\/v2\/comments?post=7113"}],"version-history":[{"count":1,"href":"https:\/\/sepam.com.br\/es\/wp-json\/wp\/v2\/posts\/7113\/revisions"}],"predecessor-version":[{"id":7257,"href":"https:\/\/sepam.com.br\/es\/wp-json\/wp\/v2\/posts\/7113\/revisions\/7257"}],"wp:attachment":[{"href":"https:\/\/sepam.com.br\/es\/wp-json\/wp\/v2\/media?parent=7113"}],"wp:term":[{"taxonomy":"category","embeddable":true,"href":"https:\/\/sepam.com.br\/es\/wp-json\/wp\/v2\/categories?post=7113"},{"taxonomy":"post_tag","embeddable":true,"href":"https:\/\/sepam.com.br\/es\/wp-json\/wp\/v2\/tags?post=7113"}],"curies":[{"name":"wp","href":"https:\/\/api.w.org\/{rel}","templated":true}]}}