{"id":7111,"date":"2025-08-28T10:47:40","date_gmt":"2025-08-28T13:47:40","guid":{"rendered":"https:\/\/dev.alisonandrei.com.br\/noticia\/dialogo-e-essencial-para-que-criancas-compreendam-o-momento-atual-e-a-hora-de-voltar-as-atividades\/"},"modified":"2025-11-24T10:53:35","modified_gmt":"2025-11-24T13:53:35","slug":"dialogo-e-essencial-para-que-criancas-compreendam-o-momento-atual-e-a-hora-de-voltar-as-atividades","status":"publish","type":"post","link":"https:\/\/sepam.com.br\/es\/dialogo-e-essencial-para-que-criancas-compreendam-o-momento-atual-e-a-hora-de-voltar-as-atividades\/","title":{"rendered":"Di\u00e1logo \u00e9 essencial para que crian\u00e7as compreendam o momento atual e a hora de voltar \u00e0s atividades"},"content":{"rendered":"<p>Efeitos da pandemia nas crian\u00e7as ser\u00e3o diretamente ligados \u00e0 maneira como os pais explicam sobre a situa\u00e7\u00e3o<\/p>\n<p>Todos j\u00e1 ouvimos falar que os filhos se espelham nos pais, seja no modo de falar, agir e se relacionar. Mas ser\u00e1 que em tempos de pandemia \u00e9 diferente? Muito pelo contr\u00e1rio! Devido \u00e0 necessidade de isolamento social as pessoas est\u00e3o passando a maior parte do tempo dentro de suas casas e as crian\u00e7as est\u00e3o atentas a tudo. E at\u00e9 que ponto a nova realidade est\u00e1 mexendo com a sa\u00fade mental das crian\u00e7as? Como fazer para que elas entendam que hora ou outra voltar\u00e3o para a escola, ao conv\u00edvio dos amigos, a brincar no parque, e os pais ficar\u00e3o menos tempo em casa?<\/p>\n<p>Para a psic\u00f3loga, Renata Moreira, os efeitos da pandemia nas crian\u00e7as ser\u00e3o diretamente ligados \u00e0 maneira como os pais explicam sobre a situa\u00e7\u00e3o atual, como elas est\u00e3o reagindo e percebem esse momento. \u201cDanos emocionais podem existir sim, mas est\u00e3o relacionados muito mais com a forma como os adultos est\u00e3o conduzindo essa situa\u00e7\u00e3o do que com as limita\u00e7\u00f5es que o pr\u00f3prio isolamento social imp\u00f5e. As crian\u00e7as podem sentir medo, irrita\u00e7\u00e3o, desenvolver ansiedade, inseguran\u00e7a, dificuldade em separar-se dos pais, tristeza acentuada, entre tantas outras dificuldades\u201d, explica.<\/p>\n<p>No entanto, a psic\u00f3loga observa que as pessoas crescem na adversidade. \u201cN\u00e3o conseguimos evitar que nossos filhos enfrentem situa\u00e7\u00f5es dif\u00edceis na vida, e nem devemos fazer isso. Precisamos ensin\u00e1-los a enfrentar as dores do mundo, precisamos aproveitar essas situa\u00e7\u00f5es para desenvolver a capacidade de resili\u00eancia em nossos filhos, cercando-os de fatores protetivos como, por exemplo, apoio, carinho, incentivo e ajuda\u201d, completa Renata.<\/p>\n<p><strong>Voltando \u00e0 escola<\/strong><\/p>\n<p>Para a coordenadora pedag\u00f3gica do Col\u00e9gio Pontagrossense Sepam, K\u00e1tia Gisele Costa, os pais devem, neste momento, preparar as crian\u00e7as menores para o retorno \u00e0 escola, mesmo n\u00e3o se tendo uma defini\u00e7\u00e3o de quando isso realmente acontecer\u00e1.<\/p>\n<p>As orienta\u00e7\u00f5es devem contemplar a\u00e7\u00f5es simples, como n\u00e3o abra\u00e7ar, beijar ou compartilhar colegas nessa fase de contato f\u00edsico reduzido, j\u00e1 que as crian\u00e7as agem por impulsividade. Outro detalhe importante \u00e9 o ato de lavar as m\u00e3os com frequ\u00eancia utilizando \u00e1gua e sab\u00e3o. \u201cAs crian\u00e7as precisam ouvir, em casa, os adultos falando sobre essas recomenda\u00e7\u00f5es para se acostumarem pois voltar\u00e3o ansiosas e os professores estar\u00e3o monitorando e colocando as limita\u00e7\u00f5es o tempo todo. Precisamos da ajuda dos pais para que a rotina da escola seja mais leve no retorno. \u00c9 importante que estas a\u00e7\u00f5es se tornem h\u00e1bitos e que as crian\u00e7as entendam, desde j\u00e1, o que n\u00e3o podem fazer\u201d, explica a coordenadora.<\/p>\n<p>O uso da m\u00e1scara de prote\u00e7\u00e3o tamb\u00e9m deve ser assunto nos lares. \u201cOs pais podem ajudar fazendo a crian\u00e7a usar a m\u00e1scara em casa, numa estrat\u00e9gia de tempo progressivo, sendo no primeiro dia um minuto de uso, no segundo dois minutos e meio, depois quatro, e tamb\u00e9m lan\u00e7ar desafios, como assistir aos desenhos, do in\u00edcio ao fim, usando a m\u00e1scara, assim as crian\u00e7as ir\u00e3o se habituando\u201d, orienta K\u00e1tia.<\/p>\n","protected":false},"excerpt":{"rendered":"<p>Efeitos da pandemia nas crian\u00e7as ser\u00e3o diretamente ligados \u00e0 maneira como os pais explicam sobre a situa\u00e7\u00e3o Todos j\u00e1 ouvimos falar que os filhos se espelham nos pais, seja no modo de falar, agir e se relacionar. Mas ser\u00e1 que em tempos de pandemia \u00e9 diferente? Muito pelo contr\u00e1rio! Devido \u00e0 necessidade de isolamento social [&hellip;]<\/p>\n","protected":false},"author":13,"featured_media":0,"comment_status":"open","ping_status":"open","sticky":false,"template":"","format":"standard","meta":{"footnotes":""},"categories":[21],"tags":[],"class_list":["post-7111","post","type-post","status-publish","format-standard","hentry","category-colegio-sepam"],"yoast_head":"<!-- This site is optimized with the Yoast SEO plugin v28.4 - https:\/\/yoast.com\/product\/yoast-seo-wordpress\/ -->\n<title>Di\u00e1logo \u00e9 essencial para que crian\u00e7as compreendam o momento atual e a hora de voltar \u00e0s atividades<\/title>\n<meta name=\"description\" content=\"Efeitos da pandemia nas crian\u00e7as ser\u00e3o diretamente ligados \u00e0 maneira como os pais explicam sobre a situa\u00e7\u00e3o Todos j\u00e1 ouvimos falar que os filhos se espelham nos pais, seja no modo de falar, agir e se relacionar. Mas ser\u00e1 que em tempos de pandemia \u00e9 diferente? Muito pelo contr\u00e1rio! Devido \u00e0 necessidade de isolamento social&hellip;\" \/>\n<meta name=\"robots\" content=\"index, follow, max-snippet:-1, max-image-preview:large, max-video-preview:-1\" \/>\n<link rel=\"canonical\" href=\"https:\/\/sepam.com.br\/es\/dialogo-e-essencial-para-que-criancas-compreendam-o-momento-atual-e-a-hora-de-voltar-as-atividades\/\" \/>\n<meta property=\"og:locale\" content=\"es_ES\" \/>\n<meta property=\"og:type\" content=\"article\" \/>\n<meta property=\"og:title\" content=\"Di\u00e1logo \u00e9 essencial para que crian\u00e7as compreendam o momento atual e a hora de voltar \u00e0s atividades\" \/>\n<meta property=\"og:description\" content=\"Efeitos da pandemia nas crian\u00e7as ser\u00e3o diretamente ligados \u00e0 maneira como os pais explicam sobre a situa\u00e7\u00e3o Todos j\u00e1 ouvimos falar que os filhos se espelham nos pais, seja no modo de falar, agir e se relacionar. Mas ser\u00e1 que em tempos de pandemia \u00e9 diferente? Muito pelo contr\u00e1rio! Devido \u00e0 necessidade de isolamento social&hellip;\" \/>\n<meta property=\"og:url\" content=\"https:\/\/sepam.com.br\/es\/dialogo-e-essencial-para-que-criancas-compreendam-o-momento-atual-e-a-hora-de-voltar-as-atividades\/\" \/>\n<meta property=\"og:site_name\" content=\"Col\u00e9gio Sepam\" \/>\n<meta property=\"article:published_time\" content=\"2025-08-28T13:47:40+00:00\" \/>\n<meta property=\"article:modified_time\" content=\"2025-11-24T13:53:35+00:00\" \/>\n<meta name=\"author\" content=\"Sepam\" \/>\n<meta name=\"twitter:card\" content=\"summary_large_image\" \/>\n<meta name=\"twitter:label1\" content=\"Escrito por\" \/>\n\t<meta name=\"twitter:data1\" content=\"Sepam\" \/>\n\t<meta name=\"twitter:label2\" content=\"Tiempo de lectura\" \/>\n\t<meta name=\"twitter:data2\" content=\"3 minutos\" \/>\n<script type=\"application\/ld+json\" class=\"yoast-schema-graph\">{\"@context\":\"https:\\\/\\\/schema.org\",\"@graph\":[{\"@type\":\"Article\",\"@id\":\"https:\\\/\\\/sepam.com.br\\\/es\\\/dialogo-e-essencial-para-que-criancas-compreendam-o-momento-atual-e-a-hora-de-voltar-as-atividades\\\/#article\",\"isPartOf\":{\"@id\":\"https:\\\/\\\/sepam.com.br\\\/es\\\/dialogo-e-essencial-para-que-criancas-compreendam-o-momento-atual-e-a-hora-de-voltar-as-atividades\\\/\"},\"author\":{\"name\":\"Sepam\",\"@id\":\"https:\\\/\\\/sepam.com.br\\\/#\\\/schema\\\/person\\\/bfa2996c649a5a6d822766f6e64eb7fd\"},\"headline\":\"Di\u00e1logo \u00e9 essencial para que crian\u00e7as compreendam o momento atual e a hora de voltar \u00e0s atividades\",\"datePublished\":\"2025-08-28T13:47:40+00:00\",\"dateModified\":\"2025-11-24T13:53:35+00:00\",\"mainEntityOfPage\":{\"@id\":\"https:\\\/\\\/sepam.com.br\\\/es\\\/dialogo-e-essencial-para-que-criancas-compreendam-o-momento-atual-e-a-hora-de-voltar-as-atividades\\\/\"},\"wordCount\":564,\"commentCount\":0,\"publisher\":{\"@id\":\"https:\\\/\\\/sepam.com.br\\\/#organization\"},\"articleSection\":[\"Colegio Sepam\"],\"inLanguage\":\"es\",\"potentialAction\":[{\"@type\":\"CommentAction\",\"name\":\"Comment\",\"target\":[\"https:\\\/\\\/sepam.com.br\\\/es\\\/dialogo-e-essencial-para-que-criancas-compreendam-o-momento-atual-e-a-hora-de-voltar-as-atividades\\\/#respond\"]}]},{\"@type\":\"WebPage\",\"@id\":\"https:\\\/\\\/sepam.com.br\\\/es\\\/dialogo-e-essencial-para-que-criancas-compreendam-o-momento-atual-e-a-hora-de-voltar-as-atividades\\\/\",\"url\":\"https:\\\/\\\/sepam.com.br\\\/es\\\/dialogo-e-essencial-para-que-criancas-compreendam-o-momento-atual-e-a-hora-de-voltar-as-atividades\\\/\",\"name\":\"Di\u00e1logo \u00e9 essencial para que crian\u00e7as compreendam o momento atual e a hora de voltar \u00e0s atividades - Col\u00e9gio Sepam\",\"isPartOf\":{\"@id\":\"https:\\\/\\\/sepam.com.br\\\/#website\"},\"datePublished\":\"2025-08-28T13:47:40+00:00\",\"dateModified\":\"2025-11-24T13:53:35+00:00\",\"breadcrumb\":{\"@id\":\"https:\\\/\\\/sepam.com.br\\\/es\\\/dialogo-e-essencial-para-que-criancas-compreendam-o-momento-atual-e-a-hora-de-voltar-as-atividades\\\/#breadcrumb\"},\"inLanguage\":\"es\",\"potentialAction\":[{\"@type\":\"ReadAction\",\"target\":[\"https:\\\/\\\/sepam.com.br\\\/es\\\/dialogo-e-essencial-para-que-criancas-compreendam-o-momento-atual-e-a-hora-de-voltar-as-atividades\\\/\"]}]},{\"@type\":\"BreadcrumbList\",\"@id\":\"https:\\\/\\\/sepam.com.br\\\/es\\\/dialogo-e-essencial-para-que-criancas-compreendam-o-momento-atual-e-a-hora-de-voltar-as-atividades\\\/#breadcrumb\",\"itemListElement\":[{\"@type\":\"ListItem\",\"position\":1,\"name\":\"Boas Vindas\",\"item\":\"https:\\\/\\\/sepam.com.br\\\/\"},{\"@type\":\"ListItem\",\"position\":2,\"name\":\"Di\u00e1logo \u00e9 essencial para que crian\u00e7as compreendam o momento atual e a hora de voltar \u00e0s atividades\"}]},{\"@type\":\"WebSite\",\"@id\":\"https:\\\/\\\/sepam.com.br\\\/es\\\/#website\",\"url\":\"https:\\\/\\\/sepam.com.br\\\/es\\\/\",\"name\":\"Col\u00e9gio Sepam\",\"description\":\"Ensino Incompar\u00e1vel\",\"publisher\":{\"@id\":\"https:\\\/\\\/sepam.com.br\\\/es\\\/#organization\"},\"potentialAction\":[{\"@type\":\"SearchAction\",\"target\":{\"@type\":\"EntryPoint\",\"urlTemplate\":\"https:\\\/\\\/sepam.com.br\\\/es\\\/?s={search_term_string}\"},\"query-input\":{\"@type\":\"PropertyValueSpecification\",\"valueRequired\":true,\"valueName\":\"search_term_string\"}}],\"inLanguage\":\"es\"},{\"@type\":\"Organization\",\"@id\":\"https:\\\/\\\/sepam.com.br\\\/es\\\/#organization\",\"name\":\"Col\u00e9gio Sepam\",\"url\":\"https:\\\/\\\/sepam.com.br\\\/es\\\/\",\"logo\":{\"@type\":\"ImageObject\",\"inLanguage\":\"es\",\"@id\":\"https:\\\/\\\/sepam.com.br\\\/es\\\/#\\\/schema\\\/logo\\\/image\\\/\",\"url\":\"https:\\\/\\\/sepam.com.br\\\/wp-content\\\/uploads\\\/2025\\\/02\\\/Ativo-2.png\",\"contentUrl\":\"https:\\\/\\\/sepam.com.br\\\/wp-content\\\/uploads\\\/2025\\\/02\\\/Ativo-2.png\",\"width\":595,\"height\":525,\"caption\":\"Col\u00e9gio Sepam\"},\"image\":{\"@id\":\"https:\\\/\\\/sepam.com.br\\\/es\\\/#\\\/schema\\\/logo\\\/image\\\/\"}},{\"@type\":\"Person\",\"@id\":\"https:\\\/\\\/sepam.com.br\\\/#\\\/schema\\\/person\\\/bfa2996c649a5a6d822766f6e64eb7fd\",\"name\":\"Sepam\",\"image\":{\"@type\":\"ImageObject\",\"inLanguage\":\"es\",\"@id\":\"https:\\\/\\\/secure.gravatar.com\\\/avatar\\\/0219e64664f5861998ad57a3432eb4bd5fd99a34c7cc9bc44b3c59dfb830db85?s=96&d=mm&r=g\",\"url\":\"https:\\\/\\\/secure.gravatar.com\\\/avatar\\\/0219e64664f5861998ad57a3432eb4bd5fd99a34c7cc9bc44b3c59dfb830db85?s=96&d=mm&r=g\",\"contentUrl\":\"https:\\\/\\\/secure.gravatar.com\\\/avatar\\\/0219e64664f5861998ad57a3432eb4bd5fd99a34c7cc9bc44b3c59dfb830db85?s=96&d=mm&r=g\",\"caption\":\"Sepam\"},\"url\":\"https:\\\/\\\/sepam.com.br\\\/es\\\/author\\\/sepam\\\/\"}]}<\/script>\n<!-- \/ Yoast SEO plugin. -->","yoast_head_json":{"title":"Di\u00e1logo \u00e9 essencial para que crian\u00e7as compreendam o momento atual e a hora de voltar \u00e0s atividades","description":"Efeitos da pandemia nas crian\u00e7as ser\u00e3o diretamente ligados \u00e0 maneira como os pais explicam sobre a situa\u00e7\u00e3o Todos j\u00e1 ouvimos falar que os filhos se espelham nos pais, seja no modo de falar, agir e se relacionar. Mas ser\u00e1 que em tempos de pandemia \u00e9 diferente? Muito pelo contr\u00e1rio! Devido \u00e0 necessidade de isolamento social&hellip;","robots":{"index":"index","follow":"follow","max-snippet":"max-snippet:-1","max-image-preview":"max-image-preview:large","max-video-preview":"max-video-preview:-1"},"canonical":"https:\/\/sepam.com.br\/es\/dialogo-e-essencial-para-que-criancas-compreendam-o-momento-atual-e-a-hora-de-voltar-as-atividades\/","og_locale":"es_ES","og_type":"article","og_title":"Di\u00e1logo \u00e9 essencial para que crian\u00e7as compreendam o momento atual e a hora de voltar \u00e0s atividades","og_description":"Efeitos da pandemia nas crian\u00e7as ser\u00e3o diretamente ligados \u00e0 maneira como os pais explicam sobre a situa\u00e7\u00e3o Todos j\u00e1 ouvimos falar que os filhos se espelham nos pais, seja no modo de falar, agir e se relacionar. Mas ser\u00e1 que em tempos de pandemia \u00e9 diferente? Muito pelo contr\u00e1rio! Devido \u00e0 necessidade de isolamento social&hellip;","og_url":"https:\/\/sepam.com.br\/es\/dialogo-e-essencial-para-que-criancas-compreendam-o-momento-atual-e-a-hora-de-voltar-as-atividades\/","og_site_name":"Col\u00e9gio Sepam","article_published_time":"2025-08-28T13:47:40+00:00","article_modified_time":"2025-11-24T13:53:35+00:00","author":"Sepam","twitter_card":"summary_large_image","twitter_misc":{"Escrito por":"Sepam","Tiempo de lectura":"3 minutos"},"schema":{"@context":"https:\/\/schema.org","@graph":[{"@type":"Article","@id":"https:\/\/sepam.com.br\/es\/dialogo-e-essencial-para-que-criancas-compreendam-o-momento-atual-e-a-hora-de-voltar-as-atividades\/#article","isPartOf":{"@id":"https:\/\/sepam.com.br\/es\/dialogo-e-essencial-para-que-criancas-compreendam-o-momento-atual-e-a-hora-de-voltar-as-atividades\/"},"author":{"name":"Sepam","@id":"https:\/\/sepam.com.br\/#\/schema\/person\/bfa2996c649a5a6d822766f6e64eb7fd"},"headline":"Di\u00e1logo \u00e9 essencial para que crian\u00e7as compreendam o momento atual e a hora de voltar \u00e0s atividades","datePublished":"2025-08-28T13:47:40+00:00","dateModified":"2025-11-24T13:53:35+00:00","mainEntityOfPage":{"@id":"https:\/\/sepam.com.br\/es\/dialogo-e-essencial-para-que-criancas-compreendam-o-momento-atual-e-a-hora-de-voltar-as-atividades\/"},"wordCount":564,"commentCount":0,"publisher":{"@id":"https:\/\/sepam.com.br\/#organization"},"articleSection":["Colegio Sepam"],"inLanguage":"es","potentialAction":[{"@type":"CommentAction","name":"Comment","target":["https:\/\/sepam.com.br\/es\/dialogo-e-essencial-para-que-criancas-compreendam-o-momento-atual-e-a-hora-de-voltar-as-atividades\/#respond"]}]},{"@type":"WebPage","@id":"https:\/\/sepam.com.br\/es\/dialogo-e-essencial-para-que-criancas-compreendam-o-momento-atual-e-a-hora-de-voltar-as-atividades\/","url":"https:\/\/sepam.com.br\/es\/dialogo-e-essencial-para-que-criancas-compreendam-o-momento-atual-e-a-hora-de-voltar-as-atividades\/","name":"Di\u00e1logo \u00e9 essencial para que crian\u00e7as compreendam o momento atual e a hora de voltar \u00e0s atividades - Col\u00e9gio Sepam","isPartOf":{"@id":"https:\/\/sepam.com.br\/#website"},"datePublished":"2025-08-28T13:47:40+00:00","dateModified":"2025-11-24T13:53:35+00:00","breadcrumb":{"@id":"https:\/\/sepam.com.br\/es\/dialogo-e-essencial-para-que-criancas-compreendam-o-momento-atual-e-a-hora-de-voltar-as-atividades\/#breadcrumb"},"inLanguage":"es","potentialAction":[{"@type":"ReadAction","target":["https:\/\/sepam.com.br\/es\/dialogo-e-essencial-para-que-criancas-compreendam-o-momento-atual-e-a-hora-de-voltar-as-atividades\/"]}]},{"@type":"BreadcrumbList","@id":"https:\/\/sepam.com.br\/es\/dialogo-e-essencial-para-que-criancas-compreendam-o-momento-atual-e-a-hora-de-voltar-as-atividades\/#breadcrumb","itemListElement":[{"@type":"ListItem","position":1,"name":"Boas Vindas","item":"https:\/\/sepam.com.br\/"},{"@type":"ListItem","position":2,"name":"Di\u00e1logo \u00e9 essencial para que crian\u00e7as compreendam o momento atual e a hora de voltar \u00e0s atividades"}]},{"@type":"WebSite","@id":"https:\/\/sepam.com.br\/es\/#website","url":"https:\/\/sepam.com.br\/es\/","name":"Col\u00e9gio Sepam","description":"Ensino Incompar\u00e1vel","publisher":{"@id":"https:\/\/sepam.com.br\/es\/#organization"},"potentialAction":[{"@type":"SearchAction","target":{"@type":"EntryPoint","urlTemplate":"https:\/\/sepam.com.br\/es\/?s={search_term_string}"},"query-input":{"@type":"PropertyValueSpecification","valueRequired":true,"valueName":"search_term_string"}}],"inLanguage":"es"},{"@type":"Organization","@id":"https:\/\/sepam.com.br\/es\/#organization","name":"Col\u00e9gio Sepam","url":"https:\/\/sepam.com.br\/es\/","logo":{"@type":"ImageObject","inLanguage":"es","@id":"https:\/\/sepam.com.br\/es\/#\/schema\/logo\/image\/","url":"https:\/\/sepam.com.br\/wp-content\/uploads\/2025\/02\/Ativo-2.png","contentUrl":"https:\/\/sepam.com.br\/wp-content\/uploads\/2025\/02\/Ativo-2.png","width":595,"height":525,"caption":"Col\u00e9gio Sepam"},"image":{"@id":"https:\/\/sepam.com.br\/es\/#\/schema\/logo\/image\/"}},{"@type":"Person","@id":"https:\/\/sepam.com.br\/#\/schema\/person\/bfa2996c649a5a6d822766f6e64eb7fd","name":"Sepam","image":{"@type":"ImageObject","inLanguage":"es","@id":"https:\/\/secure.gravatar.com\/avatar\/0219e64664f5861998ad57a3432eb4bd5fd99a34c7cc9bc44b3c59dfb830db85?s=96&d=mm&r=g","url":"https:\/\/secure.gravatar.com\/avatar\/0219e64664f5861998ad57a3432eb4bd5fd99a34c7cc9bc44b3c59dfb830db85?s=96&d=mm&r=g","contentUrl":"https:\/\/secure.gravatar.com\/avatar\/0219e64664f5861998ad57a3432eb4bd5fd99a34c7cc9bc44b3c59dfb830db85?s=96&d=mm&r=g","caption":"Sepam"},"url":"https:\/\/sepam.com.br\/es\/author\/sepam\/"}]}},"_links":{"self":[{"href":"https:\/\/sepam.com.br\/es\/wp-json\/wp\/v2\/posts\/7111","targetHints":{"allow":["GET"]}}],"collection":[{"href":"https:\/\/sepam.com.br\/es\/wp-json\/wp\/v2\/posts"}],"about":[{"href":"https:\/\/sepam.com.br\/es\/wp-json\/wp\/v2\/types\/post"}],"author":[{"embeddable":true,"href":"https:\/\/sepam.com.br\/es\/wp-json\/wp\/v2\/users\/13"}],"replies":[{"embeddable":true,"href":"https:\/\/sepam.com.br\/es\/wp-json\/wp\/v2\/comments?post=7111"}],"version-history":[{"count":1,"href":"https:\/\/sepam.com.br\/es\/wp-json\/wp\/v2\/posts\/7111\/revisions"}],"predecessor-version":[{"id":7255,"href":"https:\/\/sepam.com.br\/es\/wp-json\/wp\/v2\/posts\/7111\/revisions\/7255"}],"wp:attachment":[{"href":"https:\/\/sepam.com.br\/es\/wp-json\/wp\/v2\/media?parent=7111"}],"wp:term":[{"taxonomy":"category","embeddable":true,"href":"https:\/\/sepam.com.br\/es\/wp-json\/wp\/v2\/categories?post=7111"},{"taxonomy":"post_tag","embeddable":true,"href":"https:\/\/sepam.com.br\/es\/wp-json\/wp\/v2\/tags?post=7111"}],"curies":[{"name":"wp","href":"https:\/\/api.w.org\/{rel}","templated":true}]}}