{"id":7106,"date":"2025-08-28T10:47:40","date_gmt":"2025-08-28T13:47:40","guid":{"rendered":"https:\/\/dev.alisonandrei.com.br\/noticia\/sepam-organiza-festa-junina-online\/"},"modified":"2025-11-24T10:53:35","modified_gmt":"2025-11-24T13:53:35","slug":"sepam-organiza-festa-junina-online","status":"publish","type":"post","link":"https:\/\/sepam.com.br\/es\/sepam-organiza-festa-junina-online\/","title":{"rendered":"Sepam organiza festa junina online"},"content":{"rendered":"<p><em>Kits com artigos tem\u00e1ticos para o \u201carrai\u00e1 em casa\u201d ser\u00e3o entregues para alunos da Educa\u00e7\u00e3o Infantil e dos anos iniciais do Ensino Fundamental <\/em><\/p>\n<p>Quem disse que n\u00e3o ter\u00e1 festa junina esse ano? Mais de 700 alunos da Educa\u00e7\u00e3o Infantil ao 5\u00b0 ano do Ensino Fundamental do Col\u00e9gio Pontagrossense Sepam est\u00e3o convidados a participar, ainda que a dist\u00e2ncia, do Arrai\u00e1 Sepam. O evento acontecer\u00e1 na sexta-feira, 19, no hor\u00e1rio das aulas online.<\/p>\n<p>Para que as crian\u00e7as entrem no clima o Col\u00e9gio preparou um kit para cada aluno com: doces t\u00edpicos, bandeirinhas, palitos de sorvete e celofane para construir a fogueira e um balde de pipoca, que traz o QR Code com uma playlist de m\u00fasicas t\u00edpicas. As meninas ganhar\u00e3o os la\u00e7os para enfeitar os cabelos e os meninos uma gravata. Os kits dever\u00e3o ser retirados pelos pais, no Sepam, na segunda-feira a partir das 13:00 e ter\u00e7a-feira a partir das 10:00.<\/p>\n<p>Na quarta e quinta-feira (dias 17 e 18) os professores realizar\u00e3o aulas tem\u00e1ticas. \u201cCada professor utilizar\u00e1 o kit para abordar de forma l\u00fadica a matem\u00e1tica, as formas geom\u00e9tricas e construir\u00e3o juntos uma fogueira com os palitos e o celofane\u201d, explica a professora Verg\u00ednia Uliana, que est\u00e1 \u00e0 frente da organiza\u00e7\u00e3o da festa junina online.<\/p>\n<p>Na sexta-feira, os professores de Educa\u00e7\u00e3o F\u00edsica e de Express\u00e3o Corporal do Sepam, ser\u00e3o os respons\u00e1veis pelas atividades do Arrai\u00e1. As brincadeiras, como pular a fogueira, jogar bolinhas de papel no baldinho e a ca\u00e7a ao tesouro foram adaptadas para acontecer dentro de casa.<\/p>\n","protected":false},"excerpt":{"rendered":"<p>Kits com artigos tem\u00e1ticos para o \u201carrai\u00e1 em casa\u201d ser\u00e3o entregues para alunos da Educa\u00e7\u00e3o Infantil e dos anos iniciais do Ensino Fundamental Quem disse que n\u00e3o ter\u00e1 festa junina esse ano? Mais de 700 alunos da Educa\u00e7\u00e3o Infantil ao 5\u00b0 ano do Ensino Fundamental do Col\u00e9gio Pontagrossense Sepam est\u00e3o convidados a participar, ainda que [&hellip;]<\/p>\n","protected":false},"author":13,"featured_media":0,"comment_status":"open","ping_status":"open","sticky":false,"template":"","format":"standard","meta":{"footnotes":""},"categories":[21],"tags":[],"class_list":["post-7106","post","type-post","status-publish","format-standard","hentry","category-colegio-sepam"],"yoast_head":"<!-- This site is optimized with the Yoast SEO plugin v28.4 - https:\/\/yoast.com\/product\/yoast-seo-wordpress\/ -->\n<title>Sepam organiza festa junina online<\/title>\n<meta name=\"description\" content=\"Kits com artigos tem\u00e1ticos para o \u201carrai\u00e1 em casa\u201d ser\u00e3o entregues para alunos da Educa\u00e7\u00e3o Infantil e dos anos iniciais do Ensino Fundamental Quem disse que n\u00e3o ter\u00e1 festa junina esse ano? Mais de 700 alunos da Educa\u00e7\u00e3o Infantil ao 5\u00b0 ano do Ensino Fundamental do Col\u00e9gio Pontagrossense Sepam est\u00e3o convidados a participar, ainda que&hellip;\" \/>\n<meta name=\"robots\" content=\"index, follow, max-snippet:-1, max-image-preview:large, max-video-preview:-1\" \/>\n<link rel=\"canonical\" href=\"https:\/\/sepam.com.br\/es\/sepam-organiza-festa-junina-online\/\" \/>\n<meta property=\"og:locale\" content=\"es_ES\" \/>\n<meta property=\"og:type\" content=\"article\" \/>\n<meta property=\"og:title\" content=\"Sepam organiza festa junina online\" \/>\n<meta property=\"og:description\" content=\"Kits com artigos tem\u00e1ticos para o \u201carrai\u00e1 em casa\u201d ser\u00e3o entregues para alunos da Educa\u00e7\u00e3o Infantil e dos anos iniciais do Ensino Fundamental Quem disse que n\u00e3o ter\u00e1 festa junina esse ano? Mais de 700 alunos da Educa\u00e7\u00e3o Infantil ao 5\u00b0 ano do Ensino Fundamental do Col\u00e9gio Pontagrossense Sepam est\u00e3o convidados a participar, ainda que&hellip;\" \/>\n<meta property=\"og:url\" content=\"https:\/\/sepam.com.br\/es\/sepam-organiza-festa-junina-online\/\" \/>\n<meta property=\"og:site_name\" content=\"Col\u00e9gio Sepam\" \/>\n<meta property=\"article:published_time\" content=\"2025-08-28T13:47:40+00:00\" \/>\n<meta property=\"article:modified_time\" content=\"2025-11-24T13:53:35+00:00\" \/>\n<meta name=\"author\" content=\"Sepam\" \/>\n<meta name=\"twitter:card\" content=\"summary_large_image\" \/>\n<meta name=\"twitter:label1\" content=\"Escrito por\" \/>\n\t<meta name=\"twitter:data1\" content=\"Sepam\" \/>\n\t<meta name=\"twitter:label2\" content=\"Tiempo de lectura\" \/>\n\t<meta name=\"twitter:data2\" content=\"1 minuto\" \/>\n<script type=\"application\/ld+json\" class=\"yoast-schema-graph\">{\"@context\":\"https:\\\/\\\/schema.org\",\"@graph\":[{\"@type\":\"Article\",\"@id\":\"https:\\\/\\\/sepam.com.br\\\/es\\\/sepam-organiza-festa-junina-online\\\/#article\",\"isPartOf\":{\"@id\":\"https:\\\/\\\/sepam.com.br\\\/es\\\/sepam-organiza-festa-junina-online\\\/\"},\"author\":{\"name\":\"Sepam\",\"@id\":\"https:\\\/\\\/sepam.com.br\\\/#\\\/schema\\\/person\\\/bfa2996c649a5a6d822766f6e64eb7fd\"},\"headline\":\"Sepam organiza festa junina online\",\"datePublished\":\"2025-08-28T13:47:40+00:00\",\"dateModified\":\"2025-11-24T13:53:35+00:00\",\"mainEntityOfPage\":{\"@id\":\"https:\\\/\\\/sepam.com.br\\\/es\\\/sepam-organiza-festa-junina-online\\\/\"},\"wordCount\":277,\"commentCount\":0,\"publisher\":{\"@id\":\"https:\\\/\\\/sepam.com.br\\\/#organization\"},\"articleSection\":[\"Colegio Sepam\"],\"inLanguage\":\"es\",\"potentialAction\":[{\"@type\":\"CommentAction\",\"name\":\"Comment\",\"target\":[\"https:\\\/\\\/sepam.com.br\\\/es\\\/sepam-organiza-festa-junina-online\\\/#respond\"]}]},{\"@type\":\"WebPage\",\"@id\":\"https:\\\/\\\/sepam.com.br\\\/es\\\/sepam-organiza-festa-junina-online\\\/\",\"url\":\"https:\\\/\\\/sepam.com.br\\\/es\\\/sepam-organiza-festa-junina-online\\\/\",\"name\":\"Sepam organiza festa junina online - Col\u00e9gio Sepam\",\"isPartOf\":{\"@id\":\"https:\\\/\\\/sepam.com.br\\\/#website\"},\"datePublished\":\"2025-08-28T13:47:40+00:00\",\"dateModified\":\"2025-11-24T13:53:35+00:00\",\"breadcrumb\":{\"@id\":\"https:\\\/\\\/sepam.com.br\\\/es\\\/sepam-organiza-festa-junina-online\\\/#breadcrumb\"},\"inLanguage\":\"es\",\"potentialAction\":[{\"@type\":\"ReadAction\",\"target\":[\"https:\\\/\\\/sepam.com.br\\\/es\\\/sepam-organiza-festa-junina-online\\\/\"]}]},{\"@type\":\"BreadcrumbList\",\"@id\":\"https:\\\/\\\/sepam.com.br\\\/es\\\/sepam-organiza-festa-junina-online\\\/#breadcrumb\",\"itemListElement\":[{\"@type\":\"ListItem\",\"position\":1,\"name\":\"Boas Vindas\",\"item\":\"https:\\\/\\\/sepam.com.br\\\/\"},{\"@type\":\"ListItem\",\"position\":2,\"name\":\"Sepam organiza festa junina online\"}]},{\"@type\":\"WebSite\",\"@id\":\"https:\\\/\\\/sepam.com.br\\\/es\\\/#website\",\"url\":\"https:\\\/\\\/sepam.com.br\\\/es\\\/\",\"name\":\"Col\u00e9gio Sepam\",\"description\":\"Ensino Incompar\u00e1vel\",\"publisher\":{\"@id\":\"https:\\\/\\\/sepam.com.br\\\/es\\\/#organization\"},\"potentialAction\":[{\"@type\":\"SearchAction\",\"target\":{\"@type\":\"EntryPoint\",\"urlTemplate\":\"https:\\\/\\\/sepam.com.br\\\/es\\\/?s={search_term_string}\"},\"query-input\":{\"@type\":\"PropertyValueSpecification\",\"valueRequired\":true,\"valueName\":\"search_term_string\"}}],\"inLanguage\":\"es\"},{\"@type\":\"Organization\",\"@id\":\"https:\\\/\\\/sepam.com.br\\\/es\\\/#organization\",\"name\":\"Col\u00e9gio Sepam\",\"url\":\"https:\\\/\\\/sepam.com.br\\\/es\\\/\",\"logo\":{\"@type\":\"ImageObject\",\"inLanguage\":\"es\",\"@id\":\"https:\\\/\\\/sepam.com.br\\\/es\\\/#\\\/schema\\\/logo\\\/image\\\/\",\"url\":\"https:\\\/\\\/sepam.com.br\\\/wp-content\\\/uploads\\\/2025\\\/02\\\/Ativo-2.png\",\"contentUrl\":\"https:\\\/\\\/sepam.com.br\\\/wp-content\\\/uploads\\\/2025\\\/02\\\/Ativo-2.png\",\"width\":595,\"height\":525,\"caption\":\"Col\u00e9gio Sepam\"},\"image\":{\"@id\":\"https:\\\/\\\/sepam.com.br\\\/es\\\/#\\\/schema\\\/logo\\\/image\\\/\"}},{\"@type\":\"Person\",\"@id\":\"https:\\\/\\\/sepam.com.br\\\/#\\\/schema\\\/person\\\/bfa2996c649a5a6d822766f6e64eb7fd\",\"name\":\"Sepam\",\"image\":{\"@type\":\"ImageObject\",\"inLanguage\":\"es\",\"@id\":\"https:\\\/\\\/secure.gravatar.com\\\/avatar\\\/0219e64664f5861998ad57a3432eb4bd5fd99a34c7cc9bc44b3c59dfb830db85?s=96&d=mm&r=g\",\"url\":\"https:\\\/\\\/secure.gravatar.com\\\/avatar\\\/0219e64664f5861998ad57a3432eb4bd5fd99a34c7cc9bc44b3c59dfb830db85?s=96&d=mm&r=g\",\"contentUrl\":\"https:\\\/\\\/secure.gravatar.com\\\/avatar\\\/0219e64664f5861998ad57a3432eb4bd5fd99a34c7cc9bc44b3c59dfb830db85?s=96&d=mm&r=g\",\"caption\":\"Sepam\"},\"url\":\"https:\\\/\\\/sepam.com.br\\\/es\\\/author\\\/sepam\\\/\"}]}<\/script>\n<!-- \/ Yoast SEO plugin. -->","yoast_head_json":{"title":"Sepam organiza festa junina online","description":"Kits com artigos tem\u00e1ticos para o \u201carrai\u00e1 em casa\u201d ser\u00e3o entregues para alunos da Educa\u00e7\u00e3o Infantil e dos anos iniciais do Ensino Fundamental Quem disse que n\u00e3o ter\u00e1 festa junina esse ano? Mais de 700 alunos da Educa\u00e7\u00e3o Infantil ao 5\u00b0 ano do Ensino Fundamental do Col\u00e9gio Pontagrossense Sepam est\u00e3o convidados a participar, ainda que&hellip;","robots":{"index":"index","follow":"follow","max-snippet":"max-snippet:-1","max-image-preview":"max-image-preview:large","max-video-preview":"max-video-preview:-1"},"canonical":"https:\/\/sepam.com.br\/es\/sepam-organiza-festa-junina-online\/","og_locale":"es_ES","og_type":"article","og_title":"Sepam organiza festa junina online","og_description":"Kits com artigos tem\u00e1ticos para o \u201carrai\u00e1 em casa\u201d ser\u00e3o entregues para alunos da Educa\u00e7\u00e3o Infantil e dos anos iniciais do Ensino Fundamental Quem disse que n\u00e3o ter\u00e1 festa junina esse ano? Mais de 700 alunos da Educa\u00e7\u00e3o Infantil ao 5\u00b0 ano do Ensino Fundamental do Col\u00e9gio Pontagrossense Sepam est\u00e3o convidados a participar, ainda que&hellip;","og_url":"https:\/\/sepam.com.br\/es\/sepam-organiza-festa-junina-online\/","og_site_name":"Col\u00e9gio Sepam","article_published_time":"2025-08-28T13:47:40+00:00","article_modified_time":"2025-11-24T13:53:35+00:00","author":"Sepam","twitter_card":"summary_large_image","twitter_misc":{"Escrito por":"Sepam","Tiempo de lectura":"1 minuto"},"schema":{"@context":"https:\/\/schema.org","@graph":[{"@type":"Article","@id":"https:\/\/sepam.com.br\/es\/sepam-organiza-festa-junina-online\/#article","isPartOf":{"@id":"https:\/\/sepam.com.br\/es\/sepam-organiza-festa-junina-online\/"},"author":{"name":"Sepam","@id":"https:\/\/sepam.com.br\/#\/schema\/person\/bfa2996c649a5a6d822766f6e64eb7fd"},"headline":"Sepam organiza festa junina online","datePublished":"2025-08-28T13:47:40+00:00","dateModified":"2025-11-24T13:53:35+00:00","mainEntityOfPage":{"@id":"https:\/\/sepam.com.br\/es\/sepam-organiza-festa-junina-online\/"},"wordCount":277,"commentCount":0,"publisher":{"@id":"https:\/\/sepam.com.br\/#organization"},"articleSection":["Colegio Sepam"],"inLanguage":"es","potentialAction":[{"@type":"CommentAction","name":"Comment","target":["https:\/\/sepam.com.br\/es\/sepam-organiza-festa-junina-online\/#respond"]}]},{"@type":"WebPage","@id":"https:\/\/sepam.com.br\/es\/sepam-organiza-festa-junina-online\/","url":"https:\/\/sepam.com.br\/es\/sepam-organiza-festa-junina-online\/","name":"Sepam organiza festa junina online - Col\u00e9gio Sepam","isPartOf":{"@id":"https:\/\/sepam.com.br\/#website"},"datePublished":"2025-08-28T13:47:40+00:00","dateModified":"2025-11-24T13:53:35+00:00","breadcrumb":{"@id":"https:\/\/sepam.com.br\/es\/sepam-organiza-festa-junina-online\/#breadcrumb"},"inLanguage":"es","potentialAction":[{"@type":"ReadAction","target":["https:\/\/sepam.com.br\/es\/sepam-organiza-festa-junina-online\/"]}]},{"@type":"BreadcrumbList","@id":"https:\/\/sepam.com.br\/es\/sepam-organiza-festa-junina-online\/#breadcrumb","itemListElement":[{"@type":"ListItem","position":1,"name":"Boas Vindas","item":"https:\/\/sepam.com.br\/"},{"@type":"ListItem","position":2,"name":"Sepam organiza festa junina online"}]},{"@type":"WebSite","@id":"https:\/\/sepam.com.br\/es\/#website","url":"https:\/\/sepam.com.br\/es\/","name":"Col\u00e9gio Sepam","description":"Ensino Incompar\u00e1vel","publisher":{"@id":"https:\/\/sepam.com.br\/es\/#organization"},"potentialAction":[{"@type":"SearchAction","target":{"@type":"EntryPoint","urlTemplate":"https:\/\/sepam.com.br\/es\/?s={search_term_string}"},"query-input":{"@type":"PropertyValueSpecification","valueRequired":true,"valueName":"search_term_string"}}],"inLanguage":"es"},{"@type":"Organization","@id":"https:\/\/sepam.com.br\/es\/#organization","name":"Col\u00e9gio Sepam","url":"https:\/\/sepam.com.br\/es\/","logo":{"@type":"ImageObject","inLanguage":"es","@id":"https:\/\/sepam.com.br\/es\/#\/schema\/logo\/image\/","url":"https:\/\/sepam.com.br\/wp-content\/uploads\/2025\/02\/Ativo-2.png","contentUrl":"https:\/\/sepam.com.br\/wp-content\/uploads\/2025\/02\/Ativo-2.png","width":595,"height":525,"caption":"Col\u00e9gio Sepam"},"image":{"@id":"https:\/\/sepam.com.br\/es\/#\/schema\/logo\/image\/"}},{"@type":"Person","@id":"https:\/\/sepam.com.br\/#\/schema\/person\/bfa2996c649a5a6d822766f6e64eb7fd","name":"Sepam","image":{"@type":"ImageObject","inLanguage":"es","@id":"https:\/\/secure.gravatar.com\/avatar\/0219e64664f5861998ad57a3432eb4bd5fd99a34c7cc9bc44b3c59dfb830db85?s=96&d=mm&r=g","url":"https:\/\/secure.gravatar.com\/avatar\/0219e64664f5861998ad57a3432eb4bd5fd99a34c7cc9bc44b3c59dfb830db85?s=96&d=mm&r=g","contentUrl":"https:\/\/secure.gravatar.com\/avatar\/0219e64664f5861998ad57a3432eb4bd5fd99a34c7cc9bc44b3c59dfb830db85?s=96&d=mm&r=g","caption":"Sepam"},"url":"https:\/\/sepam.com.br\/es\/author\/sepam\/"}]}},"_links":{"self":[{"href":"https:\/\/sepam.com.br\/es\/wp-json\/wp\/v2\/posts\/7106","targetHints":{"allow":["GET"]}}],"collection":[{"href":"https:\/\/sepam.com.br\/es\/wp-json\/wp\/v2\/posts"}],"about":[{"href":"https:\/\/sepam.com.br\/es\/wp-json\/wp\/v2\/types\/post"}],"author":[{"embeddable":true,"href":"https:\/\/sepam.com.br\/es\/wp-json\/wp\/v2\/users\/13"}],"replies":[{"embeddable":true,"href":"https:\/\/sepam.com.br\/es\/wp-json\/wp\/v2\/comments?post=7106"}],"version-history":[{"count":1,"href":"https:\/\/sepam.com.br\/es\/wp-json\/wp\/v2\/posts\/7106\/revisions"}],"predecessor-version":[{"id":7250,"href":"https:\/\/sepam.com.br\/es\/wp-json\/wp\/v2\/posts\/7106\/revisions\/7250"}],"wp:attachment":[{"href":"https:\/\/sepam.com.br\/es\/wp-json\/wp\/v2\/media?parent=7106"}],"wp:term":[{"taxonomy":"category","embeddable":true,"href":"https:\/\/sepam.com.br\/es\/wp-json\/wp\/v2\/categories?post=7106"},{"taxonomy":"post_tag","embeddable":true,"href":"https:\/\/sepam.com.br\/es\/wp-json\/wp\/v2\/tags?post=7106"}],"curies":[{"name":"wp","href":"https:\/\/api.w.org\/{rel}","templated":true}]}}