{"id":7060,"date":"2025-08-28T10:47:34","date_gmt":"2025-08-28T13:47:34","guid":{"rendered":"https:\/\/dev.alisonandrei.com.br\/noticia\/filosofia-alunos-do-6o-ano-simulam-um-processo-de-eleicao-politica\/"},"modified":"2025-11-24T10:53:35","modified_gmt":"2025-11-24T13:53:35","slug":"filosofia-alunos-do-6o-ano-simulam-um-processo-de-eleicao-politica","status":"publish","type":"post","link":"https:\/\/sepam.com.br\/es\/filosofia-alunos-do-6o-ano-simulam-um-processo-de-eleicao-politica\/","title":{"rendered":"Filosofia: Alunos do 6\u00ba ano simulam um processo de elei\u00e7\u00e3o pol\u00edtica"},"content":{"rendered":"<p>Nas aulas de Filosofia das turmas do 6\u00ba ano uma atividade diferenciada marcou o fechamento do terceiro bimestre: uma elei\u00e7\u00e3o pol\u00edtica simulada em sala de aula. Al\u00e9m de muito aprendizado, esse tipo de atividade proporciona aos alunos uma experi\u00eancia pr\u00e1tica e fortalece a import\u00e2ncia da Filosofia para a sociedade e para a vida.<\/p>\n<p>J\u00e1 \u00e9 o segundo ano que o professor Marcos Trancoso realiza esse trabalho com as turmas e aprova os resultados. \u201cOs alunos se dedicam muito nessa atividade, percebem a import\u00e2ncia de terem propostas bem desenvolvidas porque \u00e9 por meio delas que conseguem os votos para a elei\u00e7\u00e3o e, o principal, compreendem a import\u00e2ncia do voto consciente em uma elei\u00e7\u00e3o real\u201d, destaca.<\/p>\n<p>A partir do conte\u00fado sobre Pol\u00edtica, o professor trabalhou democracia, \u00e9tica e virtudes. Os alunos foram divididos em grupos para montar as \u201cchapas pol\u00edticas\u201d e p\u00f4r em pr\u00e1tica o que aprenderam nas discuss\u00f5es; eles criaram os logotipos para os partidos e escreveram propostas para: educa\u00e7\u00e3o, cultura e sociedade. Cada partido teve a oportunidade de apresentar suas inten\u00e7\u00f5es de governo.<\/p>\n<p>O diferencial dos partidos vencedores, de acordo com Trancoso, foi a organiza\u00e7\u00e3o dos grupos e a ret\u00f3rica na apresenta\u00e7\u00e3o dos projetos. \u201cUm grupo desorganizado, que n\u00e3o consegue expor suas ideias, acaba demonstrando um poss\u00edvel despreparo. Cumprir o prazo, elaborar propostas coesas, organizar-se para que cada integrante do grupo cumpra a sua fun\u00e7\u00e3o e apresentar as propostas de forma clara fez a diferen\u00e7a no resultado\u201d, garante o professor.<\/p>\n<hr \/>\n<h4>PARTIDOS CRIADOS PELOS ALUNOS<\/h4>\n<p><strong>6\u00ba ano A<\/strong><\/p>\n<ol>\n<li>Partido Sepam Educacional &#8211; Pense!<\/li>\n<li>Partido Sepam Democrata &#8211; PSD<\/li>\n<li>Partido Escolar do Col\u00e9gio Sepam &#8211; PECS<\/li>\n<li>Partido da Esperan\u00e7a &#8211; PDE<\/li>\n<li>Partido Educacional do Sepam &#8211; PES<\/li>\n<\/ol>\n<p><strong>6\u00ba ano B<\/strong><\/p>\n<ol>\n<li>Partido do Meio Ambiente Educacional &#8211; PMAE<\/li>\n<li>Partido dos Flops Jhows &#8211; PFJ<\/li>\n<li>Partido da Igualdade &#8211; PI<\/li>\n<li>Partido Diversidade &#8211; PD<\/li>\n<li>Partido Banan\u00e3o &#8211; PB<\/li>\n<li>Partido Pocoloco \u2013 PPL<\/li>\n<\/ol>\n<p><strong>6\u00ba ano C<\/strong><\/p>\n<ol>\n<li>Partido Brasileiro &#8211; PB<\/li>\n<li>Partido dos Estudantes &#8211; PE<\/li>\n<li>Partido da Inspira\u00e7\u00e3o &#8211; PI<\/li>\n<li>Partido do Esporte e da Cultura &#8211; PEC<\/li>\n<li>Partido Solid\u00e1rio<\/li>\n<\/ol>\n","protected":false},"excerpt":{"rendered":"<p>Nas aulas de Filosofia das turmas do 6\u00ba ano uma atividade diferenciada marcou o fechamento do terceiro bimestre: uma elei\u00e7\u00e3o pol\u00edtica simulada em sala de aula. Al\u00e9m de muito aprendizado, esse tipo de atividade proporciona aos alunos uma experi\u00eancia pr\u00e1tica e fortalece a import\u00e2ncia da Filosofia para a sociedade e para a vida. J\u00e1 \u00e9 [&hellip;]<\/p>\n","protected":false},"author":13,"featured_media":0,"comment_status":"open","ping_status":"open","sticky":false,"template":"","format":"standard","meta":{"footnotes":""},"categories":[21],"tags":[],"class_list":["post-7060","post","type-post","status-publish","format-standard","hentry","category-colegio-sepam"],"yoast_head":"<!-- This site is optimized with the Yoast SEO plugin v28.4 - https:\/\/yoast.com\/product\/yoast-seo-wordpress\/ -->\n<title>Filosofia: Alunos do 6\u00ba ano simulam um processo de elei\u00e7\u00e3o pol\u00edtica<\/title>\n<meta name=\"description\" content=\"Nas aulas de Filosofia das turmas do 6\u00ba ano uma atividade diferenciada marcou o fechamento do terceiro bimestre: uma elei\u00e7\u00e3o pol\u00edtica simulada em sala de aula. Al\u00e9m de muito aprendizado, esse tipo de atividade proporciona aos alunos uma experi\u00eancia pr\u00e1tica e fortalece a import\u00e2ncia da Filosofia para a sociedade e para a vida. J\u00e1 \u00e9&hellip;\" \/>\n<meta name=\"robots\" content=\"index, follow, max-snippet:-1, max-image-preview:large, max-video-preview:-1\" \/>\n<link rel=\"canonical\" href=\"https:\/\/sepam.com.br\/es\/filosofia-alunos-do-6o-ano-simulam-um-processo-de-eleicao-politica\/\" \/>\n<meta property=\"og:locale\" content=\"es_ES\" \/>\n<meta property=\"og:type\" content=\"article\" \/>\n<meta property=\"og:title\" content=\"Filosofia: Alunos do 6\u00ba ano simulam um processo de elei\u00e7\u00e3o pol\u00edtica\" \/>\n<meta property=\"og:description\" content=\"Nas aulas de Filosofia das turmas do 6\u00ba ano uma atividade diferenciada marcou o fechamento do terceiro bimestre: uma elei\u00e7\u00e3o pol\u00edtica simulada em sala de aula. Al\u00e9m de muito aprendizado, esse tipo de atividade proporciona aos alunos uma experi\u00eancia pr\u00e1tica e fortalece a import\u00e2ncia da Filosofia para a sociedade e para a vida. J\u00e1 \u00e9&hellip;\" \/>\n<meta property=\"og:url\" content=\"https:\/\/sepam.com.br\/es\/filosofia-alunos-do-6o-ano-simulam-um-processo-de-eleicao-politica\/\" \/>\n<meta property=\"og:site_name\" content=\"Col\u00e9gio Sepam\" \/>\n<meta property=\"article:published_time\" content=\"2025-08-28T13:47:34+00:00\" \/>\n<meta property=\"article:modified_time\" content=\"2025-11-24T13:53:35+00:00\" \/>\n<meta name=\"author\" content=\"Sepam\" \/>\n<meta name=\"twitter:card\" content=\"summary_large_image\" \/>\n<meta name=\"twitter:label1\" content=\"Escrito por\" \/>\n\t<meta name=\"twitter:data1\" content=\"Sepam\" \/>\n\t<meta name=\"twitter:label2\" content=\"Tiempo de lectura\" \/>\n\t<meta name=\"twitter:data2\" content=\"2 minutos\" \/>\n<script type=\"application\/ld+json\" class=\"yoast-schema-graph\">{\"@context\":\"https:\\\/\\\/schema.org\",\"@graph\":[{\"@type\":\"Article\",\"@id\":\"https:\\\/\\\/sepam.com.br\\\/es\\\/filosofia-alunos-do-6o-ano-simulam-um-processo-de-eleicao-politica\\\/#article\",\"isPartOf\":{\"@id\":\"https:\\\/\\\/sepam.com.br\\\/es\\\/filosofia-alunos-do-6o-ano-simulam-um-processo-de-eleicao-politica\\\/\"},\"author\":{\"name\":\"Sepam\",\"@id\":\"https:\\\/\\\/sepam.com.br\\\/#\\\/schema\\\/person\\\/bfa2996c649a5a6d822766f6e64eb7fd\"},\"headline\":\"Filosofia: Alunos do 6\u00ba ano simulam um processo de elei\u00e7\u00e3o pol\u00edtica\",\"datePublished\":\"2025-08-28T13:47:34+00:00\",\"dateModified\":\"2025-11-24T13:53:35+00:00\",\"mainEntityOfPage\":{\"@id\":\"https:\\\/\\\/sepam.com.br\\\/es\\\/filosofia-alunos-do-6o-ano-simulam-um-processo-de-eleicao-politica\\\/\"},\"wordCount\":370,\"commentCount\":0,\"publisher\":{\"@id\":\"https:\\\/\\\/sepam.com.br\\\/#organization\"},\"articleSection\":[\"Colegio Sepam\"],\"inLanguage\":\"es\",\"potentialAction\":[{\"@type\":\"CommentAction\",\"name\":\"Comment\",\"target\":[\"https:\\\/\\\/sepam.com.br\\\/es\\\/filosofia-alunos-do-6o-ano-simulam-um-processo-de-eleicao-politica\\\/#respond\"]}]},{\"@type\":\"WebPage\",\"@id\":\"https:\\\/\\\/sepam.com.br\\\/es\\\/filosofia-alunos-do-6o-ano-simulam-um-processo-de-eleicao-politica\\\/\",\"url\":\"https:\\\/\\\/sepam.com.br\\\/es\\\/filosofia-alunos-do-6o-ano-simulam-um-processo-de-eleicao-politica\\\/\",\"name\":\"Filosofia: Alunos do 6\u00ba ano simulam um processo de elei\u00e7\u00e3o pol\u00edtica - Col\u00e9gio Sepam\",\"isPartOf\":{\"@id\":\"https:\\\/\\\/sepam.com.br\\\/#website\"},\"datePublished\":\"2025-08-28T13:47:34+00:00\",\"dateModified\":\"2025-11-24T13:53:35+00:00\",\"breadcrumb\":{\"@id\":\"https:\\\/\\\/sepam.com.br\\\/es\\\/filosofia-alunos-do-6o-ano-simulam-um-processo-de-eleicao-politica\\\/#breadcrumb\"},\"inLanguage\":\"es\",\"potentialAction\":[{\"@type\":\"ReadAction\",\"target\":[\"https:\\\/\\\/sepam.com.br\\\/es\\\/filosofia-alunos-do-6o-ano-simulam-um-processo-de-eleicao-politica\\\/\"]}]},{\"@type\":\"BreadcrumbList\",\"@id\":\"https:\\\/\\\/sepam.com.br\\\/es\\\/filosofia-alunos-do-6o-ano-simulam-um-processo-de-eleicao-politica\\\/#breadcrumb\",\"itemListElement\":[{\"@type\":\"ListItem\",\"position\":1,\"name\":\"Boas Vindas\",\"item\":\"https:\\\/\\\/sepam.com.br\\\/\"},{\"@type\":\"ListItem\",\"position\":2,\"name\":\"Filosofia: Alunos do 6\u00ba ano simulam um processo de elei\u00e7\u00e3o pol\u00edtica\"}]},{\"@type\":\"WebSite\",\"@id\":\"https:\\\/\\\/sepam.com.br\\\/es\\\/#website\",\"url\":\"https:\\\/\\\/sepam.com.br\\\/es\\\/\",\"name\":\"Col\u00e9gio Sepam\",\"description\":\"Ensino Incompar\u00e1vel\",\"publisher\":{\"@id\":\"https:\\\/\\\/sepam.com.br\\\/es\\\/#organization\"},\"potentialAction\":[{\"@type\":\"SearchAction\",\"target\":{\"@type\":\"EntryPoint\",\"urlTemplate\":\"https:\\\/\\\/sepam.com.br\\\/es\\\/?s={search_term_string}\"},\"query-input\":{\"@type\":\"PropertyValueSpecification\",\"valueRequired\":true,\"valueName\":\"search_term_string\"}}],\"inLanguage\":\"es\"},{\"@type\":\"Organization\",\"@id\":\"https:\\\/\\\/sepam.com.br\\\/es\\\/#organization\",\"name\":\"Col\u00e9gio Sepam\",\"url\":\"https:\\\/\\\/sepam.com.br\\\/es\\\/\",\"logo\":{\"@type\":\"ImageObject\",\"inLanguage\":\"es\",\"@id\":\"https:\\\/\\\/sepam.com.br\\\/es\\\/#\\\/schema\\\/logo\\\/image\\\/\",\"url\":\"https:\\\/\\\/sepam.com.br\\\/wp-content\\\/uploads\\\/2025\\\/02\\\/Ativo-2.png\",\"contentUrl\":\"https:\\\/\\\/sepam.com.br\\\/wp-content\\\/uploads\\\/2025\\\/02\\\/Ativo-2.png\",\"width\":595,\"height\":525,\"caption\":\"Col\u00e9gio Sepam\"},\"image\":{\"@id\":\"https:\\\/\\\/sepam.com.br\\\/es\\\/#\\\/schema\\\/logo\\\/image\\\/\"}},{\"@type\":\"Person\",\"@id\":\"https:\\\/\\\/sepam.com.br\\\/#\\\/schema\\\/person\\\/bfa2996c649a5a6d822766f6e64eb7fd\",\"name\":\"Sepam\",\"image\":{\"@type\":\"ImageObject\",\"inLanguage\":\"es\",\"@id\":\"https:\\\/\\\/secure.gravatar.com\\\/avatar\\\/0219e64664f5861998ad57a3432eb4bd5fd99a34c7cc9bc44b3c59dfb830db85?s=96&d=mm&r=g\",\"url\":\"https:\\\/\\\/secure.gravatar.com\\\/avatar\\\/0219e64664f5861998ad57a3432eb4bd5fd99a34c7cc9bc44b3c59dfb830db85?s=96&d=mm&r=g\",\"contentUrl\":\"https:\\\/\\\/secure.gravatar.com\\\/avatar\\\/0219e64664f5861998ad57a3432eb4bd5fd99a34c7cc9bc44b3c59dfb830db85?s=96&d=mm&r=g\",\"caption\":\"Sepam\"},\"url\":\"https:\\\/\\\/sepam.com.br\\\/es\\\/author\\\/sepam\\\/\"}]}<\/script>\n<!-- \/ Yoast SEO plugin. -->","yoast_head_json":{"title":"Filosofia: Alunos do 6\u00ba ano simulam um processo de elei\u00e7\u00e3o pol\u00edtica","description":"Nas aulas de Filosofia das turmas do 6\u00ba ano uma atividade diferenciada marcou o fechamento do terceiro bimestre: uma elei\u00e7\u00e3o pol\u00edtica simulada em sala de aula. Al\u00e9m de muito aprendizado, esse tipo de atividade proporciona aos alunos uma experi\u00eancia pr\u00e1tica e fortalece a import\u00e2ncia da Filosofia para a sociedade e para a vida. J\u00e1 \u00e9&hellip;","robots":{"index":"index","follow":"follow","max-snippet":"max-snippet:-1","max-image-preview":"max-image-preview:large","max-video-preview":"max-video-preview:-1"},"canonical":"https:\/\/sepam.com.br\/es\/filosofia-alunos-do-6o-ano-simulam-um-processo-de-eleicao-politica\/","og_locale":"es_ES","og_type":"article","og_title":"Filosofia: Alunos do 6\u00ba ano simulam um processo de elei\u00e7\u00e3o pol\u00edtica","og_description":"Nas aulas de Filosofia das turmas do 6\u00ba ano uma atividade diferenciada marcou o fechamento do terceiro bimestre: uma elei\u00e7\u00e3o pol\u00edtica simulada em sala de aula. Al\u00e9m de muito aprendizado, esse tipo de atividade proporciona aos alunos uma experi\u00eancia pr\u00e1tica e fortalece a import\u00e2ncia da Filosofia para a sociedade e para a vida. J\u00e1 \u00e9&hellip;","og_url":"https:\/\/sepam.com.br\/es\/filosofia-alunos-do-6o-ano-simulam-um-processo-de-eleicao-politica\/","og_site_name":"Col\u00e9gio Sepam","article_published_time":"2025-08-28T13:47:34+00:00","article_modified_time":"2025-11-24T13:53:35+00:00","author":"Sepam","twitter_card":"summary_large_image","twitter_misc":{"Escrito por":"Sepam","Tiempo de lectura":"2 minutos"},"schema":{"@context":"https:\/\/schema.org","@graph":[{"@type":"Article","@id":"https:\/\/sepam.com.br\/es\/filosofia-alunos-do-6o-ano-simulam-um-processo-de-eleicao-politica\/#article","isPartOf":{"@id":"https:\/\/sepam.com.br\/es\/filosofia-alunos-do-6o-ano-simulam-um-processo-de-eleicao-politica\/"},"author":{"name":"Sepam","@id":"https:\/\/sepam.com.br\/#\/schema\/person\/bfa2996c649a5a6d822766f6e64eb7fd"},"headline":"Filosofia: Alunos do 6\u00ba ano simulam um processo de elei\u00e7\u00e3o pol\u00edtica","datePublished":"2025-08-28T13:47:34+00:00","dateModified":"2025-11-24T13:53:35+00:00","mainEntityOfPage":{"@id":"https:\/\/sepam.com.br\/es\/filosofia-alunos-do-6o-ano-simulam-um-processo-de-eleicao-politica\/"},"wordCount":370,"commentCount":0,"publisher":{"@id":"https:\/\/sepam.com.br\/#organization"},"articleSection":["Colegio Sepam"],"inLanguage":"es","potentialAction":[{"@type":"CommentAction","name":"Comment","target":["https:\/\/sepam.com.br\/es\/filosofia-alunos-do-6o-ano-simulam-um-processo-de-eleicao-politica\/#respond"]}]},{"@type":"WebPage","@id":"https:\/\/sepam.com.br\/es\/filosofia-alunos-do-6o-ano-simulam-um-processo-de-eleicao-politica\/","url":"https:\/\/sepam.com.br\/es\/filosofia-alunos-do-6o-ano-simulam-um-processo-de-eleicao-politica\/","name":"Filosofia: Alunos do 6\u00ba ano simulam um processo de elei\u00e7\u00e3o pol\u00edtica - Col\u00e9gio Sepam","isPartOf":{"@id":"https:\/\/sepam.com.br\/#website"},"datePublished":"2025-08-28T13:47:34+00:00","dateModified":"2025-11-24T13:53:35+00:00","breadcrumb":{"@id":"https:\/\/sepam.com.br\/es\/filosofia-alunos-do-6o-ano-simulam-um-processo-de-eleicao-politica\/#breadcrumb"},"inLanguage":"es","potentialAction":[{"@type":"ReadAction","target":["https:\/\/sepam.com.br\/es\/filosofia-alunos-do-6o-ano-simulam-um-processo-de-eleicao-politica\/"]}]},{"@type":"BreadcrumbList","@id":"https:\/\/sepam.com.br\/es\/filosofia-alunos-do-6o-ano-simulam-um-processo-de-eleicao-politica\/#breadcrumb","itemListElement":[{"@type":"ListItem","position":1,"name":"Boas Vindas","item":"https:\/\/sepam.com.br\/"},{"@type":"ListItem","position":2,"name":"Filosofia: Alunos do 6\u00ba ano simulam um processo de elei\u00e7\u00e3o pol\u00edtica"}]},{"@type":"WebSite","@id":"https:\/\/sepam.com.br\/es\/#website","url":"https:\/\/sepam.com.br\/es\/","name":"Col\u00e9gio Sepam","description":"Ensino Incompar\u00e1vel","publisher":{"@id":"https:\/\/sepam.com.br\/es\/#organization"},"potentialAction":[{"@type":"SearchAction","target":{"@type":"EntryPoint","urlTemplate":"https:\/\/sepam.com.br\/es\/?s={search_term_string}"},"query-input":{"@type":"PropertyValueSpecification","valueRequired":true,"valueName":"search_term_string"}}],"inLanguage":"es"},{"@type":"Organization","@id":"https:\/\/sepam.com.br\/es\/#organization","name":"Col\u00e9gio Sepam","url":"https:\/\/sepam.com.br\/es\/","logo":{"@type":"ImageObject","inLanguage":"es","@id":"https:\/\/sepam.com.br\/es\/#\/schema\/logo\/image\/","url":"https:\/\/sepam.com.br\/wp-content\/uploads\/2025\/02\/Ativo-2.png","contentUrl":"https:\/\/sepam.com.br\/wp-content\/uploads\/2025\/02\/Ativo-2.png","width":595,"height":525,"caption":"Col\u00e9gio Sepam"},"image":{"@id":"https:\/\/sepam.com.br\/es\/#\/schema\/logo\/image\/"}},{"@type":"Person","@id":"https:\/\/sepam.com.br\/#\/schema\/person\/bfa2996c649a5a6d822766f6e64eb7fd","name":"Sepam","image":{"@type":"ImageObject","inLanguage":"es","@id":"https:\/\/secure.gravatar.com\/avatar\/0219e64664f5861998ad57a3432eb4bd5fd99a34c7cc9bc44b3c59dfb830db85?s=96&d=mm&r=g","url":"https:\/\/secure.gravatar.com\/avatar\/0219e64664f5861998ad57a3432eb4bd5fd99a34c7cc9bc44b3c59dfb830db85?s=96&d=mm&r=g","contentUrl":"https:\/\/secure.gravatar.com\/avatar\/0219e64664f5861998ad57a3432eb4bd5fd99a34c7cc9bc44b3c59dfb830db85?s=96&d=mm&r=g","caption":"Sepam"},"url":"https:\/\/sepam.com.br\/es\/author\/sepam\/"}]}},"_links":{"self":[{"href":"https:\/\/sepam.com.br\/es\/wp-json\/wp\/v2\/posts\/7060","targetHints":{"allow":["GET"]}}],"collection":[{"href":"https:\/\/sepam.com.br\/es\/wp-json\/wp\/v2\/posts"}],"about":[{"href":"https:\/\/sepam.com.br\/es\/wp-json\/wp\/v2\/types\/post"}],"author":[{"embeddable":true,"href":"https:\/\/sepam.com.br\/es\/wp-json\/wp\/v2\/users\/13"}],"replies":[{"embeddable":true,"href":"https:\/\/sepam.com.br\/es\/wp-json\/wp\/v2\/comments?post=7060"}],"version-history":[{"count":1,"href":"https:\/\/sepam.com.br\/es\/wp-json\/wp\/v2\/posts\/7060\/revisions"}],"predecessor-version":[{"id":7284,"href":"https:\/\/sepam.com.br\/es\/wp-json\/wp\/v2\/posts\/7060\/revisions\/7284"}],"wp:attachment":[{"href":"https:\/\/sepam.com.br\/es\/wp-json\/wp\/v2\/media?parent=7060"}],"wp:term":[{"taxonomy":"category","embeddable":true,"href":"https:\/\/sepam.com.br\/es\/wp-json\/wp\/v2\/categories?post=7060"},{"taxonomy":"post_tag","embeddable":true,"href":"https:\/\/sepam.com.br\/es\/wp-json\/wp\/v2\/tags?post=7060"}],"curies":[{"name":"wp","href":"https:\/\/api.w.org\/{rel}","templated":true}]}}