{"id":7053,"date":"2025-08-28T10:47:31","date_gmt":"2025-08-28T13:47:31","guid":{"rendered":"https:\/\/dev.alisonandrei.com.br\/noticia\/ginastica-ritmica-do-sepam-disputa-campeonato\/"},"modified":"2025-11-24T10:53:36","modified_gmt":"2025-11-24T13:53:36","slug":"ginastica-ritmica-do-sepam-disputa-campeonato","status":"publish","type":"post","link":"https:\/\/sepam.com.br\/es\/ginastica-ritmica-do-sepam-disputa-campeonato\/","title":{"rendered":"Gin\u00e1stica r\u00edtmica do Sepam disputa campeonato"},"content":{"rendered":"<p>A equipe de gin\u00e1stica r\u00edtmica do Col\u00e9gio Sepam embarca hoje para Marialva, regi\u00e3o norte do Paran\u00e1, onde participa da Copa Escolar de Gin\u00e1stica R\u00edtmica, que come\u00e7a nesta sexta-feira (13) e termina no pr\u00f3ximo domingo, 15.<\/p>\n<p>A treinadora do grupo, Erica Canesim, explica que as 21 atletas do Sepam ir\u00e3o disputar provas individuais, conjuntos e em equipes nas categorias mirim (at\u00e9 8 anos), pr\u00e9-infantil (9 a 10 anos), infantil (11 e 12 anos) e juvenil (13 a 15 anos). \u201cA expectativa \u00e9 que todas as atletas consigam colocar em pr\u00e1tica tudo o que v\u00eam treinando e realizem uma boa competi\u00e7\u00e3o\u201d, diz.<\/p>\n<p>Na Copa Escolar do ano passado, que tamb\u00e9m aconteceu em Marialva, o Sepam competiu com 17 escolas de todo o estado e conquistou medalhas de 1\u00ba lugar na prova individual por equipe, na categoria juvenil; 2\u00ba lugar na individual por equipe e 3\u00ba lugar em conjunto na categoria infantil; 3\u00ba lugar na prova de conjunto da categoria pr\u00e9-infantil; e o 2\u00ba lugar na prova individual por equipe na categoria mirim.<\/p>\n","protected":false},"excerpt":{"rendered":"<p>A equipe de gin\u00e1stica r\u00edtmica do Col\u00e9gio Sepam embarca hoje para Marialva, regi\u00e3o norte do Paran\u00e1, onde participa da Copa Escolar de Gin\u00e1stica R\u00edtmica, que come\u00e7a nesta sexta-feira (13) e termina no pr\u00f3ximo domingo, 15. A treinadora do grupo, Erica Canesim, explica que as 21 atletas do Sepam ir\u00e3o disputar provas individuais, conjuntos e em [&hellip;]<\/p>\n","protected":false},"author":13,"featured_media":0,"comment_status":"open","ping_status":"open","sticky":false,"template":"","format":"standard","meta":{"footnotes":""},"categories":[21],"tags":[],"class_list":["post-7053","post","type-post","status-publish","format-standard","hentry","category-colegio-sepam"],"yoast_head":"<!-- This site is optimized with the Yoast SEO plugin v28.4 - https:\/\/yoast.com\/product\/yoast-seo-wordpress\/ -->\n<title>Gin\u00e1stica r\u00edtmica do Sepam disputa campeonato<\/title>\n<meta name=\"description\" content=\"A equipe de gin\u00e1stica r\u00edtmica do Col\u00e9gio Sepam embarca hoje para Marialva, regi\u00e3o norte do Paran\u00e1, onde participa da Copa Escolar de Gin\u00e1stica R\u00edtmica, que come\u00e7a nesta sexta-feira (13) e termina no pr\u00f3ximo domingo, 15. A treinadora do grupo, Erica Canesim, explica que as 21 atletas do Sepam ir\u00e3o disputar provas individuais, conjuntos e em&hellip;\" \/>\n<meta name=\"robots\" content=\"index, follow, max-snippet:-1, max-image-preview:large, max-video-preview:-1\" \/>\n<link rel=\"canonical\" href=\"https:\/\/sepam.com.br\/es\/ginastica-ritmica-do-sepam-disputa-campeonato\/\" \/>\n<meta property=\"og:locale\" content=\"es_ES\" \/>\n<meta property=\"og:type\" content=\"article\" \/>\n<meta property=\"og:title\" content=\"Gin\u00e1stica r\u00edtmica do Sepam disputa campeonato\" \/>\n<meta property=\"og:description\" content=\"A equipe de gin\u00e1stica r\u00edtmica do Col\u00e9gio Sepam embarca hoje para Marialva, regi\u00e3o norte do Paran\u00e1, onde participa da Copa Escolar de Gin\u00e1stica R\u00edtmica, que come\u00e7a nesta sexta-feira (13) e termina no pr\u00f3ximo domingo, 15. A treinadora do grupo, Erica Canesim, explica que as 21 atletas do Sepam ir\u00e3o disputar provas individuais, conjuntos e em&hellip;\" \/>\n<meta property=\"og:url\" content=\"https:\/\/sepam.com.br\/es\/ginastica-ritmica-do-sepam-disputa-campeonato\/\" \/>\n<meta property=\"og:site_name\" content=\"Col\u00e9gio Sepam\" \/>\n<meta property=\"article:published_time\" content=\"2025-08-28T13:47:31+00:00\" \/>\n<meta property=\"article:modified_time\" content=\"2025-11-24T13:53:36+00:00\" \/>\n<meta name=\"author\" content=\"Sepam\" \/>\n<meta name=\"twitter:card\" content=\"summary_large_image\" \/>\n<meta name=\"twitter:label1\" content=\"Escrito por\" \/>\n\t<meta name=\"twitter:data1\" content=\"Sepam\" \/>\n\t<meta name=\"twitter:label2\" content=\"Tiempo de lectura\" \/>\n\t<meta name=\"twitter:data2\" content=\"1 minuto\" \/>\n<script type=\"application\/ld+json\" class=\"yoast-schema-graph\">{\"@context\":\"https:\\\/\\\/schema.org\",\"@graph\":[{\"@type\":\"Article\",\"@id\":\"https:\\\/\\\/sepam.com.br\\\/es\\\/ginastica-ritmica-do-sepam-disputa-campeonato\\\/#article\",\"isPartOf\":{\"@id\":\"https:\\\/\\\/sepam.com.br\\\/es\\\/ginastica-ritmica-do-sepam-disputa-campeonato\\\/\"},\"author\":{\"name\":\"Sepam\",\"@id\":\"https:\\\/\\\/sepam.com.br\\\/#\\\/schema\\\/person\\\/bfa2996c649a5a6d822766f6e64eb7fd\"},\"headline\":\"Gin\u00e1stica r\u00edtmica do Sepam disputa campeonato\",\"datePublished\":\"2025-08-28T13:47:31+00:00\",\"dateModified\":\"2025-11-24T13:53:36+00:00\",\"mainEntityOfPage\":{\"@id\":\"https:\\\/\\\/sepam.com.br\\\/es\\\/ginastica-ritmica-do-sepam-disputa-campeonato\\\/\"},\"wordCount\":176,\"commentCount\":0,\"publisher\":{\"@id\":\"https:\\\/\\\/sepam.com.br\\\/#organization\"},\"articleSection\":[\"Colegio Sepam\"],\"inLanguage\":\"es\",\"potentialAction\":[{\"@type\":\"CommentAction\",\"name\":\"Comment\",\"target\":[\"https:\\\/\\\/sepam.com.br\\\/es\\\/ginastica-ritmica-do-sepam-disputa-campeonato\\\/#respond\"]}]},{\"@type\":\"WebPage\",\"@id\":\"https:\\\/\\\/sepam.com.br\\\/es\\\/ginastica-ritmica-do-sepam-disputa-campeonato\\\/\",\"url\":\"https:\\\/\\\/sepam.com.br\\\/es\\\/ginastica-ritmica-do-sepam-disputa-campeonato\\\/\",\"name\":\"Gin\u00e1stica r\u00edtmica do Sepam disputa campeonato - Col\u00e9gio Sepam\",\"isPartOf\":{\"@id\":\"https:\\\/\\\/sepam.com.br\\\/#website\"},\"datePublished\":\"2025-08-28T13:47:31+00:00\",\"dateModified\":\"2025-11-24T13:53:36+00:00\",\"breadcrumb\":{\"@id\":\"https:\\\/\\\/sepam.com.br\\\/es\\\/ginastica-ritmica-do-sepam-disputa-campeonato\\\/#breadcrumb\"},\"inLanguage\":\"es\",\"potentialAction\":[{\"@type\":\"ReadAction\",\"target\":[\"https:\\\/\\\/sepam.com.br\\\/es\\\/ginastica-ritmica-do-sepam-disputa-campeonato\\\/\"]}]},{\"@type\":\"BreadcrumbList\",\"@id\":\"https:\\\/\\\/sepam.com.br\\\/es\\\/ginastica-ritmica-do-sepam-disputa-campeonato\\\/#breadcrumb\",\"itemListElement\":[{\"@type\":\"ListItem\",\"position\":1,\"name\":\"Boas Vindas\",\"item\":\"https:\\\/\\\/sepam.com.br\\\/\"},{\"@type\":\"ListItem\",\"position\":2,\"name\":\"Gin\u00e1stica r\u00edtmica do Sepam disputa campeonato\"}]},{\"@type\":\"WebSite\",\"@id\":\"https:\\\/\\\/sepam.com.br\\\/es\\\/#website\",\"url\":\"https:\\\/\\\/sepam.com.br\\\/es\\\/\",\"name\":\"Col\u00e9gio Sepam\",\"description\":\"Ensino Incompar\u00e1vel\",\"publisher\":{\"@id\":\"https:\\\/\\\/sepam.com.br\\\/es\\\/#organization\"},\"potentialAction\":[{\"@type\":\"SearchAction\",\"target\":{\"@type\":\"EntryPoint\",\"urlTemplate\":\"https:\\\/\\\/sepam.com.br\\\/es\\\/?s={search_term_string}\"},\"query-input\":{\"@type\":\"PropertyValueSpecification\",\"valueRequired\":true,\"valueName\":\"search_term_string\"}}],\"inLanguage\":\"es\"},{\"@type\":\"Organization\",\"@id\":\"https:\\\/\\\/sepam.com.br\\\/es\\\/#organization\",\"name\":\"Col\u00e9gio Sepam\",\"url\":\"https:\\\/\\\/sepam.com.br\\\/es\\\/\",\"logo\":{\"@type\":\"ImageObject\",\"inLanguage\":\"es\",\"@id\":\"https:\\\/\\\/sepam.com.br\\\/es\\\/#\\\/schema\\\/logo\\\/image\\\/\",\"url\":\"https:\\\/\\\/sepam.com.br\\\/wp-content\\\/uploads\\\/2025\\\/02\\\/Ativo-2.png\",\"contentUrl\":\"https:\\\/\\\/sepam.com.br\\\/wp-content\\\/uploads\\\/2025\\\/02\\\/Ativo-2.png\",\"width\":595,\"height\":525,\"caption\":\"Col\u00e9gio Sepam\"},\"image\":{\"@id\":\"https:\\\/\\\/sepam.com.br\\\/es\\\/#\\\/schema\\\/logo\\\/image\\\/\"}},{\"@type\":\"Person\",\"@id\":\"https:\\\/\\\/sepam.com.br\\\/#\\\/schema\\\/person\\\/bfa2996c649a5a6d822766f6e64eb7fd\",\"name\":\"Sepam\",\"image\":{\"@type\":\"ImageObject\",\"inLanguage\":\"es\",\"@id\":\"https:\\\/\\\/secure.gravatar.com\\\/avatar\\\/0219e64664f5861998ad57a3432eb4bd5fd99a34c7cc9bc44b3c59dfb830db85?s=96&d=mm&r=g\",\"url\":\"https:\\\/\\\/secure.gravatar.com\\\/avatar\\\/0219e64664f5861998ad57a3432eb4bd5fd99a34c7cc9bc44b3c59dfb830db85?s=96&d=mm&r=g\",\"contentUrl\":\"https:\\\/\\\/secure.gravatar.com\\\/avatar\\\/0219e64664f5861998ad57a3432eb4bd5fd99a34c7cc9bc44b3c59dfb830db85?s=96&d=mm&r=g\",\"caption\":\"Sepam\"},\"url\":\"https:\\\/\\\/sepam.com.br\\\/es\\\/author\\\/sepam\\\/\"}]}<\/script>\n<!-- \/ Yoast SEO plugin. -->","yoast_head_json":{"title":"Gin\u00e1stica r\u00edtmica do Sepam disputa campeonato","description":"A equipe de gin\u00e1stica r\u00edtmica do Col\u00e9gio Sepam embarca hoje para Marialva, regi\u00e3o norte do Paran\u00e1, onde participa da Copa Escolar de Gin\u00e1stica R\u00edtmica, que come\u00e7a nesta sexta-feira (13) e termina no pr\u00f3ximo domingo, 15. A treinadora do grupo, Erica Canesim, explica que as 21 atletas do Sepam ir\u00e3o disputar provas individuais, conjuntos e em&hellip;","robots":{"index":"index","follow":"follow","max-snippet":"max-snippet:-1","max-image-preview":"max-image-preview:large","max-video-preview":"max-video-preview:-1"},"canonical":"https:\/\/sepam.com.br\/es\/ginastica-ritmica-do-sepam-disputa-campeonato\/","og_locale":"es_ES","og_type":"article","og_title":"Gin\u00e1stica r\u00edtmica do Sepam disputa campeonato","og_description":"A equipe de gin\u00e1stica r\u00edtmica do Col\u00e9gio Sepam embarca hoje para Marialva, regi\u00e3o norte do Paran\u00e1, onde participa da Copa Escolar de Gin\u00e1stica R\u00edtmica, que come\u00e7a nesta sexta-feira (13) e termina no pr\u00f3ximo domingo, 15. A treinadora do grupo, Erica Canesim, explica que as 21 atletas do Sepam ir\u00e3o disputar provas individuais, conjuntos e em&hellip;","og_url":"https:\/\/sepam.com.br\/es\/ginastica-ritmica-do-sepam-disputa-campeonato\/","og_site_name":"Col\u00e9gio Sepam","article_published_time":"2025-08-28T13:47:31+00:00","article_modified_time":"2025-11-24T13:53:36+00:00","author":"Sepam","twitter_card":"summary_large_image","twitter_misc":{"Escrito por":"Sepam","Tiempo de lectura":"1 minuto"},"schema":{"@context":"https:\/\/schema.org","@graph":[{"@type":"Article","@id":"https:\/\/sepam.com.br\/es\/ginastica-ritmica-do-sepam-disputa-campeonato\/#article","isPartOf":{"@id":"https:\/\/sepam.com.br\/es\/ginastica-ritmica-do-sepam-disputa-campeonato\/"},"author":{"name":"Sepam","@id":"https:\/\/sepam.com.br\/#\/schema\/person\/bfa2996c649a5a6d822766f6e64eb7fd"},"headline":"Gin\u00e1stica r\u00edtmica do Sepam disputa campeonato","datePublished":"2025-08-28T13:47:31+00:00","dateModified":"2025-11-24T13:53:36+00:00","mainEntityOfPage":{"@id":"https:\/\/sepam.com.br\/es\/ginastica-ritmica-do-sepam-disputa-campeonato\/"},"wordCount":176,"commentCount":0,"publisher":{"@id":"https:\/\/sepam.com.br\/#organization"},"articleSection":["Colegio Sepam"],"inLanguage":"es","potentialAction":[{"@type":"CommentAction","name":"Comment","target":["https:\/\/sepam.com.br\/es\/ginastica-ritmica-do-sepam-disputa-campeonato\/#respond"]}]},{"@type":"WebPage","@id":"https:\/\/sepam.com.br\/es\/ginastica-ritmica-do-sepam-disputa-campeonato\/","url":"https:\/\/sepam.com.br\/es\/ginastica-ritmica-do-sepam-disputa-campeonato\/","name":"Gin\u00e1stica r\u00edtmica do Sepam disputa campeonato - Col\u00e9gio Sepam","isPartOf":{"@id":"https:\/\/sepam.com.br\/#website"},"datePublished":"2025-08-28T13:47:31+00:00","dateModified":"2025-11-24T13:53:36+00:00","breadcrumb":{"@id":"https:\/\/sepam.com.br\/es\/ginastica-ritmica-do-sepam-disputa-campeonato\/#breadcrumb"},"inLanguage":"es","potentialAction":[{"@type":"ReadAction","target":["https:\/\/sepam.com.br\/es\/ginastica-ritmica-do-sepam-disputa-campeonato\/"]}]},{"@type":"BreadcrumbList","@id":"https:\/\/sepam.com.br\/es\/ginastica-ritmica-do-sepam-disputa-campeonato\/#breadcrumb","itemListElement":[{"@type":"ListItem","position":1,"name":"Boas Vindas","item":"https:\/\/sepam.com.br\/"},{"@type":"ListItem","position":2,"name":"Gin\u00e1stica r\u00edtmica do Sepam disputa campeonato"}]},{"@type":"WebSite","@id":"https:\/\/sepam.com.br\/es\/#website","url":"https:\/\/sepam.com.br\/es\/","name":"Col\u00e9gio Sepam","description":"Ensino Incompar\u00e1vel","publisher":{"@id":"https:\/\/sepam.com.br\/es\/#organization"},"potentialAction":[{"@type":"SearchAction","target":{"@type":"EntryPoint","urlTemplate":"https:\/\/sepam.com.br\/es\/?s={search_term_string}"},"query-input":{"@type":"PropertyValueSpecification","valueRequired":true,"valueName":"search_term_string"}}],"inLanguage":"es"},{"@type":"Organization","@id":"https:\/\/sepam.com.br\/es\/#organization","name":"Col\u00e9gio Sepam","url":"https:\/\/sepam.com.br\/es\/","logo":{"@type":"ImageObject","inLanguage":"es","@id":"https:\/\/sepam.com.br\/es\/#\/schema\/logo\/image\/","url":"https:\/\/sepam.com.br\/wp-content\/uploads\/2025\/02\/Ativo-2.png","contentUrl":"https:\/\/sepam.com.br\/wp-content\/uploads\/2025\/02\/Ativo-2.png","width":595,"height":525,"caption":"Col\u00e9gio Sepam"},"image":{"@id":"https:\/\/sepam.com.br\/es\/#\/schema\/logo\/image\/"}},{"@type":"Person","@id":"https:\/\/sepam.com.br\/#\/schema\/person\/bfa2996c649a5a6d822766f6e64eb7fd","name":"Sepam","image":{"@type":"ImageObject","inLanguage":"es","@id":"https:\/\/secure.gravatar.com\/avatar\/0219e64664f5861998ad57a3432eb4bd5fd99a34c7cc9bc44b3c59dfb830db85?s=96&d=mm&r=g","url":"https:\/\/secure.gravatar.com\/avatar\/0219e64664f5861998ad57a3432eb4bd5fd99a34c7cc9bc44b3c59dfb830db85?s=96&d=mm&r=g","contentUrl":"https:\/\/secure.gravatar.com\/avatar\/0219e64664f5861998ad57a3432eb4bd5fd99a34c7cc9bc44b3c59dfb830db85?s=96&d=mm&r=g","caption":"Sepam"},"url":"https:\/\/sepam.com.br\/es\/author\/sepam\/"}]}},"_links":{"self":[{"href":"https:\/\/sepam.com.br\/es\/wp-json\/wp\/v2\/posts\/7053","targetHints":{"allow":["GET"]}}],"collection":[{"href":"https:\/\/sepam.com.br\/es\/wp-json\/wp\/v2\/posts"}],"about":[{"href":"https:\/\/sepam.com.br\/es\/wp-json\/wp\/v2\/types\/post"}],"author":[{"embeddable":true,"href":"https:\/\/sepam.com.br\/es\/wp-json\/wp\/v2\/users\/13"}],"replies":[{"embeddable":true,"href":"https:\/\/sepam.com.br\/es\/wp-json\/wp\/v2\/comments?post=7053"}],"version-history":[{"count":1,"href":"https:\/\/sepam.com.br\/es\/wp-json\/wp\/v2\/posts\/7053\/revisions"}],"predecessor-version":[{"id":7317,"href":"https:\/\/sepam.com.br\/es\/wp-json\/wp\/v2\/posts\/7053\/revisions\/7317"}],"wp:attachment":[{"href":"https:\/\/sepam.com.br\/es\/wp-json\/wp\/v2\/media?parent=7053"}],"wp:term":[{"taxonomy":"category","embeddable":true,"href":"https:\/\/sepam.com.br\/es\/wp-json\/wp\/v2\/categories?post=7053"},{"taxonomy":"post_tag","embeddable":true,"href":"https:\/\/sepam.com.br\/es\/wp-json\/wp\/v2\/tags?post=7053"}],"curies":[{"name":"wp","href":"https:\/\/api.w.org\/{rel}","templated":true}]}}