{"id":6999,"date":"2025-08-28T10:47:25","date_gmt":"2025-08-28T13:47:25","guid":{"rendered":"https:\/\/dev.alisonandrei.com.br\/noticia\/sepam-e-selecionado-para-mostra-paranaense-de-danca\/"},"modified":"2025-11-24T10:53:36","modified_gmt":"2025-11-24T13:53:36","slug":"sepam-e-selecionado-para-mostra-paranaense-de-danca","status":"publish","type":"post","link":"https:\/\/sepam.com.br\/es\/sepam-e-selecionado-para-mostra-paranaense-de-danca\/","title":{"rendered":"Sepam \u00e9 selecionado para Mostra Paranaense de Dan\u00e7a"},"content":{"rendered":"<p><em>Alunas da Express\u00e3o Corporal da unidade de Castro ir\u00e3o se apresentar na etapa final do evento<\/em><\/p>\n<p>As alunas da Express\u00e3o Corporal do Col\u00e9gio SEPAM de Castro foram selecionadas para se apresentarem no palco alternativo na final da Mostra Paranaense de Dan\u00e7a, nos dias 22 e 23 de junho, no Memorial de Curitiba. A seletiva regional aconteceu em Ponta Grossa no \u00faltimo final de semana (18 e 19 de maio) e contou com a participa\u00e7\u00e3o de diversas escolas, academias e grupos de dan\u00e7a de todos os g\u00eaneros.<\/p>\n<p>Esta \u00e9 a primeira vez que o SEPAM participa da Mostra. Para a professora de Express\u00e3o Corporal, Verginia Uliana, esse tipo de evento enaltece o trabalho que \u00e9 realizado pelo Col\u00e9gio. \u201cO SEPAM sempre procura proporcionar \u00e0s alunas um contato maior com a arte da dan\u00e7a, promovendo diversas atividades nesse sentido. Participar de uma seletiva com essa grandiosidade, organizada pelo Teatro Gua\u00edra, com certeza foi muito especial e um valioso aprendizado para todos n\u00f3s\u201d, avalia.<\/p>\n<p>As seletivas regionais s\u00e3o realizadas em Curitiba, Ponta Grossa, Campo Mour\u00e3o, Maring\u00e1 e Cascavel. Na oportunidade, o Sepam apresentou duas coreografias: Bergens e Rey-Star Wars.<\/p>\n<p>A Mostra Paranaense de Dan\u00e7a \u00e9 realizada pela Associa\u00e7\u00e3o Brasileira de Apoiadores Benem\u00e9ritos do Teatro Gua\u00edra (ABABTG). O evento tem como finalidade, al\u00e9m de incentivar e valorizar a profiss\u00e3o de bailarino, estimular a criatividade e promover a circula\u00e7\u00e3o de bens culturais.<\/p>\n","protected":false},"excerpt":{"rendered":"<p>Alunas da Express\u00e3o Corporal da unidade de Castro ir\u00e3o se apresentar na etapa final do evento As alunas da Express\u00e3o Corporal do Col\u00e9gio SEPAM de Castro foram selecionadas para se apresentarem no palco alternativo na final da Mostra Paranaense de Dan\u00e7a, nos dias 22 e 23 de junho, no Memorial de Curitiba. A seletiva regional [&hellip;]<\/p>\n","protected":false},"author":13,"featured_media":0,"comment_status":"open","ping_status":"open","sticky":false,"template":"","format":"standard","meta":{"footnotes":""},"categories":[21],"tags":[],"class_list":["post-6999","post","type-post","status-publish","format-standard","hentry","category-colegio-sepam"],"yoast_head":"<!-- This site is optimized with the Yoast SEO plugin v28.4 - https:\/\/yoast.com\/product\/yoast-seo-wordpress\/ -->\n<title>Sepam \u00e9 selecionado para Mostra Paranaense de Dan\u00e7a<\/title>\n<meta name=\"description\" content=\"Alunas da Express\u00e3o Corporal da unidade de Castro ir\u00e3o se apresentar na etapa final do evento As alunas da Express\u00e3o Corporal do Col\u00e9gio SEPAM de Castro foram selecionadas para se apresentarem no palco alternativo na final da Mostra Paranaense de Dan\u00e7a, nos dias 22 e 23 de junho, no Memorial de Curitiba. A seletiva regional&hellip;\" \/>\n<meta name=\"robots\" content=\"index, follow, max-snippet:-1, max-image-preview:large, max-video-preview:-1\" \/>\n<link rel=\"canonical\" href=\"https:\/\/sepam.com.br\/es\/sepam-e-selecionado-para-mostra-paranaense-de-danca\/\" \/>\n<meta property=\"og:locale\" content=\"es_ES\" \/>\n<meta property=\"og:type\" content=\"article\" \/>\n<meta property=\"og:title\" content=\"Sepam \u00e9 selecionado para Mostra Paranaense de Dan\u00e7a\" \/>\n<meta property=\"og:description\" content=\"Alunas da Express\u00e3o Corporal da unidade de Castro ir\u00e3o se apresentar na etapa final do evento As alunas da Express\u00e3o Corporal do Col\u00e9gio SEPAM de Castro foram selecionadas para se apresentarem no palco alternativo na final da Mostra Paranaense de Dan\u00e7a, nos dias 22 e 23 de junho, no Memorial de Curitiba. A seletiva regional&hellip;\" \/>\n<meta property=\"og:url\" content=\"https:\/\/sepam.com.br\/es\/sepam-e-selecionado-para-mostra-paranaense-de-danca\/\" \/>\n<meta property=\"og:site_name\" content=\"Col\u00e9gio Sepam\" \/>\n<meta property=\"article:published_time\" content=\"2025-08-28T13:47:25+00:00\" \/>\n<meta property=\"article:modified_time\" content=\"2025-11-24T13:53:36+00:00\" \/>\n<meta name=\"author\" content=\"Sepam\" \/>\n<meta name=\"twitter:card\" content=\"summary_large_image\" \/>\n<meta name=\"twitter:label1\" content=\"Escrito por\" \/>\n\t<meta name=\"twitter:data1\" content=\"Sepam\" \/>\n\t<meta name=\"twitter:label2\" content=\"Tiempo de lectura\" \/>\n\t<meta name=\"twitter:data2\" content=\"1 minuto\" \/>\n<script type=\"application\/ld+json\" class=\"yoast-schema-graph\">{\"@context\":\"https:\\\/\\\/schema.org\",\"@graph\":[{\"@type\":\"Article\",\"@id\":\"https:\\\/\\\/sepam.com.br\\\/es\\\/sepam-e-selecionado-para-mostra-paranaense-de-danca\\\/#article\",\"isPartOf\":{\"@id\":\"https:\\\/\\\/sepam.com.br\\\/es\\\/sepam-e-selecionado-para-mostra-paranaense-de-danca\\\/\"},\"author\":{\"name\":\"Sepam\",\"@id\":\"https:\\\/\\\/sepam.com.br\\\/#\\\/schema\\\/person\\\/bfa2996c649a5a6d822766f6e64eb7fd\"},\"headline\":\"Sepam \u00e9 selecionado para Mostra Paranaense de Dan\u00e7a\",\"datePublished\":\"2025-08-28T13:47:25+00:00\",\"dateModified\":\"2025-11-24T13:53:36+00:00\",\"mainEntityOfPage\":{\"@id\":\"https:\\\/\\\/sepam.com.br\\\/es\\\/sepam-e-selecionado-para-mostra-paranaense-de-danca\\\/\"},\"wordCount\":250,\"commentCount\":0,\"publisher\":{\"@id\":\"https:\\\/\\\/sepam.com.br\\\/#organization\"},\"articleSection\":[\"Colegio Sepam\"],\"inLanguage\":\"es\",\"potentialAction\":[{\"@type\":\"CommentAction\",\"name\":\"Comment\",\"target\":[\"https:\\\/\\\/sepam.com.br\\\/es\\\/sepam-e-selecionado-para-mostra-paranaense-de-danca\\\/#respond\"]}]},{\"@type\":\"WebPage\",\"@id\":\"https:\\\/\\\/sepam.com.br\\\/es\\\/sepam-e-selecionado-para-mostra-paranaense-de-danca\\\/\",\"url\":\"https:\\\/\\\/sepam.com.br\\\/es\\\/sepam-e-selecionado-para-mostra-paranaense-de-danca\\\/\",\"name\":\"Sepam \u00e9 selecionado para Mostra Paranaense de Dan\u00e7a - Col\u00e9gio Sepam\",\"isPartOf\":{\"@id\":\"https:\\\/\\\/sepam.com.br\\\/#website\"},\"datePublished\":\"2025-08-28T13:47:25+00:00\",\"dateModified\":\"2025-11-24T13:53:36+00:00\",\"breadcrumb\":{\"@id\":\"https:\\\/\\\/sepam.com.br\\\/es\\\/sepam-e-selecionado-para-mostra-paranaense-de-danca\\\/#breadcrumb\"},\"inLanguage\":\"es\",\"potentialAction\":[{\"@type\":\"ReadAction\",\"target\":[\"https:\\\/\\\/sepam.com.br\\\/es\\\/sepam-e-selecionado-para-mostra-paranaense-de-danca\\\/\"]}]},{\"@type\":\"BreadcrumbList\",\"@id\":\"https:\\\/\\\/sepam.com.br\\\/es\\\/sepam-e-selecionado-para-mostra-paranaense-de-danca\\\/#breadcrumb\",\"itemListElement\":[{\"@type\":\"ListItem\",\"position\":1,\"name\":\"Boas Vindas\",\"item\":\"https:\\\/\\\/sepam.com.br\\\/\"},{\"@type\":\"ListItem\",\"position\":2,\"name\":\"Sepam \u00e9 selecionado para Mostra Paranaense de Dan\u00e7a\"}]},{\"@type\":\"WebSite\",\"@id\":\"https:\\\/\\\/sepam.com.br\\\/es\\\/#website\",\"url\":\"https:\\\/\\\/sepam.com.br\\\/es\\\/\",\"name\":\"Col\u00e9gio Sepam\",\"description\":\"Ensino Incompar\u00e1vel\",\"publisher\":{\"@id\":\"https:\\\/\\\/sepam.com.br\\\/es\\\/#organization\"},\"potentialAction\":[{\"@type\":\"SearchAction\",\"target\":{\"@type\":\"EntryPoint\",\"urlTemplate\":\"https:\\\/\\\/sepam.com.br\\\/es\\\/?s={search_term_string}\"},\"query-input\":{\"@type\":\"PropertyValueSpecification\",\"valueRequired\":true,\"valueName\":\"search_term_string\"}}],\"inLanguage\":\"es\"},{\"@type\":\"Organization\",\"@id\":\"https:\\\/\\\/sepam.com.br\\\/es\\\/#organization\",\"name\":\"Col\u00e9gio Sepam\",\"url\":\"https:\\\/\\\/sepam.com.br\\\/es\\\/\",\"logo\":{\"@type\":\"ImageObject\",\"inLanguage\":\"es\",\"@id\":\"https:\\\/\\\/sepam.com.br\\\/es\\\/#\\\/schema\\\/logo\\\/image\\\/\",\"url\":\"https:\\\/\\\/sepam.com.br\\\/wp-content\\\/uploads\\\/2025\\\/02\\\/Ativo-2.png\",\"contentUrl\":\"https:\\\/\\\/sepam.com.br\\\/wp-content\\\/uploads\\\/2025\\\/02\\\/Ativo-2.png\",\"width\":595,\"height\":525,\"caption\":\"Col\u00e9gio Sepam\"},\"image\":{\"@id\":\"https:\\\/\\\/sepam.com.br\\\/es\\\/#\\\/schema\\\/logo\\\/image\\\/\"}},{\"@type\":\"Person\",\"@id\":\"https:\\\/\\\/sepam.com.br\\\/#\\\/schema\\\/person\\\/bfa2996c649a5a6d822766f6e64eb7fd\",\"name\":\"Sepam\",\"image\":{\"@type\":\"ImageObject\",\"inLanguage\":\"es\",\"@id\":\"https:\\\/\\\/secure.gravatar.com\\\/avatar\\\/0219e64664f5861998ad57a3432eb4bd5fd99a34c7cc9bc44b3c59dfb830db85?s=96&d=mm&r=g\",\"url\":\"https:\\\/\\\/secure.gravatar.com\\\/avatar\\\/0219e64664f5861998ad57a3432eb4bd5fd99a34c7cc9bc44b3c59dfb830db85?s=96&d=mm&r=g\",\"contentUrl\":\"https:\\\/\\\/secure.gravatar.com\\\/avatar\\\/0219e64664f5861998ad57a3432eb4bd5fd99a34c7cc9bc44b3c59dfb830db85?s=96&d=mm&r=g\",\"caption\":\"Sepam\"},\"url\":\"https:\\\/\\\/sepam.com.br\\\/es\\\/author\\\/sepam\\\/\"}]}<\/script>\n<!-- \/ Yoast SEO plugin. -->","yoast_head_json":{"title":"Sepam \u00e9 selecionado para Mostra Paranaense de Dan\u00e7a","description":"Alunas da Express\u00e3o Corporal da unidade de Castro ir\u00e3o se apresentar na etapa final do evento As alunas da Express\u00e3o Corporal do Col\u00e9gio SEPAM de Castro foram selecionadas para se apresentarem no palco alternativo na final da Mostra Paranaense de Dan\u00e7a, nos dias 22 e 23 de junho, no Memorial de Curitiba. A seletiva regional&hellip;","robots":{"index":"index","follow":"follow","max-snippet":"max-snippet:-1","max-image-preview":"max-image-preview:large","max-video-preview":"max-video-preview:-1"},"canonical":"https:\/\/sepam.com.br\/es\/sepam-e-selecionado-para-mostra-paranaense-de-danca\/","og_locale":"es_ES","og_type":"article","og_title":"Sepam \u00e9 selecionado para Mostra Paranaense de Dan\u00e7a","og_description":"Alunas da Express\u00e3o Corporal da unidade de Castro ir\u00e3o se apresentar na etapa final do evento As alunas da Express\u00e3o Corporal do Col\u00e9gio SEPAM de Castro foram selecionadas para se apresentarem no palco alternativo na final da Mostra Paranaense de Dan\u00e7a, nos dias 22 e 23 de junho, no Memorial de Curitiba. A seletiva regional&hellip;","og_url":"https:\/\/sepam.com.br\/es\/sepam-e-selecionado-para-mostra-paranaense-de-danca\/","og_site_name":"Col\u00e9gio Sepam","article_published_time":"2025-08-28T13:47:25+00:00","article_modified_time":"2025-11-24T13:53:36+00:00","author":"Sepam","twitter_card":"summary_large_image","twitter_misc":{"Escrito por":"Sepam","Tiempo de lectura":"1 minuto"},"schema":{"@context":"https:\/\/schema.org","@graph":[{"@type":"Article","@id":"https:\/\/sepam.com.br\/es\/sepam-e-selecionado-para-mostra-paranaense-de-danca\/#article","isPartOf":{"@id":"https:\/\/sepam.com.br\/es\/sepam-e-selecionado-para-mostra-paranaense-de-danca\/"},"author":{"name":"Sepam","@id":"https:\/\/sepam.com.br\/#\/schema\/person\/bfa2996c649a5a6d822766f6e64eb7fd"},"headline":"Sepam \u00e9 selecionado para Mostra Paranaense de Dan\u00e7a","datePublished":"2025-08-28T13:47:25+00:00","dateModified":"2025-11-24T13:53:36+00:00","mainEntityOfPage":{"@id":"https:\/\/sepam.com.br\/es\/sepam-e-selecionado-para-mostra-paranaense-de-danca\/"},"wordCount":250,"commentCount":0,"publisher":{"@id":"https:\/\/sepam.com.br\/#organization"},"articleSection":["Colegio Sepam"],"inLanguage":"es","potentialAction":[{"@type":"CommentAction","name":"Comment","target":["https:\/\/sepam.com.br\/es\/sepam-e-selecionado-para-mostra-paranaense-de-danca\/#respond"]}]},{"@type":"WebPage","@id":"https:\/\/sepam.com.br\/es\/sepam-e-selecionado-para-mostra-paranaense-de-danca\/","url":"https:\/\/sepam.com.br\/es\/sepam-e-selecionado-para-mostra-paranaense-de-danca\/","name":"Sepam \u00e9 selecionado para Mostra Paranaense de Dan\u00e7a - Col\u00e9gio Sepam","isPartOf":{"@id":"https:\/\/sepam.com.br\/#website"},"datePublished":"2025-08-28T13:47:25+00:00","dateModified":"2025-11-24T13:53:36+00:00","breadcrumb":{"@id":"https:\/\/sepam.com.br\/es\/sepam-e-selecionado-para-mostra-paranaense-de-danca\/#breadcrumb"},"inLanguage":"es","potentialAction":[{"@type":"ReadAction","target":["https:\/\/sepam.com.br\/es\/sepam-e-selecionado-para-mostra-paranaense-de-danca\/"]}]},{"@type":"BreadcrumbList","@id":"https:\/\/sepam.com.br\/es\/sepam-e-selecionado-para-mostra-paranaense-de-danca\/#breadcrumb","itemListElement":[{"@type":"ListItem","position":1,"name":"Boas Vindas","item":"https:\/\/sepam.com.br\/"},{"@type":"ListItem","position":2,"name":"Sepam \u00e9 selecionado para Mostra Paranaense de Dan\u00e7a"}]},{"@type":"WebSite","@id":"https:\/\/sepam.com.br\/es\/#website","url":"https:\/\/sepam.com.br\/es\/","name":"Col\u00e9gio Sepam","description":"Ensino Incompar\u00e1vel","publisher":{"@id":"https:\/\/sepam.com.br\/es\/#organization"},"potentialAction":[{"@type":"SearchAction","target":{"@type":"EntryPoint","urlTemplate":"https:\/\/sepam.com.br\/es\/?s={search_term_string}"},"query-input":{"@type":"PropertyValueSpecification","valueRequired":true,"valueName":"search_term_string"}}],"inLanguage":"es"},{"@type":"Organization","@id":"https:\/\/sepam.com.br\/es\/#organization","name":"Col\u00e9gio Sepam","url":"https:\/\/sepam.com.br\/es\/","logo":{"@type":"ImageObject","inLanguage":"es","@id":"https:\/\/sepam.com.br\/es\/#\/schema\/logo\/image\/","url":"https:\/\/sepam.com.br\/wp-content\/uploads\/2025\/02\/Ativo-2.png","contentUrl":"https:\/\/sepam.com.br\/wp-content\/uploads\/2025\/02\/Ativo-2.png","width":595,"height":525,"caption":"Col\u00e9gio Sepam"},"image":{"@id":"https:\/\/sepam.com.br\/es\/#\/schema\/logo\/image\/"}},{"@type":"Person","@id":"https:\/\/sepam.com.br\/#\/schema\/person\/bfa2996c649a5a6d822766f6e64eb7fd","name":"Sepam","image":{"@type":"ImageObject","inLanguage":"es","@id":"https:\/\/secure.gravatar.com\/avatar\/0219e64664f5861998ad57a3432eb4bd5fd99a34c7cc9bc44b3c59dfb830db85?s=96&d=mm&r=g","url":"https:\/\/secure.gravatar.com\/avatar\/0219e64664f5861998ad57a3432eb4bd5fd99a34c7cc9bc44b3c59dfb830db85?s=96&d=mm&r=g","contentUrl":"https:\/\/secure.gravatar.com\/avatar\/0219e64664f5861998ad57a3432eb4bd5fd99a34c7cc9bc44b3c59dfb830db85?s=96&d=mm&r=g","caption":"Sepam"},"url":"https:\/\/sepam.com.br\/es\/author\/sepam\/"}]}},"_links":{"self":[{"href":"https:\/\/sepam.com.br\/es\/wp-json\/wp\/v2\/posts\/6999","targetHints":{"allow":["GET"]}}],"collection":[{"href":"https:\/\/sepam.com.br\/es\/wp-json\/wp\/v2\/posts"}],"about":[{"href":"https:\/\/sepam.com.br\/es\/wp-json\/wp\/v2\/types\/post"}],"author":[{"embeddable":true,"href":"https:\/\/sepam.com.br\/es\/wp-json\/wp\/v2\/users\/13"}],"replies":[{"embeddable":true,"href":"https:\/\/sepam.com.br\/es\/wp-json\/wp\/v2\/comments?post=6999"}],"version-history":[{"count":1,"href":"https:\/\/sepam.com.br\/es\/wp-json\/wp\/v2\/posts\/6999\/revisions"}],"predecessor-version":[{"id":7343,"href":"https:\/\/sepam.com.br\/es\/wp-json\/wp\/v2\/posts\/6999\/revisions\/7343"}],"wp:attachment":[{"href":"https:\/\/sepam.com.br\/es\/wp-json\/wp\/v2\/media?parent=6999"}],"wp:term":[{"taxonomy":"category","embeddable":true,"href":"https:\/\/sepam.com.br\/es\/wp-json\/wp\/v2\/categories?post=6999"},{"taxonomy":"post_tag","embeddable":true,"href":"https:\/\/sepam.com.br\/es\/wp-json\/wp\/v2\/tags?post=6999"}],"curies":[{"name":"wp","href":"https:\/\/api.w.org\/{rel}","templated":true}]}}