{"id":6993,"date":"2025-08-28T10:47:22","date_gmt":"2025-08-28T13:47:22","guid":{"rendered":"https:\/\/dev.alisonandrei.com.br\/noticia\/sepam-participa-de-evento-nacional-que-discute-a-escola-dos-novos-tempos\/"},"modified":"2025-11-24T10:53:36","modified_gmt":"2025-11-24T13:53:36","slug":"sepam-participa-de-evento-nacional-que-discute-a-escola-dos-novos-tempos","status":"publish","type":"post","link":"https:\/\/sepam.com.br\/es\/sepam-participa-de-evento-nacional-que-discute-a-escola-dos-novos-tempos\/","title":{"rendered":"Sepam participa de evento nacional que discute a escola dos novos tempos"},"content":{"rendered":"<p>O Col\u00e9gio Sepam est\u00e1 participando da Bett Educar, maior evento de educa\u00e7\u00e3o e tecnologia da Am\u00e9rica Latina. Est\u00e3o em S\u00e3o Paulo, representando o Sepam, os coordenadores pedag\u00f3gicos Jacob Cavagnari, Giselle Gehlen e Madelon Mongruel. O evento acontece de 14 a 17 de maio, no Transamerica Expo Center.<\/p>\n<p>Entre os macrotemas de destaque neste ano est\u00e3o A Gest\u00e3o da Escola dos Novos Tempos; Aprendizagem e Neuroci\u00eancia; STEM &#8211; o desafio de atrair e formar jovens para as ci\u00eancias da natureza e Pensamento Computacional, Tecnologia e Cultura Digital nos Curr\u00edculos da Educa\u00e7\u00e3o B\u00e1sica.<\/p>\n<p>O professor e coordenador pedag\u00f3gico do Sepam, Jacob Cavagnari, explica que o col\u00e9gio participa anualmente da feira em busca de melhorias para a institui\u00e7\u00e3o. \u201c\u00c9 uma maneira de avaliar como o col\u00e9gio est\u00e1 nestes processos, no mercado, como compreende o chamado por novas tend\u00eancias, pela quest\u00e3o tecnol\u00f3gica, al\u00e9m disto \u00e9 uma consulta por material did\u00e1tico e a busca por aplicativos para que possamos aplicar no processo pedag\u00f3gico e proporcionar tamb\u00e9m mais conte\u00fado\u201d, comenta.<\/p>\n<p>Com o tema \u2018Criando um futuro melhor atrav\u00e9s da transforma\u00e7\u00e3o da educa\u00e7\u00e3o\u2019, a Bett Educar re\u00fane, anualmente, mais de 230 empresas nacionais e internacionais, 19 startups do setor e cerca de 22 mil participantes da \u00e1rea educacional de diversos estados brasileiros. O objetivo \u00e9 buscar inspira\u00e7\u00e3o, discutir o futuro da educa\u00e7\u00e3o e o papel que a tecnologia e a inova\u00e7\u00e3o desempenham na forma\u00e7\u00e3o de todos os educadores e estudantes.<\/p>\n","protected":false},"excerpt":{"rendered":"<p>O Col\u00e9gio Sepam est\u00e1 participando da Bett Educar, maior evento de educa\u00e7\u00e3o e tecnologia da Am\u00e9rica Latina. Est\u00e3o em S\u00e3o Paulo, representando o Sepam, os coordenadores pedag\u00f3gicos Jacob Cavagnari, Giselle Gehlen e Madelon Mongruel. O evento acontece de 14 a 17 de maio, no Transamerica Expo Center. Entre os macrotemas de destaque neste ano est\u00e3o [&hellip;]<\/p>\n","protected":false},"author":13,"featured_media":0,"comment_status":"open","ping_status":"open","sticky":false,"template":"","format":"standard","meta":{"footnotes":""},"categories":[21],"tags":[],"class_list":["post-6993","post","type-post","status-publish","format-standard","hentry","category-colegio-sepam"],"yoast_head":"<!-- This site is optimized with the Yoast SEO plugin v28.4 - https:\/\/yoast.com\/product\/yoast-seo-wordpress\/ -->\n<title>Sepam participa de evento nacional que discute a escola dos novos tempos<\/title>\n<meta name=\"description\" content=\"O Col\u00e9gio Sepam est\u00e1 participando da Bett Educar, maior evento de educa\u00e7\u00e3o e tecnologia da Am\u00e9rica Latina. Est\u00e3o em S\u00e3o Paulo, representando o Sepam, os coordenadores pedag\u00f3gicos Jacob Cavagnari, Giselle Gehlen e Madelon Mongruel. O evento acontece de 14 a 17 de maio, no Transamerica Expo Center. Entre os macrotemas de destaque neste ano est\u00e3o&hellip;\" \/>\n<meta name=\"robots\" content=\"index, follow, max-snippet:-1, max-image-preview:large, max-video-preview:-1\" \/>\n<link rel=\"canonical\" href=\"https:\/\/sepam.com.br\/es\/sepam-participa-de-evento-nacional-que-discute-a-escola-dos-novos-tempos\/\" \/>\n<meta property=\"og:locale\" content=\"es_ES\" \/>\n<meta property=\"og:type\" content=\"article\" \/>\n<meta property=\"og:title\" content=\"Sepam participa de evento nacional que discute a escola dos novos tempos\" \/>\n<meta property=\"og:description\" content=\"O Col\u00e9gio Sepam est\u00e1 participando da Bett Educar, maior evento de educa\u00e7\u00e3o e tecnologia da Am\u00e9rica Latina. Est\u00e3o em S\u00e3o Paulo, representando o Sepam, os coordenadores pedag\u00f3gicos Jacob Cavagnari, Giselle Gehlen e Madelon Mongruel. O evento acontece de 14 a 17 de maio, no Transamerica Expo Center. Entre os macrotemas de destaque neste ano est\u00e3o&hellip;\" \/>\n<meta property=\"og:url\" content=\"https:\/\/sepam.com.br\/es\/sepam-participa-de-evento-nacional-que-discute-a-escola-dos-novos-tempos\/\" \/>\n<meta property=\"og:site_name\" content=\"Col\u00e9gio Sepam\" \/>\n<meta property=\"article:published_time\" content=\"2025-08-28T13:47:22+00:00\" \/>\n<meta property=\"article:modified_time\" content=\"2025-11-24T13:53:36+00:00\" \/>\n<meta name=\"author\" content=\"Sepam\" \/>\n<meta name=\"twitter:card\" content=\"summary_large_image\" \/>\n<meta name=\"twitter:label1\" content=\"Escrito por\" \/>\n\t<meta name=\"twitter:data1\" content=\"Sepam\" \/>\n\t<meta name=\"twitter:label2\" content=\"Tiempo de lectura\" \/>\n\t<meta name=\"twitter:data2\" content=\"1 minuto\" \/>\n<script type=\"application\/ld+json\" class=\"yoast-schema-graph\">{\"@context\":\"https:\\\/\\\/schema.org\",\"@graph\":[{\"@type\":\"Article\",\"@id\":\"https:\\\/\\\/sepam.com.br\\\/es\\\/sepam-participa-de-evento-nacional-que-discute-a-escola-dos-novos-tempos\\\/#article\",\"isPartOf\":{\"@id\":\"https:\\\/\\\/sepam.com.br\\\/es\\\/sepam-participa-de-evento-nacional-que-discute-a-escola-dos-novos-tempos\\\/\"},\"author\":{\"name\":\"Sepam\",\"@id\":\"https:\\\/\\\/sepam.com.br\\\/#\\\/schema\\\/person\\\/bfa2996c649a5a6d822766f6e64eb7fd\"},\"headline\":\"Sepam participa de evento nacional que discute a escola dos novos tempos\",\"datePublished\":\"2025-08-28T13:47:22+00:00\",\"dateModified\":\"2025-11-24T13:53:36+00:00\",\"mainEntityOfPage\":{\"@id\":\"https:\\\/\\\/sepam.com.br\\\/es\\\/sepam-participa-de-evento-nacional-que-discute-a-escola-dos-novos-tempos\\\/\"},\"wordCount\":270,\"commentCount\":0,\"publisher\":{\"@id\":\"https:\\\/\\\/sepam.com.br\\\/#organization\"},\"articleSection\":[\"Colegio Sepam\"],\"inLanguage\":\"es\",\"potentialAction\":[{\"@type\":\"CommentAction\",\"name\":\"Comment\",\"target\":[\"https:\\\/\\\/sepam.com.br\\\/es\\\/sepam-participa-de-evento-nacional-que-discute-a-escola-dos-novos-tempos\\\/#respond\"]}]},{\"@type\":\"WebPage\",\"@id\":\"https:\\\/\\\/sepam.com.br\\\/es\\\/sepam-participa-de-evento-nacional-que-discute-a-escola-dos-novos-tempos\\\/\",\"url\":\"https:\\\/\\\/sepam.com.br\\\/es\\\/sepam-participa-de-evento-nacional-que-discute-a-escola-dos-novos-tempos\\\/\",\"name\":\"Sepam participa de evento nacional que discute a escola dos novos tempos - Col\u00e9gio Sepam\",\"isPartOf\":{\"@id\":\"https:\\\/\\\/sepam.com.br\\\/#website\"},\"datePublished\":\"2025-08-28T13:47:22+00:00\",\"dateModified\":\"2025-11-24T13:53:36+00:00\",\"breadcrumb\":{\"@id\":\"https:\\\/\\\/sepam.com.br\\\/es\\\/sepam-participa-de-evento-nacional-que-discute-a-escola-dos-novos-tempos\\\/#breadcrumb\"},\"inLanguage\":\"es\",\"potentialAction\":[{\"@type\":\"ReadAction\",\"target\":[\"https:\\\/\\\/sepam.com.br\\\/es\\\/sepam-participa-de-evento-nacional-que-discute-a-escola-dos-novos-tempos\\\/\"]}]},{\"@type\":\"BreadcrumbList\",\"@id\":\"https:\\\/\\\/sepam.com.br\\\/es\\\/sepam-participa-de-evento-nacional-que-discute-a-escola-dos-novos-tempos\\\/#breadcrumb\",\"itemListElement\":[{\"@type\":\"ListItem\",\"position\":1,\"name\":\"Boas Vindas\",\"item\":\"https:\\\/\\\/sepam.com.br\\\/\"},{\"@type\":\"ListItem\",\"position\":2,\"name\":\"Sepam participa de evento nacional que discute a escola dos novos tempos\"}]},{\"@type\":\"WebSite\",\"@id\":\"https:\\\/\\\/sepam.com.br\\\/es\\\/#website\",\"url\":\"https:\\\/\\\/sepam.com.br\\\/es\\\/\",\"name\":\"Col\u00e9gio Sepam\",\"description\":\"Ensino Incompar\u00e1vel\",\"publisher\":{\"@id\":\"https:\\\/\\\/sepam.com.br\\\/es\\\/#organization\"},\"potentialAction\":[{\"@type\":\"SearchAction\",\"target\":{\"@type\":\"EntryPoint\",\"urlTemplate\":\"https:\\\/\\\/sepam.com.br\\\/es\\\/?s={search_term_string}\"},\"query-input\":{\"@type\":\"PropertyValueSpecification\",\"valueRequired\":true,\"valueName\":\"search_term_string\"}}],\"inLanguage\":\"es\"},{\"@type\":\"Organization\",\"@id\":\"https:\\\/\\\/sepam.com.br\\\/es\\\/#organization\",\"name\":\"Col\u00e9gio Sepam\",\"url\":\"https:\\\/\\\/sepam.com.br\\\/es\\\/\",\"logo\":{\"@type\":\"ImageObject\",\"inLanguage\":\"es\",\"@id\":\"https:\\\/\\\/sepam.com.br\\\/es\\\/#\\\/schema\\\/logo\\\/image\\\/\",\"url\":\"https:\\\/\\\/sepam.com.br\\\/wp-content\\\/uploads\\\/2025\\\/02\\\/Ativo-2.png\",\"contentUrl\":\"https:\\\/\\\/sepam.com.br\\\/wp-content\\\/uploads\\\/2025\\\/02\\\/Ativo-2.png\",\"width\":595,\"height\":525,\"caption\":\"Col\u00e9gio Sepam\"},\"image\":{\"@id\":\"https:\\\/\\\/sepam.com.br\\\/es\\\/#\\\/schema\\\/logo\\\/image\\\/\"}},{\"@type\":\"Person\",\"@id\":\"https:\\\/\\\/sepam.com.br\\\/#\\\/schema\\\/person\\\/bfa2996c649a5a6d822766f6e64eb7fd\",\"name\":\"Sepam\",\"image\":{\"@type\":\"ImageObject\",\"inLanguage\":\"es\",\"@id\":\"https:\\\/\\\/secure.gravatar.com\\\/avatar\\\/0219e64664f5861998ad57a3432eb4bd5fd99a34c7cc9bc44b3c59dfb830db85?s=96&d=mm&r=g\",\"url\":\"https:\\\/\\\/secure.gravatar.com\\\/avatar\\\/0219e64664f5861998ad57a3432eb4bd5fd99a34c7cc9bc44b3c59dfb830db85?s=96&d=mm&r=g\",\"contentUrl\":\"https:\\\/\\\/secure.gravatar.com\\\/avatar\\\/0219e64664f5861998ad57a3432eb4bd5fd99a34c7cc9bc44b3c59dfb830db85?s=96&d=mm&r=g\",\"caption\":\"Sepam\"},\"url\":\"https:\\\/\\\/sepam.com.br\\\/es\\\/author\\\/sepam\\\/\"}]}<\/script>\n<!-- \/ Yoast SEO plugin. -->","yoast_head_json":{"title":"Sepam participa de evento nacional que discute a escola dos novos tempos","description":"O Col\u00e9gio Sepam est\u00e1 participando da Bett Educar, maior evento de educa\u00e7\u00e3o e tecnologia da Am\u00e9rica Latina. Est\u00e3o em S\u00e3o Paulo, representando o Sepam, os coordenadores pedag\u00f3gicos Jacob Cavagnari, Giselle Gehlen e Madelon Mongruel. O evento acontece de 14 a 17 de maio, no Transamerica Expo Center. Entre os macrotemas de destaque neste ano est\u00e3o&hellip;","robots":{"index":"index","follow":"follow","max-snippet":"max-snippet:-1","max-image-preview":"max-image-preview:large","max-video-preview":"max-video-preview:-1"},"canonical":"https:\/\/sepam.com.br\/es\/sepam-participa-de-evento-nacional-que-discute-a-escola-dos-novos-tempos\/","og_locale":"es_ES","og_type":"article","og_title":"Sepam participa de evento nacional que discute a escola dos novos tempos","og_description":"O Col\u00e9gio Sepam est\u00e1 participando da Bett Educar, maior evento de educa\u00e7\u00e3o e tecnologia da Am\u00e9rica Latina. Est\u00e3o em S\u00e3o Paulo, representando o Sepam, os coordenadores pedag\u00f3gicos Jacob Cavagnari, Giselle Gehlen e Madelon Mongruel. O evento acontece de 14 a 17 de maio, no Transamerica Expo Center. Entre os macrotemas de destaque neste ano est\u00e3o&hellip;","og_url":"https:\/\/sepam.com.br\/es\/sepam-participa-de-evento-nacional-que-discute-a-escola-dos-novos-tempos\/","og_site_name":"Col\u00e9gio Sepam","article_published_time":"2025-08-28T13:47:22+00:00","article_modified_time":"2025-11-24T13:53:36+00:00","author":"Sepam","twitter_card":"summary_large_image","twitter_misc":{"Escrito por":"Sepam","Tiempo de lectura":"1 minuto"},"schema":{"@context":"https:\/\/schema.org","@graph":[{"@type":"Article","@id":"https:\/\/sepam.com.br\/es\/sepam-participa-de-evento-nacional-que-discute-a-escola-dos-novos-tempos\/#article","isPartOf":{"@id":"https:\/\/sepam.com.br\/es\/sepam-participa-de-evento-nacional-que-discute-a-escola-dos-novos-tempos\/"},"author":{"name":"Sepam","@id":"https:\/\/sepam.com.br\/#\/schema\/person\/bfa2996c649a5a6d822766f6e64eb7fd"},"headline":"Sepam participa de evento nacional que discute a escola dos novos tempos","datePublished":"2025-08-28T13:47:22+00:00","dateModified":"2025-11-24T13:53:36+00:00","mainEntityOfPage":{"@id":"https:\/\/sepam.com.br\/es\/sepam-participa-de-evento-nacional-que-discute-a-escola-dos-novos-tempos\/"},"wordCount":270,"commentCount":0,"publisher":{"@id":"https:\/\/sepam.com.br\/#organization"},"articleSection":["Colegio Sepam"],"inLanguage":"es","potentialAction":[{"@type":"CommentAction","name":"Comment","target":["https:\/\/sepam.com.br\/es\/sepam-participa-de-evento-nacional-que-discute-a-escola-dos-novos-tempos\/#respond"]}]},{"@type":"WebPage","@id":"https:\/\/sepam.com.br\/es\/sepam-participa-de-evento-nacional-que-discute-a-escola-dos-novos-tempos\/","url":"https:\/\/sepam.com.br\/es\/sepam-participa-de-evento-nacional-que-discute-a-escola-dos-novos-tempos\/","name":"Sepam participa de evento nacional que discute a escola dos novos tempos - Col\u00e9gio Sepam","isPartOf":{"@id":"https:\/\/sepam.com.br\/#website"},"datePublished":"2025-08-28T13:47:22+00:00","dateModified":"2025-11-24T13:53:36+00:00","breadcrumb":{"@id":"https:\/\/sepam.com.br\/es\/sepam-participa-de-evento-nacional-que-discute-a-escola-dos-novos-tempos\/#breadcrumb"},"inLanguage":"es","potentialAction":[{"@type":"ReadAction","target":["https:\/\/sepam.com.br\/es\/sepam-participa-de-evento-nacional-que-discute-a-escola-dos-novos-tempos\/"]}]},{"@type":"BreadcrumbList","@id":"https:\/\/sepam.com.br\/es\/sepam-participa-de-evento-nacional-que-discute-a-escola-dos-novos-tempos\/#breadcrumb","itemListElement":[{"@type":"ListItem","position":1,"name":"Boas Vindas","item":"https:\/\/sepam.com.br\/"},{"@type":"ListItem","position":2,"name":"Sepam participa de evento nacional que discute a escola dos novos tempos"}]},{"@type":"WebSite","@id":"https:\/\/sepam.com.br\/es\/#website","url":"https:\/\/sepam.com.br\/es\/","name":"Col\u00e9gio Sepam","description":"Ensino Incompar\u00e1vel","publisher":{"@id":"https:\/\/sepam.com.br\/es\/#organization"},"potentialAction":[{"@type":"SearchAction","target":{"@type":"EntryPoint","urlTemplate":"https:\/\/sepam.com.br\/es\/?s={search_term_string}"},"query-input":{"@type":"PropertyValueSpecification","valueRequired":true,"valueName":"search_term_string"}}],"inLanguage":"es"},{"@type":"Organization","@id":"https:\/\/sepam.com.br\/es\/#organization","name":"Col\u00e9gio Sepam","url":"https:\/\/sepam.com.br\/es\/","logo":{"@type":"ImageObject","inLanguage":"es","@id":"https:\/\/sepam.com.br\/es\/#\/schema\/logo\/image\/","url":"https:\/\/sepam.com.br\/wp-content\/uploads\/2025\/02\/Ativo-2.png","contentUrl":"https:\/\/sepam.com.br\/wp-content\/uploads\/2025\/02\/Ativo-2.png","width":595,"height":525,"caption":"Col\u00e9gio Sepam"},"image":{"@id":"https:\/\/sepam.com.br\/es\/#\/schema\/logo\/image\/"}},{"@type":"Person","@id":"https:\/\/sepam.com.br\/#\/schema\/person\/bfa2996c649a5a6d822766f6e64eb7fd","name":"Sepam","image":{"@type":"ImageObject","inLanguage":"es","@id":"https:\/\/secure.gravatar.com\/avatar\/0219e64664f5861998ad57a3432eb4bd5fd99a34c7cc9bc44b3c59dfb830db85?s=96&d=mm&r=g","url":"https:\/\/secure.gravatar.com\/avatar\/0219e64664f5861998ad57a3432eb4bd5fd99a34c7cc9bc44b3c59dfb830db85?s=96&d=mm&r=g","contentUrl":"https:\/\/secure.gravatar.com\/avatar\/0219e64664f5861998ad57a3432eb4bd5fd99a34c7cc9bc44b3c59dfb830db85?s=96&d=mm&r=g","caption":"Sepam"},"url":"https:\/\/sepam.com.br\/es\/author\/sepam\/"}]}},"_links":{"self":[{"href":"https:\/\/sepam.com.br\/es\/wp-json\/wp\/v2\/posts\/6993","targetHints":{"allow":["GET"]}}],"collection":[{"href":"https:\/\/sepam.com.br\/es\/wp-json\/wp\/v2\/posts"}],"about":[{"href":"https:\/\/sepam.com.br\/es\/wp-json\/wp\/v2\/types\/post"}],"author":[{"embeddable":true,"href":"https:\/\/sepam.com.br\/es\/wp-json\/wp\/v2\/users\/13"}],"replies":[{"embeddable":true,"href":"https:\/\/sepam.com.br\/es\/wp-json\/wp\/v2\/comments?post=6993"}],"version-history":[{"count":1,"href":"https:\/\/sepam.com.br\/es\/wp-json\/wp\/v2\/posts\/6993\/revisions"}],"predecessor-version":[{"id":7377,"href":"https:\/\/sepam.com.br\/es\/wp-json\/wp\/v2\/posts\/6993\/revisions\/7377"}],"wp:attachment":[{"href":"https:\/\/sepam.com.br\/es\/wp-json\/wp\/v2\/media?parent=6993"}],"wp:term":[{"taxonomy":"category","embeddable":true,"href":"https:\/\/sepam.com.br\/es\/wp-json\/wp\/v2\/categories?post=6993"},{"taxonomy":"post_tag","embeddable":true,"href":"https:\/\/sepam.com.br\/es\/wp-json\/wp\/v2\/tags?post=6993"}],"curies":[{"name":"wp","href":"https:\/\/api.w.org\/{rel}","templated":true}]}}