{"id":6992,"date":"2025-08-28T10:47:22","date_gmt":"2025-08-28T13:47:22","guid":{"rendered":"https:\/\/dev.alisonandrei.com.br\/noticia\/sepam-e-bronze-na-taca-parana-de-handebol\/"},"modified":"2025-11-24T10:53:36","modified_gmt":"2025-11-24T13:53:36","slug":"sepam-e-bronze-na-taca-parana-de-handebol","status":"publish","type":"post","link":"https:\/\/sepam.com.br\/es\/sepam-e-bronze-na-taca-parana-de-handebol\/","title":{"rendered":"Sepam \u00e9 bronze na Ta\u00e7a Paran\u00e1 de Handebol"},"content":{"rendered":"<p><em>Competi\u00e7\u00e3o aconteceu no \u00faltimo fim de semana, em Cascavel. Equipe categoria Sub15 estava na disputa <\/em><\/p>\n<p>A equipe de Handebol do Col\u00e9gio Sepam de Ponta Grossa disputou no \u00faltimo fim de semana, de 3 a 5 de maio, a Ta\u00e7a Paran\u00e1 Handebol Cup 2019\u00a0 \u2013 categoria Sub 15. A competi\u00e7\u00e3o rendeu o bronze ao Sepam, que ficou em terceiro lugar. Os jogos aconteceram no Gin\u00e1sio de Esportes da Faculdade Assis Gurgacz (FAG), em Cascavel, munic\u00edpio que recebeu o campeonato.<\/p>\n<p>Segundo o t\u00e9cnico de Handebol do Sepam, Jo\u00e3o Leandro Bartniak Pereira, na primeira fase da competi\u00e7\u00e3o a equipe do Sepam estava no grupo de Cascavel, Santa Izabel do Oeste e do Bom Sucesso. \u201cO nosso primeiro jogo foi contra o munic\u00edpio de Santa Izabel do Oeste e vencemos por 19 a 11, j\u00e1 contra Cascavel ganhamos de 22 a 4 e do Bom Sucesso de 23 a 8; nos classificamos em primeiro para a semifinal\u201d, lembra.<\/p>\n<p>Na semi, o Sepam disputou contra o munic\u00edpio de Francisco Alves, onde o resultado do jogo em tempo normal foi o empate: 14 a 14. \u201cNa disputa de tiro de sete metros perdemos nas cobran\u00e7as alternadas, num placar de 5 a 4, com o resultado final ficando em\u00a0 19 gols Francisco Alves e 18 para o Sepam\u201d, explica.<\/p>\n<p>Na disputa pelo terceiro lugar, o Sepam jogou novamente com o munic\u00edpio de Santa Izabel do Oeste. \u201cVencemos por 19 a 8\u201d, comemora.<\/p>\n<p>Para o t\u00e9cnico, \u201cfoi um excelente resultado porque esta competi\u00e7\u00e3o equivale ao campeonato paranaense, onde conseguimos ficar entre as tr\u00eas melhores equipes do Estado\u201d, destaca.<\/p>\n<p>Jo\u00e3o observa que o Sepam figurou entre os melhores no cen\u00e1rio estadual. \u201c\u00c9 muito importante esta coloca\u00e7\u00e3o; tivemos advers\u00e1rios capacitados e qualificados, tanto que na semifinal o jogo terminou empatado e foi para a disputa de sete metros, m\u00e9rito da outra equipe que conseguiu converter mais sete metros\u201d, fala. \u201cPara o Sepam foi excelente por ser uma equipe de col\u00e9gio que enfrentou clubes\/sele\u00e7\u00f5es de cidades, ent\u00e3o o n\u00edvel \u00e9 muito forte. O Sepam trabalha sua forma\u00e7\u00e3o no col\u00e9gio e \u00e9 uma equipe\u00a0 bastante competitiva\u201d, completa.<\/p>\n<p>O campeonato foi realizado pela Liga de Handebol do Paran\u00e1, filiada \u00e0 Confedera\u00e7\u00e3o Brasileira de Handebol (CBHb). A disputa valeu o Trof\u00e9u Ant\u00f4nio Cesar de Oliveira \u2013 Cesinha, ex-\u00e1rbitro paranaense.<\/p>\n","protected":false},"excerpt":{"rendered":"<p>Competi\u00e7\u00e3o aconteceu no \u00faltimo fim de semana, em Cascavel. Equipe categoria Sub15 estava na disputa A equipe de Handebol do Col\u00e9gio Sepam de Ponta Grossa disputou no \u00faltimo fim de semana, de 3 a 5 de maio, a Ta\u00e7a Paran\u00e1 Handebol Cup 2019\u00a0 \u2013 categoria Sub 15. A competi\u00e7\u00e3o rendeu o bronze ao Sepam, que [&hellip;]<\/p>\n","protected":false},"author":13,"featured_media":0,"comment_status":"open","ping_status":"open","sticky":false,"template":"","format":"standard","meta":{"footnotes":""},"categories":[21],"tags":[],"class_list":["post-6992","post","type-post","status-publish","format-standard","hentry","category-colegio-sepam"],"yoast_head":"<!-- This site is optimized with the Yoast SEO plugin v28.4 - https:\/\/yoast.com\/product\/yoast-seo-wordpress\/ -->\n<title>Sepam \u00e9 bronze na Ta\u00e7a Paran\u00e1 de Handebol<\/title>\n<meta name=\"description\" content=\"Competi\u00e7\u00e3o aconteceu no \u00faltimo fim de semana, em Cascavel. Equipe categoria Sub15 estava na disputa A equipe de Handebol do Col\u00e9gio Sepam de Ponta Grossa disputou no \u00faltimo fim de semana, de 3 a 5 de maio, a Ta\u00e7a Paran\u00e1 Handebol Cup 2019\u00a0 \u2013 categoria Sub 15. A competi\u00e7\u00e3o rendeu o bronze ao Sepam, que&hellip;\" \/>\n<meta name=\"robots\" content=\"index, follow, max-snippet:-1, max-image-preview:large, max-video-preview:-1\" \/>\n<link rel=\"canonical\" href=\"https:\/\/sepam.com.br\/es\/sepam-e-bronze-na-taca-parana-de-handebol\/\" \/>\n<meta property=\"og:locale\" content=\"es_ES\" \/>\n<meta property=\"og:type\" content=\"article\" \/>\n<meta property=\"og:title\" content=\"Sepam \u00e9 bronze na Ta\u00e7a Paran\u00e1 de Handebol\" \/>\n<meta property=\"og:description\" content=\"Competi\u00e7\u00e3o aconteceu no \u00faltimo fim de semana, em Cascavel. Equipe categoria Sub15 estava na disputa A equipe de Handebol do Col\u00e9gio Sepam de Ponta Grossa disputou no \u00faltimo fim de semana, de 3 a 5 de maio, a Ta\u00e7a Paran\u00e1 Handebol Cup 2019\u00a0 \u2013 categoria Sub 15. A competi\u00e7\u00e3o rendeu o bronze ao Sepam, que&hellip;\" \/>\n<meta property=\"og:url\" content=\"https:\/\/sepam.com.br\/es\/sepam-e-bronze-na-taca-parana-de-handebol\/\" \/>\n<meta property=\"og:site_name\" content=\"Col\u00e9gio Sepam\" \/>\n<meta property=\"article:published_time\" content=\"2025-08-28T13:47:22+00:00\" \/>\n<meta property=\"article:modified_time\" content=\"2025-11-24T13:53:36+00:00\" \/>\n<meta name=\"author\" content=\"Sepam\" \/>\n<meta name=\"twitter:card\" content=\"summary_large_image\" \/>\n<meta name=\"twitter:label1\" content=\"Escrito por\" \/>\n\t<meta name=\"twitter:data1\" content=\"Sepam\" \/>\n\t<meta name=\"twitter:label2\" content=\"Tiempo de lectura\" \/>\n\t<meta name=\"twitter:data2\" content=\"2 minutos\" \/>\n<script type=\"application\/ld+json\" class=\"yoast-schema-graph\">{\"@context\":\"https:\\\/\\\/schema.org\",\"@graph\":[{\"@type\":\"Article\",\"@id\":\"https:\\\/\\\/sepam.com.br\\\/es\\\/sepam-e-bronze-na-taca-parana-de-handebol\\\/#article\",\"isPartOf\":{\"@id\":\"https:\\\/\\\/sepam.com.br\\\/es\\\/sepam-e-bronze-na-taca-parana-de-handebol\\\/\"},\"author\":{\"name\":\"Sepam\",\"@id\":\"https:\\\/\\\/sepam.com.br\\\/#\\\/schema\\\/person\\\/bfa2996c649a5a6d822766f6e64eb7fd\"},\"headline\":\"Sepam \u00e9 bronze na Ta\u00e7a Paran\u00e1 de Handebol\",\"datePublished\":\"2025-08-28T13:47:22+00:00\",\"dateModified\":\"2025-11-24T13:53:36+00:00\",\"mainEntityOfPage\":{\"@id\":\"https:\\\/\\\/sepam.com.br\\\/es\\\/sepam-e-bronze-na-taca-parana-de-handebol\\\/\"},\"wordCount\":391,\"commentCount\":0,\"publisher\":{\"@id\":\"https:\\\/\\\/sepam.com.br\\\/#organization\"},\"articleSection\":[\"Colegio Sepam\"],\"inLanguage\":\"es\",\"potentialAction\":[{\"@type\":\"CommentAction\",\"name\":\"Comment\",\"target\":[\"https:\\\/\\\/sepam.com.br\\\/es\\\/sepam-e-bronze-na-taca-parana-de-handebol\\\/#respond\"]}]},{\"@type\":\"WebPage\",\"@id\":\"https:\\\/\\\/sepam.com.br\\\/es\\\/sepam-e-bronze-na-taca-parana-de-handebol\\\/\",\"url\":\"https:\\\/\\\/sepam.com.br\\\/es\\\/sepam-e-bronze-na-taca-parana-de-handebol\\\/\",\"name\":\"Sepam \u00e9 bronze na Ta\u00e7a Paran\u00e1 de Handebol - Col\u00e9gio Sepam\",\"isPartOf\":{\"@id\":\"https:\\\/\\\/sepam.com.br\\\/#website\"},\"datePublished\":\"2025-08-28T13:47:22+00:00\",\"dateModified\":\"2025-11-24T13:53:36+00:00\",\"breadcrumb\":{\"@id\":\"https:\\\/\\\/sepam.com.br\\\/es\\\/sepam-e-bronze-na-taca-parana-de-handebol\\\/#breadcrumb\"},\"inLanguage\":\"es\",\"potentialAction\":[{\"@type\":\"ReadAction\",\"target\":[\"https:\\\/\\\/sepam.com.br\\\/es\\\/sepam-e-bronze-na-taca-parana-de-handebol\\\/\"]}]},{\"@type\":\"BreadcrumbList\",\"@id\":\"https:\\\/\\\/sepam.com.br\\\/es\\\/sepam-e-bronze-na-taca-parana-de-handebol\\\/#breadcrumb\",\"itemListElement\":[{\"@type\":\"ListItem\",\"position\":1,\"name\":\"Boas Vindas\",\"item\":\"https:\\\/\\\/sepam.com.br\\\/\"},{\"@type\":\"ListItem\",\"position\":2,\"name\":\"Sepam \u00e9 bronze na Ta\u00e7a Paran\u00e1 de Handebol\"}]},{\"@type\":\"WebSite\",\"@id\":\"https:\\\/\\\/sepam.com.br\\\/es\\\/#website\",\"url\":\"https:\\\/\\\/sepam.com.br\\\/es\\\/\",\"name\":\"Col\u00e9gio Sepam\",\"description\":\"Ensino Incompar\u00e1vel\",\"publisher\":{\"@id\":\"https:\\\/\\\/sepam.com.br\\\/es\\\/#organization\"},\"potentialAction\":[{\"@type\":\"SearchAction\",\"target\":{\"@type\":\"EntryPoint\",\"urlTemplate\":\"https:\\\/\\\/sepam.com.br\\\/es\\\/?s={search_term_string}\"},\"query-input\":{\"@type\":\"PropertyValueSpecification\",\"valueRequired\":true,\"valueName\":\"search_term_string\"}}],\"inLanguage\":\"es\"},{\"@type\":\"Organization\",\"@id\":\"https:\\\/\\\/sepam.com.br\\\/es\\\/#organization\",\"name\":\"Col\u00e9gio Sepam\",\"url\":\"https:\\\/\\\/sepam.com.br\\\/es\\\/\",\"logo\":{\"@type\":\"ImageObject\",\"inLanguage\":\"es\",\"@id\":\"https:\\\/\\\/sepam.com.br\\\/es\\\/#\\\/schema\\\/logo\\\/image\\\/\",\"url\":\"https:\\\/\\\/sepam.com.br\\\/wp-content\\\/uploads\\\/2025\\\/02\\\/Ativo-2.png\",\"contentUrl\":\"https:\\\/\\\/sepam.com.br\\\/wp-content\\\/uploads\\\/2025\\\/02\\\/Ativo-2.png\",\"width\":595,\"height\":525,\"caption\":\"Col\u00e9gio Sepam\"},\"image\":{\"@id\":\"https:\\\/\\\/sepam.com.br\\\/es\\\/#\\\/schema\\\/logo\\\/image\\\/\"}},{\"@type\":\"Person\",\"@id\":\"https:\\\/\\\/sepam.com.br\\\/#\\\/schema\\\/person\\\/bfa2996c649a5a6d822766f6e64eb7fd\",\"name\":\"Sepam\",\"image\":{\"@type\":\"ImageObject\",\"inLanguage\":\"es\",\"@id\":\"https:\\\/\\\/secure.gravatar.com\\\/avatar\\\/0219e64664f5861998ad57a3432eb4bd5fd99a34c7cc9bc44b3c59dfb830db85?s=96&d=mm&r=g\",\"url\":\"https:\\\/\\\/secure.gravatar.com\\\/avatar\\\/0219e64664f5861998ad57a3432eb4bd5fd99a34c7cc9bc44b3c59dfb830db85?s=96&d=mm&r=g\",\"contentUrl\":\"https:\\\/\\\/secure.gravatar.com\\\/avatar\\\/0219e64664f5861998ad57a3432eb4bd5fd99a34c7cc9bc44b3c59dfb830db85?s=96&d=mm&r=g\",\"caption\":\"Sepam\"},\"url\":\"https:\\\/\\\/sepam.com.br\\\/es\\\/author\\\/sepam\\\/\"}]}<\/script>\n<!-- \/ Yoast SEO plugin. -->","yoast_head_json":{"title":"Sepam \u00e9 bronze na Ta\u00e7a Paran\u00e1 de Handebol","description":"Competi\u00e7\u00e3o aconteceu no \u00faltimo fim de semana, em Cascavel. Equipe categoria Sub15 estava na disputa A equipe de Handebol do Col\u00e9gio Sepam de Ponta Grossa disputou no \u00faltimo fim de semana, de 3 a 5 de maio, a Ta\u00e7a Paran\u00e1 Handebol Cup 2019\u00a0 \u2013 categoria Sub 15. A competi\u00e7\u00e3o rendeu o bronze ao Sepam, que&hellip;","robots":{"index":"index","follow":"follow","max-snippet":"max-snippet:-1","max-image-preview":"max-image-preview:large","max-video-preview":"max-video-preview:-1"},"canonical":"https:\/\/sepam.com.br\/es\/sepam-e-bronze-na-taca-parana-de-handebol\/","og_locale":"es_ES","og_type":"article","og_title":"Sepam \u00e9 bronze na Ta\u00e7a Paran\u00e1 de Handebol","og_description":"Competi\u00e7\u00e3o aconteceu no \u00faltimo fim de semana, em Cascavel. Equipe categoria Sub15 estava na disputa A equipe de Handebol do Col\u00e9gio Sepam de Ponta Grossa disputou no \u00faltimo fim de semana, de 3 a 5 de maio, a Ta\u00e7a Paran\u00e1 Handebol Cup 2019\u00a0 \u2013 categoria Sub 15. A competi\u00e7\u00e3o rendeu o bronze ao Sepam, que&hellip;","og_url":"https:\/\/sepam.com.br\/es\/sepam-e-bronze-na-taca-parana-de-handebol\/","og_site_name":"Col\u00e9gio Sepam","article_published_time":"2025-08-28T13:47:22+00:00","article_modified_time":"2025-11-24T13:53:36+00:00","author":"Sepam","twitter_card":"summary_large_image","twitter_misc":{"Escrito por":"Sepam","Tiempo de lectura":"2 minutos"},"schema":{"@context":"https:\/\/schema.org","@graph":[{"@type":"Article","@id":"https:\/\/sepam.com.br\/es\/sepam-e-bronze-na-taca-parana-de-handebol\/#article","isPartOf":{"@id":"https:\/\/sepam.com.br\/es\/sepam-e-bronze-na-taca-parana-de-handebol\/"},"author":{"name":"Sepam","@id":"https:\/\/sepam.com.br\/#\/schema\/person\/bfa2996c649a5a6d822766f6e64eb7fd"},"headline":"Sepam \u00e9 bronze na Ta\u00e7a Paran\u00e1 de Handebol","datePublished":"2025-08-28T13:47:22+00:00","dateModified":"2025-11-24T13:53:36+00:00","mainEntityOfPage":{"@id":"https:\/\/sepam.com.br\/es\/sepam-e-bronze-na-taca-parana-de-handebol\/"},"wordCount":391,"commentCount":0,"publisher":{"@id":"https:\/\/sepam.com.br\/#organization"},"articleSection":["Colegio Sepam"],"inLanguage":"es","potentialAction":[{"@type":"CommentAction","name":"Comment","target":["https:\/\/sepam.com.br\/es\/sepam-e-bronze-na-taca-parana-de-handebol\/#respond"]}]},{"@type":"WebPage","@id":"https:\/\/sepam.com.br\/es\/sepam-e-bronze-na-taca-parana-de-handebol\/","url":"https:\/\/sepam.com.br\/es\/sepam-e-bronze-na-taca-parana-de-handebol\/","name":"Sepam \u00e9 bronze na Ta\u00e7a Paran\u00e1 de Handebol - Col\u00e9gio Sepam","isPartOf":{"@id":"https:\/\/sepam.com.br\/#website"},"datePublished":"2025-08-28T13:47:22+00:00","dateModified":"2025-11-24T13:53:36+00:00","breadcrumb":{"@id":"https:\/\/sepam.com.br\/es\/sepam-e-bronze-na-taca-parana-de-handebol\/#breadcrumb"},"inLanguage":"es","potentialAction":[{"@type":"ReadAction","target":["https:\/\/sepam.com.br\/es\/sepam-e-bronze-na-taca-parana-de-handebol\/"]}]},{"@type":"BreadcrumbList","@id":"https:\/\/sepam.com.br\/es\/sepam-e-bronze-na-taca-parana-de-handebol\/#breadcrumb","itemListElement":[{"@type":"ListItem","position":1,"name":"Boas Vindas","item":"https:\/\/sepam.com.br\/"},{"@type":"ListItem","position":2,"name":"Sepam \u00e9 bronze na Ta\u00e7a Paran\u00e1 de Handebol"}]},{"@type":"WebSite","@id":"https:\/\/sepam.com.br\/es\/#website","url":"https:\/\/sepam.com.br\/es\/","name":"Col\u00e9gio Sepam","description":"Ensino Incompar\u00e1vel","publisher":{"@id":"https:\/\/sepam.com.br\/es\/#organization"},"potentialAction":[{"@type":"SearchAction","target":{"@type":"EntryPoint","urlTemplate":"https:\/\/sepam.com.br\/es\/?s={search_term_string}"},"query-input":{"@type":"PropertyValueSpecification","valueRequired":true,"valueName":"search_term_string"}}],"inLanguage":"es"},{"@type":"Organization","@id":"https:\/\/sepam.com.br\/es\/#organization","name":"Col\u00e9gio Sepam","url":"https:\/\/sepam.com.br\/es\/","logo":{"@type":"ImageObject","inLanguage":"es","@id":"https:\/\/sepam.com.br\/es\/#\/schema\/logo\/image\/","url":"https:\/\/sepam.com.br\/wp-content\/uploads\/2025\/02\/Ativo-2.png","contentUrl":"https:\/\/sepam.com.br\/wp-content\/uploads\/2025\/02\/Ativo-2.png","width":595,"height":525,"caption":"Col\u00e9gio Sepam"},"image":{"@id":"https:\/\/sepam.com.br\/es\/#\/schema\/logo\/image\/"}},{"@type":"Person","@id":"https:\/\/sepam.com.br\/#\/schema\/person\/bfa2996c649a5a6d822766f6e64eb7fd","name":"Sepam","image":{"@type":"ImageObject","inLanguage":"es","@id":"https:\/\/secure.gravatar.com\/avatar\/0219e64664f5861998ad57a3432eb4bd5fd99a34c7cc9bc44b3c59dfb830db85?s=96&d=mm&r=g","url":"https:\/\/secure.gravatar.com\/avatar\/0219e64664f5861998ad57a3432eb4bd5fd99a34c7cc9bc44b3c59dfb830db85?s=96&d=mm&r=g","contentUrl":"https:\/\/secure.gravatar.com\/avatar\/0219e64664f5861998ad57a3432eb4bd5fd99a34c7cc9bc44b3c59dfb830db85?s=96&d=mm&r=g","caption":"Sepam"},"url":"https:\/\/sepam.com.br\/es\/author\/sepam\/"}]}},"_links":{"self":[{"href":"https:\/\/sepam.com.br\/es\/wp-json\/wp\/v2\/posts\/6992","targetHints":{"allow":["GET"]}}],"collection":[{"href":"https:\/\/sepam.com.br\/es\/wp-json\/wp\/v2\/posts"}],"about":[{"href":"https:\/\/sepam.com.br\/es\/wp-json\/wp\/v2\/types\/post"}],"author":[{"embeddable":true,"href":"https:\/\/sepam.com.br\/es\/wp-json\/wp\/v2\/users\/13"}],"replies":[{"embeddable":true,"href":"https:\/\/sepam.com.br\/es\/wp-json\/wp\/v2\/comments?post=6992"}],"version-history":[{"count":1,"href":"https:\/\/sepam.com.br\/es\/wp-json\/wp\/v2\/posts\/6992\/revisions"}],"predecessor-version":[{"id":7376,"href":"https:\/\/sepam.com.br\/es\/wp-json\/wp\/v2\/posts\/6992\/revisions\/7376"}],"wp:attachment":[{"href":"https:\/\/sepam.com.br\/es\/wp-json\/wp\/v2\/media?parent=6992"}],"wp:term":[{"taxonomy":"category","embeddable":true,"href":"https:\/\/sepam.com.br\/es\/wp-json\/wp\/v2\/categories?post=6992"},{"taxonomy":"post_tag","embeddable":true,"href":"https:\/\/sepam.com.br\/es\/wp-json\/wp\/v2\/tags?post=6992"}],"curies":[{"name":"wp","href":"https:\/\/api.w.org\/{rel}","templated":true}]}}