{"id":6958,"date":"2025-08-28T10:47:18","date_gmt":"2025-08-28T13:47:18","guid":{"rendered":"https:\/\/dev.alisonandrei.com.br\/noticia\/informacao-e-inovacao-professores-debatem-o-tema-durante-semana-pedagogica\/"},"modified":"2025-11-24T10:53:36","modified_gmt":"2025-11-24T13:53:36","slug":"informacao-e-inovacao-professores-debatem-o-tema-durante-semana-pedagogica","status":"publish","type":"post","link":"https:\/\/sepam.com.br\/es\/informacao-e-inovacao-professores-debatem-o-tema-durante-semana-pedagogica\/","title":{"rendered":"Informa\u00e7\u00e3o e Inova\u00e7\u00e3o: Professores debatem o tema durante semana pedag\u00f3gica"},"content":{"rendered":"<p>Quanto a escola est\u00e1 preparada para trabalhar com os dois \u201cis\u201d- Informa\u00e7\u00e3o e Inova\u00e7\u00e3o? Como o curr\u00edculo e a rotina escolar pode se adequar \u00e0s demandas atuais que envolvem educa\u00e7\u00e3o, tecnologia e ensino e aprendizagem? Coordenadores e professores do Col\u00e9gio puderam discutir essas quest\u00f5es com o jornalista e educador, Alexandre Le Voci Sayad*, que esteve em Ponta Grossa durante a primeira semana pedag\u00f3gica de 2019 para uma forma\u00e7\u00e3o exclusiva com a equipe SEPAM.<\/p>\n<p>\u201c\u00c9 necess\u00e1rio desenvolver as habilidades dos alunos para que eles aprendam qualquer coisa a qualquer momento; isso tamb\u00e9m \u00e9 forma\u00e7\u00e3o\u201d, acredita Sayad. No encontro, o educador destacou os desafios que os professores encontram em sala de aula devido ao excesso de informa\u00e7\u00e3o que a tecnologia insere na vida dos alunos, falou sobre como unir informa\u00e7\u00e3o e inova\u00e7\u00e3o ao conte\u00fado program\u00e1tico, seguindo a BNCC (Base Nacional Comum Curricular), e ainda sugeriu aplicativos, plataformas e pr\u00e1ticas que contemplam a tecnologia no ambiente escolar.<\/p>\n<p>Com base na obra \u201cMaking Thinking Visible\u201d, de Mark Church, Sayad destacou a import\u00e2ncia de metodologias que trabalham as rotinas de pensamento dos alunos. \u201cA partir do momento em que o pensamento torna-se vis\u00edvel \u00e9 poss\u00edvel ver onde est\u00e3o os erros, onde \u00e9 vi\u00e1vel melhorar e o que fazer em determinadas situa\u00e7\u00f5es. Voc\u00ea n\u00e3o melhora o pensar se voc\u00ea n\u00e3o o torna vis\u00edvel\u201d, explica.<\/p>\n<p>A prioridade desses encontros pedag\u00f3gicos \u00e9 proporcionar momentos de debate, estudo e atualiza\u00e7\u00e3o \u00e0 equipe docente do Col\u00e9gio.<\/p>\n<hr \/>\n<p><strong>*Alexandre Le Voci Sayad<\/strong> \u00e9 jornalista e educador, com especializa\u00e7\u00e3o em inova\u00e7\u00e3o pela University of Calif\u00f3rnia &#8211; Berkeley. Atualmente, \u00e9 CEO e fundador da ZeitGeist (ZG) &#8211; Educa\u00e7\u00e3o, Cultura e M\u00eddia. \u00c9 tamb\u00e9m membro do conselho diretivo da GAPMIL (Alian\u00e7a Global em M\u00eddia e Educa\u00e7\u00e3o) da UNESCO internacional. \u00c9 autor do livro \u201cIdade M\u00eddia: A Comunica\u00e7\u00e3o Reinventada na Escola\u201d (Editora Aleph).<\/p>\n<p>&nbsp;<\/p>\n","protected":false},"excerpt":{"rendered":"<p>Quanto a escola est\u00e1 preparada para trabalhar com os dois \u201cis\u201d- Informa\u00e7\u00e3o e Inova\u00e7\u00e3o? Como o curr\u00edculo e a rotina escolar pode se adequar \u00e0s demandas atuais que envolvem educa\u00e7\u00e3o, tecnologia e ensino e aprendizagem? Coordenadores e professores do Col\u00e9gio puderam discutir essas quest\u00f5es com o jornalista e educador, Alexandre Le Voci Sayad*, que esteve [&hellip;]<\/p>\n","protected":false},"author":13,"featured_media":0,"comment_status":"open","ping_status":"open","sticky":false,"template":"","format":"standard","meta":{"footnotes":""},"categories":[21],"tags":[],"class_list":["post-6958","post","type-post","status-publish","format-standard","hentry","category-colegio-sepam"],"yoast_head":"<!-- This site is optimized with the Yoast SEO plugin v28.4 - https:\/\/yoast.com\/product\/yoast-seo-wordpress\/ -->\n<title>Informa\u00e7\u00e3o e Inova\u00e7\u00e3o: Professores debatem o tema durante semana pedag\u00f3gica<\/title>\n<meta name=\"description\" content=\"Quanto a escola est\u00e1 preparada para trabalhar com os dois \u201cis\u201d- Informa\u00e7\u00e3o e Inova\u00e7\u00e3o? Como o curr\u00edculo e a rotina escolar pode se adequar \u00e0s demandas atuais que envolvem educa\u00e7\u00e3o, tecnologia e ensino e aprendizagem? Coordenadores e professores do Col\u00e9gio puderam discutir essas quest\u00f5es com o jornalista e educador, Alexandre Le Voci Sayad*, que esteve&hellip;\" \/>\n<meta name=\"robots\" content=\"index, follow, max-snippet:-1, max-image-preview:large, max-video-preview:-1\" \/>\n<link rel=\"canonical\" href=\"https:\/\/sepam.com.br\/es\/informacao-e-inovacao-professores-debatem-o-tema-durante-semana-pedagogica\/\" \/>\n<meta property=\"og:locale\" content=\"es_ES\" \/>\n<meta property=\"og:type\" content=\"article\" \/>\n<meta property=\"og:title\" content=\"Informa\u00e7\u00e3o e Inova\u00e7\u00e3o: Professores debatem o tema durante semana pedag\u00f3gica\" \/>\n<meta property=\"og:description\" content=\"Quanto a escola est\u00e1 preparada para trabalhar com os dois \u201cis\u201d- Informa\u00e7\u00e3o e Inova\u00e7\u00e3o? Como o curr\u00edculo e a rotina escolar pode se adequar \u00e0s demandas atuais que envolvem educa\u00e7\u00e3o, tecnologia e ensino e aprendizagem? Coordenadores e professores do Col\u00e9gio puderam discutir essas quest\u00f5es com o jornalista e educador, Alexandre Le Voci Sayad*, que esteve&hellip;\" \/>\n<meta property=\"og:url\" content=\"https:\/\/sepam.com.br\/es\/informacao-e-inovacao-professores-debatem-o-tema-durante-semana-pedagogica\/\" \/>\n<meta property=\"og:site_name\" content=\"Col\u00e9gio Sepam\" \/>\n<meta property=\"article:published_time\" content=\"2025-08-28T13:47:18+00:00\" \/>\n<meta property=\"article:modified_time\" content=\"2025-11-24T13:53:36+00:00\" \/>\n<meta name=\"author\" content=\"Sepam\" \/>\n<meta name=\"twitter:card\" content=\"summary_large_image\" \/>\n<meta name=\"twitter:label1\" content=\"Escrito por\" \/>\n\t<meta name=\"twitter:data1\" content=\"Sepam\" \/>\n\t<meta name=\"twitter:label2\" content=\"Tiempo de lectura\" \/>\n\t<meta name=\"twitter:data2\" content=\"2 minutos\" \/>\n<script type=\"application\/ld+json\" class=\"yoast-schema-graph\">{\"@context\":\"https:\\\/\\\/schema.org\",\"@graph\":[{\"@type\":\"Article\",\"@id\":\"https:\\\/\\\/sepam.com.br\\\/es\\\/informacao-e-inovacao-professores-debatem-o-tema-durante-semana-pedagogica\\\/#article\",\"isPartOf\":{\"@id\":\"https:\\\/\\\/sepam.com.br\\\/es\\\/informacao-e-inovacao-professores-debatem-o-tema-durante-semana-pedagogica\\\/\"},\"author\":{\"name\":\"Sepam\",\"@id\":\"https:\\\/\\\/sepam.com.br\\\/#\\\/schema\\\/person\\\/bfa2996c649a5a6d822766f6e64eb7fd\"},\"headline\":\"Informa\u00e7\u00e3o e Inova\u00e7\u00e3o: Professores debatem o tema durante semana pedag\u00f3gica\",\"datePublished\":\"2025-08-28T13:47:18+00:00\",\"dateModified\":\"2025-11-24T13:53:36+00:00\",\"mainEntityOfPage\":{\"@id\":\"https:\\\/\\\/sepam.com.br\\\/es\\\/informacao-e-inovacao-professores-debatem-o-tema-durante-semana-pedagogica\\\/\"},\"wordCount\":341,\"commentCount\":0,\"publisher\":{\"@id\":\"https:\\\/\\\/sepam.com.br\\\/#organization\"},\"articleSection\":[\"Colegio Sepam\"],\"inLanguage\":\"es\",\"potentialAction\":[{\"@type\":\"CommentAction\",\"name\":\"Comment\",\"target\":[\"https:\\\/\\\/sepam.com.br\\\/es\\\/informacao-e-inovacao-professores-debatem-o-tema-durante-semana-pedagogica\\\/#respond\"]}]},{\"@type\":\"WebPage\",\"@id\":\"https:\\\/\\\/sepam.com.br\\\/es\\\/informacao-e-inovacao-professores-debatem-o-tema-durante-semana-pedagogica\\\/\",\"url\":\"https:\\\/\\\/sepam.com.br\\\/es\\\/informacao-e-inovacao-professores-debatem-o-tema-durante-semana-pedagogica\\\/\",\"name\":\"Informa\u00e7\u00e3o e Inova\u00e7\u00e3o: Professores debatem o tema durante semana pedag\u00f3gica - Col\u00e9gio Sepam\",\"isPartOf\":{\"@id\":\"https:\\\/\\\/sepam.com.br\\\/#website\"},\"datePublished\":\"2025-08-28T13:47:18+00:00\",\"dateModified\":\"2025-11-24T13:53:36+00:00\",\"breadcrumb\":{\"@id\":\"https:\\\/\\\/sepam.com.br\\\/es\\\/informacao-e-inovacao-professores-debatem-o-tema-durante-semana-pedagogica\\\/#breadcrumb\"},\"inLanguage\":\"es\",\"potentialAction\":[{\"@type\":\"ReadAction\",\"target\":[\"https:\\\/\\\/sepam.com.br\\\/es\\\/informacao-e-inovacao-professores-debatem-o-tema-durante-semana-pedagogica\\\/\"]}]},{\"@type\":\"BreadcrumbList\",\"@id\":\"https:\\\/\\\/sepam.com.br\\\/es\\\/informacao-e-inovacao-professores-debatem-o-tema-durante-semana-pedagogica\\\/#breadcrumb\",\"itemListElement\":[{\"@type\":\"ListItem\",\"position\":1,\"name\":\"Boas Vindas\",\"item\":\"https:\\\/\\\/sepam.com.br\\\/\"},{\"@type\":\"ListItem\",\"position\":2,\"name\":\"Informa\u00e7\u00e3o e Inova\u00e7\u00e3o: Professores debatem o tema durante semana pedag\u00f3gica\"}]},{\"@type\":\"WebSite\",\"@id\":\"https:\\\/\\\/sepam.com.br\\\/es\\\/#website\",\"url\":\"https:\\\/\\\/sepam.com.br\\\/es\\\/\",\"name\":\"Col\u00e9gio Sepam\",\"description\":\"Ensino Incompar\u00e1vel\",\"publisher\":{\"@id\":\"https:\\\/\\\/sepam.com.br\\\/es\\\/#organization\"},\"potentialAction\":[{\"@type\":\"SearchAction\",\"target\":{\"@type\":\"EntryPoint\",\"urlTemplate\":\"https:\\\/\\\/sepam.com.br\\\/es\\\/?s={search_term_string}\"},\"query-input\":{\"@type\":\"PropertyValueSpecification\",\"valueRequired\":true,\"valueName\":\"search_term_string\"}}],\"inLanguage\":\"es\"},{\"@type\":\"Organization\",\"@id\":\"https:\\\/\\\/sepam.com.br\\\/es\\\/#organization\",\"name\":\"Col\u00e9gio Sepam\",\"url\":\"https:\\\/\\\/sepam.com.br\\\/es\\\/\",\"logo\":{\"@type\":\"ImageObject\",\"inLanguage\":\"es\",\"@id\":\"https:\\\/\\\/sepam.com.br\\\/es\\\/#\\\/schema\\\/logo\\\/image\\\/\",\"url\":\"https:\\\/\\\/sepam.com.br\\\/wp-content\\\/uploads\\\/2025\\\/02\\\/Ativo-2.png\",\"contentUrl\":\"https:\\\/\\\/sepam.com.br\\\/wp-content\\\/uploads\\\/2025\\\/02\\\/Ativo-2.png\",\"width\":595,\"height\":525,\"caption\":\"Col\u00e9gio Sepam\"},\"image\":{\"@id\":\"https:\\\/\\\/sepam.com.br\\\/es\\\/#\\\/schema\\\/logo\\\/image\\\/\"}},{\"@type\":\"Person\",\"@id\":\"https:\\\/\\\/sepam.com.br\\\/#\\\/schema\\\/person\\\/bfa2996c649a5a6d822766f6e64eb7fd\",\"name\":\"Sepam\",\"image\":{\"@type\":\"ImageObject\",\"inLanguage\":\"es\",\"@id\":\"https:\\\/\\\/secure.gravatar.com\\\/avatar\\\/0219e64664f5861998ad57a3432eb4bd5fd99a34c7cc9bc44b3c59dfb830db85?s=96&d=mm&r=g\",\"url\":\"https:\\\/\\\/secure.gravatar.com\\\/avatar\\\/0219e64664f5861998ad57a3432eb4bd5fd99a34c7cc9bc44b3c59dfb830db85?s=96&d=mm&r=g\",\"contentUrl\":\"https:\\\/\\\/secure.gravatar.com\\\/avatar\\\/0219e64664f5861998ad57a3432eb4bd5fd99a34c7cc9bc44b3c59dfb830db85?s=96&d=mm&r=g\",\"caption\":\"Sepam\"},\"url\":\"https:\\\/\\\/sepam.com.br\\\/es\\\/author\\\/sepam\\\/\"}]}<\/script>\n<!-- \/ Yoast SEO plugin. -->","yoast_head_json":{"title":"Informa\u00e7\u00e3o e Inova\u00e7\u00e3o: Professores debatem o tema durante semana pedag\u00f3gica","description":"Quanto a escola est\u00e1 preparada para trabalhar com os dois \u201cis\u201d- Informa\u00e7\u00e3o e Inova\u00e7\u00e3o? Como o curr\u00edculo e a rotina escolar pode se adequar \u00e0s demandas atuais que envolvem educa\u00e7\u00e3o, tecnologia e ensino e aprendizagem? Coordenadores e professores do Col\u00e9gio puderam discutir essas quest\u00f5es com o jornalista e educador, Alexandre Le Voci Sayad*, que esteve&hellip;","robots":{"index":"index","follow":"follow","max-snippet":"max-snippet:-1","max-image-preview":"max-image-preview:large","max-video-preview":"max-video-preview:-1"},"canonical":"https:\/\/sepam.com.br\/es\/informacao-e-inovacao-professores-debatem-o-tema-durante-semana-pedagogica\/","og_locale":"es_ES","og_type":"article","og_title":"Informa\u00e7\u00e3o e Inova\u00e7\u00e3o: Professores debatem o tema durante semana pedag\u00f3gica","og_description":"Quanto a escola est\u00e1 preparada para trabalhar com os dois \u201cis\u201d- Informa\u00e7\u00e3o e Inova\u00e7\u00e3o? Como o curr\u00edculo e a rotina escolar pode se adequar \u00e0s demandas atuais que envolvem educa\u00e7\u00e3o, tecnologia e ensino e aprendizagem? Coordenadores e professores do Col\u00e9gio puderam discutir essas quest\u00f5es com o jornalista e educador, Alexandre Le Voci Sayad*, que esteve&hellip;","og_url":"https:\/\/sepam.com.br\/es\/informacao-e-inovacao-professores-debatem-o-tema-durante-semana-pedagogica\/","og_site_name":"Col\u00e9gio Sepam","article_published_time":"2025-08-28T13:47:18+00:00","article_modified_time":"2025-11-24T13:53:36+00:00","author":"Sepam","twitter_card":"summary_large_image","twitter_misc":{"Escrito por":"Sepam","Tiempo de lectura":"2 minutos"},"schema":{"@context":"https:\/\/schema.org","@graph":[{"@type":"Article","@id":"https:\/\/sepam.com.br\/es\/informacao-e-inovacao-professores-debatem-o-tema-durante-semana-pedagogica\/#article","isPartOf":{"@id":"https:\/\/sepam.com.br\/es\/informacao-e-inovacao-professores-debatem-o-tema-durante-semana-pedagogica\/"},"author":{"name":"Sepam","@id":"https:\/\/sepam.com.br\/#\/schema\/person\/bfa2996c649a5a6d822766f6e64eb7fd"},"headline":"Informa\u00e7\u00e3o e Inova\u00e7\u00e3o: Professores debatem o tema durante semana pedag\u00f3gica","datePublished":"2025-08-28T13:47:18+00:00","dateModified":"2025-11-24T13:53:36+00:00","mainEntityOfPage":{"@id":"https:\/\/sepam.com.br\/es\/informacao-e-inovacao-professores-debatem-o-tema-durante-semana-pedagogica\/"},"wordCount":341,"commentCount":0,"publisher":{"@id":"https:\/\/sepam.com.br\/#organization"},"articleSection":["Colegio Sepam"],"inLanguage":"es","potentialAction":[{"@type":"CommentAction","name":"Comment","target":["https:\/\/sepam.com.br\/es\/informacao-e-inovacao-professores-debatem-o-tema-durante-semana-pedagogica\/#respond"]}]},{"@type":"WebPage","@id":"https:\/\/sepam.com.br\/es\/informacao-e-inovacao-professores-debatem-o-tema-durante-semana-pedagogica\/","url":"https:\/\/sepam.com.br\/es\/informacao-e-inovacao-professores-debatem-o-tema-durante-semana-pedagogica\/","name":"Informa\u00e7\u00e3o e Inova\u00e7\u00e3o: Professores debatem o tema durante semana pedag\u00f3gica - Col\u00e9gio Sepam","isPartOf":{"@id":"https:\/\/sepam.com.br\/#website"},"datePublished":"2025-08-28T13:47:18+00:00","dateModified":"2025-11-24T13:53:36+00:00","breadcrumb":{"@id":"https:\/\/sepam.com.br\/es\/informacao-e-inovacao-professores-debatem-o-tema-durante-semana-pedagogica\/#breadcrumb"},"inLanguage":"es","potentialAction":[{"@type":"ReadAction","target":["https:\/\/sepam.com.br\/es\/informacao-e-inovacao-professores-debatem-o-tema-durante-semana-pedagogica\/"]}]},{"@type":"BreadcrumbList","@id":"https:\/\/sepam.com.br\/es\/informacao-e-inovacao-professores-debatem-o-tema-durante-semana-pedagogica\/#breadcrumb","itemListElement":[{"@type":"ListItem","position":1,"name":"Boas Vindas","item":"https:\/\/sepam.com.br\/"},{"@type":"ListItem","position":2,"name":"Informa\u00e7\u00e3o e Inova\u00e7\u00e3o: Professores debatem o tema durante semana pedag\u00f3gica"}]},{"@type":"WebSite","@id":"https:\/\/sepam.com.br\/es\/#website","url":"https:\/\/sepam.com.br\/es\/","name":"Col\u00e9gio Sepam","description":"Ensino Incompar\u00e1vel","publisher":{"@id":"https:\/\/sepam.com.br\/es\/#organization"},"potentialAction":[{"@type":"SearchAction","target":{"@type":"EntryPoint","urlTemplate":"https:\/\/sepam.com.br\/es\/?s={search_term_string}"},"query-input":{"@type":"PropertyValueSpecification","valueRequired":true,"valueName":"search_term_string"}}],"inLanguage":"es"},{"@type":"Organization","@id":"https:\/\/sepam.com.br\/es\/#organization","name":"Col\u00e9gio Sepam","url":"https:\/\/sepam.com.br\/es\/","logo":{"@type":"ImageObject","inLanguage":"es","@id":"https:\/\/sepam.com.br\/es\/#\/schema\/logo\/image\/","url":"https:\/\/sepam.com.br\/wp-content\/uploads\/2025\/02\/Ativo-2.png","contentUrl":"https:\/\/sepam.com.br\/wp-content\/uploads\/2025\/02\/Ativo-2.png","width":595,"height":525,"caption":"Col\u00e9gio Sepam"},"image":{"@id":"https:\/\/sepam.com.br\/es\/#\/schema\/logo\/image\/"}},{"@type":"Person","@id":"https:\/\/sepam.com.br\/#\/schema\/person\/bfa2996c649a5a6d822766f6e64eb7fd","name":"Sepam","image":{"@type":"ImageObject","inLanguage":"es","@id":"https:\/\/secure.gravatar.com\/avatar\/0219e64664f5861998ad57a3432eb4bd5fd99a34c7cc9bc44b3c59dfb830db85?s=96&d=mm&r=g","url":"https:\/\/secure.gravatar.com\/avatar\/0219e64664f5861998ad57a3432eb4bd5fd99a34c7cc9bc44b3c59dfb830db85?s=96&d=mm&r=g","contentUrl":"https:\/\/secure.gravatar.com\/avatar\/0219e64664f5861998ad57a3432eb4bd5fd99a34c7cc9bc44b3c59dfb830db85?s=96&d=mm&r=g","caption":"Sepam"},"url":"https:\/\/sepam.com.br\/es\/author\/sepam\/"}]}},"_links":{"self":[{"href":"https:\/\/sepam.com.br\/es\/wp-json\/wp\/v2\/posts\/6958","targetHints":{"allow":["GET"]}}],"collection":[{"href":"https:\/\/sepam.com.br\/es\/wp-json\/wp\/v2\/posts"}],"about":[{"href":"https:\/\/sepam.com.br\/es\/wp-json\/wp\/v2\/types\/post"}],"author":[{"embeddable":true,"href":"https:\/\/sepam.com.br\/es\/wp-json\/wp\/v2\/users\/13"}],"replies":[{"embeddable":true,"href":"https:\/\/sepam.com.br\/es\/wp-json\/wp\/v2\/comments?post=6958"}],"version-history":[{"count":1,"href":"https:\/\/sepam.com.br\/es\/wp-json\/wp\/v2\/posts\/6958\/revisions"}],"predecessor-version":[{"id":7382,"href":"https:\/\/sepam.com.br\/es\/wp-json\/wp\/v2\/posts\/6958\/revisions\/7382"}],"wp:attachment":[{"href":"https:\/\/sepam.com.br\/es\/wp-json\/wp\/v2\/media?parent=6958"}],"wp:term":[{"taxonomy":"category","embeddable":true,"href":"https:\/\/sepam.com.br\/es\/wp-json\/wp\/v2\/categories?post=6958"},{"taxonomy":"post_tag","embeddable":true,"href":"https:\/\/sepam.com.br\/es\/wp-json\/wp\/v2\/tags?post=6958"}],"curies":[{"name":"wp","href":"https:\/\/api.w.org\/{rel}","templated":true}]}}