{"id":6956,"date":"2025-08-28T10:47:15","date_gmt":"2025-08-28T13:47:15","guid":{"rendered":"https:\/\/dev.alisonandrei.com.br\/noticia\/estudante-paranaense-de-16-anos-lanca-livro-internacional\/"},"modified":"2025-11-24T10:53:37","modified_gmt":"2025-11-24T13:53:37","slug":"estudante-paranaense-de-16-anos-lanca-livro-internacional","status":"publish","type":"post","link":"https:\/\/sepam.com.br\/es\/estudante-paranaense-de-16-anos-lanca-livro-internacional\/","title":{"rendered":"Estudante paranaense de 16 anos lan\u00e7a livro internacional"},"content":{"rendered":"<p><em>A jovem, que \u00e9 Natural de Ponta Grossa (PR), ter\u00e1 sua publica\u00e7\u00e3o dispon\u00edvel no Brasil e em Portugal<\/em><\/p>\n<p>Alexia Liz Narok Estevan, de 16 anos, acaba de lan\u00e7ar seu primeiro livro: Pynian &#8211; O Come\u00e7o do Fim. A obra de 430 p\u00e1ginas \u00e9 uma publica\u00e7\u00e3o da editora portuguesa Chiado e estar\u00e1 dispon\u00edvel nas principais livrarias do Brasil e de Portugal. No dia 01 de fevereiro, sexta-feira, Alexia estar\u00e1 na Livraria Cultura do Shopping Curitiba, a partir das 19h, para uma sess\u00e3o de aut\u00f3grafos.<\/p>\n<p>O livro \u00e9 baseado em uma aventura rom\u00e2ntica entre mundos paralelos. Traz a hist\u00f3ria de Allyss, que junto com outras personagens tenta impedir uma guerra entre o reino dos c\u00e9us e o submundo.<\/p>\n<p>Al\u00e9xia \u00e9 uma leitora ass\u00eddua. A m\u00e3e, Maria L\u00facia Narok Stevan, revela que come\u00e7ou a ler para a filha durante a gesta\u00e7\u00e3o, e que aos 4 anos de idade a menina j\u00e1 era capaz de fazer as primeiras leituras sozinha. \u201cSempre fui muito t\u00edmida e tive os livros como grandes companhias. Eu leio em m\u00e9dia cinquenta livros por ano\u201d, conta a jovem. A escrita tamb\u00e9m \u00e9 heran\u00e7a de fam\u00edlia, pois o pai, S\u00e9rgio Luiz Stevan Junior, \u00e9 professor e t\u00eam quatro livros publicados.<\/p>\n<p>A jovem escritora divide sua rotina entre os estudos no 2\u00ba ano do Ensino M\u00e9dio do Col\u00e9gio Sepam, em Ponta Grossa (PR) \u2013 seu objetivo \u00e9 entrar no curso de Medicina \u2013 e a reda\u00e7\u00e3o de outros cinco livros, que est\u00e3o em processo. A obra recebeu o patroc\u00ednio do Col\u00e9gio Sepam.<\/p>\n<p><strong>Servi\u00e7o:<\/strong><\/p>\n<p>Lan\u00e7amento\u00a0 e sess\u00e3o de aut\u00f3grafos &#8211; Livro \u201cPynian &#8211; O Come\u00e7o do Fim\u201d<\/p>\n<p><strong>Data:<\/strong> 01\/02\/19<\/p>\n<p><strong>Hora: <\/strong>19h<\/p>\n<p><strong>Local:<\/strong> Livraria Cultura &#8211; Shopping Curitiba &#8211; Curitiba (PR).<\/p>\n","protected":false},"excerpt":{"rendered":"<p>A jovem, que \u00e9 Natural de Ponta Grossa (PR), ter\u00e1 sua publica\u00e7\u00e3o dispon\u00edvel no Brasil e em Portugal Alexia Liz Narok Estevan, de 16 anos, acaba de lan\u00e7ar seu primeiro livro: Pynian &#8211; O Come\u00e7o do Fim. A obra de 430 p\u00e1ginas \u00e9 uma publica\u00e7\u00e3o da editora portuguesa Chiado e estar\u00e1 dispon\u00edvel nas principais livrarias [&hellip;]<\/p>\n","protected":false},"author":13,"featured_media":0,"comment_status":"open","ping_status":"open","sticky":false,"template":"","format":"standard","meta":{"footnotes":""},"categories":[21],"tags":[],"class_list":["post-6956","post","type-post","status-publish","format-standard","hentry","category-colegio-sepam"],"yoast_head":"<!-- This site is optimized with the Yoast SEO plugin v28.4 - https:\/\/yoast.com\/product\/yoast-seo-wordpress\/ -->\n<title>Estudante paranaense de 16 anos lan\u00e7a livro internacional<\/title>\n<meta name=\"description\" content=\"A jovem, que \u00e9 Natural de Ponta Grossa (PR), ter\u00e1 sua publica\u00e7\u00e3o dispon\u00edvel no Brasil e em Portugal Alexia Liz Narok Estevan, de 16 anos, acaba de lan\u00e7ar seu primeiro livro: Pynian - O Come\u00e7o do Fim. A obra de 430 p\u00e1ginas \u00e9 uma publica\u00e7\u00e3o da editora portuguesa Chiado e estar\u00e1 dispon\u00edvel nas principais livrarias&hellip;\" \/>\n<meta name=\"robots\" content=\"index, follow, max-snippet:-1, max-image-preview:large, max-video-preview:-1\" \/>\n<link rel=\"canonical\" href=\"https:\/\/sepam.com.br\/es\/estudante-paranaense-de-16-anos-lanca-livro-internacional\/\" \/>\n<meta property=\"og:locale\" content=\"es_ES\" \/>\n<meta property=\"og:type\" content=\"article\" \/>\n<meta property=\"og:title\" content=\"Estudante paranaense de 16 anos lan\u00e7a livro internacional\" \/>\n<meta property=\"og:description\" content=\"A jovem, que \u00e9 Natural de Ponta Grossa (PR), ter\u00e1 sua publica\u00e7\u00e3o dispon\u00edvel no Brasil e em Portugal Alexia Liz Narok Estevan, de 16 anos, acaba de lan\u00e7ar seu primeiro livro: Pynian - O Come\u00e7o do Fim. A obra de 430 p\u00e1ginas \u00e9 uma publica\u00e7\u00e3o da editora portuguesa Chiado e estar\u00e1 dispon\u00edvel nas principais livrarias&hellip;\" \/>\n<meta property=\"og:url\" content=\"https:\/\/sepam.com.br\/es\/estudante-paranaense-de-16-anos-lanca-livro-internacional\/\" \/>\n<meta property=\"og:site_name\" content=\"Col\u00e9gio Sepam\" \/>\n<meta property=\"article:published_time\" content=\"2025-08-28T13:47:15+00:00\" \/>\n<meta property=\"article:modified_time\" content=\"2025-11-24T13:53:37+00:00\" \/>\n<meta name=\"author\" content=\"Sepam\" \/>\n<meta name=\"twitter:card\" content=\"summary_large_image\" \/>\n<meta name=\"twitter:label1\" content=\"Escrito por\" \/>\n\t<meta name=\"twitter:data1\" content=\"Sepam\" \/>\n\t<meta name=\"twitter:label2\" content=\"Tiempo de lectura\" \/>\n\t<meta name=\"twitter:data2\" content=\"1 minuto\" \/>\n<script type=\"application\/ld+json\" class=\"yoast-schema-graph\">{\"@context\":\"https:\\\/\\\/schema.org\",\"@graph\":[{\"@type\":\"Article\",\"@id\":\"https:\\\/\\\/sepam.com.br\\\/es\\\/estudante-paranaense-de-16-anos-lanca-livro-internacional\\\/#article\",\"isPartOf\":{\"@id\":\"https:\\\/\\\/sepam.com.br\\\/es\\\/estudante-paranaense-de-16-anos-lanca-livro-internacional\\\/\"},\"author\":{\"name\":\"Sepam\",\"@id\":\"https:\\\/\\\/sepam.com.br\\\/#\\\/schema\\\/person\\\/bfa2996c649a5a6d822766f6e64eb7fd\"},\"headline\":\"Estudante paranaense de 16 anos lan\u00e7a livro internacional\",\"datePublished\":\"2025-08-28T13:47:15+00:00\",\"dateModified\":\"2025-11-24T13:53:37+00:00\",\"mainEntityOfPage\":{\"@id\":\"https:\\\/\\\/sepam.com.br\\\/es\\\/estudante-paranaense-de-16-anos-lanca-livro-internacional\\\/\"},\"wordCount\":306,\"commentCount\":0,\"publisher\":{\"@id\":\"https:\\\/\\\/sepam.com.br\\\/#organization\"},\"articleSection\":[\"Colegio Sepam\"],\"inLanguage\":\"es\",\"potentialAction\":[{\"@type\":\"CommentAction\",\"name\":\"Comment\",\"target\":[\"https:\\\/\\\/sepam.com.br\\\/es\\\/estudante-paranaense-de-16-anos-lanca-livro-internacional\\\/#respond\"]}]},{\"@type\":\"WebPage\",\"@id\":\"https:\\\/\\\/sepam.com.br\\\/es\\\/estudante-paranaense-de-16-anos-lanca-livro-internacional\\\/\",\"url\":\"https:\\\/\\\/sepam.com.br\\\/es\\\/estudante-paranaense-de-16-anos-lanca-livro-internacional\\\/\",\"name\":\"Estudante paranaense de 16 anos lan\u00e7a livro internacional - Col\u00e9gio Sepam\",\"isPartOf\":{\"@id\":\"https:\\\/\\\/sepam.com.br\\\/#website\"},\"datePublished\":\"2025-08-28T13:47:15+00:00\",\"dateModified\":\"2025-11-24T13:53:37+00:00\",\"breadcrumb\":{\"@id\":\"https:\\\/\\\/sepam.com.br\\\/es\\\/estudante-paranaense-de-16-anos-lanca-livro-internacional\\\/#breadcrumb\"},\"inLanguage\":\"es\",\"potentialAction\":[{\"@type\":\"ReadAction\",\"target\":[\"https:\\\/\\\/sepam.com.br\\\/es\\\/estudante-paranaense-de-16-anos-lanca-livro-internacional\\\/\"]}]},{\"@type\":\"BreadcrumbList\",\"@id\":\"https:\\\/\\\/sepam.com.br\\\/es\\\/estudante-paranaense-de-16-anos-lanca-livro-internacional\\\/#breadcrumb\",\"itemListElement\":[{\"@type\":\"ListItem\",\"position\":1,\"name\":\"Boas Vindas\",\"item\":\"https:\\\/\\\/sepam.com.br\\\/\"},{\"@type\":\"ListItem\",\"position\":2,\"name\":\"Estudante paranaense de 16 anos lan\u00e7a livro internacional\"}]},{\"@type\":\"WebSite\",\"@id\":\"https:\\\/\\\/sepam.com.br\\\/es\\\/#website\",\"url\":\"https:\\\/\\\/sepam.com.br\\\/es\\\/\",\"name\":\"Col\u00e9gio Sepam\",\"description\":\"Ensino Incompar\u00e1vel\",\"publisher\":{\"@id\":\"https:\\\/\\\/sepam.com.br\\\/es\\\/#organization\"},\"potentialAction\":[{\"@type\":\"SearchAction\",\"target\":{\"@type\":\"EntryPoint\",\"urlTemplate\":\"https:\\\/\\\/sepam.com.br\\\/es\\\/?s={search_term_string}\"},\"query-input\":{\"@type\":\"PropertyValueSpecification\",\"valueRequired\":true,\"valueName\":\"search_term_string\"}}],\"inLanguage\":\"es\"},{\"@type\":\"Organization\",\"@id\":\"https:\\\/\\\/sepam.com.br\\\/es\\\/#organization\",\"name\":\"Col\u00e9gio Sepam\",\"url\":\"https:\\\/\\\/sepam.com.br\\\/es\\\/\",\"logo\":{\"@type\":\"ImageObject\",\"inLanguage\":\"es\",\"@id\":\"https:\\\/\\\/sepam.com.br\\\/es\\\/#\\\/schema\\\/logo\\\/image\\\/\",\"url\":\"https:\\\/\\\/sepam.com.br\\\/wp-content\\\/uploads\\\/2025\\\/02\\\/Ativo-2.png\",\"contentUrl\":\"https:\\\/\\\/sepam.com.br\\\/wp-content\\\/uploads\\\/2025\\\/02\\\/Ativo-2.png\",\"width\":595,\"height\":525,\"caption\":\"Col\u00e9gio Sepam\"},\"image\":{\"@id\":\"https:\\\/\\\/sepam.com.br\\\/es\\\/#\\\/schema\\\/logo\\\/image\\\/\"}},{\"@type\":\"Person\",\"@id\":\"https:\\\/\\\/sepam.com.br\\\/#\\\/schema\\\/person\\\/bfa2996c649a5a6d822766f6e64eb7fd\",\"name\":\"Sepam\",\"image\":{\"@type\":\"ImageObject\",\"inLanguage\":\"es\",\"@id\":\"https:\\\/\\\/secure.gravatar.com\\\/avatar\\\/0219e64664f5861998ad57a3432eb4bd5fd99a34c7cc9bc44b3c59dfb830db85?s=96&d=mm&r=g\",\"url\":\"https:\\\/\\\/secure.gravatar.com\\\/avatar\\\/0219e64664f5861998ad57a3432eb4bd5fd99a34c7cc9bc44b3c59dfb830db85?s=96&d=mm&r=g\",\"contentUrl\":\"https:\\\/\\\/secure.gravatar.com\\\/avatar\\\/0219e64664f5861998ad57a3432eb4bd5fd99a34c7cc9bc44b3c59dfb830db85?s=96&d=mm&r=g\",\"caption\":\"Sepam\"},\"url\":\"https:\\\/\\\/sepam.com.br\\\/es\\\/author\\\/sepam\\\/\"}]}<\/script>\n<!-- \/ Yoast SEO plugin. -->","yoast_head_json":{"title":"Estudante paranaense de 16 anos lan\u00e7a livro internacional","description":"A jovem, que \u00e9 Natural de Ponta Grossa (PR), ter\u00e1 sua publica\u00e7\u00e3o dispon\u00edvel no Brasil e em Portugal Alexia Liz Narok Estevan, de 16 anos, acaba de lan\u00e7ar seu primeiro livro: Pynian - O Come\u00e7o do Fim. A obra de 430 p\u00e1ginas \u00e9 uma publica\u00e7\u00e3o da editora portuguesa Chiado e estar\u00e1 dispon\u00edvel nas principais livrarias&hellip;","robots":{"index":"index","follow":"follow","max-snippet":"max-snippet:-1","max-image-preview":"max-image-preview:large","max-video-preview":"max-video-preview:-1"},"canonical":"https:\/\/sepam.com.br\/es\/estudante-paranaense-de-16-anos-lanca-livro-internacional\/","og_locale":"es_ES","og_type":"article","og_title":"Estudante paranaense de 16 anos lan\u00e7a livro internacional","og_description":"A jovem, que \u00e9 Natural de Ponta Grossa (PR), ter\u00e1 sua publica\u00e7\u00e3o dispon\u00edvel no Brasil e em Portugal Alexia Liz Narok Estevan, de 16 anos, acaba de lan\u00e7ar seu primeiro livro: Pynian - O Come\u00e7o do Fim. A obra de 430 p\u00e1ginas \u00e9 uma publica\u00e7\u00e3o da editora portuguesa Chiado e estar\u00e1 dispon\u00edvel nas principais livrarias&hellip;","og_url":"https:\/\/sepam.com.br\/es\/estudante-paranaense-de-16-anos-lanca-livro-internacional\/","og_site_name":"Col\u00e9gio Sepam","article_published_time":"2025-08-28T13:47:15+00:00","article_modified_time":"2025-11-24T13:53:37+00:00","author":"Sepam","twitter_card":"summary_large_image","twitter_misc":{"Escrito por":"Sepam","Tiempo de lectura":"1 minuto"},"schema":{"@context":"https:\/\/schema.org","@graph":[{"@type":"Article","@id":"https:\/\/sepam.com.br\/es\/estudante-paranaense-de-16-anos-lanca-livro-internacional\/#article","isPartOf":{"@id":"https:\/\/sepam.com.br\/es\/estudante-paranaense-de-16-anos-lanca-livro-internacional\/"},"author":{"name":"Sepam","@id":"https:\/\/sepam.com.br\/#\/schema\/person\/bfa2996c649a5a6d822766f6e64eb7fd"},"headline":"Estudante paranaense de 16 anos lan\u00e7a livro internacional","datePublished":"2025-08-28T13:47:15+00:00","dateModified":"2025-11-24T13:53:37+00:00","mainEntityOfPage":{"@id":"https:\/\/sepam.com.br\/es\/estudante-paranaense-de-16-anos-lanca-livro-internacional\/"},"wordCount":306,"commentCount":0,"publisher":{"@id":"https:\/\/sepam.com.br\/#organization"},"articleSection":["Colegio Sepam"],"inLanguage":"es","potentialAction":[{"@type":"CommentAction","name":"Comment","target":["https:\/\/sepam.com.br\/es\/estudante-paranaense-de-16-anos-lanca-livro-internacional\/#respond"]}]},{"@type":"WebPage","@id":"https:\/\/sepam.com.br\/es\/estudante-paranaense-de-16-anos-lanca-livro-internacional\/","url":"https:\/\/sepam.com.br\/es\/estudante-paranaense-de-16-anos-lanca-livro-internacional\/","name":"Estudante paranaense de 16 anos lan\u00e7a livro internacional - Col\u00e9gio Sepam","isPartOf":{"@id":"https:\/\/sepam.com.br\/#website"},"datePublished":"2025-08-28T13:47:15+00:00","dateModified":"2025-11-24T13:53:37+00:00","breadcrumb":{"@id":"https:\/\/sepam.com.br\/es\/estudante-paranaense-de-16-anos-lanca-livro-internacional\/#breadcrumb"},"inLanguage":"es","potentialAction":[{"@type":"ReadAction","target":["https:\/\/sepam.com.br\/es\/estudante-paranaense-de-16-anos-lanca-livro-internacional\/"]}]},{"@type":"BreadcrumbList","@id":"https:\/\/sepam.com.br\/es\/estudante-paranaense-de-16-anos-lanca-livro-internacional\/#breadcrumb","itemListElement":[{"@type":"ListItem","position":1,"name":"Boas Vindas","item":"https:\/\/sepam.com.br\/"},{"@type":"ListItem","position":2,"name":"Estudante paranaense de 16 anos lan\u00e7a livro internacional"}]},{"@type":"WebSite","@id":"https:\/\/sepam.com.br\/es\/#website","url":"https:\/\/sepam.com.br\/es\/","name":"Col\u00e9gio Sepam","description":"Ensino Incompar\u00e1vel","publisher":{"@id":"https:\/\/sepam.com.br\/es\/#organization"},"potentialAction":[{"@type":"SearchAction","target":{"@type":"EntryPoint","urlTemplate":"https:\/\/sepam.com.br\/es\/?s={search_term_string}"},"query-input":{"@type":"PropertyValueSpecification","valueRequired":true,"valueName":"search_term_string"}}],"inLanguage":"es"},{"@type":"Organization","@id":"https:\/\/sepam.com.br\/es\/#organization","name":"Col\u00e9gio Sepam","url":"https:\/\/sepam.com.br\/es\/","logo":{"@type":"ImageObject","inLanguage":"es","@id":"https:\/\/sepam.com.br\/es\/#\/schema\/logo\/image\/","url":"https:\/\/sepam.com.br\/wp-content\/uploads\/2025\/02\/Ativo-2.png","contentUrl":"https:\/\/sepam.com.br\/wp-content\/uploads\/2025\/02\/Ativo-2.png","width":595,"height":525,"caption":"Col\u00e9gio Sepam"},"image":{"@id":"https:\/\/sepam.com.br\/es\/#\/schema\/logo\/image\/"}},{"@type":"Person","@id":"https:\/\/sepam.com.br\/#\/schema\/person\/bfa2996c649a5a6d822766f6e64eb7fd","name":"Sepam","image":{"@type":"ImageObject","inLanguage":"es","@id":"https:\/\/secure.gravatar.com\/avatar\/0219e64664f5861998ad57a3432eb4bd5fd99a34c7cc9bc44b3c59dfb830db85?s=96&d=mm&r=g","url":"https:\/\/secure.gravatar.com\/avatar\/0219e64664f5861998ad57a3432eb4bd5fd99a34c7cc9bc44b3c59dfb830db85?s=96&d=mm&r=g","contentUrl":"https:\/\/secure.gravatar.com\/avatar\/0219e64664f5861998ad57a3432eb4bd5fd99a34c7cc9bc44b3c59dfb830db85?s=96&d=mm&r=g","caption":"Sepam"},"url":"https:\/\/sepam.com.br\/es\/author\/sepam\/"}]}},"_links":{"self":[{"href":"https:\/\/sepam.com.br\/es\/wp-json\/wp\/v2\/posts\/6956","targetHints":{"allow":["GET"]}}],"collection":[{"href":"https:\/\/sepam.com.br\/es\/wp-json\/wp\/v2\/posts"}],"about":[{"href":"https:\/\/sepam.com.br\/es\/wp-json\/wp\/v2\/types\/post"}],"author":[{"embeddable":true,"href":"https:\/\/sepam.com.br\/es\/wp-json\/wp\/v2\/users\/13"}],"replies":[{"embeddable":true,"href":"https:\/\/sepam.com.br\/es\/wp-json\/wp\/v2\/comments?post=6956"}],"version-history":[{"count":1,"href":"https:\/\/sepam.com.br\/es\/wp-json\/wp\/v2\/posts\/6956\/revisions"}],"predecessor-version":[{"id":7420,"href":"https:\/\/sepam.com.br\/es\/wp-json\/wp\/v2\/posts\/6956\/revisions\/7420"}],"wp:attachment":[{"href":"https:\/\/sepam.com.br\/es\/wp-json\/wp\/v2\/media?parent=6956"}],"wp:term":[{"taxonomy":"category","embeddable":true,"href":"https:\/\/sepam.com.br\/es\/wp-json\/wp\/v2\/categories?post=6956"},{"taxonomy":"post_tag","embeddable":true,"href":"https:\/\/sepam.com.br\/es\/wp-json\/wp\/v2\/tags?post=6956"}],"curies":[{"name":"wp","href":"https:\/\/api.w.org\/{rel}","templated":true}]}}