{"id":6952,"date":"2025-08-28T10:47:15","date_gmt":"2025-08-28T13:47:15","guid":{"rendered":"https:\/\/dev.alisonandrei.com.br\/noticia\/acoes-solidarias-do-sepam-beneficiaram-mais-de-4-mil-pessoas-em-2018\/"},"modified":"2025-11-24T10:53:37","modified_gmt":"2025-11-24T13:53:37","slug":"acoes-solidarias-do-sepam-beneficiaram-mais-de-4-mil-pessoas-em-2018","status":"publish","type":"post","link":"https:\/\/sepam.com.br\/es\/acoes-solidarias-do-sepam-beneficiaram-mais-de-4-mil-pessoas-em-2018\/","title":{"rendered":"A\u00e7\u00f5es solid\u00e1rias do Sepam beneficiaram mais de 4 mil pessoas em 2018"},"content":{"rendered":"<p><i><span style=\"font-weight: 400;\">Ao longo do ano, alunos, professores e funcion\u00e1rios arrecadaram alimentos, brinquedos e itens de higiene<\/span><\/i><\/p>\n<p><span style=\"font-weight: 400;\">Estimulando sempre a inser\u00e7\u00e3o comunit\u00e1ria o Col\u00e9gio Sepam envolveu alunos, familiares, professores e funcion\u00e1rios em campanhas que beneficiaram mais de 4.500 pessoas. Todo material arrecadado ao longo de 2018 &#8211; mais de 4 toneladas em alimentos, mais de 700 produtos de higiene e 150 brinquedos &#8211; foram destinados a vinte institui\u00e7\u00f5es socioassistenciais de Ponta Grossa.<\/span><\/p>\n<p><span style=\"font-weight: 400;\">Para a entrada dos eventos realizados pelo Col\u00e9gio (mostras, gincanas e outros) n\u00e3o \u00e9 cobrado ingresso em dinheiro, mas uma doa\u00e7\u00e3o, um exemplo \u00e9 a arrecada\u00e7\u00e3o de fraldas geri\u00e1tricas na Mostra de Teatro. O Grupo da Cidadania, projeto de voluntariado do Col\u00e9gio, organiza a destina\u00e7\u00e3o e distribui\u00e7\u00e3o dessas doa\u00e7\u00f5es para as institui\u00e7\u00f5es que necessitam. \u201cColocamos o aluno como protagonista de sua a\u00e7\u00e3o como cidad\u00e3o. Participar do projeto ajuda a desenvolver o lado humano, de cumplicidade e de empatia com o pr\u00f3ximo, a entender a sua responsabilidade social, a respeitar os mais velhos, as crian\u00e7as e os mais necessitados. Al\u00e9m de doar produtos b\u00e1sicos, os alunos entregam amor, carinho e aten\u00e7\u00e3o\u201d, explica o coordenador do projeto, professor Marcos Trancoso.<\/span><\/p>\n<p>&nbsp;<\/p>\n<p><span style=\"font-weight: 400;\">Atividades do calend\u00e1rio pedag\u00f3gico do Col\u00e9gio tamb\u00e9m incluem a\u00e7\u00f5es sociais. Em 2018, o projeto as turmas do 2\u00ba ano do Fundamental I para a Feira da Cultura contemplou a confec\u00e7\u00e3o de mais de 80 bonecos de pano (baseados nos personagens do S\u00edtio do Pica-Pau Amarelo) que foram entregues \u00e0s crian\u00e7as da Legi\u00e3o da Boa Vontade (LBV). <\/span><\/p>\n<p><span style=\"font-weight: 400;\">J\u00e1 as turmas do 3\u00ba ano do Fundamenta I contribu\u00edram com a Campanha Natal Sem Fome &#8211; a\u00e7\u00e3o da Secretaria Municipal de Pol\u00edticas P\u00fablicas Sociais (SMPPS) em parceria com a Servi\u00e7o de Obras Sociais (SOS). A iniciativa da arrecada\u00e7\u00e3o partiu dos pr\u00f3prios alunos ap\u00f3s assistirem \u00e0 uma palestra da secret\u00e1ria Simone Kaminski Oliveira, em setembro, onde ela exp\u00f4s as dificuldades enfrentadas pelo SOS. Foram arrecadados 565 kg de alimentos, 31 litros de leite e 70 litros de \u00f3leo de cozinha. E os alunos do 5\u00ba ano montaram 90 kits de higiene para o Lar das Vovozinhas e a Colmeia Esp\u00edrita Crist\u00e3 Abegail.<\/span><\/p>\n<p><span style=\"font-weight: 400;\">\u201cPodemos perceber que todo trabalho desenvolvido ao longo do ano n\u00e3o envolveu somente os alunos, mas tamb\u00e9m a fam\u00edlia de cada um deles, que ajudou nas arrecada\u00e7\u00f5es e no desenvolvimento das atividades. Finalizamos 2018 desejando que o pr\u00f3ximo ano seja a oportunidade de novas atitudes em busca de uma sociedade cada vez mais justa e igualit\u00e1ria\u201d, finaliza a coordenadora do Ensino Fundamental I do Sepam, Ana Carolina Baggio De Paula.<\/span><\/p>\n<p><img fetchpriority=\"high\" decoding=\"async\" class=\"size-medium wp-image-2155 aligncenter\" src=\"http:\/\/www.sepam.com.br\/wp-content\/uploads\/2018\/12\/JONSSON-27-300x200.jpg\" alt=\"\" width=\"300\" height=\"200\" \/><\/p>\n","protected":false},"excerpt":{"rendered":"<p>Ao longo do ano, alunos, professores e funcion\u00e1rios arrecadaram alimentos, brinquedos e itens de higiene Estimulando sempre a inser\u00e7\u00e3o comunit\u00e1ria o Col\u00e9gio Sepam envolveu alunos, familiares, professores e funcion\u00e1rios em campanhas que beneficiaram mais de 4.500 pessoas. Todo material arrecadado ao longo de 2018 &#8211; mais de 4 toneladas em alimentos, mais de 700 produtos [&hellip;]<\/p>\n","protected":false},"author":13,"featured_media":0,"comment_status":"open","ping_status":"open","sticky":false,"template":"","format":"standard","meta":{"footnotes":""},"categories":[21],"tags":[],"class_list":["post-6952","post","type-post","status-publish","format-standard","hentry","category-colegio-sepam"],"yoast_head":"<!-- This site is optimized with the Yoast SEO plugin v28.4 - https:\/\/yoast.com\/product\/yoast-seo-wordpress\/ -->\n<title>A\u00e7\u00f5es solid\u00e1rias do Sepam beneficiaram mais de 4 mil pessoas em 2018<\/title>\n<meta name=\"description\" content=\"Ao longo do ano, alunos, professores e funcion\u00e1rios arrecadaram alimentos, brinquedos e itens de higiene Estimulando sempre a inser\u00e7\u00e3o comunit\u00e1ria o Col\u00e9gio Sepam envolveu alunos, familiares, professores e funcion\u00e1rios em campanhas que beneficiaram mais de 4.500 pessoas. Todo material arrecadado ao longo de 2018 - mais de 4 toneladas em alimentos, mais de 700 produtos&hellip;\" \/>\n<meta name=\"robots\" content=\"index, follow, max-snippet:-1, max-image-preview:large, max-video-preview:-1\" \/>\n<link rel=\"canonical\" href=\"https:\/\/sepam.com.br\/es\/acoes-solidarias-do-sepam-beneficiaram-mais-de-4-mil-pessoas-em-2018\/\" \/>\n<meta property=\"og:locale\" content=\"es_ES\" \/>\n<meta property=\"og:type\" content=\"article\" \/>\n<meta property=\"og:title\" content=\"A\u00e7\u00f5es solid\u00e1rias do Sepam beneficiaram mais de 4 mil pessoas em 2018\" \/>\n<meta property=\"og:description\" content=\"Ao longo do ano, alunos, professores e funcion\u00e1rios arrecadaram alimentos, brinquedos e itens de higiene Estimulando sempre a inser\u00e7\u00e3o comunit\u00e1ria o Col\u00e9gio Sepam envolveu alunos, familiares, professores e funcion\u00e1rios em campanhas que beneficiaram mais de 4.500 pessoas. Todo material arrecadado ao longo de 2018 - mais de 4 toneladas em alimentos, mais de 700 produtos&hellip;\" \/>\n<meta property=\"og:url\" content=\"https:\/\/sepam.com.br\/es\/acoes-solidarias-do-sepam-beneficiaram-mais-de-4-mil-pessoas-em-2018\/\" \/>\n<meta property=\"og:site_name\" content=\"Col\u00e9gio Sepam\" \/>\n<meta property=\"article:published_time\" content=\"2025-08-28T13:47:15+00:00\" \/>\n<meta property=\"article:modified_time\" content=\"2025-11-24T13:53:37+00:00\" \/>\n<meta name=\"author\" content=\"Sepam\" \/>\n<meta name=\"twitter:card\" content=\"summary_large_image\" \/>\n<meta name=\"twitter:label1\" content=\"Escrito por\" \/>\n\t<meta name=\"twitter:data1\" content=\"Sepam\" \/>\n\t<meta name=\"twitter:label2\" content=\"Tiempo de lectura\" \/>\n\t<meta name=\"twitter:data2\" content=\"2 minutos\" \/>\n<script type=\"application\/ld+json\" class=\"yoast-schema-graph\">{\"@context\":\"https:\\\/\\\/schema.org\",\"@graph\":[{\"@type\":\"Article\",\"@id\":\"https:\\\/\\\/sepam.com.br\\\/es\\\/acoes-solidarias-do-sepam-beneficiaram-mais-de-4-mil-pessoas-em-2018\\\/#article\",\"isPartOf\":{\"@id\":\"https:\\\/\\\/sepam.com.br\\\/es\\\/acoes-solidarias-do-sepam-beneficiaram-mais-de-4-mil-pessoas-em-2018\\\/\"},\"author\":{\"name\":\"Sepam\",\"@id\":\"https:\\\/\\\/sepam.com.br\\\/#\\\/schema\\\/person\\\/bfa2996c649a5a6d822766f6e64eb7fd\"},\"headline\":\"A\u00e7\u00f5es solid\u00e1rias do Sepam beneficiaram mais de 4 mil pessoas em 2018\",\"datePublished\":\"2025-08-28T13:47:15+00:00\",\"dateModified\":\"2025-11-24T13:53:37+00:00\",\"mainEntityOfPage\":{\"@id\":\"https:\\\/\\\/sepam.com.br\\\/es\\\/acoes-solidarias-do-sepam-beneficiaram-mais-de-4-mil-pessoas-em-2018\\\/\"},\"wordCount\":460,\"commentCount\":0,\"publisher\":{\"@id\":\"https:\\\/\\\/sepam.com.br\\\/#organization\"},\"image\":{\"@id\":\"https:\\\/\\\/sepam.com.br\\\/es\\\/acoes-solidarias-do-sepam-beneficiaram-mais-de-4-mil-pessoas-em-2018\\\/#primaryimage\"},\"thumbnailUrl\":\"http:\\\/\\\/www.sepam.com.br\\\/wp-content\\\/uploads\\\/2018\\\/12\\\/JONSSON-27-300x200.jpg\",\"articleSection\":[\"Colegio Sepam\"],\"inLanguage\":\"es\",\"potentialAction\":[{\"@type\":\"CommentAction\",\"name\":\"Comment\",\"target\":[\"https:\\\/\\\/sepam.com.br\\\/es\\\/acoes-solidarias-do-sepam-beneficiaram-mais-de-4-mil-pessoas-em-2018\\\/#respond\"]}]},{\"@type\":\"WebPage\",\"@id\":\"https:\\\/\\\/sepam.com.br\\\/es\\\/acoes-solidarias-do-sepam-beneficiaram-mais-de-4-mil-pessoas-em-2018\\\/\",\"url\":\"https:\\\/\\\/sepam.com.br\\\/es\\\/acoes-solidarias-do-sepam-beneficiaram-mais-de-4-mil-pessoas-em-2018\\\/\",\"name\":\"A\u00e7\u00f5es solid\u00e1rias do Sepam beneficiaram mais de 4 mil pessoas em 2018 - Col\u00e9gio Sepam\",\"isPartOf\":{\"@id\":\"https:\\\/\\\/sepam.com.br\\\/#website\"},\"primaryImageOfPage\":{\"@id\":\"https:\\\/\\\/sepam.com.br\\\/es\\\/acoes-solidarias-do-sepam-beneficiaram-mais-de-4-mil-pessoas-em-2018\\\/#primaryimage\"},\"image\":{\"@id\":\"https:\\\/\\\/sepam.com.br\\\/es\\\/acoes-solidarias-do-sepam-beneficiaram-mais-de-4-mil-pessoas-em-2018\\\/#primaryimage\"},\"thumbnailUrl\":\"http:\\\/\\\/www.sepam.com.br\\\/wp-content\\\/uploads\\\/2018\\\/12\\\/JONSSON-27-300x200.jpg\",\"datePublished\":\"2025-08-28T13:47:15+00:00\",\"dateModified\":\"2025-11-24T13:53:37+00:00\",\"breadcrumb\":{\"@id\":\"https:\\\/\\\/sepam.com.br\\\/es\\\/acoes-solidarias-do-sepam-beneficiaram-mais-de-4-mil-pessoas-em-2018\\\/#breadcrumb\"},\"inLanguage\":\"es\",\"potentialAction\":[{\"@type\":\"ReadAction\",\"target\":[\"https:\\\/\\\/sepam.com.br\\\/es\\\/acoes-solidarias-do-sepam-beneficiaram-mais-de-4-mil-pessoas-em-2018\\\/\"]}]},{\"@type\":\"ImageObject\",\"inLanguage\":\"es\",\"@id\":\"https:\\\/\\\/sepam.com.br\\\/es\\\/acoes-solidarias-do-sepam-beneficiaram-mais-de-4-mil-pessoas-em-2018\\\/#primaryimage\",\"url\":\"http:\\\/\\\/www.sepam.com.br\\\/wp-content\\\/uploads\\\/2018\\\/12\\\/JONSSON-27-300x200.jpg\",\"contentUrl\":\"http:\\\/\\\/www.sepam.com.br\\\/wp-content\\\/uploads\\\/2018\\\/12\\\/JONSSON-27-300x200.jpg\"},{\"@type\":\"BreadcrumbList\",\"@id\":\"https:\\\/\\\/sepam.com.br\\\/es\\\/acoes-solidarias-do-sepam-beneficiaram-mais-de-4-mil-pessoas-em-2018\\\/#breadcrumb\",\"itemListElement\":[{\"@type\":\"ListItem\",\"position\":1,\"name\":\"Boas Vindas\",\"item\":\"https:\\\/\\\/sepam.com.br\\\/\"},{\"@type\":\"ListItem\",\"position\":2,\"name\":\"A\u00e7\u00f5es solid\u00e1rias do Sepam beneficiaram mais de 4 mil pessoas em 2018\"}]},{\"@type\":\"WebSite\",\"@id\":\"https:\\\/\\\/sepam.com.br\\\/es\\\/#website\",\"url\":\"https:\\\/\\\/sepam.com.br\\\/es\\\/\",\"name\":\"Col\u00e9gio Sepam\",\"description\":\"Ensino Incompar\u00e1vel\",\"publisher\":{\"@id\":\"https:\\\/\\\/sepam.com.br\\\/es\\\/#organization\"},\"potentialAction\":[{\"@type\":\"SearchAction\",\"target\":{\"@type\":\"EntryPoint\",\"urlTemplate\":\"https:\\\/\\\/sepam.com.br\\\/es\\\/?s={search_term_string}\"},\"query-input\":{\"@type\":\"PropertyValueSpecification\",\"valueRequired\":true,\"valueName\":\"search_term_string\"}}],\"inLanguage\":\"es\"},{\"@type\":\"Organization\",\"@id\":\"https:\\\/\\\/sepam.com.br\\\/es\\\/#organization\",\"name\":\"Col\u00e9gio Sepam\",\"url\":\"https:\\\/\\\/sepam.com.br\\\/es\\\/\",\"logo\":{\"@type\":\"ImageObject\",\"inLanguage\":\"es\",\"@id\":\"https:\\\/\\\/sepam.com.br\\\/es\\\/#\\\/schema\\\/logo\\\/image\\\/\",\"url\":\"https:\\\/\\\/sepam.com.br\\\/wp-content\\\/uploads\\\/2025\\\/02\\\/Ativo-2.png\",\"contentUrl\":\"https:\\\/\\\/sepam.com.br\\\/wp-content\\\/uploads\\\/2025\\\/02\\\/Ativo-2.png\",\"width\":595,\"height\":525,\"caption\":\"Col\u00e9gio Sepam\"},\"image\":{\"@id\":\"https:\\\/\\\/sepam.com.br\\\/es\\\/#\\\/schema\\\/logo\\\/image\\\/\"}},{\"@type\":\"Person\",\"@id\":\"https:\\\/\\\/sepam.com.br\\\/#\\\/schema\\\/person\\\/bfa2996c649a5a6d822766f6e64eb7fd\",\"name\":\"Sepam\",\"image\":{\"@type\":\"ImageObject\",\"inLanguage\":\"es\",\"@id\":\"https:\\\/\\\/secure.gravatar.com\\\/avatar\\\/0219e64664f5861998ad57a3432eb4bd5fd99a34c7cc9bc44b3c59dfb830db85?s=96&d=mm&r=g\",\"url\":\"https:\\\/\\\/secure.gravatar.com\\\/avatar\\\/0219e64664f5861998ad57a3432eb4bd5fd99a34c7cc9bc44b3c59dfb830db85?s=96&d=mm&r=g\",\"contentUrl\":\"https:\\\/\\\/secure.gravatar.com\\\/avatar\\\/0219e64664f5861998ad57a3432eb4bd5fd99a34c7cc9bc44b3c59dfb830db85?s=96&d=mm&r=g\",\"caption\":\"Sepam\"},\"url\":\"https:\\\/\\\/sepam.com.br\\\/es\\\/author\\\/sepam\\\/\"}]}<\/script>\n<!-- \/ Yoast SEO plugin. -->","yoast_head_json":{"title":"A\u00e7\u00f5es solid\u00e1rias do Sepam beneficiaram mais de 4 mil pessoas em 2018","description":"Ao longo do ano, alunos, professores e funcion\u00e1rios arrecadaram alimentos, brinquedos e itens de higiene Estimulando sempre a inser\u00e7\u00e3o comunit\u00e1ria o Col\u00e9gio Sepam envolveu alunos, familiares, professores e funcion\u00e1rios em campanhas que beneficiaram mais de 4.500 pessoas. Todo material arrecadado ao longo de 2018 - mais de 4 toneladas em alimentos, mais de 700 produtos&hellip;","robots":{"index":"index","follow":"follow","max-snippet":"max-snippet:-1","max-image-preview":"max-image-preview:large","max-video-preview":"max-video-preview:-1"},"canonical":"https:\/\/sepam.com.br\/es\/acoes-solidarias-do-sepam-beneficiaram-mais-de-4-mil-pessoas-em-2018\/","og_locale":"es_ES","og_type":"article","og_title":"A\u00e7\u00f5es solid\u00e1rias do Sepam beneficiaram mais de 4 mil pessoas em 2018","og_description":"Ao longo do ano, alunos, professores e funcion\u00e1rios arrecadaram alimentos, brinquedos e itens de higiene Estimulando sempre a inser\u00e7\u00e3o comunit\u00e1ria o Col\u00e9gio Sepam envolveu alunos, familiares, professores e funcion\u00e1rios em campanhas que beneficiaram mais de 4.500 pessoas. Todo material arrecadado ao longo de 2018 - mais de 4 toneladas em alimentos, mais de 700 produtos&hellip;","og_url":"https:\/\/sepam.com.br\/es\/acoes-solidarias-do-sepam-beneficiaram-mais-de-4-mil-pessoas-em-2018\/","og_site_name":"Col\u00e9gio Sepam","article_published_time":"2025-08-28T13:47:15+00:00","article_modified_time":"2025-11-24T13:53:37+00:00","author":"Sepam","twitter_card":"summary_large_image","twitter_misc":{"Escrito por":"Sepam","Tiempo de lectura":"2 minutos"},"schema":{"@context":"https:\/\/schema.org","@graph":[{"@type":"Article","@id":"https:\/\/sepam.com.br\/es\/acoes-solidarias-do-sepam-beneficiaram-mais-de-4-mil-pessoas-em-2018\/#article","isPartOf":{"@id":"https:\/\/sepam.com.br\/es\/acoes-solidarias-do-sepam-beneficiaram-mais-de-4-mil-pessoas-em-2018\/"},"author":{"name":"Sepam","@id":"https:\/\/sepam.com.br\/#\/schema\/person\/bfa2996c649a5a6d822766f6e64eb7fd"},"headline":"A\u00e7\u00f5es solid\u00e1rias do Sepam beneficiaram mais de 4 mil pessoas em 2018","datePublished":"2025-08-28T13:47:15+00:00","dateModified":"2025-11-24T13:53:37+00:00","mainEntityOfPage":{"@id":"https:\/\/sepam.com.br\/es\/acoes-solidarias-do-sepam-beneficiaram-mais-de-4-mil-pessoas-em-2018\/"},"wordCount":460,"commentCount":0,"publisher":{"@id":"https:\/\/sepam.com.br\/#organization"},"image":{"@id":"https:\/\/sepam.com.br\/es\/acoes-solidarias-do-sepam-beneficiaram-mais-de-4-mil-pessoas-em-2018\/#primaryimage"},"thumbnailUrl":"http:\/\/www.sepam.com.br\/wp-content\/uploads\/2018\/12\/JONSSON-27-300x200.jpg","articleSection":["Colegio Sepam"],"inLanguage":"es","potentialAction":[{"@type":"CommentAction","name":"Comment","target":["https:\/\/sepam.com.br\/es\/acoes-solidarias-do-sepam-beneficiaram-mais-de-4-mil-pessoas-em-2018\/#respond"]}]},{"@type":"WebPage","@id":"https:\/\/sepam.com.br\/es\/acoes-solidarias-do-sepam-beneficiaram-mais-de-4-mil-pessoas-em-2018\/","url":"https:\/\/sepam.com.br\/es\/acoes-solidarias-do-sepam-beneficiaram-mais-de-4-mil-pessoas-em-2018\/","name":"A\u00e7\u00f5es solid\u00e1rias do Sepam beneficiaram mais de 4 mil pessoas em 2018 - Col\u00e9gio Sepam","isPartOf":{"@id":"https:\/\/sepam.com.br\/#website"},"primaryImageOfPage":{"@id":"https:\/\/sepam.com.br\/es\/acoes-solidarias-do-sepam-beneficiaram-mais-de-4-mil-pessoas-em-2018\/#primaryimage"},"image":{"@id":"https:\/\/sepam.com.br\/es\/acoes-solidarias-do-sepam-beneficiaram-mais-de-4-mil-pessoas-em-2018\/#primaryimage"},"thumbnailUrl":"http:\/\/www.sepam.com.br\/wp-content\/uploads\/2018\/12\/JONSSON-27-300x200.jpg","datePublished":"2025-08-28T13:47:15+00:00","dateModified":"2025-11-24T13:53:37+00:00","breadcrumb":{"@id":"https:\/\/sepam.com.br\/es\/acoes-solidarias-do-sepam-beneficiaram-mais-de-4-mil-pessoas-em-2018\/#breadcrumb"},"inLanguage":"es","potentialAction":[{"@type":"ReadAction","target":["https:\/\/sepam.com.br\/es\/acoes-solidarias-do-sepam-beneficiaram-mais-de-4-mil-pessoas-em-2018\/"]}]},{"@type":"ImageObject","inLanguage":"es","@id":"https:\/\/sepam.com.br\/es\/acoes-solidarias-do-sepam-beneficiaram-mais-de-4-mil-pessoas-em-2018\/#primaryimage","url":"http:\/\/www.sepam.com.br\/wp-content\/uploads\/2018\/12\/JONSSON-27-300x200.jpg","contentUrl":"http:\/\/www.sepam.com.br\/wp-content\/uploads\/2018\/12\/JONSSON-27-300x200.jpg"},{"@type":"BreadcrumbList","@id":"https:\/\/sepam.com.br\/es\/acoes-solidarias-do-sepam-beneficiaram-mais-de-4-mil-pessoas-em-2018\/#breadcrumb","itemListElement":[{"@type":"ListItem","position":1,"name":"Boas Vindas","item":"https:\/\/sepam.com.br\/"},{"@type":"ListItem","position":2,"name":"A\u00e7\u00f5es solid\u00e1rias do Sepam beneficiaram mais de 4 mil pessoas em 2018"}]},{"@type":"WebSite","@id":"https:\/\/sepam.com.br\/es\/#website","url":"https:\/\/sepam.com.br\/es\/","name":"Col\u00e9gio Sepam","description":"Ensino Incompar\u00e1vel","publisher":{"@id":"https:\/\/sepam.com.br\/es\/#organization"},"potentialAction":[{"@type":"SearchAction","target":{"@type":"EntryPoint","urlTemplate":"https:\/\/sepam.com.br\/es\/?s={search_term_string}"},"query-input":{"@type":"PropertyValueSpecification","valueRequired":true,"valueName":"search_term_string"}}],"inLanguage":"es"},{"@type":"Organization","@id":"https:\/\/sepam.com.br\/es\/#organization","name":"Col\u00e9gio Sepam","url":"https:\/\/sepam.com.br\/es\/","logo":{"@type":"ImageObject","inLanguage":"es","@id":"https:\/\/sepam.com.br\/es\/#\/schema\/logo\/image\/","url":"https:\/\/sepam.com.br\/wp-content\/uploads\/2025\/02\/Ativo-2.png","contentUrl":"https:\/\/sepam.com.br\/wp-content\/uploads\/2025\/02\/Ativo-2.png","width":595,"height":525,"caption":"Col\u00e9gio Sepam"},"image":{"@id":"https:\/\/sepam.com.br\/es\/#\/schema\/logo\/image\/"}},{"@type":"Person","@id":"https:\/\/sepam.com.br\/#\/schema\/person\/bfa2996c649a5a6d822766f6e64eb7fd","name":"Sepam","image":{"@type":"ImageObject","inLanguage":"es","@id":"https:\/\/secure.gravatar.com\/avatar\/0219e64664f5861998ad57a3432eb4bd5fd99a34c7cc9bc44b3c59dfb830db85?s=96&d=mm&r=g","url":"https:\/\/secure.gravatar.com\/avatar\/0219e64664f5861998ad57a3432eb4bd5fd99a34c7cc9bc44b3c59dfb830db85?s=96&d=mm&r=g","contentUrl":"https:\/\/secure.gravatar.com\/avatar\/0219e64664f5861998ad57a3432eb4bd5fd99a34c7cc9bc44b3c59dfb830db85?s=96&d=mm&r=g","caption":"Sepam"},"url":"https:\/\/sepam.com.br\/es\/author\/sepam\/"}]}},"_links":{"self":[{"href":"https:\/\/sepam.com.br\/es\/wp-json\/wp\/v2\/posts\/6952","targetHints":{"allow":["GET"]}}],"collection":[{"href":"https:\/\/sepam.com.br\/es\/wp-json\/wp\/v2\/posts"}],"about":[{"href":"https:\/\/sepam.com.br\/es\/wp-json\/wp\/v2\/types\/post"}],"author":[{"embeddable":true,"href":"https:\/\/sepam.com.br\/es\/wp-json\/wp\/v2\/users\/13"}],"replies":[{"embeddable":true,"href":"https:\/\/sepam.com.br\/es\/wp-json\/wp\/v2\/comments?post=6952"}],"version-history":[{"count":1,"href":"https:\/\/sepam.com.br\/es\/wp-json\/wp\/v2\/posts\/6952\/revisions"}],"predecessor-version":[{"id":7416,"href":"https:\/\/sepam.com.br\/es\/wp-json\/wp\/v2\/posts\/6952\/revisions\/7416"}],"wp:attachment":[{"href":"https:\/\/sepam.com.br\/es\/wp-json\/wp\/v2\/media?parent=6952"}],"wp:term":[{"taxonomy":"category","embeddable":true,"href":"https:\/\/sepam.com.br\/es\/wp-json\/wp\/v2\/categories?post=6952"},{"taxonomy":"post_tag","embeddable":true,"href":"https:\/\/sepam.com.br\/es\/wp-json\/wp\/v2\/tags?post=6952"}],"curies":[{"name":"wp","href":"https:\/\/api.w.org\/{rel}","templated":true}]}}