{"id":6948,"date":"2025-08-28T10:47:15","date_gmt":"2025-08-28T13:47:15","guid":{"rendered":"https:\/\/dev.alisonandrei.com.br\/noticia\/sepam-e-homenageado-em-evento-que-reconhece-as-maiores-empresas-de-ponta-grossa\/"},"modified":"2025-11-24T10:53:36","modified_gmt":"2025-11-24T13:53:36","slug":"sepam-e-homenageado-em-evento-que-reconhece-as-maiores-empresas-de-ponta-grossa","status":"publish","type":"post","link":"https:\/\/sepam.com.br\/es\/sepam-e-homenageado-em-evento-que-reconhece-as-maiores-empresas-de-ponta-grossa\/","title":{"rendered":"Sepam \u00e9 homenageado em evento que reconhece as maiores empresas de Ponta Grossa"},"content":{"rendered":"<p><i><span style=\"font-weight: 400;\">\u00danico col\u00e9gio indicado na premia\u00e7\u00e3o, o Sepam est\u00e1 entre empresas que mais recolheram ISSQN<\/span><\/i><\/p>\n<p><span style=\"font-weight: 400;\">Nesta segunda-feira (03), o Col\u00e9gio Sepam foi um dos homenageados na premia\u00e7\u00e3o 40+, promovida pela Prefeitura Municipal de Ponta Grossa. A premia\u00e7\u00e3o, que est\u00e1 na segunda edi\u00e7\u00e3o, reconhece as maiores empresas da cidade por setor de atua\u00e7\u00e3o. O Sepam, \u00fanico col\u00e9gio a ser indicado, ficou entre os dez maiores contribuintes no recolhimento de Imposto Sobre Servi\u00e7o de Qualquer Natureza (ISSQN).<\/span><\/p>\n<p><span style=\"font-weight: 400;\">Para Roberto Mongruel, um dos s\u00f3cios da Sociedade Educacional Professor Altair Mongruel (Sepam) mantenedora do Col\u00e9gio e que recebeu a homenagem, o pr\u00eamio reconhece um trabalho que vem sendo desenvolvido h\u00e1 80 anos, desde quando a institui\u00e7\u00e3o foi fundada. \u201cA import\u00e2ncia da postura \u00e9tica sempre teve destaque no aprendizado de nossos alunos, sendo assim, no dia a dia da empresa n\u00e3o poderia ser diferente. No nosso pa\u00eds crise \u00e9, tamb\u00e9m, reflexo da a\u00e7\u00e3o incorreta das pessoas. Toda empresa, para ser cidad\u00e3, deve estar em dia com suas obriga\u00e7\u00f5es fiscais e tribut\u00e1rias. Temos orgulho em receber essa homenagem\u201d, afirma Mongruel.<\/span><\/p>\n<p><span style=\"font-weight: 400;\">O evento divulgou e premiou o ranking das dez maiores geradoras de valor adicionado na ind\u00fastria, com\u00e9rcio e servi\u00e7os, al\u00e9m das dez maiores contribuintes de ISSQN, tributo que incide sobre a presta\u00e7\u00e3o de servi\u00e7os, sendo todos os valores referentes ao ano-base de 2017. Durante a ocasi\u00e3o tamb\u00e9m foi feito um reconhecimento p\u00fablico de treze institui\u00e7\u00f5es que se destacaram junto \u00e0 gest\u00e3o p\u00fablica em projetos esportivos, culturais e relacionados ao meio ambiente, turismo e assist\u00eancia social, baseado nas atividades de 2018. A premia\u00e7\u00e3o aconteceu na Sede Regional da Sicredi Campos Gerais.<\/span><\/p>\n","protected":false},"excerpt":{"rendered":"<p>\u00danico col\u00e9gio indicado na premia\u00e7\u00e3o, o Sepam est\u00e1 entre empresas que mais recolheram ISSQN Nesta segunda-feira (03), o Col\u00e9gio Sepam foi um dos homenageados na premia\u00e7\u00e3o 40+, promovida pela Prefeitura Municipal de Ponta Grossa. A premia\u00e7\u00e3o, que est\u00e1 na segunda edi\u00e7\u00e3o, reconhece as maiores empresas da cidade por setor de atua\u00e7\u00e3o. O Sepam, \u00fanico col\u00e9gio [&hellip;]<\/p>\n","protected":false},"author":13,"featured_media":0,"comment_status":"open","ping_status":"open","sticky":false,"template":"","format":"standard","meta":{"footnotes":""},"categories":[21],"tags":[],"class_list":["post-6948","post","type-post","status-publish","format-standard","hentry","category-colegio-sepam"],"yoast_head":"<!-- This site is optimized with the Yoast SEO plugin v28.4 - https:\/\/yoast.com\/product\/yoast-seo-wordpress\/ -->\n<title>Sepam \u00e9 homenageado em evento que reconhece as maiores empresas de Ponta Grossa<\/title>\n<meta name=\"description\" content=\"\u00danico col\u00e9gio indicado na premia\u00e7\u00e3o, o Sepam est\u00e1 entre empresas que mais recolheram ISSQN Nesta segunda-feira (03), o Col\u00e9gio Sepam foi um dos homenageados na premia\u00e7\u00e3o 40+, promovida pela Prefeitura Municipal de Ponta Grossa. A premia\u00e7\u00e3o, que est\u00e1 na segunda edi\u00e7\u00e3o, reconhece as maiores empresas da cidade por setor de atua\u00e7\u00e3o. O Sepam, \u00fanico col\u00e9gio&hellip;\" \/>\n<meta name=\"robots\" content=\"index, follow, max-snippet:-1, max-image-preview:large, max-video-preview:-1\" \/>\n<link rel=\"canonical\" href=\"https:\/\/sepam.com.br\/es\/sepam-e-homenageado-em-evento-que-reconhece-as-maiores-empresas-de-ponta-grossa\/\" \/>\n<meta property=\"og:locale\" content=\"es_ES\" \/>\n<meta property=\"og:type\" content=\"article\" \/>\n<meta property=\"og:title\" content=\"Sepam \u00e9 homenageado em evento que reconhece as maiores empresas de Ponta Grossa\" \/>\n<meta property=\"og:description\" content=\"\u00danico col\u00e9gio indicado na premia\u00e7\u00e3o, o Sepam est\u00e1 entre empresas que mais recolheram ISSQN Nesta segunda-feira (03), o Col\u00e9gio Sepam foi um dos homenageados na premia\u00e7\u00e3o 40+, promovida pela Prefeitura Municipal de Ponta Grossa. A premia\u00e7\u00e3o, que est\u00e1 na segunda edi\u00e7\u00e3o, reconhece as maiores empresas da cidade por setor de atua\u00e7\u00e3o. O Sepam, \u00fanico col\u00e9gio&hellip;\" \/>\n<meta property=\"og:url\" content=\"https:\/\/sepam.com.br\/es\/sepam-e-homenageado-em-evento-que-reconhece-as-maiores-empresas-de-ponta-grossa\/\" \/>\n<meta property=\"og:site_name\" content=\"Col\u00e9gio Sepam\" \/>\n<meta property=\"article:published_time\" content=\"2025-08-28T13:47:15+00:00\" \/>\n<meta property=\"article:modified_time\" content=\"2025-11-24T13:53:36+00:00\" \/>\n<meta name=\"author\" content=\"Sepam\" \/>\n<meta name=\"twitter:card\" content=\"summary_large_image\" \/>\n<meta name=\"twitter:label1\" content=\"Escrito por\" \/>\n\t<meta name=\"twitter:data1\" content=\"Sepam\" \/>\n\t<meta name=\"twitter:label2\" content=\"Tiempo de lectura\" \/>\n\t<meta name=\"twitter:data2\" content=\"1 minuto\" \/>\n<script type=\"application\/ld+json\" class=\"yoast-schema-graph\">{\"@context\":\"https:\\\/\\\/schema.org\",\"@graph\":[{\"@type\":\"Article\",\"@id\":\"https:\\\/\\\/sepam.com.br\\\/es\\\/sepam-e-homenageado-em-evento-que-reconhece-as-maiores-empresas-de-ponta-grossa\\\/#article\",\"isPartOf\":{\"@id\":\"https:\\\/\\\/sepam.com.br\\\/es\\\/sepam-e-homenageado-em-evento-que-reconhece-as-maiores-empresas-de-ponta-grossa\\\/\"},\"author\":{\"name\":\"Sepam\",\"@id\":\"https:\\\/\\\/sepam.com.br\\\/#\\\/schema\\\/person\\\/bfa2996c649a5a6d822766f6e64eb7fd\"},\"headline\":\"Sepam \u00e9 homenageado em evento que reconhece as maiores empresas de Ponta Grossa\",\"datePublished\":\"2025-08-28T13:47:15+00:00\",\"dateModified\":\"2025-11-24T13:53:36+00:00\",\"mainEntityOfPage\":{\"@id\":\"https:\\\/\\\/sepam.com.br\\\/es\\\/sepam-e-homenageado-em-evento-que-reconhece-as-maiores-empresas-de-ponta-grossa\\\/\"},\"wordCount\":302,\"commentCount\":0,\"publisher\":{\"@id\":\"https:\\\/\\\/sepam.com.br\\\/#organization\"},\"articleSection\":[\"Colegio Sepam\"],\"inLanguage\":\"es\",\"potentialAction\":[{\"@type\":\"CommentAction\",\"name\":\"Comment\",\"target\":[\"https:\\\/\\\/sepam.com.br\\\/es\\\/sepam-e-homenageado-em-evento-que-reconhece-as-maiores-empresas-de-ponta-grossa\\\/#respond\"]}]},{\"@type\":\"WebPage\",\"@id\":\"https:\\\/\\\/sepam.com.br\\\/es\\\/sepam-e-homenageado-em-evento-que-reconhece-as-maiores-empresas-de-ponta-grossa\\\/\",\"url\":\"https:\\\/\\\/sepam.com.br\\\/es\\\/sepam-e-homenageado-em-evento-que-reconhece-as-maiores-empresas-de-ponta-grossa\\\/\",\"name\":\"Sepam \u00e9 homenageado em evento que reconhece as maiores empresas de Ponta Grossa - Col\u00e9gio Sepam\",\"isPartOf\":{\"@id\":\"https:\\\/\\\/sepam.com.br\\\/#website\"},\"datePublished\":\"2025-08-28T13:47:15+00:00\",\"dateModified\":\"2025-11-24T13:53:36+00:00\",\"breadcrumb\":{\"@id\":\"https:\\\/\\\/sepam.com.br\\\/es\\\/sepam-e-homenageado-em-evento-que-reconhece-as-maiores-empresas-de-ponta-grossa\\\/#breadcrumb\"},\"inLanguage\":\"es\",\"potentialAction\":[{\"@type\":\"ReadAction\",\"target\":[\"https:\\\/\\\/sepam.com.br\\\/es\\\/sepam-e-homenageado-em-evento-que-reconhece-as-maiores-empresas-de-ponta-grossa\\\/\"]}]},{\"@type\":\"BreadcrumbList\",\"@id\":\"https:\\\/\\\/sepam.com.br\\\/es\\\/sepam-e-homenageado-em-evento-que-reconhece-as-maiores-empresas-de-ponta-grossa\\\/#breadcrumb\",\"itemListElement\":[{\"@type\":\"ListItem\",\"position\":1,\"name\":\"Boas Vindas\",\"item\":\"https:\\\/\\\/sepam.com.br\\\/\"},{\"@type\":\"ListItem\",\"position\":2,\"name\":\"Sepam \u00e9 homenageado em evento que reconhece as maiores empresas de Ponta Grossa\"}]},{\"@type\":\"WebSite\",\"@id\":\"https:\\\/\\\/sepam.com.br\\\/es\\\/#website\",\"url\":\"https:\\\/\\\/sepam.com.br\\\/es\\\/\",\"name\":\"Col\u00e9gio Sepam\",\"description\":\"Ensino Incompar\u00e1vel\",\"publisher\":{\"@id\":\"https:\\\/\\\/sepam.com.br\\\/es\\\/#organization\"},\"potentialAction\":[{\"@type\":\"SearchAction\",\"target\":{\"@type\":\"EntryPoint\",\"urlTemplate\":\"https:\\\/\\\/sepam.com.br\\\/es\\\/?s={search_term_string}\"},\"query-input\":{\"@type\":\"PropertyValueSpecification\",\"valueRequired\":true,\"valueName\":\"search_term_string\"}}],\"inLanguage\":\"es\"},{\"@type\":\"Organization\",\"@id\":\"https:\\\/\\\/sepam.com.br\\\/es\\\/#organization\",\"name\":\"Col\u00e9gio Sepam\",\"url\":\"https:\\\/\\\/sepam.com.br\\\/es\\\/\",\"logo\":{\"@type\":\"ImageObject\",\"inLanguage\":\"es\",\"@id\":\"https:\\\/\\\/sepam.com.br\\\/es\\\/#\\\/schema\\\/logo\\\/image\\\/\",\"url\":\"https:\\\/\\\/sepam.com.br\\\/wp-content\\\/uploads\\\/2025\\\/02\\\/Ativo-2.png\",\"contentUrl\":\"https:\\\/\\\/sepam.com.br\\\/wp-content\\\/uploads\\\/2025\\\/02\\\/Ativo-2.png\",\"width\":595,\"height\":525,\"caption\":\"Col\u00e9gio Sepam\"},\"image\":{\"@id\":\"https:\\\/\\\/sepam.com.br\\\/es\\\/#\\\/schema\\\/logo\\\/image\\\/\"}},{\"@type\":\"Person\",\"@id\":\"https:\\\/\\\/sepam.com.br\\\/#\\\/schema\\\/person\\\/bfa2996c649a5a6d822766f6e64eb7fd\",\"name\":\"Sepam\",\"image\":{\"@type\":\"ImageObject\",\"inLanguage\":\"es\",\"@id\":\"https:\\\/\\\/secure.gravatar.com\\\/avatar\\\/0219e64664f5861998ad57a3432eb4bd5fd99a34c7cc9bc44b3c59dfb830db85?s=96&d=mm&r=g\",\"url\":\"https:\\\/\\\/secure.gravatar.com\\\/avatar\\\/0219e64664f5861998ad57a3432eb4bd5fd99a34c7cc9bc44b3c59dfb830db85?s=96&d=mm&r=g\",\"contentUrl\":\"https:\\\/\\\/secure.gravatar.com\\\/avatar\\\/0219e64664f5861998ad57a3432eb4bd5fd99a34c7cc9bc44b3c59dfb830db85?s=96&d=mm&r=g\",\"caption\":\"Sepam\"},\"url\":\"https:\\\/\\\/sepam.com.br\\\/es\\\/author\\\/sepam\\\/\"}]}<\/script>\n<!-- \/ Yoast SEO plugin. -->","yoast_head_json":{"title":"Sepam \u00e9 homenageado em evento que reconhece as maiores empresas de Ponta Grossa","description":"\u00danico col\u00e9gio indicado na premia\u00e7\u00e3o, o Sepam est\u00e1 entre empresas que mais recolheram ISSQN Nesta segunda-feira (03), o Col\u00e9gio Sepam foi um dos homenageados na premia\u00e7\u00e3o 40+, promovida pela Prefeitura Municipal de Ponta Grossa. A premia\u00e7\u00e3o, que est\u00e1 na segunda edi\u00e7\u00e3o, reconhece as maiores empresas da cidade por setor de atua\u00e7\u00e3o. O Sepam, \u00fanico col\u00e9gio&hellip;","robots":{"index":"index","follow":"follow","max-snippet":"max-snippet:-1","max-image-preview":"max-image-preview:large","max-video-preview":"max-video-preview:-1"},"canonical":"https:\/\/sepam.com.br\/es\/sepam-e-homenageado-em-evento-que-reconhece-as-maiores-empresas-de-ponta-grossa\/","og_locale":"es_ES","og_type":"article","og_title":"Sepam \u00e9 homenageado em evento que reconhece as maiores empresas de Ponta Grossa","og_description":"\u00danico col\u00e9gio indicado na premia\u00e7\u00e3o, o Sepam est\u00e1 entre empresas que mais recolheram ISSQN Nesta segunda-feira (03), o Col\u00e9gio Sepam foi um dos homenageados na premia\u00e7\u00e3o 40+, promovida pela Prefeitura Municipal de Ponta Grossa. A premia\u00e7\u00e3o, que est\u00e1 na segunda edi\u00e7\u00e3o, reconhece as maiores empresas da cidade por setor de atua\u00e7\u00e3o. O Sepam, \u00fanico col\u00e9gio&hellip;","og_url":"https:\/\/sepam.com.br\/es\/sepam-e-homenageado-em-evento-que-reconhece-as-maiores-empresas-de-ponta-grossa\/","og_site_name":"Col\u00e9gio Sepam","article_published_time":"2025-08-28T13:47:15+00:00","article_modified_time":"2025-11-24T13:53:36+00:00","author":"Sepam","twitter_card":"summary_large_image","twitter_misc":{"Escrito por":"Sepam","Tiempo de lectura":"1 minuto"},"schema":{"@context":"https:\/\/schema.org","@graph":[{"@type":"Article","@id":"https:\/\/sepam.com.br\/es\/sepam-e-homenageado-em-evento-que-reconhece-as-maiores-empresas-de-ponta-grossa\/#article","isPartOf":{"@id":"https:\/\/sepam.com.br\/es\/sepam-e-homenageado-em-evento-que-reconhece-as-maiores-empresas-de-ponta-grossa\/"},"author":{"name":"Sepam","@id":"https:\/\/sepam.com.br\/#\/schema\/person\/bfa2996c649a5a6d822766f6e64eb7fd"},"headline":"Sepam \u00e9 homenageado em evento que reconhece as maiores empresas de Ponta Grossa","datePublished":"2025-08-28T13:47:15+00:00","dateModified":"2025-11-24T13:53:36+00:00","mainEntityOfPage":{"@id":"https:\/\/sepam.com.br\/es\/sepam-e-homenageado-em-evento-que-reconhece-as-maiores-empresas-de-ponta-grossa\/"},"wordCount":302,"commentCount":0,"publisher":{"@id":"https:\/\/sepam.com.br\/#organization"},"articleSection":["Colegio Sepam"],"inLanguage":"es","potentialAction":[{"@type":"CommentAction","name":"Comment","target":["https:\/\/sepam.com.br\/es\/sepam-e-homenageado-em-evento-que-reconhece-as-maiores-empresas-de-ponta-grossa\/#respond"]}]},{"@type":"WebPage","@id":"https:\/\/sepam.com.br\/es\/sepam-e-homenageado-em-evento-que-reconhece-as-maiores-empresas-de-ponta-grossa\/","url":"https:\/\/sepam.com.br\/es\/sepam-e-homenageado-em-evento-que-reconhece-as-maiores-empresas-de-ponta-grossa\/","name":"Sepam \u00e9 homenageado em evento que reconhece as maiores empresas de Ponta Grossa - Col\u00e9gio Sepam","isPartOf":{"@id":"https:\/\/sepam.com.br\/#website"},"datePublished":"2025-08-28T13:47:15+00:00","dateModified":"2025-11-24T13:53:36+00:00","breadcrumb":{"@id":"https:\/\/sepam.com.br\/es\/sepam-e-homenageado-em-evento-que-reconhece-as-maiores-empresas-de-ponta-grossa\/#breadcrumb"},"inLanguage":"es","potentialAction":[{"@type":"ReadAction","target":["https:\/\/sepam.com.br\/es\/sepam-e-homenageado-em-evento-que-reconhece-as-maiores-empresas-de-ponta-grossa\/"]}]},{"@type":"BreadcrumbList","@id":"https:\/\/sepam.com.br\/es\/sepam-e-homenageado-em-evento-que-reconhece-as-maiores-empresas-de-ponta-grossa\/#breadcrumb","itemListElement":[{"@type":"ListItem","position":1,"name":"Boas Vindas","item":"https:\/\/sepam.com.br\/"},{"@type":"ListItem","position":2,"name":"Sepam \u00e9 homenageado em evento que reconhece as maiores empresas de Ponta Grossa"}]},{"@type":"WebSite","@id":"https:\/\/sepam.com.br\/es\/#website","url":"https:\/\/sepam.com.br\/es\/","name":"Col\u00e9gio Sepam","description":"Ensino Incompar\u00e1vel","publisher":{"@id":"https:\/\/sepam.com.br\/es\/#organization"},"potentialAction":[{"@type":"SearchAction","target":{"@type":"EntryPoint","urlTemplate":"https:\/\/sepam.com.br\/es\/?s={search_term_string}"},"query-input":{"@type":"PropertyValueSpecification","valueRequired":true,"valueName":"search_term_string"}}],"inLanguage":"es"},{"@type":"Organization","@id":"https:\/\/sepam.com.br\/es\/#organization","name":"Col\u00e9gio Sepam","url":"https:\/\/sepam.com.br\/es\/","logo":{"@type":"ImageObject","inLanguage":"es","@id":"https:\/\/sepam.com.br\/es\/#\/schema\/logo\/image\/","url":"https:\/\/sepam.com.br\/wp-content\/uploads\/2025\/02\/Ativo-2.png","contentUrl":"https:\/\/sepam.com.br\/wp-content\/uploads\/2025\/02\/Ativo-2.png","width":595,"height":525,"caption":"Col\u00e9gio Sepam"},"image":{"@id":"https:\/\/sepam.com.br\/es\/#\/schema\/logo\/image\/"}},{"@type":"Person","@id":"https:\/\/sepam.com.br\/#\/schema\/person\/bfa2996c649a5a6d822766f6e64eb7fd","name":"Sepam","image":{"@type":"ImageObject","inLanguage":"es","@id":"https:\/\/secure.gravatar.com\/avatar\/0219e64664f5861998ad57a3432eb4bd5fd99a34c7cc9bc44b3c59dfb830db85?s=96&d=mm&r=g","url":"https:\/\/secure.gravatar.com\/avatar\/0219e64664f5861998ad57a3432eb4bd5fd99a34c7cc9bc44b3c59dfb830db85?s=96&d=mm&r=g","contentUrl":"https:\/\/secure.gravatar.com\/avatar\/0219e64664f5861998ad57a3432eb4bd5fd99a34c7cc9bc44b3c59dfb830db85?s=96&d=mm&r=g","caption":"Sepam"},"url":"https:\/\/sepam.com.br\/es\/author\/sepam\/"}]}},"_links":{"self":[{"href":"https:\/\/sepam.com.br\/es\/wp-json\/wp\/v2\/posts\/6948","targetHints":{"allow":["GET"]}}],"collection":[{"href":"https:\/\/sepam.com.br\/es\/wp-json\/wp\/v2\/posts"}],"about":[{"href":"https:\/\/sepam.com.br\/es\/wp-json\/wp\/v2\/types\/post"}],"author":[{"embeddable":true,"href":"https:\/\/sepam.com.br\/es\/wp-json\/wp\/v2\/users\/13"}],"replies":[{"embeddable":true,"href":"https:\/\/sepam.com.br\/es\/wp-json\/wp\/v2\/comments?post=6948"}],"version-history":[{"count":1,"href":"https:\/\/sepam.com.br\/es\/wp-json\/wp\/v2\/posts\/6948\/revisions"}],"predecessor-version":[{"id":7412,"href":"https:\/\/sepam.com.br\/es\/wp-json\/wp\/v2\/posts\/6948\/revisions\/7412"}],"wp:attachment":[{"href":"https:\/\/sepam.com.br\/es\/wp-json\/wp\/v2\/media?parent=6948"}],"wp:term":[{"taxonomy":"category","embeddable":true,"href":"https:\/\/sepam.com.br\/es\/wp-json\/wp\/v2\/categories?post=6948"},{"taxonomy":"post_tag","embeddable":true,"href":"https:\/\/sepam.com.br\/es\/wp-json\/wp\/v2\/tags?post=6948"}],"curies":[{"name":"wp","href":"https:\/\/api.w.org\/{rel}","templated":true}]}}