{"id":6943,"date":"2025-08-28T10:47:15","date_gmt":"2025-08-28T13:47:15","guid":{"rendered":"https:\/\/dev.alisonandrei.com.br\/noticia\/thanksgiving-day-no-sepam\/"},"modified":"2025-11-24T10:53:36","modified_gmt":"2025-11-24T13:53:36","slug":"thanksgiving-day-no-sepam","status":"publish","type":"post","link":"https:\/\/sepam.com.br\/es\/thanksgiving-day-no-sepam\/","title":{"rendered":"Thanksgiving Day no SEPAM"},"content":{"rendered":"<p>Como parte do projeto bil\u00edngue do SEPAM, as celebra\u00e7\u00f5es do <em>Thanksgiving<\/em> (dia de A\u00e7\u00e3o de Gra\u00e7as) est\u00e3o presentes no nosso curr\u00edculo.\u00a0 Essa data \u00e9 destinada \u00e0 reflex\u00e3o e \u00e0 gratid\u00e3o pelos bons acontecimentos ocorridos durante o ano. O <em>Thanksgiving<\/em> \u00e9 celebrado na quarta quinta-feira do m\u00eas de novembro.<\/p>\n<p>No dia de A\u00e7\u00e3o de Gra\u00e7as nossos alunos participam de atividades relacionadas aos valores de gratid\u00e3o, partilha e amor ao pr\u00f3ximo, e tamb\u00e9m confraternizam em piqueniques e almo\u00e7os organizados no Col\u00e9gio.<\/p>\n<p>&nbsp;<\/p>\n<hr \/>\n<h3>Agradecimentos dos alunos do 8\u00ba ano A<\/h3>\n<p><em>This year was good again, we are super glad for the new students and the new teachers, we had new experiences that good or bad, both were really important for us. <\/em><\/p>\n<p><em>Firstly we would like to give thanks to everything and everyone that made this amazing and productive year happen. Althought we regret many things, we all understand that knowledge come with fails, and the most important thing is to learn with them. We will miss this class, all of us. Even with all the fights and lectures from the teachers, the class will always be together and united. With the pass of time, some of us can not remember our classmates and some can even not be with us next year, but in one year, with all the new people we could get along and happy. <\/em><\/p>\n<p><em>Besides the bad things that happened (fights and discussions) we are so greatful for the good things. Mainly our private jokes&#8230; So, hopefully next year we can be the best again.<\/em><\/p>\n<hr \/>\n<h3>Agradecimentos dos alunos do 8\u00ba ano B<\/h3>\n<p><em>Today, we would like to thank everthing that happened this year inside our class. We are glad we could enjoy 2018 with all our dear friends and teachers. We also want to thank that this year we could stay in a great room, with great people and amazing masters.<\/em><\/p>\n<p><em>We would like to give thanks for all the things we have learned and had the opportunity to enjoy with our teachers and friends all the moments. We will miss all the great things that happened this year.<\/em><\/p>\n<p><em>We from 8th grade B, would like to thanks our teachers, for having patient with us even we being kind of stubborn (we know that). Also we would like to thank Alvaro and Carlos, for saving us from the heat, turning the air conditioning on. In general, we would like to thank our school, we are greatful for so many opportunities in our lives. Thanks for all.<\/em><\/p>\n<hr \/>\n<h3>Agradecimentos dos alunos do 9\u00ba ano A<\/h3>\n<p><em>This year was a very positive and happy year. We made a lot of friends, it was a year with lots of study and dedication, we were always trying to improve ourselves and now we\u2019re in the best part of the year, the end. <\/em><\/p>\n<p><em>We appreciated every moment, we made every second a perfect time in our lives. This year will be in our memories forever. We want to thank every teacher for their explanations, we also want to thank every person of the class because together we formed the best class in Sepam. Each one of us has a specific and important play in it. <\/em><\/p>\n<p><em>Thaks for all that happened in 2018 because it improved our maturity. We even give thanks for the bad moments we had, because with them we could learn from our mistakes and be better. So thanks 2018, for being an amazing year.<\/em><\/p>\n<hr \/>\n<h3>Agradecimentos dos alunos do 9\u00ba ano B<\/h3>\n<p><em>If we could describe this year in one word, this word would be evolution. We showed maturity and determination in crucials moments. This year we met great new teachers that helped us to improve not only our academic knowlodge but helped us to become better people. <\/em><\/p>\n<p><em>We give thanks for the moments that we passed together, for the friendship that we created over this year, for the tests that prepared us to the future and that showed us that we are capable of going beyonde what we have imagined! We had amazing experiences and we are greatful for that. We are sure that the next year is going to be even better, we grew up a lot as human beings and we give thanks for all the good grades wishing they could be better in 2019. <\/em><\/p>\n<p><em>So, we give thanks to 2018 for being the year that showed us that we are able to improve our capacities, through our experiences that soon will be a great memory.<\/em><\/p>\n","protected":false},"excerpt":{"rendered":"<p>Como parte do projeto bil\u00edngue do SEPAM, as celebra\u00e7\u00f5es do Thanksgiving (dia de A\u00e7\u00e3o de Gra\u00e7as) est\u00e3o presentes no nosso curr\u00edculo.\u00a0 Essa data \u00e9 destinada \u00e0 reflex\u00e3o e \u00e0 gratid\u00e3o pelos bons acontecimentos ocorridos durante o ano. O Thanksgiving \u00e9 celebrado na quarta quinta-feira do m\u00eas de novembro. No dia de A\u00e7\u00e3o de Gra\u00e7as nossos [&hellip;]<\/p>\n","protected":false},"author":13,"featured_media":0,"comment_status":"open","ping_status":"open","sticky":false,"template":"","format":"standard","meta":{"footnotes":""},"categories":[21],"tags":[],"class_list":["post-6943","post","type-post","status-publish","format-standard","hentry","category-colegio-sepam"],"yoast_head":"<!-- This site is optimized with the Yoast SEO plugin v28.4 - https:\/\/yoast.com\/product\/yoast-seo-wordpress\/ -->\n<title>Thanksgiving Day no SEPAM<\/title>\n<meta name=\"description\" content=\"Como parte do projeto bil\u00edngue do SEPAM, as celebra\u00e7\u00f5es do Thanksgiving (dia de A\u00e7\u00e3o de Gra\u00e7as) est\u00e3o presentes no nosso curr\u00edculo.\u00a0 Essa data \u00e9 destinada \u00e0 reflex\u00e3o e \u00e0 gratid\u00e3o pelos bons acontecimentos ocorridos durante o ano. O Thanksgiving \u00e9 celebrado na quarta quinta-feira do m\u00eas de novembro. No dia de A\u00e7\u00e3o de Gra\u00e7as nossos&hellip;\" \/>\n<meta name=\"robots\" content=\"index, follow, max-snippet:-1, max-image-preview:large, max-video-preview:-1\" \/>\n<link rel=\"canonical\" href=\"https:\/\/sepam.com.br\/es\/thanksgiving-day-no-sepam\/\" \/>\n<meta property=\"og:locale\" content=\"es_ES\" \/>\n<meta property=\"og:type\" content=\"article\" \/>\n<meta property=\"og:title\" content=\"Thanksgiving Day no SEPAM\" \/>\n<meta property=\"og:description\" content=\"Como parte do projeto bil\u00edngue do SEPAM, as celebra\u00e7\u00f5es do Thanksgiving (dia de A\u00e7\u00e3o de Gra\u00e7as) est\u00e3o presentes no nosso curr\u00edculo.\u00a0 Essa data \u00e9 destinada \u00e0 reflex\u00e3o e \u00e0 gratid\u00e3o pelos bons acontecimentos ocorridos durante o ano. O Thanksgiving \u00e9 celebrado na quarta quinta-feira do m\u00eas de novembro. No dia de A\u00e7\u00e3o de Gra\u00e7as nossos&hellip;\" \/>\n<meta property=\"og:url\" content=\"https:\/\/sepam.com.br\/es\/thanksgiving-day-no-sepam\/\" \/>\n<meta property=\"og:site_name\" content=\"Col\u00e9gio Sepam\" \/>\n<meta property=\"article:published_time\" content=\"2025-08-28T13:47:15+00:00\" \/>\n<meta property=\"article:modified_time\" content=\"2025-11-24T13:53:36+00:00\" \/>\n<meta name=\"author\" content=\"Sepam\" \/>\n<meta name=\"twitter:card\" content=\"summary_large_image\" \/>\n<meta name=\"twitter:label1\" content=\"Escrito por\" \/>\n\t<meta name=\"twitter:data1\" content=\"Sepam\" \/>\n\t<meta name=\"twitter:label2\" content=\"Tiempo de lectura\" \/>\n\t<meta name=\"twitter:data2\" content=\"4 minutos\" \/>\n<script type=\"application\/ld+json\" class=\"yoast-schema-graph\">{\"@context\":\"https:\\\/\\\/schema.org\",\"@graph\":[{\"@type\":\"Article\",\"@id\":\"https:\\\/\\\/sepam.com.br\\\/es\\\/thanksgiving-day-no-sepam\\\/#article\",\"isPartOf\":{\"@id\":\"https:\\\/\\\/sepam.com.br\\\/es\\\/thanksgiving-day-no-sepam\\\/\"},\"author\":{\"name\":\"Sepam\",\"@id\":\"https:\\\/\\\/sepam.com.br\\\/#\\\/schema\\\/person\\\/bfa2996c649a5a6d822766f6e64eb7fd\"},\"headline\":\"Thanksgiving Day no SEPAM\",\"datePublished\":\"2025-08-28T13:47:15+00:00\",\"dateModified\":\"2025-11-24T13:53:36+00:00\",\"mainEntityOfPage\":{\"@id\":\"https:\\\/\\\/sepam.com.br\\\/es\\\/thanksgiving-day-no-sepam\\\/\"},\"wordCount\":753,\"commentCount\":0,\"publisher\":{\"@id\":\"https:\\\/\\\/sepam.com.br\\\/#organization\"},\"articleSection\":[\"Colegio Sepam\"],\"inLanguage\":\"es\",\"potentialAction\":[{\"@type\":\"CommentAction\",\"name\":\"Comment\",\"target\":[\"https:\\\/\\\/sepam.com.br\\\/es\\\/thanksgiving-day-no-sepam\\\/#respond\"]}]},{\"@type\":\"WebPage\",\"@id\":\"https:\\\/\\\/sepam.com.br\\\/es\\\/thanksgiving-day-no-sepam\\\/\",\"url\":\"https:\\\/\\\/sepam.com.br\\\/es\\\/thanksgiving-day-no-sepam\\\/\",\"name\":\"Thanksgiving Day no SEPAM - Col\u00e9gio Sepam\",\"isPartOf\":{\"@id\":\"https:\\\/\\\/sepam.com.br\\\/#website\"},\"datePublished\":\"2025-08-28T13:47:15+00:00\",\"dateModified\":\"2025-11-24T13:53:36+00:00\",\"breadcrumb\":{\"@id\":\"https:\\\/\\\/sepam.com.br\\\/es\\\/thanksgiving-day-no-sepam\\\/#breadcrumb\"},\"inLanguage\":\"es\",\"potentialAction\":[{\"@type\":\"ReadAction\",\"target\":[\"https:\\\/\\\/sepam.com.br\\\/es\\\/thanksgiving-day-no-sepam\\\/\"]}]},{\"@type\":\"BreadcrumbList\",\"@id\":\"https:\\\/\\\/sepam.com.br\\\/es\\\/thanksgiving-day-no-sepam\\\/#breadcrumb\",\"itemListElement\":[{\"@type\":\"ListItem\",\"position\":1,\"name\":\"Boas Vindas\",\"item\":\"https:\\\/\\\/sepam.com.br\\\/\"},{\"@type\":\"ListItem\",\"position\":2,\"name\":\"Thanksgiving Day no SEPAM\"}]},{\"@type\":\"WebSite\",\"@id\":\"https:\\\/\\\/sepam.com.br\\\/es\\\/#website\",\"url\":\"https:\\\/\\\/sepam.com.br\\\/es\\\/\",\"name\":\"Col\u00e9gio Sepam\",\"description\":\"Ensino Incompar\u00e1vel\",\"publisher\":{\"@id\":\"https:\\\/\\\/sepam.com.br\\\/es\\\/#organization\"},\"potentialAction\":[{\"@type\":\"SearchAction\",\"target\":{\"@type\":\"EntryPoint\",\"urlTemplate\":\"https:\\\/\\\/sepam.com.br\\\/es\\\/?s={search_term_string}\"},\"query-input\":{\"@type\":\"PropertyValueSpecification\",\"valueRequired\":true,\"valueName\":\"search_term_string\"}}],\"inLanguage\":\"es\"},{\"@type\":\"Organization\",\"@id\":\"https:\\\/\\\/sepam.com.br\\\/es\\\/#organization\",\"name\":\"Col\u00e9gio Sepam\",\"url\":\"https:\\\/\\\/sepam.com.br\\\/es\\\/\",\"logo\":{\"@type\":\"ImageObject\",\"inLanguage\":\"es\",\"@id\":\"https:\\\/\\\/sepam.com.br\\\/es\\\/#\\\/schema\\\/logo\\\/image\\\/\",\"url\":\"https:\\\/\\\/sepam.com.br\\\/wp-content\\\/uploads\\\/2025\\\/02\\\/Ativo-2.png\",\"contentUrl\":\"https:\\\/\\\/sepam.com.br\\\/wp-content\\\/uploads\\\/2025\\\/02\\\/Ativo-2.png\",\"width\":595,\"height\":525,\"caption\":\"Col\u00e9gio Sepam\"},\"image\":{\"@id\":\"https:\\\/\\\/sepam.com.br\\\/es\\\/#\\\/schema\\\/logo\\\/image\\\/\"}},{\"@type\":\"Person\",\"@id\":\"https:\\\/\\\/sepam.com.br\\\/#\\\/schema\\\/person\\\/bfa2996c649a5a6d822766f6e64eb7fd\",\"name\":\"Sepam\",\"image\":{\"@type\":\"ImageObject\",\"inLanguage\":\"es\",\"@id\":\"https:\\\/\\\/secure.gravatar.com\\\/avatar\\\/0219e64664f5861998ad57a3432eb4bd5fd99a34c7cc9bc44b3c59dfb830db85?s=96&d=mm&r=g\",\"url\":\"https:\\\/\\\/secure.gravatar.com\\\/avatar\\\/0219e64664f5861998ad57a3432eb4bd5fd99a34c7cc9bc44b3c59dfb830db85?s=96&d=mm&r=g\",\"contentUrl\":\"https:\\\/\\\/secure.gravatar.com\\\/avatar\\\/0219e64664f5861998ad57a3432eb4bd5fd99a34c7cc9bc44b3c59dfb830db85?s=96&d=mm&r=g\",\"caption\":\"Sepam\"},\"url\":\"https:\\\/\\\/sepam.com.br\\\/es\\\/author\\\/sepam\\\/\"}]}<\/script>\n<!-- \/ Yoast SEO plugin. -->","yoast_head_json":{"title":"Thanksgiving Day no SEPAM","description":"Como parte do projeto bil\u00edngue do SEPAM, as celebra\u00e7\u00f5es do Thanksgiving (dia de A\u00e7\u00e3o de Gra\u00e7as) est\u00e3o presentes no nosso curr\u00edculo.\u00a0 Essa data \u00e9 destinada \u00e0 reflex\u00e3o e \u00e0 gratid\u00e3o pelos bons acontecimentos ocorridos durante o ano. O Thanksgiving \u00e9 celebrado na quarta quinta-feira do m\u00eas de novembro. No dia de A\u00e7\u00e3o de Gra\u00e7as nossos&hellip;","robots":{"index":"index","follow":"follow","max-snippet":"max-snippet:-1","max-image-preview":"max-image-preview:large","max-video-preview":"max-video-preview:-1"},"canonical":"https:\/\/sepam.com.br\/es\/thanksgiving-day-no-sepam\/","og_locale":"es_ES","og_type":"article","og_title":"Thanksgiving Day no SEPAM","og_description":"Como parte do projeto bil\u00edngue do SEPAM, as celebra\u00e7\u00f5es do Thanksgiving (dia de A\u00e7\u00e3o de Gra\u00e7as) est\u00e3o presentes no nosso curr\u00edculo.\u00a0 Essa data \u00e9 destinada \u00e0 reflex\u00e3o e \u00e0 gratid\u00e3o pelos bons acontecimentos ocorridos durante o ano. O Thanksgiving \u00e9 celebrado na quarta quinta-feira do m\u00eas de novembro. No dia de A\u00e7\u00e3o de Gra\u00e7as nossos&hellip;","og_url":"https:\/\/sepam.com.br\/es\/thanksgiving-day-no-sepam\/","og_site_name":"Col\u00e9gio Sepam","article_published_time":"2025-08-28T13:47:15+00:00","article_modified_time":"2025-11-24T13:53:36+00:00","author":"Sepam","twitter_card":"summary_large_image","twitter_misc":{"Escrito por":"Sepam","Tiempo de lectura":"4 minutos"},"schema":{"@context":"https:\/\/schema.org","@graph":[{"@type":"Article","@id":"https:\/\/sepam.com.br\/es\/thanksgiving-day-no-sepam\/#article","isPartOf":{"@id":"https:\/\/sepam.com.br\/es\/thanksgiving-day-no-sepam\/"},"author":{"name":"Sepam","@id":"https:\/\/sepam.com.br\/#\/schema\/person\/bfa2996c649a5a6d822766f6e64eb7fd"},"headline":"Thanksgiving Day no SEPAM","datePublished":"2025-08-28T13:47:15+00:00","dateModified":"2025-11-24T13:53:36+00:00","mainEntityOfPage":{"@id":"https:\/\/sepam.com.br\/es\/thanksgiving-day-no-sepam\/"},"wordCount":753,"commentCount":0,"publisher":{"@id":"https:\/\/sepam.com.br\/#organization"},"articleSection":["Colegio Sepam"],"inLanguage":"es","potentialAction":[{"@type":"CommentAction","name":"Comment","target":["https:\/\/sepam.com.br\/es\/thanksgiving-day-no-sepam\/#respond"]}]},{"@type":"WebPage","@id":"https:\/\/sepam.com.br\/es\/thanksgiving-day-no-sepam\/","url":"https:\/\/sepam.com.br\/es\/thanksgiving-day-no-sepam\/","name":"Thanksgiving Day no SEPAM - Col\u00e9gio Sepam","isPartOf":{"@id":"https:\/\/sepam.com.br\/#website"},"datePublished":"2025-08-28T13:47:15+00:00","dateModified":"2025-11-24T13:53:36+00:00","breadcrumb":{"@id":"https:\/\/sepam.com.br\/es\/thanksgiving-day-no-sepam\/#breadcrumb"},"inLanguage":"es","potentialAction":[{"@type":"ReadAction","target":["https:\/\/sepam.com.br\/es\/thanksgiving-day-no-sepam\/"]}]},{"@type":"BreadcrumbList","@id":"https:\/\/sepam.com.br\/es\/thanksgiving-day-no-sepam\/#breadcrumb","itemListElement":[{"@type":"ListItem","position":1,"name":"Boas Vindas","item":"https:\/\/sepam.com.br\/"},{"@type":"ListItem","position":2,"name":"Thanksgiving Day no SEPAM"}]},{"@type":"WebSite","@id":"https:\/\/sepam.com.br\/es\/#website","url":"https:\/\/sepam.com.br\/es\/","name":"Col\u00e9gio Sepam","description":"Ensino Incompar\u00e1vel","publisher":{"@id":"https:\/\/sepam.com.br\/es\/#organization"},"potentialAction":[{"@type":"SearchAction","target":{"@type":"EntryPoint","urlTemplate":"https:\/\/sepam.com.br\/es\/?s={search_term_string}"},"query-input":{"@type":"PropertyValueSpecification","valueRequired":true,"valueName":"search_term_string"}}],"inLanguage":"es"},{"@type":"Organization","@id":"https:\/\/sepam.com.br\/es\/#organization","name":"Col\u00e9gio Sepam","url":"https:\/\/sepam.com.br\/es\/","logo":{"@type":"ImageObject","inLanguage":"es","@id":"https:\/\/sepam.com.br\/es\/#\/schema\/logo\/image\/","url":"https:\/\/sepam.com.br\/wp-content\/uploads\/2025\/02\/Ativo-2.png","contentUrl":"https:\/\/sepam.com.br\/wp-content\/uploads\/2025\/02\/Ativo-2.png","width":595,"height":525,"caption":"Col\u00e9gio Sepam"},"image":{"@id":"https:\/\/sepam.com.br\/es\/#\/schema\/logo\/image\/"}},{"@type":"Person","@id":"https:\/\/sepam.com.br\/#\/schema\/person\/bfa2996c649a5a6d822766f6e64eb7fd","name":"Sepam","image":{"@type":"ImageObject","inLanguage":"es","@id":"https:\/\/secure.gravatar.com\/avatar\/0219e64664f5861998ad57a3432eb4bd5fd99a34c7cc9bc44b3c59dfb830db85?s=96&d=mm&r=g","url":"https:\/\/secure.gravatar.com\/avatar\/0219e64664f5861998ad57a3432eb4bd5fd99a34c7cc9bc44b3c59dfb830db85?s=96&d=mm&r=g","contentUrl":"https:\/\/secure.gravatar.com\/avatar\/0219e64664f5861998ad57a3432eb4bd5fd99a34c7cc9bc44b3c59dfb830db85?s=96&d=mm&r=g","caption":"Sepam"},"url":"https:\/\/sepam.com.br\/es\/author\/sepam\/"}]}},"_links":{"self":[{"href":"https:\/\/sepam.com.br\/es\/wp-json\/wp\/v2\/posts\/6943","targetHints":{"allow":["GET"]}}],"collection":[{"href":"https:\/\/sepam.com.br\/es\/wp-json\/wp\/v2\/posts"}],"about":[{"href":"https:\/\/sepam.com.br\/es\/wp-json\/wp\/v2\/types\/post"}],"author":[{"embeddable":true,"href":"https:\/\/sepam.com.br\/es\/wp-json\/wp\/v2\/users\/13"}],"replies":[{"embeddable":true,"href":"https:\/\/sepam.com.br\/es\/wp-json\/wp\/v2\/comments?post=6943"}],"version-history":[{"count":1,"href":"https:\/\/sepam.com.br\/es\/wp-json\/wp\/v2\/posts\/6943\/revisions"}],"predecessor-version":[{"id":7407,"href":"https:\/\/sepam.com.br\/es\/wp-json\/wp\/v2\/posts\/6943\/revisions\/7407"}],"wp:attachment":[{"href":"https:\/\/sepam.com.br\/es\/wp-json\/wp\/v2\/media?parent=6943"}],"wp:term":[{"taxonomy":"category","embeddable":true,"href":"https:\/\/sepam.com.br\/es\/wp-json\/wp\/v2\/categories?post=6943"},{"taxonomy":"post_tag","embeddable":true,"href":"https:\/\/sepam.com.br\/es\/wp-json\/wp\/v2\/tags?post=6943"}],"curies":[{"name":"wp","href":"https:\/\/api.w.org\/{rel}","templated":true}]}}