{"id":6935,"date":"2025-08-28T10:47:12","date_gmt":"2025-08-28T13:47:12","guid":{"rendered":"https:\/\/dev.alisonandrei.com.br\/noticia\/enxadristas-de-ponta-grossa-representam-o-parana-em-competicao-nacional\/"},"modified":"2025-11-24T10:53:37","modified_gmt":"2025-11-24T13:53:37","slug":"enxadristas-de-ponta-grossa-representam-o-parana-em-competicao-nacional","status":"publish","type":"post","link":"https:\/\/sepam.com.br\/es\/enxadristas-de-ponta-grossa-representam-o-parana-em-competicao-nacional\/","title":{"rendered":"Enxadristas de Ponta Grossa representam o Paran\u00e1 em competi\u00e7\u00e3o nacional"},"content":{"rendered":"<p><em><i><span style=\"font-weight: 400;\">Dois alunos do Col\u00e9gio Sepam disputam a fase final de xadrez nos Jogos Escolares da Juventude 2018, em Natal (RN)<\/span><\/i><\/em><\/p>\n<p><span style=\"font-weight: 400;\">Entre os dias 12 e 25 de novembro, em Natal, no Rio Grande do Norte, alunos do Col\u00e9gio Sepam competem na modalidade de xadrez da fase nacional dos Jogos Escolares da Juventude. A competi\u00e7\u00e3o, organizada pelo Comit\u00ea Ol\u00edmpico do Brasil (COB), re\u00fane mais de seis mil atletas entre 12 e 17 anos de escolas p\u00fablicas e particulares de todo o pa\u00eds. \u00a0<\/span><\/p>\n<p><span style=\"font-weight: 400;\">Leonardo Hisao Herai Borges, do 8\u00ba ano, na categoria 12 a 14 anos e Alexandre Fanckin, do 2\u00ba ano do Ensino Fundamental, na categoria 15 a 17 anos, representar\u00e3o o Paran\u00e1 no xadrez masculino. O t\u00e9cnico Lucas Silvestre Borges, tamb\u00e9m do Sepam, representar\u00e1 o estado pela quinta vez. Essa \u00e9 a 6\u00aa edi\u00e7\u00e3o dos Jogos Escolares da Juventude que o Sepam representa o Paran\u00e1 na competi\u00e7\u00e3o. Outros alunos do Col\u00e9gio j\u00e1 conquistaram medalhas de ouro e prata. Em 2011, Geovani Broday foi prata, e em 2013 conquistou o ouro. Al\u00e9m disso, outra aluna do Col\u00e9gio, Lara Malanowski, tamb\u00e9m foi ouro nos jogos nacionais no ano de 2013.<\/span><\/p>\n<p><span style=\"font-weight: 400;\">\u201c\u00c9 um torneio dif\u00edcil, de alto n\u00edvel t\u00e9cnico. Estamos com um ritmo de treinamento forte para essa competi\u00e7\u00e3o, buscando que nossos atletas tenham um bom rendimento nas partidas e, quem sabe, figurar entre os primeiros colocados\u201d, explica o treinador do Sepam.<\/span><\/p>\n<p><span style=\"font-weight: 400;\">Os dois enxadristas j\u00e1 possuem hist\u00f3rico de medalhas em importantes competi\u00e7\u00f5es. Leonardo \u00e9 campe\u00e3o paranaense sub 10, sub 12 e sub 14; campe\u00e3o dos Jogos Escolares do Paran\u00e1 2016 e 2018 na categoria 12 a 14 anos; 2\u00ba lugar no Brasileiro Escolar 2017, 2\u00ba Lugar no Paranaense Escolar na categoria 8\u00ba ano em 2018 e campe\u00e3o dos JOJUPS pela sele\u00e7\u00e3o de Ponta Grossa 2017 e vice-campe\u00e3o dos Jogos da Juventude do Paran\u00e1 (JOJUPS) 2018. Alexandre foi campe\u00e3o paranaense escolar sub 16, em 2018, primeiro lugar nos Jogos Escolares do Paran\u00e1 2018, categoria 15 a 17 anos, al\u00e9m de campe\u00e3o dos JOJUPS pela sele\u00e7\u00e3o de Ponta Grossa 2017 e vice-campe\u00e3o do JOJUPS 2018.<\/span><\/p>\n","protected":false},"excerpt":{"rendered":"<p>Dois alunos do Col\u00e9gio Sepam disputam a fase final de xadrez nos Jogos Escolares da Juventude 2018, em Natal (RN) Entre os dias 12 e 25 de novembro, em Natal, no Rio Grande do Norte, alunos do Col\u00e9gio Sepam competem na modalidade de xadrez da fase nacional dos Jogos Escolares da Juventude. A competi\u00e7\u00e3o, organizada [&hellip;]<\/p>\n","protected":false},"author":13,"featured_media":0,"comment_status":"open","ping_status":"open","sticky":false,"template":"","format":"standard","meta":{"footnotes":""},"categories":[21],"tags":[],"class_list":["post-6935","post","type-post","status-publish","format-standard","hentry","category-colegio-sepam"],"yoast_head":"<!-- This site is optimized with the Yoast SEO plugin v28.4 - https:\/\/yoast.com\/product\/yoast-seo-wordpress\/ -->\n<title>Enxadristas de Ponta Grossa representam o Paran\u00e1 em competi\u00e7\u00e3o nacional<\/title>\n<meta name=\"description\" content=\"Dois alunos do Col\u00e9gio Sepam disputam a fase final de xadrez nos Jogos Escolares da Juventude 2018, em Natal (RN) Entre os dias 12 e 25 de novembro, em Natal, no Rio Grande do Norte, alunos do Col\u00e9gio Sepam competem na modalidade de xadrez da fase nacional dos Jogos Escolares da Juventude. A competi\u00e7\u00e3o, organizada&hellip;\" \/>\n<meta name=\"robots\" content=\"index, follow, max-snippet:-1, max-image-preview:large, max-video-preview:-1\" \/>\n<link rel=\"canonical\" href=\"https:\/\/sepam.com.br\/es\/enxadristas-de-ponta-grossa-representam-o-parana-em-competicao-nacional\/\" \/>\n<meta property=\"og:locale\" content=\"es_ES\" \/>\n<meta property=\"og:type\" content=\"article\" \/>\n<meta property=\"og:title\" content=\"Enxadristas de Ponta Grossa representam o Paran\u00e1 em competi\u00e7\u00e3o nacional\" \/>\n<meta property=\"og:description\" content=\"Dois alunos do Col\u00e9gio Sepam disputam a fase final de xadrez nos Jogos Escolares da Juventude 2018, em Natal (RN) Entre os dias 12 e 25 de novembro, em Natal, no Rio Grande do Norte, alunos do Col\u00e9gio Sepam competem na modalidade de xadrez da fase nacional dos Jogos Escolares da Juventude. A competi\u00e7\u00e3o, organizada&hellip;\" \/>\n<meta property=\"og:url\" content=\"https:\/\/sepam.com.br\/es\/enxadristas-de-ponta-grossa-representam-o-parana-em-competicao-nacional\/\" \/>\n<meta property=\"og:site_name\" content=\"Col\u00e9gio Sepam\" \/>\n<meta property=\"article:published_time\" content=\"2025-08-28T13:47:12+00:00\" \/>\n<meta property=\"article:modified_time\" content=\"2025-11-24T13:53:37+00:00\" \/>\n<meta name=\"author\" content=\"Sepam\" \/>\n<meta name=\"twitter:card\" content=\"summary_large_image\" \/>\n<meta name=\"twitter:label1\" content=\"Escrito por\" \/>\n\t<meta name=\"twitter:data1\" content=\"Sepam\" \/>\n\t<meta name=\"twitter:label2\" content=\"Tiempo de lectura\" \/>\n\t<meta name=\"twitter:data2\" content=\"2 minutos\" \/>\n<script type=\"application\/ld+json\" class=\"yoast-schema-graph\">{\"@context\":\"https:\\\/\\\/schema.org\",\"@graph\":[{\"@type\":\"Article\",\"@id\":\"https:\\\/\\\/sepam.com.br\\\/es\\\/enxadristas-de-ponta-grossa-representam-o-parana-em-competicao-nacional\\\/#article\",\"isPartOf\":{\"@id\":\"https:\\\/\\\/sepam.com.br\\\/es\\\/enxadristas-de-ponta-grossa-representam-o-parana-em-competicao-nacional\\\/\"},\"author\":{\"name\":\"Sepam\",\"@id\":\"https:\\\/\\\/sepam.com.br\\\/#\\\/schema\\\/person\\\/bfa2996c649a5a6d822766f6e64eb7fd\"},\"headline\":\"Enxadristas de Ponta Grossa representam o Paran\u00e1 em competi\u00e7\u00e3o nacional\",\"datePublished\":\"2025-08-28T13:47:12+00:00\",\"dateModified\":\"2025-11-24T13:53:37+00:00\",\"mainEntityOfPage\":{\"@id\":\"https:\\\/\\\/sepam.com.br\\\/es\\\/enxadristas-de-ponta-grossa-representam-o-parana-em-competicao-nacional\\\/\"},\"wordCount\":345,\"commentCount\":0,\"publisher\":{\"@id\":\"https:\\\/\\\/sepam.com.br\\\/#organization\"},\"articleSection\":[\"Colegio Sepam\"],\"inLanguage\":\"es\",\"potentialAction\":[{\"@type\":\"CommentAction\",\"name\":\"Comment\",\"target\":[\"https:\\\/\\\/sepam.com.br\\\/es\\\/enxadristas-de-ponta-grossa-representam-o-parana-em-competicao-nacional\\\/#respond\"]}]},{\"@type\":\"WebPage\",\"@id\":\"https:\\\/\\\/sepam.com.br\\\/es\\\/enxadristas-de-ponta-grossa-representam-o-parana-em-competicao-nacional\\\/\",\"url\":\"https:\\\/\\\/sepam.com.br\\\/es\\\/enxadristas-de-ponta-grossa-representam-o-parana-em-competicao-nacional\\\/\",\"name\":\"Enxadristas de Ponta Grossa representam o Paran\u00e1 em competi\u00e7\u00e3o nacional - Col\u00e9gio Sepam\",\"isPartOf\":{\"@id\":\"https:\\\/\\\/sepam.com.br\\\/#website\"},\"datePublished\":\"2025-08-28T13:47:12+00:00\",\"dateModified\":\"2025-11-24T13:53:37+00:00\",\"breadcrumb\":{\"@id\":\"https:\\\/\\\/sepam.com.br\\\/es\\\/enxadristas-de-ponta-grossa-representam-o-parana-em-competicao-nacional\\\/#breadcrumb\"},\"inLanguage\":\"es\",\"potentialAction\":[{\"@type\":\"ReadAction\",\"target\":[\"https:\\\/\\\/sepam.com.br\\\/es\\\/enxadristas-de-ponta-grossa-representam-o-parana-em-competicao-nacional\\\/\"]}]},{\"@type\":\"BreadcrumbList\",\"@id\":\"https:\\\/\\\/sepam.com.br\\\/es\\\/enxadristas-de-ponta-grossa-representam-o-parana-em-competicao-nacional\\\/#breadcrumb\",\"itemListElement\":[{\"@type\":\"ListItem\",\"position\":1,\"name\":\"Boas Vindas\",\"item\":\"https:\\\/\\\/sepam.com.br\\\/\"},{\"@type\":\"ListItem\",\"position\":2,\"name\":\"Enxadristas de Ponta Grossa representam o Paran\u00e1 em competi\u00e7\u00e3o nacional\"}]},{\"@type\":\"WebSite\",\"@id\":\"https:\\\/\\\/sepam.com.br\\\/es\\\/#website\",\"url\":\"https:\\\/\\\/sepam.com.br\\\/es\\\/\",\"name\":\"Col\u00e9gio Sepam\",\"description\":\"Ensino Incompar\u00e1vel\",\"publisher\":{\"@id\":\"https:\\\/\\\/sepam.com.br\\\/es\\\/#organization\"},\"potentialAction\":[{\"@type\":\"SearchAction\",\"target\":{\"@type\":\"EntryPoint\",\"urlTemplate\":\"https:\\\/\\\/sepam.com.br\\\/es\\\/?s={search_term_string}\"},\"query-input\":{\"@type\":\"PropertyValueSpecification\",\"valueRequired\":true,\"valueName\":\"search_term_string\"}}],\"inLanguage\":\"es\"},{\"@type\":\"Organization\",\"@id\":\"https:\\\/\\\/sepam.com.br\\\/es\\\/#organization\",\"name\":\"Col\u00e9gio Sepam\",\"url\":\"https:\\\/\\\/sepam.com.br\\\/es\\\/\",\"logo\":{\"@type\":\"ImageObject\",\"inLanguage\":\"es\",\"@id\":\"https:\\\/\\\/sepam.com.br\\\/es\\\/#\\\/schema\\\/logo\\\/image\\\/\",\"url\":\"https:\\\/\\\/sepam.com.br\\\/wp-content\\\/uploads\\\/2025\\\/02\\\/Ativo-2.png\",\"contentUrl\":\"https:\\\/\\\/sepam.com.br\\\/wp-content\\\/uploads\\\/2025\\\/02\\\/Ativo-2.png\",\"width\":595,\"height\":525,\"caption\":\"Col\u00e9gio Sepam\"},\"image\":{\"@id\":\"https:\\\/\\\/sepam.com.br\\\/es\\\/#\\\/schema\\\/logo\\\/image\\\/\"}},{\"@type\":\"Person\",\"@id\":\"https:\\\/\\\/sepam.com.br\\\/#\\\/schema\\\/person\\\/bfa2996c649a5a6d822766f6e64eb7fd\",\"name\":\"Sepam\",\"image\":{\"@type\":\"ImageObject\",\"inLanguage\":\"es\",\"@id\":\"https:\\\/\\\/secure.gravatar.com\\\/avatar\\\/0219e64664f5861998ad57a3432eb4bd5fd99a34c7cc9bc44b3c59dfb830db85?s=96&d=mm&r=g\",\"url\":\"https:\\\/\\\/secure.gravatar.com\\\/avatar\\\/0219e64664f5861998ad57a3432eb4bd5fd99a34c7cc9bc44b3c59dfb830db85?s=96&d=mm&r=g\",\"contentUrl\":\"https:\\\/\\\/secure.gravatar.com\\\/avatar\\\/0219e64664f5861998ad57a3432eb4bd5fd99a34c7cc9bc44b3c59dfb830db85?s=96&d=mm&r=g\",\"caption\":\"Sepam\"},\"url\":\"https:\\\/\\\/sepam.com.br\\\/es\\\/author\\\/sepam\\\/\"}]}<\/script>\n<!-- \/ Yoast SEO plugin. -->","yoast_head_json":{"title":"Enxadristas de Ponta Grossa representam o Paran\u00e1 em competi\u00e7\u00e3o nacional","description":"Dois alunos do Col\u00e9gio Sepam disputam a fase final de xadrez nos Jogos Escolares da Juventude 2018, em Natal (RN) Entre os dias 12 e 25 de novembro, em Natal, no Rio Grande do Norte, alunos do Col\u00e9gio Sepam competem na modalidade de xadrez da fase nacional dos Jogos Escolares da Juventude. A competi\u00e7\u00e3o, organizada&hellip;","robots":{"index":"index","follow":"follow","max-snippet":"max-snippet:-1","max-image-preview":"max-image-preview:large","max-video-preview":"max-video-preview:-1"},"canonical":"https:\/\/sepam.com.br\/es\/enxadristas-de-ponta-grossa-representam-o-parana-em-competicao-nacional\/","og_locale":"es_ES","og_type":"article","og_title":"Enxadristas de Ponta Grossa representam o Paran\u00e1 em competi\u00e7\u00e3o nacional","og_description":"Dois alunos do Col\u00e9gio Sepam disputam a fase final de xadrez nos Jogos Escolares da Juventude 2018, em Natal (RN) Entre os dias 12 e 25 de novembro, em Natal, no Rio Grande do Norte, alunos do Col\u00e9gio Sepam competem na modalidade de xadrez da fase nacional dos Jogos Escolares da Juventude. A competi\u00e7\u00e3o, organizada&hellip;","og_url":"https:\/\/sepam.com.br\/es\/enxadristas-de-ponta-grossa-representam-o-parana-em-competicao-nacional\/","og_site_name":"Col\u00e9gio Sepam","article_published_time":"2025-08-28T13:47:12+00:00","article_modified_time":"2025-11-24T13:53:37+00:00","author":"Sepam","twitter_card":"summary_large_image","twitter_misc":{"Escrito por":"Sepam","Tiempo de lectura":"2 minutos"},"schema":{"@context":"https:\/\/schema.org","@graph":[{"@type":"Article","@id":"https:\/\/sepam.com.br\/es\/enxadristas-de-ponta-grossa-representam-o-parana-em-competicao-nacional\/#article","isPartOf":{"@id":"https:\/\/sepam.com.br\/es\/enxadristas-de-ponta-grossa-representam-o-parana-em-competicao-nacional\/"},"author":{"name":"Sepam","@id":"https:\/\/sepam.com.br\/#\/schema\/person\/bfa2996c649a5a6d822766f6e64eb7fd"},"headline":"Enxadristas de Ponta Grossa representam o Paran\u00e1 em competi\u00e7\u00e3o nacional","datePublished":"2025-08-28T13:47:12+00:00","dateModified":"2025-11-24T13:53:37+00:00","mainEntityOfPage":{"@id":"https:\/\/sepam.com.br\/es\/enxadristas-de-ponta-grossa-representam-o-parana-em-competicao-nacional\/"},"wordCount":345,"commentCount":0,"publisher":{"@id":"https:\/\/sepam.com.br\/#organization"},"articleSection":["Colegio Sepam"],"inLanguage":"es","potentialAction":[{"@type":"CommentAction","name":"Comment","target":["https:\/\/sepam.com.br\/es\/enxadristas-de-ponta-grossa-representam-o-parana-em-competicao-nacional\/#respond"]}]},{"@type":"WebPage","@id":"https:\/\/sepam.com.br\/es\/enxadristas-de-ponta-grossa-representam-o-parana-em-competicao-nacional\/","url":"https:\/\/sepam.com.br\/es\/enxadristas-de-ponta-grossa-representam-o-parana-em-competicao-nacional\/","name":"Enxadristas de Ponta Grossa representam o Paran\u00e1 em competi\u00e7\u00e3o nacional - Col\u00e9gio Sepam","isPartOf":{"@id":"https:\/\/sepam.com.br\/#website"},"datePublished":"2025-08-28T13:47:12+00:00","dateModified":"2025-11-24T13:53:37+00:00","breadcrumb":{"@id":"https:\/\/sepam.com.br\/es\/enxadristas-de-ponta-grossa-representam-o-parana-em-competicao-nacional\/#breadcrumb"},"inLanguage":"es","potentialAction":[{"@type":"ReadAction","target":["https:\/\/sepam.com.br\/es\/enxadristas-de-ponta-grossa-representam-o-parana-em-competicao-nacional\/"]}]},{"@type":"BreadcrumbList","@id":"https:\/\/sepam.com.br\/es\/enxadristas-de-ponta-grossa-representam-o-parana-em-competicao-nacional\/#breadcrumb","itemListElement":[{"@type":"ListItem","position":1,"name":"Boas Vindas","item":"https:\/\/sepam.com.br\/"},{"@type":"ListItem","position":2,"name":"Enxadristas de Ponta Grossa representam o Paran\u00e1 em competi\u00e7\u00e3o nacional"}]},{"@type":"WebSite","@id":"https:\/\/sepam.com.br\/es\/#website","url":"https:\/\/sepam.com.br\/es\/","name":"Col\u00e9gio Sepam","description":"Ensino Incompar\u00e1vel","publisher":{"@id":"https:\/\/sepam.com.br\/es\/#organization"},"potentialAction":[{"@type":"SearchAction","target":{"@type":"EntryPoint","urlTemplate":"https:\/\/sepam.com.br\/es\/?s={search_term_string}"},"query-input":{"@type":"PropertyValueSpecification","valueRequired":true,"valueName":"search_term_string"}}],"inLanguage":"es"},{"@type":"Organization","@id":"https:\/\/sepam.com.br\/es\/#organization","name":"Col\u00e9gio Sepam","url":"https:\/\/sepam.com.br\/es\/","logo":{"@type":"ImageObject","inLanguage":"es","@id":"https:\/\/sepam.com.br\/es\/#\/schema\/logo\/image\/","url":"https:\/\/sepam.com.br\/wp-content\/uploads\/2025\/02\/Ativo-2.png","contentUrl":"https:\/\/sepam.com.br\/wp-content\/uploads\/2025\/02\/Ativo-2.png","width":595,"height":525,"caption":"Col\u00e9gio Sepam"},"image":{"@id":"https:\/\/sepam.com.br\/es\/#\/schema\/logo\/image\/"}},{"@type":"Person","@id":"https:\/\/sepam.com.br\/#\/schema\/person\/bfa2996c649a5a6d822766f6e64eb7fd","name":"Sepam","image":{"@type":"ImageObject","inLanguage":"es","@id":"https:\/\/secure.gravatar.com\/avatar\/0219e64664f5861998ad57a3432eb4bd5fd99a34c7cc9bc44b3c59dfb830db85?s=96&d=mm&r=g","url":"https:\/\/secure.gravatar.com\/avatar\/0219e64664f5861998ad57a3432eb4bd5fd99a34c7cc9bc44b3c59dfb830db85?s=96&d=mm&r=g","contentUrl":"https:\/\/secure.gravatar.com\/avatar\/0219e64664f5861998ad57a3432eb4bd5fd99a34c7cc9bc44b3c59dfb830db85?s=96&d=mm&r=g","caption":"Sepam"},"url":"https:\/\/sepam.com.br\/es\/author\/sepam\/"}]}},"_links":{"self":[{"href":"https:\/\/sepam.com.br\/es\/wp-json\/wp\/v2\/posts\/6935","targetHints":{"allow":["GET"]}}],"collection":[{"href":"https:\/\/sepam.com.br\/es\/wp-json\/wp\/v2\/posts"}],"about":[{"href":"https:\/\/sepam.com.br\/es\/wp-json\/wp\/v2\/types\/post"}],"author":[{"embeddable":true,"href":"https:\/\/sepam.com.br\/es\/wp-json\/wp\/v2\/users\/13"}],"replies":[{"embeddable":true,"href":"https:\/\/sepam.com.br\/es\/wp-json\/wp\/v2\/comments?post=6935"}],"version-history":[{"count":1,"href":"https:\/\/sepam.com.br\/es\/wp-json\/wp\/v2\/posts\/6935\/revisions"}],"predecessor-version":[{"id":7439,"href":"https:\/\/sepam.com.br\/es\/wp-json\/wp\/v2\/posts\/6935\/revisions\/7439"}],"wp:attachment":[{"href":"https:\/\/sepam.com.br\/es\/wp-json\/wp\/v2\/media?parent=6935"}],"wp:term":[{"taxonomy":"category","embeddable":true,"href":"https:\/\/sepam.com.br\/es\/wp-json\/wp\/v2\/categories?post=6935"},{"taxonomy":"post_tag","embeddable":true,"href":"https:\/\/sepam.com.br\/es\/wp-json\/wp\/v2\/tags?post=6935"}],"curies":[{"name":"wp","href":"https:\/\/api.w.org\/{rel}","templated":true}]}}