{"id":6921,"date":"2025-08-28T10:47:12","date_gmt":"2025-08-28T13:47:12","guid":{"rendered":"https:\/\/dev.alisonandrei.com.br\/noticia\/filosofia-alunos-simulam-eleicoes-em-sala-de-aula\/"},"modified":"2025-11-24T10:53:37","modified_gmt":"2025-11-24T13:53:37","slug":"filosofia-alunos-simulam-eleicoes-em-sala-de-aula","status":"publish","type":"post","link":"https:\/\/sepam.com.br\/es\/filosofia-alunos-simulam-eleicoes-em-sala-de-aula\/","title":{"rendered":"Filosofia: Alunos simulam elei\u00e7\u00f5es em sala de aula"},"content":{"rendered":"<p>Pol\u00edtica \u00e9 um assunto complicado para todas as idades, ainda mais para crian\u00e7as de 11 anos. Mas isso n\u00e3o impediu o professor de Filosofia, Marcos Trancoso, de propor aos alunos do 6\u00ba ano do Col\u00e9gio Sepam uma atividade al\u00e9m da teoria. Os estudantes entraram no clima das elei\u00e7\u00f5es criando chapas e propostas pol\u00edticas.<\/p>\n<p>A partir do conte\u00fado do terceiro bimestre \u2013 Pol\u00edtica \u2013 o professor trabalhou o conceito de democracia. Ele resgatou sobre o surgimento da democracia, na Gr\u00e9cia Antiga, explicando aos alunos que o povo vota e o povo tem o poder. Nos bimestres anteriores as turmas j\u00e1 haviam estudado sobre \u00e9tica e virtudes, temas que ajudaram na compreens\u00e3o do assunto.<\/p>\n<p>Na primeira etapa da atividade, os estudantes foram divididos em grupos. O professor foi quem conduziu essa divis\u00e3o para as equipes fossem mescladas &#8211; pessoas diferentes com ideias diferentes debatendo. Cada equipe montou uma chapa com propostas para quatro \u00e1reas: Educa\u00e7\u00e3o, Esporte, Atividades Culturais e Interven\u00e7\u00e3o Social.<\/p>\n<p>A segunda etapa foi apresentar essas propostas ao p\u00fablico (colegas da turma). No discurso, os grupos precisavam enfatizar os motivos que levariam o p\u00fablico a votar neles, ou seja, defender suas propostas, porque somente com o voto da maioria a chapa se elege. Para isso, foi necess\u00e1rio ter uma boa ret\u00f3rica.<\/p>\n<p>A terceira e \u00faltima etapa foi a vota\u00e7\u00e3o, tendo como regra: Votar em uma chapa que n\u00e3o fosse a sua.<\/p>\n<p>\u201cEles tiveram que fazer o discurso, defender suas propostas, manter a postura, aceitar as cr\u00edticas e, ao final, saber votar. Como se escolhe o partido? Se eu n\u00e3o estou no poder, como escolher quem ir\u00e1 me representar? Esta era a tarefa deles\u201d, explica Trancoso.<\/p>\n<p>O objetivo principal dessa atividade foi apresentar, na pr\u00e1tica, o processo de uma elei\u00e7\u00e3o, para que quando as crian\u00e7as alcancem a idade para votar estejam mais preparadas.<\/p>\n<p>O professor avalia positivamente os resultados: \u201cOs alunos conseguiram respeitar os partidos vencedores, mesmo que n\u00e3o fossem os votados por eles. E, claro, alguns alunos sentiram-se menos representados, mas conseguiram compreender o significado de democracia, que n\u00e3o \u00e9 o interesse de um indiv\u00edduo, e sua aplica\u00e7\u00e3o pr\u00e1tica\u201d, finaliza.<\/p>\n<blockquote>\n<h4>Confira os registros da atividade <a href=\"https:\/\/www.facebook.com\/pg\/sepamcolegio\/photos\/?tab=album&amp;album_id=1678315708964639&amp;__tn__=-UC-R\" target=\"_blank\" rel=\"noopener\">aqui<\/a>.<\/h4>\n<\/blockquote>\n","protected":false},"excerpt":{"rendered":"<p>Pol\u00edtica \u00e9 um assunto complicado para todas as idades, ainda mais para crian\u00e7as de 11 anos. Mas isso n\u00e3o impediu o professor de Filosofia, Marcos Trancoso, de propor aos alunos do 6\u00ba ano do Col\u00e9gio Sepam uma atividade al\u00e9m da teoria. Os estudantes entraram no clima das elei\u00e7\u00f5es criando chapas e propostas pol\u00edticas. A partir [&hellip;]<\/p>\n","protected":false},"author":13,"featured_media":0,"comment_status":"open","ping_status":"open","sticky":false,"template":"","format":"standard","meta":{"footnotes":""},"categories":[21],"tags":[],"class_list":["post-6921","post","type-post","status-publish","format-standard","hentry","category-colegio-sepam"],"yoast_head":"<!-- This site is optimized with the Yoast SEO plugin v28.4 - https:\/\/yoast.com\/product\/yoast-seo-wordpress\/ -->\n<title>Filosofia: Alunos simulam elei\u00e7\u00f5es em sala de aula<\/title>\n<meta name=\"description\" content=\"Pol\u00edtica \u00e9 um assunto complicado para todas as idades, ainda mais para crian\u00e7as de 11 anos. Mas isso n\u00e3o impediu o professor de Filosofia, Marcos Trancoso, de propor aos alunos do 6\u00ba ano do Col\u00e9gio Sepam uma atividade al\u00e9m da teoria. Os estudantes entraram no clima das elei\u00e7\u00f5es criando chapas e propostas pol\u00edticas. A partir&hellip;\" \/>\n<meta name=\"robots\" content=\"index, follow, max-snippet:-1, max-image-preview:large, max-video-preview:-1\" \/>\n<link rel=\"canonical\" href=\"https:\/\/sepam.com.br\/es\/filosofia-alunos-simulam-eleicoes-em-sala-de-aula\/\" \/>\n<meta property=\"og:locale\" content=\"es_ES\" \/>\n<meta property=\"og:type\" content=\"article\" \/>\n<meta property=\"og:title\" content=\"Filosofia: Alunos simulam elei\u00e7\u00f5es em sala de aula\" \/>\n<meta property=\"og:description\" content=\"Pol\u00edtica \u00e9 um assunto complicado para todas as idades, ainda mais para crian\u00e7as de 11 anos. Mas isso n\u00e3o impediu o professor de Filosofia, Marcos Trancoso, de propor aos alunos do 6\u00ba ano do Col\u00e9gio Sepam uma atividade al\u00e9m da teoria. Os estudantes entraram no clima das elei\u00e7\u00f5es criando chapas e propostas pol\u00edticas. A partir&hellip;\" \/>\n<meta property=\"og:url\" content=\"https:\/\/sepam.com.br\/es\/filosofia-alunos-simulam-eleicoes-em-sala-de-aula\/\" \/>\n<meta property=\"og:site_name\" content=\"Col\u00e9gio Sepam\" \/>\n<meta property=\"article:published_time\" content=\"2025-08-28T13:47:12+00:00\" \/>\n<meta property=\"article:modified_time\" content=\"2025-11-24T13:53:37+00:00\" \/>\n<meta name=\"author\" content=\"Sepam\" \/>\n<meta name=\"twitter:card\" content=\"summary_large_image\" \/>\n<meta name=\"twitter:label1\" content=\"Escrito por\" \/>\n\t<meta name=\"twitter:data1\" content=\"Sepam\" \/>\n\t<meta name=\"twitter:label2\" content=\"Tiempo de lectura\" \/>\n\t<meta name=\"twitter:data2\" content=\"2 minutos\" \/>\n<script type=\"application\/ld+json\" class=\"yoast-schema-graph\">{\"@context\":\"https:\\\/\\\/schema.org\",\"@graph\":[{\"@type\":\"Article\",\"@id\":\"https:\\\/\\\/sepam.com.br\\\/es\\\/filosofia-alunos-simulam-eleicoes-em-sala-de-aula\\\/#article\",\"isPartOf\":{\"@id\":\"https:\\\/\\\/sepam.com.br\\\/es\\\/filosofia-alunos-simulam-eleicoes-em-sala-de-aula\\\/\"},\"author\":{\"name\":\"Sepam\",\"@id\":\"https:\\\/\\\/sepam.com.br\\\/#\\\/schema\\\/person\\\/bfa2996c649a5a6d822766f6e64eb7fd\"},\"headline\":\"Filosofia: Alunos simulam elei\u00e7\u00f5es em sala de aula\",\"datePublished\":\"2025-08-28T13:47:12+00:00\",\"dateModified\":\"2025-11-24T13:53:37+00:00\",\"mainEntityOfPage\":{\"@id\":\"https:\\\/\\\/sepam.com.br\\\/es\\\/filosofia-alunos-simulam-eleicoes-em-sala-de-aula\\\/\"},\"wordCount\":388,\"commentCount\":0,\"publisher\":{\"@id\":\"https:\\\/\\\/sepam.com.br\\\/#organization\"},\"articleSection\":[\"Colegio Sepam\"],\"inLanguage\":\"es\",\"potentialAction\":[{\"@type\":\"CommentAction\",\"name\":\"Comment\",\"target\":[\"https:\\\/\\\/sepam.com.br\\\/es\\\/filosofia-alunos-simulam-eleicoes-em-sala-de-aula\\\/#respond\"]}]},{\"@type\":\"WebPage\",\"@id\":\"https:\\\/\\\/sepam.com.br\\\/es\\\/filosofia-alunos-simulam-eleicoes-em-sala-de-aula\\\/\",\"url\":\"https:\\\/\\\/sepam.com.br\\\/es\\\/filosofia-alunos-simulam-eleicoes-em-sala-de-aula\\\/\",\"name\":\"Filosofia: Alunos simulam elei\u00e7\u00f5es em sala de aula - Col\u00e9gio Sepam\",\"isPartOf\":{\"@id\":\"https:\\\/\\\/sepam.com.br\\\/#website\"},\"datePublished\":\"2025-08-28T13:47:12+00:00\",\"dateModified\":\"2025-11-24T13:53:37+00:00\",\"breadcrumb\":{\"@id\":\"https:\\\/\\\/sepam.com.br\\\/es\\\/filosofia-alunos-simulam-eleicoes-em-sala-de-aula\\\/#breadcrumb\"},\"inLanguage\":\"es\",\"potentialAction\":[{\"@type\":\"ReadAction\",\"target\":[\"https:\\\/\\\/sepam.com.br\\\/es\\\/filosofia-alunos-simulam-eleicoes-em-sala-de-aula\\\/\"]}]},{\"@type\":\"BreadcrumbList\",\"@id\":\"https:\\\/\\\/sepam.com.br\\\/es\\\/filosofia-alunos-simulam-eleicoes-em-sala-de-aula\\\/#breadcrumb\",\"itemListElement\":[{\"@type\":\"ListItem\",\"position\":1,\"name\":\"Boas Vindas\",\"item\":\"https:\\\/\\\/sepam.com.br\\\/\"},{\"@type\":\"ListItem\",\"position\":2,\"name\":\"Filosofia: Alunos simulam elei\u00e7\u00f5es em sala de aula\"}]},{\"@type\":\"WebSite\",\"@id\":\"https:\\\/\\\/sepam.com.br\\\/es\\\/#website\",\"url\":\"https:\\\/\\\/sepam.com.br\\\/es\\\/\",\"name\":\"Col\u00e9gio Sepam\",\"description\":\"Ensino Incompar\u00e1vel\",\"publisher\":{\"@id\":\"https:\\\/\\\/sepam.com.br\\\/es\\\/#organization\"},\"potentialAction\":[{\"@type\":\"SearchAction\",\"target\":{\"@type\":\"EntryPoint\",\"urlTemplate\":\"https:\\\/\\\/sepam.com.br\\\/es\\\/?s={search_term_string}\"},\"query-input\":{\"@type\":\"PropertyValueSpecification\",\"valueRequired\":true,\"valueName\":\"search_term_string\"}}],\"inLanguage\":\"es\"},{\"@type\":\"Organization\",\"@id\":\"https:\\\/\\\/sepam.com.br\\\/es\\\/#organization\",\"name\":\"Col\u00e9gio Sepam\",\"url\":\"https:\\\/\\\/sepam.com.br\\\/es\\\/\",\"logo\":{\"@type\":\"ImageObject\",\"inLanguage\":\"es\",\"@id\":\"https:\\\/\\\/sepam.com.br\\\/es\\\/#\\\/schema\\\/logo\\\/image\\\/\",\"url\":\"https:\\\/\\\/sepam.com.br\\\/wp-content\\\/uploads\\\/2025\\\/02\\\/Ativo-2.png\",\"contentUrl\":\"https:\\\/\\\/sepam.com.br\\\/wp-content\\\/uploads\\\/2025\\\/02\\\/Ativo-2.png\",\"width\":595,\"height\":525,\"caption\":\"Col\u00e9gio Sepam\"},\"image\":{\"@id\":\"https:\\\/\\\/sepam.com.br\\\/es\\\/#\\\/schema\\\/logo\\\/image\\\/\"}},{\"@type\":\"Person\",\"@id\":\"https:\\\/\\\/sepam.com.br\\\/#\\\/schema\\\/person\\\/bfa2996c649a5a6d822766f6e64eb7fd\",\"name\":\"Sepam\",\"image\":{\"@type\":\"ImageObject\",\"inLanguage\":\"es\",\"@id\":\"https:\\\/\\\/secure.gravatar.com\\\/avatar\\\/0219e64664f5861998ad57a3432eb4bd5fd99a34c7cc9bc44b3c59dfb830db85?s=96&d=mm&r=g\",\"url\":\"https:\\\/\\\/secure.gravatar.com\\\/avatar\\\/0219e64664f5861998ad57a3432eb4bd5fd99a34c7cc9bc44b3c59dfb830db85?s=96&d=mm&r=g\",\"contentUrl\":\"https:\\\/\\\/secure.gravatar.com\\\/avatar\\\/0219e64664f5861998ad57a3432eb4bd5fd99a34c7cc9bc44b3c59dfb830db85?s=96&d=mm&r=g\",\"caption\":\"Sepam\"},\"url\":\"https:\\\/\\\/sepam.com.br\\\/es\\\/author\\\/sepam\\\/\"}]}<\/script>\n<!-- \/ Yoast SEO plugin. -->","yoast_head_json":{"title":"Filosofia: Alunos simulam elei\u00e7\u00f5es em sala de aula","description":"Pol\u00edtica \u00e9 um assunto complicado para todas as idades, ainda mais para crian\u00e7as de 11 anos. Mas isso n\u00e3o impediu o professor de Filosofia, Marcos Trancoso, de propor aos alunos do 6\u00ba ano do Col\u00e9gio Sepam uma atividade al\u00e9m da teoria. Os estudantes entraram no clima das elei\u00e7\u00f5es criando chapas e propostas pol\u00edticas. A partir&hellip;","robots":{"index":"index","follow":"follow","max-snippet":"max-snippet:-1","max-image-preview":"max-image-preview:large","max-video-preview":"max-video-preview:-1"},"canonical":"https:\/\/sepam.com.br\/es\/filosofia-alunos-simulam-eleicoes-em-sala-de-aula\/","og_locale":"es_ES","og_type":"article","og_title":"Filosofia: Alunos simulam elei\u00e7\u00f5es em sala de aula","og_description":"Pol\u00edtica \u00e9 um assunto complicado para todas as idades, ainda mais para crian\u00e7as de 11 anos. Mas isso n\u00e3o impediu o professor de Filosofia, Marcos Trancoso, de propor aos alunos do 6\u00ba ano do Col\u00e9gio Sepam uma atividade al\u00e9m da teoria. Os estudantes entraram no clima das elei\u00e7\u00f5es criando chapas e propostas pol\u00edticas. A partir&hellip;","og_url":"https:\/\/sepam.com.br\/es\/filosofia-alunos-simulam-eleicoes-em-sala-de-aula\/","og_site_name":"Col\u00e9gio Sepam","article_published_time":"2025-08-28T13:47:12+00:00","article_modified_time":"2025-11-24T13:53:37+00:00","author":"Sepam","twitter_card":"summary_large_image","twitter_misc":{"Escrito por":"Sepam","Tiempo de lectura":"2 minutos"},"schema":{"@context":"https:\/\/schema.org","@graph":[{"@type":"Article","@id":"https:\/\/sepam.com.br\/es\/filosofia-alunos-simulam-eleicoes-em-sala-de-aula\/#article","isPartOf":{"@id":"https:\/\/sepam.com.br\/es\/filosofia-alunos-simulam-eleicoes-em-sala-de-aula\/"},"author":{"name":"Sepam","@id":"https:\/\/sepam.com.br\/#\/schema\/person\/bfa2996c649a5a6d822766f6e64eb7fd"},"headline":"Filosofia: Alunos simulam elei\u00e7\u00f5es em sala de aula","datePublished":"2025-08-28T13:47:12+00:00","dateModified":"2025-11-24T13:53:37+00:00","mainEntityOfPage":{"@id":"https:\/\/sepam.com.br\/es\/filosofia-alunos-simulam-eleicoes-em-sala-de-aula\/"},"wordCount":388,"commentCount":0,"publisher":{"@id":"https:\/\/sepam.com.br\/#organization"},"articleSection":["Colegio Sepam"],"inLanguage":"es","potentialAction":[{"@type":"CommentAction","name":"Comment","target":["https:\/\/sepam.com.br\/es\/filosofia-alunos-simulam-eleicoes-em-sala-de-aula\/#respond"]}]},{"@type":"WebPage","@id":"https:\/\/sepam.com.br\/es\/filosofia-alunos-simulam-eleicoes-em-sala-de-aula\/","url":"https:\/\/sepam.com.br\/es\/filosofia-alunos-simulam-eleicoes-em-sala-de-aula\/","name":"Filosofia: Alunos simulam elei\u00e7\u00f5es em sala de aula - Col\u00e9gio Sepam","isPartOf":{"@id":"https:\/\/sepam.com.br\/#website"},"datePublished":"2025-08-28T13:47:12+00:00","dateModified":"2025-11-24T13:53:37+00:00","breadcrumb":{"@id":"https:\/\/sepam.com.br\/es\/filosofia-alunos-simulam-eleicoes-em-sala-de-aula\/#breadcrumb"},"inLanguage":"es","potentialAction":[{"@type":"ReadAction","target":["https:\/\/sepam.com.br\/es\/filosofia-alunos-simulam-eleicoes-em-sala-de-aula\/"]}]},{"@type":"BreadcrumbList","@id":"https:\/\/sepam.com.br\/es\/filosofia-alunos-simulam-eleicoes-em-sala-de-aula\/#breadcrumb","itemListElement":[{"@type":"ListItem","position":1,"name":"Boas Vindas","item":"https:\/\/sepam.com.br\/"},{"@type":"ListItem","position":2,"name":"Filosofia: Alunos simulam elei\u00e7\u00f5es em sala de aula"}]},{"@type":"WebSite","@id":"https:\/\/sepam.com.br\/es\/#website","url":"https:\/\/sepam.com.br\/es\/","name":"Col\u00e9gio Sepam","description":"Ensino Incompar\u00e1vel","publisher":{"@id":"https:\/\/sepam.com.br\/es\/#organization"},"potentialAction":[{"@type":"SearchAction","target":{"@type":"EntryPoint","urlTemplate":"https:\/\/sepam.com.br\/es\/?s={search_term_string}"},"query-input":{"@type":"PropertyValueSpecification","valueRequired":true,"valueName":"search_term_string"}}],"inLanguage":"es"},{"@type":"Organization","@id":"https:\/\/sepam.com.br\/es\/#organization","name":"Col\u00e9gio Sepam","url":"https:\/\/sepam.com.br\/es\/","logo":{"@type":"ImageObject","inLanguage":"es","@id":"https:\/\/sepam.com.br\/es\/#\/schema\/logo\/image\/","url":"https:\/\/sepam.com.br\/wp-content\/uploads\/2025\/02\/Ativo-2.png","contentUrl":"https:\/\/sepam.com.br\/wp-content\/uploads\/2025\/02\/Ativo-2.png","width":595,"height":525,"caption":"Col\u00e9gio Sepam"},"image":{"@id":"https:\/\/sepam.com.br\/es\/#\/schema\/logo\/image\/"}},{"@type":"Person","@id":"https:\/\/sepam.com.br\/#\/schema\/person\/bfa2996c649a5a6d822766f6e64eb7fd","name":"Sepam","image":{"@type":"ImageObject","inLanguage":"es","@id":"https:\/\/secure.gravatar.com\/avatar\/0219e64664f5861998ad57a3432eb4bd5fd99a34c7cc9bc44b3c59dfb830db85?s=96&d=mm&r=g","url":"https:\/\/secure.gravatar.com\/avatar\/0219e64664f5861998ad57a3432eb4bd5fd99a34c7cc9bc44b3c59dfb830db85?s=96&d=mm&r=g","contentUrl":"https:\/\/secure.gravatar.com\/avatar\/0219e64664f5861998ad57a3432eb4bd5fd99a34c7cc9bc44b3c59dfb830db85?s=96&d=mm&r=g","caption":"Sepam"},"url":"https:\/\/sepam.com.br\/es\/author\/sepam\/"}]}},"_links":{"self":[{"href":"https:\/\/sepam.com.br\/es\/wp-json\/wp\/v2\/posts\/6921","targetHints":{"allow":["GET"]}}],"collection":[{"href":"https:\/\/sepam.com.br\/es\/wp-json\/wp\/v2\/posts"}],"about":[{"href":"https:\/\/sepam.com.br\/es\/wp-json\/wp\/v2\/types\/post"}],"author":[{"embeddable":true,"href":"https:\/\/sepam.com.br\/es\/wp-json\/wp\/v2\/users\/13"}],"replies":[{"embeddable":true,"href":"https:\/\/sepam.com.br\/es\/wp-json\/wp\/v2\/comments?post=6921"}],"version-history":[{"count":1,"href":"https:\/\/sepam.com.br\/es\/wp-json\/wp\/v2\/posts\/6921\/revisions"}],"predecessor-version":[{"id":7425,"href":"https:\/\/sepam.com.br\/es\/wp-json\/wp\/v2\/posts\/6921\/revisions\/7425"}],"wp:attachment":[{"href":"https:\/\/sepam.com.br\/es\/wp-json\/wp\/v2\/media?parent=6921"}],"wp:term":[{"taxonomy":"category","embeddable":true,"href":"https:\/\/sepam.com.br\/es\/wp-json\/wp\/v2\/categories?post=6921"},{"taxonomy":"post_tag","embeddable":true,"href":"https:\/\/sepam.com.br\/es\/wp-json\/wp\/v2\/tags?post=6921"}],"curies":[{"name":"wp","href":"https:\/\/api.w.org\/{rel}","templated":true}]}}