{"id":6873,"date":"2025-08-28T10:47:01","date_gmt":"2025-08-28T13:47:01","guid":{"rendered":"https:\/\/dev.alisonandrei.com.br\/noticia\/troca-de-figurinhas-reune-tradicao-e-diversao-em-colegio\/"},"modified":"2025-11-24T10:53:37","modified_gmt":"2025-11-24T13:53:37","slug":"troca-de-figurinhas-reune-tradicao-e-diversao-em-colegio","status":"publish","type":"post","link":"https:\/\/sepam.com.br\/es\/troca-de-figurinhas-reune-tradicao-e-diversao-em-colegio\/","title":{"rendered":"Troca de Figurinhas re\u00fane tradi\u00e7\u00e3o e divers\u00e3o em Col\u00e9gio"},"content":{"rendered":"<p><em>Mais de 400 pessoas participaram da a\u00e7\u00e3o do Sepam no s\u00e1bado (05)<\/em><\/p>\n<p>N\u00e3o \u00e9 f\u00e1cil completar as 682 figurinhas do \u00e1lbum da Copa do Mundo da R\u00fassia. Faltando pouco mais de um m\u00eas para come\u00e7ar o mundial, crian\u00e7as e adultos se re\u00fanem para trocar as figurinhas e preencher o \u00e1lbum, buscando principalmente as figuras douradas. No \u00faltimo s\u00e1bado (05), o Col\u00e9gio Sepam recebeu mais de 400 pessoas, entre pais, alunos e professores para a primeira edi\u00e7\u00e3o da Troca de Figurinhas.<\/p>\n<p>Al\u00e9m do espa\u00e7o para troca de figurinhas, o evento contou com uma exposi\u00e7\u00e3o de materiais de Copas antigas, que foram levados por pais e alunos. Ageu Diniz coleciona \u00e1lbuns desde 1982, quando tinha 10 anos, e passou a tradi\u00e7\u00e3o ao filho, Heitor, aluno do 1\u00ba ano do Ensino Fundamental do Col\u00e9gio. \u201cHoje com sete anos ele j\u00e1 tomou gosto e me ajuda na cole\u00e7\u00e3o\u201d, conta o pai orgulhoso.<\/p>\n<p>\u201cNossa inten\u00e7\u00e3o era unir tradi\u00e7\u00e3o, divers\u00e3o e conhecimento em um momento no col\u00e9gio mas fora da sala de aula. Gerar uma experi\u00eancia aos mais jovens, que ainda n\u00e3o assistiram a nenhuma Copa, e unir a tradi\u00e7\u00e3o dos mais velhos que acompanham o mundial h\u00e1 mais tempo\u201d, explica Osni Mongruel Junior, diretor do Sepam.<\/p>\n<p>Suzane Winnik, tia dos alunos Samuel, da Educa\u00e7\u00e3o Infantil 5 e Daniel, do Ensino Fundamental 3 acompanhou os sobrinhos no evento. \u201cSem d\u00favida \u00e9 uma forma de integrar os familiares, todos se divertiram muito\u201d, afirmou. Al\u00e9m de proporcionar socializa\u00e7\u00e3o, as crian\u00e7as interagiram com alunos de outras turmas, aponta Emerson Hilgemberg, pai do aluno Matheus Tupich Hilgemberg, que conseguiu v\u00e1rias figurinhas que estavam faltando no \u00faltimo s\u00e1bado.<\/p>\n<p>O evento contou com parceria da Banca Cultura e com a presen\u00e7a das ta\u00e7as conquistadas pelo Oper\u00e1rio Ferrovi\u00e1rio no Campeonato Paranaense de 2015 e no Campeonato Brasileiro da S\u00e9rie D 2017.<\/p>\n","protected":false},"excerpt":{"rendered":"<p>Mais de 400 pessoas participaram da a\u00e7\u00e3o do Sepam no s\u00e1bado (05) N\u00e3o \u00e9 f\u00e1cil completar as 682 figurinhas do \u00e1lbum da Copa do Mundo da R\u00fassia. Faltando pouco mais de um m\u00eas para come\u00e7ar o mundial, crian\u00e7as e adultos se re\u00fanem para trocar as figurinhas e preencher o \u00e1lbum, buscando principalmente as figuras douradas. [&hellip;]<\/p>\n","protected":false},"author":13,"featured_media":0,"comment_status":"open","ping_status":"open","sticky":false,"template":"","format":"standard","meta":{"footnotes":""},"categories":[21],"tags":[],"class_list":["post-6873","post","type-post","status-publish","format-standard","hentry","category-colegio-sepam"],"yoast_head":"<!-- This site is optimized with the Yoast SEO plugin v28.4 - https:\/\/yoast.com\/product\/yoast-seo-wordpress\/ -->\n<title>Troca de Figurinhas re\u00fane tradi\u00e7\u00e3o e divers\u00e3o em Col\u00e9gio<\/title>\n<meta name=\"description\" content=\"Mais de 400 pessoas participaram da a\u00e7\u00e3o do Sepam no s\u00e1bado (05) N\u00e3o \u00e9 f\u00e1cil completar as 682 figurinhas do \u00e1lbum da Copa do Mundo da R\u00fassia. Faltando pouco mais de um m\u00eas para come\u00e7ar o mundial, crian\u00e7as e adultos se re\u00fanem para trocar as figurinhas e preencher o \u00e1lbum, buscando principalmente as figuras douradas.&hellip;\" \/>\n<meta name=\"robots\" content=\"index, follow, max-snippet:-1, max-image-preview:large, max-video-preview:-1\" \/>\n<link rel=\"canonical\" href=\"https:\/\/sepam.com.br\/es\/troca-de-figurinhas-reune-tradicao-e-diversao-em-colegio\/\" \/>\n<meta property=\"og:locale\" content=\"es_ES\" \/>\n<meta property=\"og:type\" content=\"article\" \/>\n<meta property=\"og:title\" content=\"Troca de Figurinhas re\u00fane tradi\u00e7\u00e3o e divers\u00e3o em Col\u00e9gio\" \/>\n<meta property=\"og:description\" content=\"Mais de 400 pessoas participaram da a\u00e7\u00e3o do Sepam no s\u00e1bado (05) N\u00e3o \u00e9 f\u00e1cil completar as 682 figurinhas do \u00e1lbum da Copa do Mundo da R\u00fassia. Faltando pouco mais de um m\u00eas para come\u00e7ar o mundial, crian\u00e7as e adultos se re\u00fanem para trocar as figurinhas e preencher o \u00e1lbum, buscando principalmente as figuras douradas.&hellip;\" \/>\n<meta property=\"og:url\" content=\"https:\/\/sepam.com.br\/es\/troca-de-figurinhas-reune-tradicao-e-diversao-em-colegio\/\" \/>\n<meta property=\"og:site_name\" content=\"Col\u00e9gio Sepam\" \/>\n<meta property=\"article:published_time\" content=\"2025-08-28T13:47:01+00:00\" \/>\n<meta property=\"article:modified_time\" content=\"2025-11-24T13:53:37+00:00\" \/>\n<meta name=\"author\" content=\"Sepam\" \/>\n<meta name=\"twitter:card\" content=\"summary_large_image\" \/>\n<meta name=\"twitter:label1\" content=\"Escrito por\" \/>\n\t<meta name=\"twitter:data1\" content=\"Sepam\" \/>\n\t<meta name=\"twitter:label2\" content=\"Tiempo de lectura\" \/>\n\t<meta name=\"twitter:data2\" content=\"2 minutos\" \/>\n<script type=\"application\/ld+json\" class=\"yoast-schema-graph\">{\"@context\":\"https:\\\/\\\/schema.org\",\"@graph\":[{\"@type\":\"Article\",\"@id\":\"https:\\\/\\\/sepam.com.br\\\/es\\\/troca-de-figurinhas-reune-tradicao-e-diversao-em-colegio\\\/#article\",\"isPartOf\":{\"@id\":\"https:\\\/\\\/sepam.com.br\\\/es\\\/troca-de-figurinhas-reune-tradicao-e-diversao-em-colegio\\\/\"},\"author\":{\"name\":\"Sepam\",\"@id\":\"https:\\\/\\\/sepam.com.br\\\/#\\\/schema\\\/person\\\/bfa2996c649a5a6d822766f6e64eb7fd\"},\"headline\":\"Troca de Figurinhas re\u00fane tradi\u00e7\u00e3o e divers\u00e3o em Col\u00e9gio\",\"datePublished\":\"2025-08-28T13:47:01+00:00\",\"dateModified\":\"2025-11-24T13:53:37+00:00\",\"mainEntityOfPage\":{\"@id\":\"https:\\\/\\\/sepam.com.br\\\/es\\\/troca-de-figurinhas-reune-tradicao-e-diversao-em-colegio\\\/\"},\"wordCount\":334,\"commentCount\":0,\"publisher\":{\"@id\":\"https:\\\/\\\/sepam.com.br\\\/#organization\"},\"articleSection\":[\"Colegio Sepam\"],\"inLanguage\":\"es\",\"potentialAction\":[{\"@type\":\"CommentAction\",\"name\":\"Comment\",\"target\":[\"https:\\\/\\\/sepam.com.br\\\/es\\\/troca-de-figurinhas-reune-tradicao-e-diversao-em-colegio\\\/#respond\"]}]},{\"@type\":\"WebPage\",\"@id\":\"https:\\\/\\\/sepam.com.br\\\/es\\\/troca-de-figurinhas-reune-tradicao-e-diversao-em-colegio\\\/\",\"url\":\"https:\\\/\\\/sepam.com.br\\\/es\\\/troca-de-figurinhas-reune-tradicao-e-diversao-em-colegio\\\/\",\"name\":\"Troca de Figurinhas re\u00fane tradi\u00e7\u00e3o e divers\u00e3o em Col\u00e9gio - Col\u00e9gio Sepam\",\"isPartOf\":{\"@id\":\"https:\\\/\\\/sepam.com.br\\\/#website\"},\"datePublished\":\"2025-08-28T13:47:01+00:00\",\"dateModified\":\"2025-11-24T13:53:37+00:00\",\"breadcrumb\":{\"@id\":\"https:\\\/\\\/sepam.com.br\\\/es\\\/troca-de-figurinhas-reune-tradicao-e-diversao-em-colegio\\\/#breadcrumb\"},\"inLanguage\":\"es\",\"potentialAction\":[{\"@type\":\"ReadAction\",\"target\":[\"https:\\\/\\\/sepam.com.br\\\/es\\\/troca-de-figurinhas-reune-tradicao-e-diversao-em-colegio\\\/\"]}]},{\"@type\":\"BreadcrumbList\",\"@id\":\"https:\\\/\\\/sepam.com.br\\\/es\\\/troca-de-figurinhas-reune-tradicao-e-diversao-em-colegio\\\/#breadcrumb\",\"itemListElement\":[{\"@type\":\"ListItem\",\"position\":1,\"name\":\"Boas Vindas\",\"item\":\"https:\\\/\\\/sepam.com.br\\\/\"},{\"@type\":\"ListItem\",\"position\":2,\"name\":\"Troca de Figurinhas re\u00fane tradi\u00e7\u00e3o e divers\u00e3o em Col\u00e9gio\"}]},{\"@type\":\"WebSite\",\"@id\":\"https:\\\/\\\/sepam.com.br\\\/es\\\/#website\",\"url\":\"https:\\\/\\\/sepam.com.br\\\/es\\\/\",\"name\":\"Col\u00e9gio Sepam\",\"description\":\"Ensino Incompar\u00e1vel\",\"publisher\":{\"@id\":\"https:\\\/\\\/sepam.com.br\\\/es\\\/#organization\"},\"potentialAction\":[{\"@type\":\"SearchAction\",\"target\":{\"@type\":\"EntryPoint\",\"urlTemplate\":\"https:\\\/\\\/sepam.com.br\\\/es\\\/?s={search_term_string}\"},\"query-input\":{\"@type\":\"PropertyValueSpecification\",\"valueRequired\":true,\"valueName\":\"search_term_string\"}}],\"inLanguage\":\"es\"},{\"@type\":\"Organization\",\"@id\":\"https:\\\/\\\/sepam.com.br\\\/es\\\/#organization\",\"name\":\"Col\u00e9gio Sepam\",\"url\":\"https:\\\/\\\/sepam.com.br\\\/es\\\/\",\"logo\":{\"@type\":\"ImageObject\",\"inLanguage\":\"es\",\"@id\":\"https:\\\/\\\/sepam.com.br\\\/es\\\/#\\\/schema\\\/logo\\\/image\\\/\",\"url\":\"https:\\\/\\\/sepam.com.br\\\/wp-content\\\/uploads\\\/2025\\\/02\\\/Ativo-2.png\",\"contentUrl\":\"https:\\\/\\\/sepam.com.br\\\/wp-content\\\/uploads\\\/2025\\\/02\\\/Ativo-2.png\",\"width\":595,\"height\":525,\"caption\":\"Col\u00e9gio Sepam\"},\"image\":{\"@id\":\"https:\\\/\\\/sepam.com.br\\\/es\\\/#\\\/schema\\\/logo\\\/image\\\/\"}},{\"@type\":\"Person\",\"@id\":\"https:\\\/\\\/sepam.com.br\\\/#\\\/schema\\\/person\\\/bfa2996c649a5a6d822766f6e64eb7fd\",\"name\":\"Sepam\",\"image\":{\"@type\":\"ImageObject\",\"inLanguage\":\"es\",\"@id\":\"https:\\\/\\\/secure.gravatar.com\\\/avatar\\\/0219e64664f5861998ad57a3432eb4bd5fd99a34c7cc9bc44b3c59dfb830db85?s=96&d=mm&r=g\",\"url\":\"https:\\\/\\\/secure.gravatar.com\\\/avatar\\\/0219e64664f5861998ad57a3432eb4bd5fd99a34c7cc9bc44b3c59dfb830db85?s=96&d=mm&r=g\",\"contentUrl\":\"https:\\\/\\\/secure.gravatar.com\\\/avatar\\\/0219e64664f5861998ad57a3432eb4bd5fd99a34c7cc9bc44b3c59dfb830db85?s=96&d=mm&r=g\",\"caption\":\"Sepam\"},\"url\":\"https:\\\/\\\/sepam.com.br\\\/es\\\/author\\\/sepam\\\/\"}]}<\/script>\n<!-- \/ Yoast SEO plugin. -->","yoast_head_json":{"title":"Troca de Figurinhas re\u00fane tradi\u00e7\u00e3o e divers\u00e3o em Col\u00e9gio","description":"Mais de 400 pessoas participaram da a\u00e7\u00e3o do Sepam no s\u00e1bado (05) N\u00e3o \u00e9 f\u00e1cil completar as 682 figurinhas do \u00e1lbum da Copa do Mundo da R\u00fassia. Faltando pouco mais de um m\u00eas para come\u00e7ar o mundial, crian\u00e7as e adultos se re\u00fanem para trocar as figurinhas e preencher o \u00e1lbum, buscando principalmente as figuras douradas.&hellip;","robots":{"index":"index","follow":"follow","max-snippet":"max-snippet:-1","max-image-preview":"max-image-preview:large","max-video-preview":"max-video-preview:-1"},"canonical":"https:\/\/sepam.com.br\/es\/troca-de-figurinhas-reune-tradicao-e-diversao-em-colegio\/","og_locale":"es_ES","og_type":"article","og_title":"Troca de Figurinhas re\u00fane tradi\u00e7\u00e3o e divers\u00e3o em Col\u00e9gio","og_description":"Mais de 400 pessoas participaram da a\u00e7\u00e3o do Sepam no s\u00e1bado (05) N\u00e3o \u00e9 f\u00e1cil completar as 682 figurinhas do \u00e1lbum da Copa do Mundo da R\u00fassia. Faltando pouco mais de um m\u00eas para come\u00e7ar o mundial, crian\u00e7as e adultos se re\u00fanem para trocar as figurinhas e preencher o \u00e1lbum, buscando principalmente as figuras douradas.&hellip;","og_url":"https:\/\/sepam.com.br\/es\/troca-de-figurinhas-reune-tradicao-e-diversao-em-colegio\/","og_site_name":"Col\u00e9gio Sepam","article_published_time":"2025-08-28T13:47:01+00:00","article_modified_time":"2025-11-24T13:53:37+00:00","author":"Sepam","twitter_card":"summary_large_image","twitter_misc":{"Escrito por":"Sepam","Tiempo de lectura":"2 minutos"},"schema":{"@context":"https:\/\/schema.org","@graph":[{"@type":"Article","@id":"https:\/\/sepam.com.br\/es\/troca-de-figurinhas-reune-tradicao-e-diversao-em-colegio\/#article","isPartOf":{"@id":"https:\/\/sepam.com.br\/es\/troca-de-figurinhas-reune-tradicao-e-diversao-em-colegio\/"},"author":{"name":"Sepam","@id":"https:\/\/sepam.com.br\/#\/schema\/person\/bfa2996c649a5a6d822766f6e64eb7fd"},"headline":"Troca de Figurinhas re\u00fane tradi\u00e7\u00e3o e divers\u00e3o em Col\u00e9gio","datePublished":"2025-08-28T13:47:01+00:00","dateModified":"2025-11-24T13:53:37+00:00","mainEntityOfPage":{"@id":"https:\/\/sepam.com.br\/es\/troca-de-figurinhas-reune-tradicao-e-diversao-em-colegio\/"},"wordCount":334,"commentCount":0,"publisher":{"@id":"https:\/\/sepam.com.br\/#organization"},"articleSection":["Colegio Sepam"],"inLanguage":"es","potentialAction":[{"@type":"CommentAction","name":"Comment","target":["https:\/\/sepam.com.br\/es\/troca-de-figurinhas-reune-tradicao-e-diversao-em-colegio\/#respond"]}]},{"@type":"WebPage","@id":"https:\/\/sepam.com.br\/es\/troca-de-figurinhas-reune-tradicao-e-diversao-em-colegio\/","url":"https:\/\/sepam.com.br\/es\/troca-de-figurinhas-reune-tradicao-e-diversao-em-colegio\/","name":"Troca de Figurinhas re\u00fane tradi\u00e7\u00e3o e divers\u00e3o em Col\u00e9gio - Col\u00e9gio Sepam","isPartOf":{"@id":"https:\/\/sepam.com.br\/#website"},"datePublished":"2025-08-28T13:47:01+00:00","dateModified":"2025-11-24T13:53:37+00:00","breadcrumb":{"@id":"https:\/\/sepam.com.br\/es\/troca-de-figurinhas-reune-tradicao-e-diversao-em-colegio\/#breadcrumb"},"inLanguage":"es","potentialAction":[{"@type":"ReadAction","target":["https:\/\/sepam.com.br\/es\/troca-de-figurinhas-reune-tradicao-e-diversao-em-colegio\/"]}]},{"@type":"BreadcrumbList","@id":"https:\/\/sepam.com.br\/es\/troca-de-figurinhas-reune-tradicao-e-diversao-em-colegio\/#breadcrumb","itemListElement":[{"@type":"ListItem","position":1,"name":"Boas Vindas","item":"https:\/\/sepam.com.br\/"},{"@type":"ListItem","position":2,"name":"Troca de Figurinhas re\u00fane tradi\u00e7\u00e3o e divers\u00e3o em Col\u00e9gio"}]},{"@type":"WebSite","@id":"https:\/\/sepam.com.br\/es\/#website","url":"https:\/\/sepam.com.br\/es\/","name":"Col\u00e9gio Sepam","description":"Ensino Incompar\u00e1vel","publisher":{"@id":"https:\/\/sepam.com.br\/es\/#organization"},"potentialAction":[{"@type":"SearchAction","target":{"@type":"EntryPoint","urlTemplate":"https:\/\/sepam.com.br\/es\/?s={search_term_string}"},"query-input":{"@type":"PropertyValueSpecification","valueRequired":true,"valueName":"search_term_string"}}],"inLanguage":"es"},{"@type":"Organization","@id":"https:\/\/sepam.com.br\/es\/#organization","name":"Col\u00e9gio Sepam","url":"https:\/\/sepam.com.br\/es\/","logo":{"@type":"ImageObject","inLanguage":"es","@id":"https:\/\/sepam.com.br\/es\/#\/schema\/logo\/image\/","url":"https:\/\/sepam.com.br\/wp-content\/uploads\/2025\/02\/Ativo-2.png","contentUrl":"https:\/\/sepam.com.br\/wp-content\/uploads\/2025\/02\/Ativo-2.png","width":595,"height":525,"caption":"Col\u00e9gio Sepam"},"image":{"@id":"https:\/\/sepam.com.br\/es\/#\/schema\/logo\/image\/"}},{"@type":"Person","@id":"https:\/\/sepam.com.br\/#\/schema\/person\/bfa2996c649a5a6d822766f6e64eb7fd","name":"Sepam","image":{"@type":"ImageObject","inLanguage":"es","@id":"https:\/\/secure.gravatar.com\/avatar\/0219e64664f5861998ad57a3432eb4bd5fd99a34c7cc9bc44b3c59dfb830db85?s=96&d=mm&r=g","url":"https:\/\/secure.gravatar.com\/avatar\/0219e64664f5861998ad57a3432eb4bd5fd99a34c7cc9bc44b3c59dfb830db85?s=96&d=mm&r=g","contentUrl":"https:\/\/secure.gravatar.com\/avatar\/0219e64664f5861998ad57a3432eb4bd5fd99a34c7cc9bc44b3c59dfb830db85?s=96&d=mm&r=g","caption":"Sepam"},"url":"https:\/\/sepam.com.br\/es\/author\/sepam\/"}]}},"_links":{"self":[{"href":"https:\/\/sepam.com.br\/es\/wp-json\/wp\/v2\/posts\/6873","targetHints":{"allow":["GET"]}}],"collection":[{"href":"https:\/\/sepam.com.br\/es\/wp-json\/wp\/v2\/posts"}],"about":[{"href":"https:\/\/sepam.com.br\/es\/wp-json\/wp\/v2\/types\/post"}],"author":[{"embeddable":true,"href":"https:\/\/sepam.com.br\/es\/wp-json\/wp\/v2\/users\/13"}],"replies":[{"embeddable":true,"href":"https:\/\/sepam.com.br\/es\/wp-json\/wp\/v2\/comments?post=6873"}],"version-history":[{"count":1,"href":"https:\/\/sepam.com.br\/es\/wp-json\/wp\/v2\/posts\/6873\/revisions"}],"predecessor-version":[{"id":7497,"href":"https:\/\/sepam.com.br\/es\/wp-json\/wp\/v2\/posts\/6873\/revisions\/7497"}],"wp:attachment":[{"href":"https:\/\/sepam.com.br\/es\/wp-json\/wp\/v2\/media?parent=6873"}],"wp:term":[{"taxonomy":"category","embeddable":true,"href":"https:\/\/sepam.com.br\/es\/wp-json\/wp\/v2\/categories?post=6873"},{"taxonomy":"post_tag","embeddable":true,"href":"https:\/\/sepam.com.br\/es\/wp-json\/wp\/v2\/tags?post=6873"}],"curies":[{"name":"wp","href":"https:\/\/api.w.org\/{rel}","templated":true}]}}