{"id":6845,"date":"2025-08-28T10:46:57","date_gmt":"2025-08-28T13:46:57","guid":{"rendered":"https:\/\/dev.alisonandrei.com.br\/noticia\/ferias-escolares-momento-de-lazer-e-aprendizado\/"},"modified":"2025-11-24T10:53:38","modified_gmt":"2025-11-24T13:53:38","slug":"ferias-escolares-momento-de-lazer-e-aprendizado","status":"publish","type":"post","link":"https:\/\/sepam.com.br\/es\/ferias-escolares-momento-de-lazer-e-aprendizado\/","title":{"rendered":"F\u00e9rias escolares: momento de lazer e aprendizado"},"content":{"rendered":"<p>&nbsp;<\/p>\n<p><em>Com atividades direcionadas, o per\u00edodo de descanso pode dar continuidade ao aprendizado das crian\u00e7as.<\/em><\/p>\n<p><em>\u00a0<\/em><\/p>\n<p>F\u00e9rias \u00e9 um per\u00edodo de descanso, \u00e9 fato. No entanto, isso n\u00e3o significa que n\u00e3o se possa aprender nada novo neste per\u00edodo, ainda mais quando se \u00e9 crian\u00e7a.<\/p>\n<p>&nbsp;<\/p>\n<p>As f\u00e9rias podem contribuir no desenvolvimento infantil, principalmente se os pequenos participarem de a\u00e7\u00f5es estimuladoras, tanto voltadas \u00e0 psicomotricidade como brincadeiras em casa com grupos de amigos, quanto a\u00e7\u00f5es sociais como visitas a parques, museus ou exposi\u00e7\u00f5es.<\/p>\n<p>&nbsp;<\/p>\n<p>\u201cEsse per\u00edodo deve ser de descanso, envolvimento com a fam\u00edlia e amigos, sem hor\u00e1rios r\u00edgidos, mas tamb\u00e9m de criatividade e autonomia com atividades em casa ou ainda compet\u00eancias sociais se o plano for lev\u00e1-los a um parque ou museu, por exemplo,\u201d explica a pedagoga Katia Moro, do Col\u00e9gio Sepam. A especialista refor\u00e7a ainda que a TV e os outros aparelhos eletr\u00f4nicos podem estar no calend\u00e1rio de atividades, desde que monitorados e com tempo estipulado para que o resumo das f\u00e9rias n\u00e3o seja o sof\u00e1.<\/p>\n<p>&nbsp;<\/p>\n<p>Para aproveitar melhor o tempo das f\u00e9rias vale fazer uma programa\u00e7\u00e3o. Confira algumas dicas:<\/p>\n<p><strong>\u00a0<\/strong><\/p>\n<p><strong>Brincadeiras ao ar livre:<\/strong> Leve os pequenos para realizar atividades fora de casa. Aproveite para ensinar brincadeiras antigas, como cantigas de rodas e amarelinha, al\u00e9m de contar para seu filho como foi sua inf\u00e2ncia. Vale convidar dois ou mais amiguinhos da escola para o programa.<\/p>\n<p>&nbsp;<\/p>\n<p><strong>Cozinhar juntos:<\/strong> Convide seu filho para preparar algo na cozinha. Pode ser um bolo, um suco natural ou uma salada de frutas para o ver\u00e3o. O <em>menu<\/em> do dia pode ser de responsabilidade da crian\u00e7a, j\u00e1 que nessa \u00e9poca os pais n\u00e3o precisam comer t\u00e3o apressados visto que n\u00e3o t\u00eam o hor\u00e1rio do sinal da escola para cumprirem.<\/p>\n<p>&nbsp;<\/p>\n<p><strong>Explorando a regi\u00e3o: <\/strong>Os Campos Gerais contam com in\u00fameros locais para visita\u00e7\u00e3o, aproveite a folga para levar as crian\u00e7as para conhecer o Parque de Vila Velha, a Cachoeira da Mariquinha,\u00a0 o Buraco do Padre e Parque Hist\u00f3rico de Carambe\u00ed.<\/p>\n<p><strong>\u00a0<\/strong><\/p>\n<p><strong>Leitura: <\/strong>Durante as f\u00e9rias a rotina de leitura n\u00e3o deve ser deixada de lado. Deixe seu filho escolher o livro. Com crian\u00e7as at\u00e9 7 anos, pais e filhos podem contar a hist\u00f3ria com teatro de fantoches juntos. Se a crian\u00e7a tiver acima de 8 anos, podem compartilhar o mesmo livro lendo em hor\u00e1rios alternados. Essa t\u00e9cnia deixa a crian\u00e7a estimulada com a leitura pois ambos comparam as diferentes vis\u00f5es sobre a mesma hist\u00f3ria.<\/p>\n<p><strong>\u00a0<\/strong><\/p>\n<p><strong>Assistir a um filme: <\/strong>Voc\u00eas podem fazer uma sess\u00e3o pipoca em casa, escolhendo um filme adequado para a idade dos pequenos ou ainda opta por lev\u00e1-los ao cinema.<\/p>\n<p>&nbsp;<\/p>\n<p><strong>Passatempo<\/strong>: Em viagens voc\u00ea pode levar revistinhas encontradas em bancas de jornais onde encontrar\u00e1 charadas, palavra-cruzada, ca\u00e7a-palavras, jogo dos 7 erros, pintura, entre outras atividades que ajudam no desenvolvimento de habilidades como aten\u00e7\u00e3o, concentra\u00e7\u00e3o, coordena\u00e7\u00e3o motora, criatividade e racioc\u00ednio l\u00f3gico. N\u00e3o esque\u00e7a de participar junto das propostas para que a crian\u00e7a sinta-se valorizada em seus conhecimentos.<\/p>\n","protected":false},"excerpt":{"rendered":"<p>&nbsp; Com atividades direcionadas, o per\u00edodo de descanso pode dar continuidade ao aprendizado das crian\u00e7as. \u00a0 F\u00e9rias \u00e9 um per\u00edodo de descanso, \u00e9 fato. No entanto, isso n\u00e3o significa que n\u00e3o se possa aprender nada novo neste per\u00edodo, ainda mais quando se \u00e9 crian\u00e7a. &nbsp; As f\u00e9rias podem contribuir no desenvolvimento infantil, principalmente se os [&hellip;]<\/p>\n","protected":false},"author":13,"featured_media":0,"comment_status":"open","ping_status":"open","sticky":false,"template":"","format":"standard","meta":{"footnotes":""},"categories":[21],"tags":[],"class_list":["post-6845","post","type-post","status-publish","format-standard","hentry","category-colegio-sepam"],"yoast_head":"<!-- This site is optimized with the Yoast SEO plugin v28.4 - https:\/\/yoast.com\/product\/yoast-seo-wordpress\/ -->\n<title>F\u00e9rias escolares: momento de lazer e aprendizado<\/title>\n<meta name=\"description\" content=\"&nbsp; Com atividades direcionadas, o per\u00edodo de descanso pode dar continuidade ao aprendizado das crian\u00e7as. \u00a0 F\u00e9rias \u00e9 um per\u00edodo de descanso, \u00e9 fato. No entanto, isso n\u00e3o significa que n\u00e3o se possa aprender nada novo neste per\u00edodo, ainda mais quando se \u00e9 crian\u00e7a. &nbsp; As f\u00e9rias podem contribuir no desenvolvimento infantil, principalmente se os&hellip;\" \/>\n<meta name=\"robots\" content=\"index, follow, max-snippet:-1, max-image-preview:large, max-video-preview:-1\" \/>\n<link rel=\"canonical\" href=\"https:\/\/sepam.com.br\/es\/ferias-escolares-momento-de-lazer-e-aprendizado\/\" \/>\n<meta property=\"og:locale\" content=\"es_ES\" \/>\n<meta property=\"og:type\" content=\"article\" \/>\n<meta property=\"og:title\" content=\"F\u00e9rias escolares: momento de lazer e aprendizado\" \/>\n<meta property=\"og:description\" content=\"&nbsp; Com atividades direcionadas, o per\u00edodo de descanso pode dar continuidade ao aprendizado das crian\u00e7as. \u00a0 F\u00e9rias \u00e9 um per\u00edodo de descanso, \u00e9 fato. No entanto, isso n\u00e3o significa que n\u00e3o se possa aprender nada novo neste per\u00edodo, ainda mais quando se \u00e9 crian\u00e7a. &nbsp; As f\u00e9rias podem contribuir no desenvolvimento infantil, principalmente se os&hellip;\" \/>\n<meta property=\"og:url\" content=\"https:\/\/sepam.com.br\/es\/ferias-escolares-momento-de-lazer-e-aprendizado\/\" \/>\n<meta property=\"og:site_name\" content=\"Col\u00e9gio Sepam\" \/>\n<meta property=\"article:published_time\" content=\"2025-08-28T13:46:57+00:00\" \/>\n<meta property=\"article:modified_time\" content=\"2025-11-24T13:53:38+00:00\" \/>\n<meta name=\"author\" content=\"Sepam\" \/>\n<meta name=\"twitter:card\" content=\"summary_large_image\" \/>\n<meta name=\"twitter:label1\" content=\"Escrito por\" \/>\n\t<meta name=\"twitter:data1\" content=\"Sepam\" \/>\n\t<meta name=\"twitter:label2\" content=\"Tiempo de lectura\" \/>\n\t<meta name=\"twitter:data2\" content=\"3 minutos\" \/>\n<script type=\"application\/ld+json\" class=\"yoast-schema-graph\">{\"@context\":\"https:\\\/\\\/schema.org\",\"@graph\":[{\"@type\":\"Article\",\"@id\":\"https:\\\/\\\/sepam.com.br\\\/es\\\/ferias-escolares-momento-de-lazer-e-aprendizado\\\/#article\",\"isPartOf\":{\"@id\":\"https:\\\/\\\/sepam.com.br\\\/es\\\/ferias-escolares-momento-de-lazer-e-aprendizado\\\/\"},\"author\":{\"name\":\"Sepam\",\"@id\":\"https:\\\/\\\/sepam.com.br\\\/#\\\/schema\\\/person\\\/bfa2996c649a5a6d822766f6e64eb7fd\"},\"headline\":\"F\u00e9rias escolares: momento de lazer e aprendizado\",\"datePublished\":\"2025-08-28T13:46:57+00:00\",\"dateModified\":\"2025-11-24T13:53:38+00:00\",\"mainEntityOfPage\":{\"@id\":\"https:\\\/\\\/sepam.com.br\\\/es\\\/ferias-escolares-momento-de-lazer-e-aprendizado\\\/\"},\"wordCount\":547,\"commentCount\":0,\"publisher\":{\"@id\":\"https:\\\/\\\/sepam.com.br\\\/#organization\"},\"articleSection\":[\"Colegio Sepam\"],\"inLanguage\":\"es\",\"potentialAction\":[{\"@type\":\"CommentAction\",\"name\":\"Comment\",\"target\":[\"https:\\\/\\\/sepam.com.br\\\/es\\\/ferias-escolares-momento-de-lazer-e-aprendizado\\\/#respond\"]}]},{\"@type\":\"WebPage\",\"@id\":\"https:\\\/\\\/sepam.com.br\\\/es\\\/ferias-escolares-momento-de-lazer-e-aprendizado\\\/\",\"url\":\"https:\\\/\\\/sepam.com.br\\\/es\\\/ferias-escolares-momento-de-lazer-e-aprendizado\\\/\",\"name\":\"F\u00e9rias escolares: momento de lazer e aprendizado - Col\u00e9gio Sepam\",\"isPartOf\":{\"@id\":\"https:\\\/\\\/sepam.com.br\\\/#website\"},\"datePublished\":\"2025-08-28T13:46:57+00:00\",\"dateModified\":\"2025-11-24T13:53:38+00:00\",\"breadcrumb\":{\"@id\":\"https:\\\/\\\/sepam.com.br\\\/es\\\/ferias-escolares-momento-de-lazer-e-aprendizado\\\/#breadcrumb\"},\"inLanguage\":\"es\",\"potentialAction\":[{\"@type\":\"ReadAction\",\"target\":[\"https:\\\/\\\/sepam.com.br\\\/es\\\/ferias-escolares-momento-de-lazer-e-aprendizado\\\/\"]}]},{\"@type\":\"BreadcrumbList\",\"@id\":\"https:\\\/\\\/sepam.com.br\\\/es\\\/ferias-escolares-momento-de-lazer-e-aprendizado\\\/#breadcrumb\",\"itemListElement\":[{\"@type\":\"ListItem\",\"position\":1,\"name\":\"Boas Vindas\",\"item\":\"https:\\\/\\\/sepam.com.br\\\/\"},{\"@type\":\"ListItem\",\"position\":2,\"name\":\"F\u00e9rias escolares: momento de lazer e aprendizado\"}]},{\"@type\":\"WebSite\",\"@id\":\"https:\\\/\\\/sepam.com.br\\\/es\\\/#website\",\"url\":\"https:\\\/\\\/sepam.com.br\\\/es\\\/\",\"name\":\"Col\u00e9gio Sepam\",\"description\":\"Ensino Incompar\u00e1vel\",\"publisher\":{\"@id\":\"https:\\\/\\\/sepam.com.br\\\/es\\\/#organization\"},\"potentialAction\":[{\"@type\":\"SearchAction\",\"target\":{\"@type\":\"EntryPoint\",\"urlTemplate\":\"https:\\\/\\\/sepam.com.br\\\/es\\\/?s={search_term_string}\"},\"query-input\":{\"@type\":\"PropertyValueSpecification\",\"valueRequired\":true,\"valueName\":\"search_term_string\"}}],\"inLanguage\":\"es\"},{\"@type\":\"Organization\",\"@id\":\"https:\\\/\\\/sepam.com.br\\\/es\\\/#organization\",\"name\":\"Col\u00e9gio Sepam\",\"url\":\"https:\\\/\\\/sepam.com.br\\\/es\\\/\",\"logo\":{\"@type\":\"ImageObject\",\"inLanguage\":\"es\",\"@id\":\"https:\\\/\\\/sepam.com.br\\\/es\\\/#\\\/schema\\\/logo\\\/image\\\/\",\"url\":\"https:\\\/\\\/sepam.com.br\\\/wp-content\\\/uploads\\\/2025\\\/02\\\/Ativo-2.png\",\"contentUrl\":\"https:\\\/\\\/sepam.com.br\\\/wp-content\\\/uploads\\\/2025\\\/02\\\/Ativo-2.png\",\"width\":595,\"height\":525,\"caption\":\"Col\u00e9gio Sepam\"},\"image\":{\"@id\":\"https:\\\/\\\/sepam.com.br\\\/es\\\/#\\\/schema\\\/logo\\\/image\\\/\"}},{\"@type\":\"Person\",\"@id\":\"https:\\\/\\\/sepam.com.br\\\/#\\\/schema\\\/person\\\/bfa2996c649a5a6d822766f6e64eb7fd\",\"name\":\"Sepam\",\"image\":{\"@type\":\"ImageObject\",\"inLanguage\":\"es\",\"@id\":\"https:\\\/\\\/secure.gravatar.com\\\/avatar\\\/0219e64664f5861998ad57a3432eb4bd5fd99a34c7cc9bc44b3c59dfb830db85?s=96&d=mm&r=g\",\"url\":\"https:\\\/\\\/secure.gravatar.com\\\/avatar\\\/0219e64664f5861998ad57a3432eb4bd5fd99a34c7cc9bc44b3c59dfb830db85?s=96&d=mm&r=g\",\"contentUrl\":\"https:\\\/\\\/secure.gravatar.com\\\/avatar\\\/0219e64664f5861998ad57a3432eb4bd5fd99a34c7cc9bc44b3c59dfb830db85?s=96&d=mm&r=g\",\"caption\":\"Sepam\"},\"url\":\"https:\\\/\\\/sepam.com.br\\\/es\\\/author\\\/sepam\\\/\"}]}<\/script>\n<!-- \/ Yoast SEO plugin. -->","yoast_head_json":{"title":"F\u00e9rias escolares: momento de lazer e aprendizado","description":"&nbsp; Com atividades direcionadas, o per\u00edodo de descanso pode dar continuidade ao aprendizado das crian\u00e7as. \u00a0 F\u00e9rias \u00e9 um per\u00edodo de descanso, \u00e9 fato. No entanto, isso n\u00e3o significa que n\u00e3o se possa aprender nada novo neste per\u00edodo, ainda mais quando se \u00e9 crian\u00e7a. &nbsp; As f\u00e9rias podem contribuir no desenvolvimento infantil, principalmente se os&hellip;","robots":{"index":"index","follow":"follow","max-snippet":"max-snippet:-1","max-image-preview":"max-image-preview:large","max-video-preview":"max-video-preview:-1"},"canonical":"https:\/\/sepam.com.br\/es\/ferias-escolares-momento-de-lazer-e-aprendizado\/","og_locale":"es_ES","og_type":"article","og_title":"F\u00e9rias escolares: momento de lazer e aprendizado","og_description":"&nbsp; Com atividades direcionadas, o per\u00edodo de descanso pode dar continuidade ao aprendizado das crian\u00e7as. \u00a0 F\u00e9rias \u00e9 um per\u00edodo de descanso, \u00e9 fato. No entanto, isso n\u00e3o significa que n\u00e3o se possa aprender nada novo neste per\u00edodo, ainda mais quando se \u00e9 crian\u00e7a. &nbsp; As f\u00e9rias podem contribuir no desenvolvimento infantil, principalmente se os&hellip;","og_url":"https:\/\/sepam.com.br\/es\/ferias-escolares-momento-de-lazer-e-aprendizado\/","og_site_name":"Col\u00e9gio Sepam","article_published_time":"2025-08-28T13:46:57+00:00","article_modified_time":"2025-11-24T13:53:38+00:00","author":"Sepam","twitter_card":"summary_large_image","twitter_misc":{"Escrito por":"Sepam","Tiempo de lectura":"3 minutos"},"schema":{"@context":"https:\/\/schema.org","@graph":[{"@type":"Article","@id":"https:\/\/sepam.com.br\/es\/ferias-escolares-momento-de-lazer-e-aprendizado\/#article","isPartOf":{"@id":"https:\/\/sepam.com.br\/es\/ferias-escolares-momento-de-lazer-e-aprendizado\/"},"author":{"name":"Sepam","@id":"https:\/\/sepam.com.br\/#\/schema\/person\/bfa2996c649a5a6d822766f6e64eb7fd"},"headline":"F\u00e9rias escolares: momento de lazer e aprendizado","datePublished":"2025-08-28T13:46:57+00:00","dateModified":"2025-11-24T13:53:38+00:00","mainEntityOfPage":{"@id":"https:\/\/sepam.com.br\/es\/ferias-escolares-momento-de-lazer-e-aprendizado\/"},"wordCount":547,"commentCount":0,"publisher":{"@id":"https:\/\/sepam.com.br\/#organization"},"articleSection":["Colegio Sepam"],"inLanguage":"es","potentialAction":[{"@type":"CommentAction","name":"Comment","target":["https:\/\/sepam.com.br\/es\/ferias-escolares-momento-de-lazer-e-aprendizado\/#respond"]}]},{"@type":"WebPage","@id":"https:\/\/sepam.com.br\/es\/ferias-escolares-momento-de-lazer-e-aprendizado\/","url":"https:\/\/sepam.com.br\/es\/ferias-escolares-momento-de-lazer-e-aprendizado\/","name":"F\u00e9rias escolares: momento de lazer e aprendizado - Col\u00e9gio Sepam","isPartOf":{"@id":"https:\/\/sepam.com.br\/#website"},"datePublished":"2025-08-28T13:46:57+00:00","dateModified":"2025-11-24T13:53:38+00:00","breadcrumb":{"@id":"https:\/\/sepam.com.br\/es\/ferias-escolares-momento-de-lazer-e-aprendizado\/#breadcrumb"},"inLanguage":"es","potentialAction":[{"@type":"ReadAction","target":["https:\/\/sepam.com.br\/es\/ferias-escolares-momento-de-lazer-e-aprendizado\/"]}]},{"@type":"BreadcrumbList","@id":"https:\/\/sepam.com.br\/es\/ferias-escolares-momento-de-lazer-e-aprendizado\/#breadcrumb","itemListElement":[{"@type":"ListItem","position":1,"name":"Boas Vindas","item":"https:\/\/sepam.com.br\/"},{"@type":"ListItem","position":2,"name":"F\u00e9rias escolares: momento de lazer e aprendizado"}]},{"@type":"WebSite","@id":"https:\/\/sepam.com.br\/es\/#website","url":"https:\/\/sepam.com.br\/es\/","name":"Col\u00e9gio Sepam","description":"Ensino Incompar\u00e1vel","publisher":{"@id":"https:\/\/sepam.com.br\/es\/#organization"},"potentialAction":[{"@type":"SearchAction","target":{"@type":"EntryPoint","urlTemplate":"https:\/\/sepam.com.br\/es\/?s={search_term_string}"},"query-input":{"@type":"PropertyValueSpecification","valueRequired":true,"valueName":"search_term_string"}}],"inLanguage":"es"},{"@type":"Organization","@id":"https:\/\/sepam.com.br\/es\/#organization","name":"Col\u00e9gio Sepam","url":"https:\/\/sepam.com.br\/es\/","logo":{"@type":"ImageObject","inLanguage":"es","@id":"https:\/\/sepam.com.br\/es\/#\/schema\/logo\/image\/","url":"https:\/\/sepam.com.br\/wp-content\/uploads\/2025\/02\/Ativo-2.png","contentUrl":"https:\/\/sepam.com.br\/wp-content\/uploads\/2025\/02\/Ativo-2.png","width":595,"height":525,"caption":"Col\u00e9gio Sepam"},"image":{"@id":"https:\/\/sepam.com.br\/es\/#\/schema\/logo\/image\/"}},{"@type":"Person","@id":"https:\/\/sepam.com.br\/#\/schema\/person\/bfa2996c649a5a6d822766f6e64eb7fd","name":"Sepam","image":{"@type":"ImageObject","inLanguage":"es","@id":"https:\/\/secure.gravatar.com\/avatar\/0219e64664f5861998ad57a3432eb4bd5fd99a34c7cc9bc44b3c59dfb830db85?s=96&d=mm&r=g","url":"https:\/\/secure.gravatar.com\/avatar\/0219e64664f5861998ad57a3432eb4bd5fd99a34c7cc9bc44b3c59dfb830db85?s=96&d=mm&r=g","contentUrl":"https:\/\/secure.gravatar.com\/avatar\/0219e64664f5861998ad57a3432eb4bd5fd99a34c7cc9bc44b3c59dfb830db85?s=96&d=mm&r=g","caption":"Sepam"},"url":"https:\/\/sepam.com.br\/es\/author\/sepam\/"}]}},"_links":{"self":[{"href":"https:\/\/sepam.com.br\/es\/wp-json\/wp\/v2\/posts\/6845","targetHints":{"allow":["GET"]}}],"collection":[{"href":"https:\/\/sepam.com.br\/es\/wp-json\/wp\/v2\/posts"}],"about":[{"href":"https:\/\/sepam.com.br\/es\/wp-json\/wp\/v2\/types\/post"}],"author":[{"embeddable":true,"href":"https:\/\/sepam.com.br\/es\/wp-json\/wp\/v2\/users\/13"}],"replies":[{"embeddable":true,"href":"https:\/\/sepam.com.br\/es\/wp-json\/wp\/v2\/comments?post=6845"}],"version-history":[{"count":1,"href":"https:\/\/sepam.com.br\/es\/wp-json\/wp\/v2\/posts\/6845\/revisions"}],"predecessor-version":[{"id":7509,"href":"https:\/\/sepam.com.br\/es\/wp-json\/wp\/v2\/posts\/6845\/revisions\/7509"}],"wp:attachment":[{"href":"https:\/\/sepam.com.br\/es\/wp-json\/wp\/v2\/media?parent=6845"}],"wp:term":[{"taxonomy":"category","embeddable":true,"href":"https:\/\/sepam.com.br\/es\/wp-json\/wp\/v2\/categories?post=6845"},{"taxonomy":"post_tag","embeddable":true,"href":"https:\/\/sepam.com.br\/es\/wp-json\/wp\/v2\/tags?post=6845"}],"curies":[{"name":"wp","href":"https:\/\/api.w.org\/{rel}","templated":true}]}}