{"id":6814,"date":"2025-08-28T10:46:50","date_gmt":"2025-08-28T13:46:50","guid":{"rendered":"https:\/\/dev.alisonandrei.com.br\/noticia\/sepam-participa-dos-jogos-estudantis-da-primavera\/"},"modified":"2025-08-28T10:53:53","modified_gmt":"2025-08-28T13:53:53","slug":"sepam-participa-dos-jogos-estudantis-da-primavera","status":"publish","type":"post","link":"https:\/\/sepam.com.br\/es\/sepam-participa-dos-jogos-estudantis-da-primavera\/","title":{"rendered":"Sepam participa dos Jogos Estudantis da Primavera"},"content":{"rendered":"<p>&nbsp;<\/p>\n<p>Come\u00e7a nesta sexta-feira(22\/09), em Ponta Grossa, a 62\u00aa edi\u00e7\u00e3o dos \u00a0Jogos Estudantis da Primavera (JEP&#8217;s), uma das competi\u00e7\u00f5es escolares mais antigas do Brasil.<\/p>\n<p>O Col\u00e9gio Sepam ir\u00e1 participar com 67 alunos do Ensino M\u00e9dio, que integrar\u00e3o o grupo 1. Os atletas disputar\u00e3o as modalidades de basquete, futsal, handebol, nata\u00e7\u00e3o, t\u00eanis de mesa, v\u00f4lei de areia e xadrez masculino, al\u00e9m de basquete, nata\u00e7\u00e3o e t\u00eanis de mesa feminino.<\/p>\n<p>O Cerimonial de abertura do JEP&#8217;s acontece no Gin\u00e1sio do Campus da Universidade Estadual de Ponta Grossa (UEPG), \u00e0s 19h00 desta sexta-feira. A competi\u00e7\u00e3o segue at\u00e9 o pr\u00f3ximo dia 30 em diversos locais da cidade, com jogos tamb\u00e9m no Gin\u00e1sio Sepam.<\/p>\n<p>Confira a programa\u00e7\u00e3o completa:<\/p>\n<p><strong>SEXTA \u2013 22 DE SETEMBRO<\/strong><\/p>\n<table>\n<tbody>\n<tr>\n<td width=\"120\"><strong>MODALIDADE<\/strong><\/td>\n<td width=\"78\"><strong>HOR\u00c1RIO<\/strong><\/td>\n<td width=\"67\"><strong>GRUPO <\/strong><\/td>\n<td width=\"57\"><strong>SEXO<\/strong><\/td>\n<td width=\"142\"><strong>LOCAL<\/strong><\/td>\n<td colspan=\"2\" width=\"129\"><strong>ADVERS\u00c1RIO<\/strong><\/td>\n<td width=\"124\"><strong>TRANSPORTE<\/strong><\/td>\n<\/tr>\n<tr>\n<td width=\"120\">ABERTURA<\/td>\n<td width=\"78\">18h30<\/td>\n<td width=\"67\">TODOS<\/td>\n<td width=\"57\"><\/td>\n<td width=\"142\">GIN CAMPUS UEPG<\/td>\n<td width=\"126\"><\/td>\n<td colspan=\"2\" width=\"126\">VAN SAI 18h15<\/td>\n<\/tr>\n<tr>\n<td width=\"120\"><\/td>\n<td width=\"78\"><\/td>\n<td width=\"67\"><\/td>\n<td width=\"57\"><\/td>\n<td width=\"142\"><\/td>\n<td width=\"126\"><\/td>\n<td width=\"2\"><\/td>\n<td width=\"124\"><\/td>\n<\/tr>\n<\/tbody>\n<\/table>\n<p><strong>\u00a0<\/strong><\/p>\n<p><strong>S\u00c1BADO \u2013 23 DE SETEMBRO<\/strong><\/p>\n<table>\n<tbody>\n<tr>\n<td width=\"115\"><strong>MODALIDADE<\/strong><\/td>\n<td width=\"78\"><strong>HOR\u00c1RIO<\/strong><\/td>\n<td width=\"63\"><strong>GRUPO <\/strong><\/td>\n<td width=\"56\"><strong>SEXO<\/strong><\/td>\n<td width=\"155\"><strong>LOCAL<\/strong><\/td>\n<td width=\"127\"><strong>ADVERS\u00c1RIO<\/strong><\/td>\n<td width=\"122\"><strong>TRANSPORTE<\/strong><\/td>\n<\/tr>\n<tr>\n<td width=\"115\">XADREZ<\/td>\n<td width=\"78\">09h<\/td>\n<td width=\"63\">1<\/td>\n<td width=\"56\">M\/F<\/td>\n<td width=\"155\">COL\u00c9GIO AGR\u00cdCOLA<\/td>\n<td width=\"127\">DIVERSOS<\/td>\n<td width=\"122\">IR DIRETO<\/td>\n<\/tr>\n<\/tbody>\n<\/table>\n<p><strong>\u00a0<\/strong><\/p>\n<p><strong>DOMINGO \u2013 24 DE SETEMBRO<\/strong><\/p>\n<table>\n<tbody>\n<tr>\n<td width=\"115\"><strong>MODALIDADE<\/strong><\/td>\n<td width=\"78\"><strong>HOR\u00c1RIO<\/strong><\/td>\n<td width=\"63\"><strong>GRUPO <\/strong><\/td>\n<td width=\"56\"><strong>SEXO<\/strong><\/td>\n<td width=\"155\"><strong>LOCAL<\/strong><\/td>\n<td width=\"127\"><strong>ADVERS\u00c1RIO<\/strong><\/td>\n<td width=\"122\"><strong>TRANSPORTE<\/strong><\/td>\n<\/tr>\n<tr>\n<td width=\"115\">NATA\u00c7\u00c3O<\/td>\n<td width=\"78\">14h<\/td>\n<td width=\"63\">1<\/td>\n<td width=\"56\">M\/F<\/td>\n<td width=\"155\">PISCINA DA UEPG<\/td>\n<td width=\"127\">DIVERSOS<\/td>\n<td width=\"122\">IR DIRETO<\/td>\n<\/tr>\n<\/tbody>\n<\/table>\n<p><strong>\u00a0<\/strong><\/p>\n<p><strong>SEGUNDA \u2013 25 DE SETEMBRO<\/strong><\/p>\n<table>\n<tbody>\n<tr>\n<td width=\"117\"><strong>MODALIDADE<\/strong><\/td>\n<td width=\"72\"><strong>HOR\u00c1RIO<\/strong><\/td>\n<td width=\"63\"><strong>GRUPO <\/strong><\/td>\n<td width=\"58\"><strong>SEXO<\/strong><\/td>\n<td width=\"167\"><strong>LOCAL<\/strong><\/td>\n<td width=\"131\"><strong>ADVERS\u00c1RIO<\/strong><\/td>\n<td width=\"125\"><strong>TRANSPORTE<\/strong><\/td>\n<\/tr>\n<tr>\n<td width=\"117\">V\u00d4LEI PRAIA<\/td>\n<td width=\"72\">9h30<\/td>\n<td width=\"63\">1<\/td>\n<td width=\"58\">MASC<\/td>\n<td width=\"167\">COMPLEXO AMBIENTAL<\/td>\n<td width=\"131\">SAG. FAM\u00cdLIA<\/td>\n<td width=\"125\">&#8211;<\/td>\n<\/tr>\n<tr>\n<td width=\"117\">BASQUETE<\/td>\n<td width=\"72\">14h<\/td>\n<td width=\"63\">1<\/td>\n<td width=\"58\">FEM<\/td>\n<td width=\"167\">SEPAM<\/td>\n<td width=\"131\">SANT\u2019ANA<\/td>\n<td width=\"125\">&#8211;<\/td>\n<\/tr>\n<tr>\n<td width=\"117\">HANDEBOL<\/td>\n<td width=\"72\">16h<\/td>\n<td width=\"63\">1<\/td>\n<td width=\"58\">MASC<\/td>\n<td width=\"167\">OSCAR PEREIRA<\/td>\n<td width=\"131\">SAG. FAM\u00cdLIA<\/td>\n<td width=\"125\">IR DIRETO<\/td>\n<\/tr>\n<tr>\n<td width=\"117\">V\u00d4LEI<\/td>\n<td width=\"72\">16h<\/td>\n<td width=\"63\">1<\/td>\n<td width=\"58\">MASC<\/td>\n<td width=\"167\">ARENA MULTIUSO<\/td>\n<td width=\"131\">LINDA BACILA<\/td>\n<td width=\"125\">VAN SAI 16h15<\/td>\n<\/tr>\n<tr>\n<td width=\"117\">FUTSAL<\/td>\n<td width=\"72\">17h<\/td>\n<td width=\"63\">1<\/td>\n<td width=\"58\">MASC<\/td>\n<td width=\"167\">ZUK\u00c3O<\/td>\n<td width=\"131\">LEOPOLDINA<\/td>\n<td width=\"125\">VAN SAI 16h15<\/td>\n<\/tr>\n<\/tbody>\n<\/table>\n<p><strong>\u00a0<\/strong><\/p>\n<p><strong>TER\u00c7A \u2013 26 DE SETEMBRO<\/strong><\/p>\n<table>\n<tbody>\n<tr>\n<td width=\"117\"><strong>MODALIDADE<\/strong><\/td>\n<td width=\"72\"><strong>HOR\u00c1RIO<\/strong><\/td>\n<td width=\"63\"><strong>GRUPO <\/strong><\/td>\n<td width=\"58\"><strong>SEXO<\/strong><\/td>\n<td width=\"167\"><strong>LOCAL<\/strong><\/td>\n<td width=\"131\"><strong>ADVERS\u00c1RIO<\/strong><\/td>\n<td width=\"125\"><strong>TRANSPORTE<\/strong><\/td>\n<\/tr>\n<tr>\n<td width=\"117\">T\u00caNIS DE MESA<\/td>\n<td width=\"72\">08h<\/td>\n<td width=\"63\">1<\/td>\n<td width=\"58\">M\/F<\/td>\n<td width=\"167\">GIN. CAMPUS UEPG<\/td>\n<td width=\"131\">DIVERSOS<\/td>\n<td width=\"125\">VAN SAI 7h15<\/td>\n<\/tr>\n<tr>\n<td width=\"117\">T\u00caNIS DE MESA<\/td>\n<td width=\"72\">13h30<\/td>\n<td width=\"63\">1<\/td>\n<td width=\"58\">M\/F<\/td>\n<td width=\"167\">GIN. CAMPUS UEPG<\/td>\n<td width=\"131\">DIVERSOS<\/td>\n<td width=\"125\">VAN SAI 13h<\/td>\n<\/tr>\n<tr>\n<td width=\"117\">BASQUETE<\/td>\n<td width=\"72\">15h<\/td>\n<td width=\"63\">1<\/td>\n<td width=\"58\">MASC<\/td>\n<td width=\"167\">BORELL DU VERNAY<\/td>\n<td width=\"131\">ESTADUAL PR<\/td>\n<td width=\"125\">IR DIRETO<\/td>\n<\/tr>\n<tr>\n<td width=\"117\">FUTSAL<\/td>\n<td width=\"72\">15h<\/td>\n<td width=\"63\">1<\/td>\n<td width=\"58\">MASC<\/td>\n<td width=\"167\">ZUK\u00c3O<\/td>\n<td width=\"131\">SE VENCER<\/td>\n<td width=\"125\">VAN SAI 14h15<\/td>\n<\/tr>\n<tr>\n<td width=\"117\">HANDEBOL<\/td>\n<td width=\"72\">16h<\/td>\n<td width=\"63\">1<\/td>\n<td width=\"58\">MASC<\/td>\n<td width=\"167\">OSCAR PEREIRA<\/td>\n<td width=\"131\">MARISTA<\/td>\n<td width=\"125\">IR DIRETO<\/td>\n<\/tr>\n<tr>\n<td width=\"117\">V\u00d4LEI<\/td>\n<td width=\"72\">16h<\/td>\n<td width=\"63\">1<\/td>\n<td width=\"58\">MASC<\/td>\n<td width=\"167\">CAMPUS UEPG<\/td>\n<td width=\"131\">NEO MASTER<\/td>\n<td width=\"125\">VAN SAI 15h<\/td>\n<\/tr>\n<\/tbody>\n<\/table>\n<p><strong>\u00a0<\/strong><\/p>\n<p><strong>QUARTA \u2013 27 DE SETEMBRO<\/strong><\/p>\n<table>\n<tbody>\n<tr>\n<td width=\"114\"><strong>MODALIDADE<\/strong><\/td>\n<td width=\"78\"><strong>HOR\u00c1RIO<\/strong><\/td>\n<td width=\"63\"><strong>GRUPO <\/strong><\/td>\n<td width=\"56\"><strong>SEXO<\/strong><\/td>\n<td width=\"158\"><strong>LOCAL<\/strong><\/td>\n<td width=\"128\"><strong>ADVERS\u00c1RIO<\/strong><\/td>\n<td width=\"120\"><strong>TRANSPORTE<\/strong><\/td>\n<\/tr>\n<tr>\n<td width=\"114\">BASQUETE<\/td>\n<td width=\"78\">11h<\/td>\n<td width=\"63\">1<\/td>\n<td width=\"56\">MASC<\/td>\n<td width=\"158\">SEPAM<\/td>\n<td width=\"128\">SANTANA<\/td>\n<td width=\"120\">&#8211;<\/td>\n<\/tr>\n<tr>\n<td width=\"114\">BASQUETE<\/td>\n<td width=\"78\">17h<\/td>\n<td width=\"63\">1<\/td>\n<td width=\"56\">FEM<\/td>\n<td width=\"158\">BORELL DU VERNAY<\/td>\n<td width=\"128\">NEO MASTER<\/td>\n<td width=\"120\">VAN SAI 16h<\/td>\n<\/tr>\n<tr>\n<td width=\"114\">FUTSAL<\/td>\n<td width=\"78\">17h<\/td>\n<td width=\"63\">1<\/td>\n<td width=\"56\">MASC<\/td>\n<td width=\"158\">ZUK\u00c3O<\/td>\n<td width=\"128\">SE VENCER \u2013 4as<\/td>\n<td width=\"120\">VAN SAI 16h<\/td>\n<\/tr>\n<\/tbody>\n<\/table>\n<p><strong>\u00a0<\/strong><\/p>\n<p><strong>QUINTA \u2013 28 DE SETEMBRO<\/strong><\/p>\n<table>\n<tbody>\n<tr>\n<td width=\"117\"><strong>MODALIDADE<\/strong><\/td>\n<td width=\"72\"><strong>HOR\u00c1RIO<\/strong><\/td>\n<td width=\"63\"><strong>GRUPO <\/strong><\/td>\n<td width=\"58\"><strong>SEXO<\/strong><\/td>\n<td width=\"167\"><strong>LOCAL<\/strong><\/td>\n<td width=\"131\"><strong>ADVERS\u00c1RIO<\/strong><\/td>\n<td width=\"125\"><strong>TRANSPORTE<\/strong><\/td>\n<\/tr>\n<tr>\n<td width=\"117\">BASQUETE<\/td>\n<td width=\"72\">13h<\/td>\n<td width=\"63\">1<\/td>\n<td width=\"58\">FEM<\/td>\n<td width=\"167\">BORELL DU VERNAY<\/td>\n<td width=\"131\">SEMIFINAL<\/td>\n<td width=\"125\">IR DIRETO<\/td>\n<\/tr>\n<tr>\n<td width=\"117\">V\u00d4LEI<\/td>\n<td width=\"72\">13h<\/td>\n<td width=\"63\">1<\/td>\n<td width=\"58\">MASC<\/td>\n<td width=\"167\">ARENA MULTIUSO<\/td>\n<td width=\"131\">SEMIFINAL<\/td>\n<td width=\"125\">VAN SAI 12h15<\/td>\n<\/tr>\n<tr>\n<td width=\"117\">HANDEBOL<\/td>\n<td width=\"72\">14h<\/td>\n<td width=\"63\">1<\/td>\n<td width=\"58\">MASC<\/td>\n<td width=\"167\">OSCAR PEREIRA<\/td>\n<td width=\"131\">SEMIFINAL<\/td>\n<td width=\"125\">IR DIRETO<\/td>\n<\/tr>\n<tr>\n<td width=\"117\">BASQUETE<\/td>\n<td width=\"72\">15h<\/td>\n<td width=\"63\">1<\/td>\n<td width=\"58\">MASC<\/td>\n<td width=\"167\">BORELL DU VERNAY<\/td>\n<td width=\"131\">SEMIFINAL<\/td>\n<td width=\"125\">IR DIRETO<\/td>\n<\/tr>\n<tr>\n<td width=\"117\">FUTSAL<\/td>\n<td width=\"72\">16h<\/td>\n<td width=\"63\">1<\/td>\n<td width=\"58\">MASC<\/td>\n<td width=\"167\">CAMPUS UEPG<\/td>\n<td width=\"131\">SEMIFINAL<\/td>\n<td width=\"125\">VAN SAI 15h<\/td>\n<\/tr>\n<\/tbody>\n<\/table>\n<p><strong>\u00a0<\/strong><\/p>\n<p><strong>SEXTA \u2013 29 DE SETEMBRO<\/strong><\/p>\n<table>\n<tbody>\n<tr>\n<td width=\"117\"><strong>MODALIDADE<\/strong><\/td>\n<td width=\"72\"><strong>HOR\u00c1RIO<\/strong><\/td>\n<td width=\"63\"><strong>GRUPO <\/strong><\/td>\n<td width=\"58\"><strong>SEXO<\/strong><\/td>\n<td width=\"167\"><strong>LOCAL<\/strong><\/td>\n<td width=\"131\"><strong>ADVERS\u00c1RIO<\/strong><\/td>\n<td width=\"125\"><strong>TRANSPORTE<\/strong><\/td>\n<\/tr>\n<tr>\n<td width=\"117\">BASQUETE<\/td>\n<td width=\"72\">17h<\/td>\n<td width=\"63\">1<\/td>\n<td width=\"58\">FEM<\/td>\n<td width=\"167\">BORELL DU VERNAY<\/td>\n<td width=\"131\">FINAL<\/td>\n<td width=\"125\">IR DIRETO<\/td>\n<\/tr>\n<tr>\n<td width=\"117\">FUTSAL<\/td>\n<td width=\"72\">17h<\/td>\n<td width=\"63\">1<\/td>\n<td width=\"58\">MASC<\/td>\n<td width=\"167\">CAMPUS UEPG<\/td>\n<td width=\"131\">FINAL<\/td>\n<td width=\"125\">VAN SAI 16h<\/td>\n<\/tr>\n<tr>\n<td width=\"117\">V\u00d4LEI<\/td>\n<td width=\"72\">17h<\/td>\n<td width=\"63\">1<\/td>\n<td width=\"58\">MASC<\/td>\n<td width=\"167\">ARENA MULTIUSO<\/td>\n<td width=\"131\">FINAL<\/td>\n<td width=\"125\">VAN SAI 16h<\/td>\n<\/tr>\n<tr>\n<td width=\"117\">BASQUETE<\/td>\n<td width=\"72\">18h<\/td>\n<td width=\"63\">1<\/td>\n<td width=\"58\">MASC<\/td>\n<td width=\"167\">BORELL DU VERNAY<\/td>\n<td width=\"131\">FINAL<\/td>\n<td width=\"125\">IR DIRETO<\/td>\n<\/tr>\n<tr>\n<td width=\"117\">HANDEBOL<\/td>\n<td width=\"72\">19h<\/td>\n<td width=\"63\">1<\/td>\n<td width=\"58\">MASC<\/td>\n<td width=\"167\">OSCAR PEREIRA<\/td>\n<td width=\"131\">FINAL<\/td>\n<td width=\"125\">IR DIRETO<\/td>\n<\/tr>\n<\/tbody>\n<\/table>\n<p><strong>\u00a0<\/strong><\/p>\n<p>&nbsp;<\/p>\n","protected":false},"excerpt":{"rendered":"<p>&nbsp; Come\u00e7a nesta sexta-feira(22\/09), em Ponta Grossa, a 62\u00aa edi\u00e7\u00e3o dos \u00a0Jogos Estudantis da Primavera (JEP&#8217;s), uma das competi\u00e7\u00f5es escolares mais antigas do Brasil. O Col\u00e9gio Sepam ir\u00e1 participar com 67 alunos do Ensino M\u00e9dio, que integrar\u00e3o o grupo 1. Os atletas disputar\u00e3o as modalidades de basquete, futsal, handebol, nata\u00e7\u00e3o, t\u00eanis de mesa, v\u00f4lei de [&hellip;]<\/p>\n","protected":false},"author":12,"featured_media":0,"comment_status":"open","ping_status":"open","sticky":false,"template":"","format":"standard","meta":{"footnotes":""},"categories":[21],"tags":[],"class_list":["post-6814","post","type-post","status-publish","format-standard","hentry","category-colegio-sepam"],"yoast_head":"<!-- This site is optimized with the Yoast SEO plugin v28.4 - https:\/\/yoast.com\/product\/yoast-seo-wordpress\/ -->\n<title>Sepam participa dos Jogos Estudantis da Primavera<\/title>\n<meta name=\"description\" content=\"&nbsp; Come\u00e7a nesta sexta-feira(22\/09), em Ponta Grossa, a 62\u00aa edi\u00e7\u00e3o dos \u00a0Jogos Estudantis da Primavera (JEP&#039;s), uma das competi\u00e7\u00f5es escolares mais antigas do Brasil. O Col\u00e9gio Sepam ir\u00e1 participar com 67 alunos do Ensino M\u00e9dio, que integrar\u00e3o o grupo 1. Os atletas disputar\u00e3o as modalidades de basquete, futsal, handebol, nata\u00e7\u00e3o, t\u00eanis de mesa, v\u00f4lei de&hellip;\" \/>\n<meta name=\"robots\" content=\"index, follow, max-snippet:-1, max-image-preview:large, max-video-preview:-1\" \/>\n<link rel=\"canonical\" href=\"https:\/\/sepam.com.br\/es\/sepam-participa-dos-jogos-estudantis-da-primavera\/\" \/>\n<meta property=\"og:locale\" content=\"es_ES\" \/>\n<meta property=\"og:type\" content=\"article\" \/>\n<meta property=\"og:title\" content=\"Sepam participa dos Jogos Estudantis da Primavera\" \/>\n<meta property=\"og:description\" content=\"&nbsp; Come\u00e7a nesta sexta-feira(22\/09), em Ponta Grossa, a 62\u00aa edi\u00e7\u00e3o dos \u00a0Jogos Estudantis da Primavera (JEP&#039;s), uma das competi\u00e7\u00f5es escolares mais antigas do Brasil. O Col\u00e9gio Sepam ir\u00e1 participar com 67 alunos do Ensino M\u00e9dio, que integrar\u00e3o o grupo 1. Os atletas disputar\u00e3o as modalidades de basquete, futsal, handebol, nata\u00e7\u00e3o, t\u00eanis de mesa, v\u00f4lei de&hellip;\" \/>\n<meta property=\"og:url\" content=\"https:\/\/sepam.com.br\/es\/sepam-participa-dos-jogos-estudantis-da-primavera\/\" \/>\n<meta property=\"og:site_name\" content=\"Col\u00e9gio Sepam\" \/>\n<meta property=\"article:published_time\" content=\"2025-08-28T13:46:50+00:00\" \/>\n<meta property=\"article:modified_time\" content=\"2025-08-28T13:53:53+00:00\" \/>\n<meta name=\"author\" content=\"Alison Andrei\" \/>\n<meta name=\"twitter:card\" content=\"summary_large_image\" \/>\n<meta name=\"twitter:label1\" content=\"Escrito por\" \/>\n\t<meta name=\"twitter:data1\" content=\"Alison Andrei\" \/>\n\t<meta name=\"twitter:label2\" content=\"Tiempo de lectura\" \/>\n\t<meta name=\"twitter:data2\" content=\"2 minutos\" \/>\n<script type=\"application\/ld+json\" class=\"yoast-schema-graph\">{\"@context\":\"https:\\\/\\\/schema.org\",\"@graph\":[{\"@type\":\"Article\",\"@id\":\"https:\\\/\\\/sepam.com.br\\\/es\\\/sepam-participa-dos-jogos-estudantis-da-primavera\\\/#article\",\"isPartOf\":{\"@id\":\"https:\\\/\\\/sepam.com.br\\\/es\\\/sepam-participa-dos-jogos-estudantis-da-primavera\\\/\"},\"author\":{\"name\":\"Alison Andrei\",\"@id\":\"https:\\\/\\\/sepam.com.br\\\/#\\\/schema\\\/person\\\/38aff034b8d22d0cd551d59b7e4939f5\"},\"headline\":\"Sepam participa dos Jogos Estudantis da Primavera\",\"datePublished\":\"2025-08-28T13:46:50+00:00\",\"dateModified\":\"2025-08-28T13:53:53+00:00\",\"mainEntityOfPage\":{\"@id\":\"https:\\\/\\\/sepam.com.br\\\/es\\\/sepam-participa-dos-jogos-estudantis-da-primavera\\\/\"},\"wordCount\":500,\"commentCount\":0,\"publisher\":{\"@id\":\"https:\\\/\\\/sepam.com.br\\\/#organization\"},\"articleSection\":[\"Colegio Sepam\"],\"inLanguage\":\"es\",\"potentialAction\":[{\"@type\":\"CommentAction\",\"name\":\"Comment\",\"target\":[\"https:\\\/\\\/sepam.com.br\\\/es\\\/sepam-participa-dos-jogos-estudantis-da-primavera\\\/#respond\"]}]},{\"@type\":\"WebPage\",\"@id\":\"https:\\\/\\\/sepam.com.br\\\/es\\\/sepam-participa-dos-jogos-estudantis-da-primavera\\\/\",\"url\":\"https:\\\/\\\/sepam.com.br\\\/es\\\/sepam-participa-dos-jogos-estudantis-da-primavera\\\/\",\"name\":\"Sepam participa dos Jogos Estudantis da Primavera - Col\u00e9gio Sepam\",\"isPartOf\":{\"@id\":\"https:\\\/\\\/sepam.com.br\\\/#website\"},\"datePublished\":\"2025-08-28T13:46:50+00:00\",\"dateModified\":\"2025-08-28T13:53:53+00:00\",\"breadcrumb\":{\"@id\":\"https:\\\/\\\/sepam.com.br\\\/es\\\/sepam-participa-dos-jogos-estudantis-da-primavera\\\/#breadcrumb\"},\"inLanguage\":\"es\",\"potentialAction\":[{\"@type\":\"ReadAction\",\"target\":[\"https:\\\/\\\/sepam.com.br\\\/es\\\/sepam-participa-dos-jogos-estudantis-da-primavera\\\/\"]}]},{\"@type\":\"BreadcrumbList\",\"@id\":\"https:\\\/\\\/sepam.com.br\\\/es\\\/sepam-participa-dos-jogos-estudantis-da-primavera\\\/#breadcrumb\",\"itemListElement\":[{\"@type\":\"ListItem\",\"position\":1,\"name\":\"Boas Vindas\",\"item\":\"https:\\\/\\\/sepam.com.br\\\/\"},{\"@type\":\"ListItem\",\"position\":2,\"name\":\"Sepam participa dos Jogos Estudantis da Primavera\"}]},{\"@type\":\"WebSite\",\"@id\":\"https:\\\/\\\/sepam.com.br\\\/es\\\/#website\",\"url\":\"https:\\\/\\\/sepam.com.br\\\/es\\\/\",\"name\":\"Col\u00e9gio Sepam\",\"description\":\"Ensino Incompar\u00e1vel\",\"publisher\":{\"@id\":\"https:\\\/\\\/sepam.com.br\\\/es\\\/#organization\"},\"potentialAction\":[{\"@type\":\"SearchAction\",\"target\":{\"@type\":\"EntryPoint\",\"urlTemplate\":\"https:\\\/\\\/sepam.com.br\\\/es\\\/?s={search_term_string}\"},\"query-input\":{\"@type\":\"PropertyValueSpecification\",\"valueRequired\":true,\"valueName\":\"search_term_string\"}}],\"inLanguage\":\"es\"},{\"@type\":\"Organization\",\"@id\":\"https:\\\/\\\/sepam.com.br\\\/es\\\/#organization\",\"name\":\"Col\u00e9gio Sepam\",\"url\":\"https:\\\/\\\/sepam.com.br\\\/es\\\/\",\"logo\":{\"@type\":\"ImageObject\",\"inLanguage\":\"es\",\"@id\":\"https:\\\/\\\/sepam.com.br\\\/es\\\/#\\\/schema\\\/logo\\\/image\\\/\",\"url\":\"https:\\\/\\\/sepam.com.br\\\/wp-content\\\/uploads\\\/2025\\\/02\\\/Ativo-2.png\",\"contentUrl\":\"https:\\\/\\\/sepam.com.br\\\/wp-content\\\/uploads\\\/2025\\\/02\\\/Ativo-2.png\",\"width\":595,\"height\":525,\"caption\":\"Col\u00e9gio Sepam\"},\"image\":{\"@id\":\"https:\\\/\\\/sepam.com.br\\\/es\\\/#\\\/schema\\\/logo\\\/image\\\/\"}},{\"@type\":\"Person\",\"@id\":\"https:\\\/\\\/sepam.com.br\\\/#\\\/schema\\\/person\\\/38aff034b8d22d0cd551d59b7e4939f5\",\"name\":\"Alison Andrei\",\"image\":{\"@type\":\"ImageObject\",\"inLanguage\":\"es\",\"@id\":\"https:\\\/\\\/secure.gravatar.com\\\/avatar\\\/7d433525a110825b50a22691febdab3f59016724f20a8f9b39c947a4aac9641a?s=96&d=mm&r=g\",\"url\":\"https:\\\/\\\/secure.gravatar.com\\\/avatar\\\/7d433525a110825b50a22691febdab3f59016724f20a8f9b39c947a4aac9641a?s=96&d=mm&r=g\",\"contentUrl\":\"https:\\\/\\\/secure.gravatar.com\\\/avatar\\\/7d433525a110825b50a22691febdab3f59016724f20a8f9b39c947a4aac9641a?s=96&d=mm&r=g\",\"caption\":\"Alison Andrei\"},\"url\":\"https:\\\/\\\/sepam.com.br\\\/es\\\/author\\\/alisonandrei\\\/\"}]}<\/script>\n<!-- \/ Yoast SEO plugin. -->","yoast_head_json":{"title":"Sepam participa dos Jogos Estudantis da Primavera","description":"&nbsp; Come\u00e7a nesta sexta-feira(22\/09), em Ponta Grossa, a 62\u00aa edi\u00e7\u00e3o dos \u00a0Jogos Estudantis da Primavera (JEP's), uma das competi\u00e7\u00f5es escolares mais antigas do Brasil. O Col\u00e9gio Sepam ir\u00e1 participar com 67 alunos do Ensino M\u00e9dio, que integrar\u00e3o o grupo 1. Os atletas disputar\u00e3o as modalidades de basquete, futsal, handebol, nata\u00e7\u00e3o, t\u00eanis de mesa, v\u00f4lei de&hellip;","robots":{"index":"index","follow":"follow","max-snippet":"max-snippet:-1","max-image-preview":"max-image-preview:large","max-video-preview":"max-video-preview:-1"},"canonical":"https:\/\/sepam.com.br\/es\/sepam-participa-dos-jogos-estudantis-da-primavera\/","og_locale":"es_ES","og_type":"article","og_title":"Sepam participa dos Jogos Estudantis da Primavera","og_description":"&nbsp; Come\u00e7a nesta sexta-feira(22\/09), em Ponta Grossa, a 62\u00aa edi\u00e7\u00e3o dos \u00a0Jogos Estudantis da Primavera (JEP's), uma das competi\u00e7\u00f5es escolares mais antigas do Brasil. O Col\u00e9gio Sepam ir\u00e1 participar com 67 alunos do Ensino M\u00e9dio, que integrar\u00e3o o grupo 1. Os atletas disputar\u00e3o as modalidades de basquete, futsal, handebol, nata\u00e7\u00e3o, t\u00eanis de mesa, v\u00f4lei de&hellip;","og_url":"https:\/\/sepam.com.br\/es\/sepam-participa-dos-jogos-estudantis-da-primavera\/","og_site_name":"Col\u00e9gio Sepam","article_published_time":"2025-08-28T13:46:50+00:00","article_modified_time":"2025-08-28T13:53:53+00:00","author":"Alison Andrei","twitter_card":"summary_large_image","twitter_misc":{"Escrito por":"Alison Andrei","Tiempo de lectura":"2 minutos"},"schema":{"@context":"https:\/\/schema.org","@graph":[{"@type":"Article","@id":"https:\/\/sepam.com.br\/es\/sepam-participa-dos-jogos-estudantis-da-primavera\/#article","isPartOf":{"@id":"https:\/\/sepam.com.br\/es\/sepam-participa-dos-jogos-estudantis-da-primavera\/"},"author":{"name":"Alison Andrei","@id":"https:\/\/sepam.com.br\/#\/schema\/person\/38aff034b8d22d0cd551d59b7e4939f5"},"headline":"Sepam participa dos Jogos Estudantis da Primavera","datePublished":"2025-08-28T13:46:50+00:00","dateModified":"2025-08-28T13:53:53+00:00","mainEntityOfPage":{"@id":"https:\/\/sepam.com.br\/es\/sepam-participa-dos-jogos-estudantis-da-primavera\/"},"wordCount":500,"commentCount":0,"publisher":{"@id":"https:\/\/sepam.com.br\/#organization"},"articleSection":["Colegio Sepam"],"inLanguage":"es","potentialAction":[{"@type":"CommentAction","name":"Comment","target":["https:\/\/sepam.com.br\/es\/sepam-participa-dos-jogos-estudantis-da-primavera\/#respond"]}]},{"@type":"WebPage","@id":"https:\/\/sepam.com.br\/es\/sepam-participa-dos-jogos-estudantis-da-primavera\/","url":"https:\/\/sepam.com.br\/es\/sepam-participa-dos-jogos-estudantis-da-primavera\/","name":"Sepam participa dos Jogos Estudantis da Primavera - Col\u00e9gio Sepam","isPartOf":{"@id":"https:\/\/sepam.com.br\/#website"},"datePublished":"2025-08-28T13:46:50+00:00","dateModified":"2025-08-28T13:53:53+00:00","breadcrumb":{"@id":"https:\/\/sepam.com.br\/es\/sepam-participa-dos-jogos-estudantis-da-primavera\/#breadcrumb"},"inLanguage":"es","potentialAction":[{"@type":"ReadAction","target":["https:\/\/sepam.com.br\/es\/sepam-participa-dos-jogos-estudantis-da-primavera\/"]}]},{"@type":"BreadcrumbList","@id":"https:\/\/sepam.com.br\/es\/sepam-participa-dos-jogos-estudantis-da-primavera\/#breadcrumb","itemListElement":[{"@type":"ListItem","position":1,"name":"Boas Vindas","item":"https:\/\/sepam.com.br\/"},{"@type":"ListItem","position":2,"name":"Sepam participa dos Jogos Estudantis da Primavera"}]},{"@type":"WebSite","@id":"https:\/\/sepam.com.br\/es\/#website","url":"https:\/\/sepam.com.br\/es\/","name":"Col\u00e9gio Sepam","description":"Ensino Incompar\u00e1vel","publisher":{"@id":"https:\/\/sepam.com.br\/es\/#organization"},"potentialAction":[{"@type":"SearchAction","target":{"@type":"EntryPoint","urlTemplate":"https:\/\/sepam.com.br\/es\/?s={search_term_string}"},"query-input":{"@type":"PropertyValueSpecification","valueRequired":true,"valueName":"search_term_string"}}],"inLanguage":"es"},{"@type":"Organization","@id":"https:\/\/sepam.com.br\/es\/#organization","name":"Col\u00e9gio Sepam","url":"https:\/\/sepam.com.br\/es\/","logo":{"@type":"ImageObject","inLanguage":"es","@id":"https:\/\/sepam.com.br\/es\/#\/schema\/logo\/image\/","url":"https:\/\/sepam.com.br\/wp-content\/uploads\/2025\/02\/Ativo-2.png","contentUrl":"https:\/\/sepam.com.br\/wp-content\/uploads\/2025\/02\/Ativo-2.png","width":595,"height":525,"caption":"Col\u00e9gio Sepam"},"image":{"@id":"https:\/\/sepam.com.br\/es\/#\/schema\/logo\/image\/"}},{"@type":"Person","@id":"https:\/\/sepam.com.br\/#\/schema\/person\/38aff034b8d22d0cd551d59b7e4939f5","name":"Alison Andrei","image":{"@type":"ImageObject","inLanguage":"es","@id":"https:\/\/secure.gravatar.com\/avatar\/7d433525a110825b50a22691febdab3f59016724f20a8f9b39c947a4aac9641a?s=96&d=mm&r=g","url":"https:\/\/secure.gravatar.com\/avatar\/7d433525a110825b50a22691febdab3f59016724f20a8f9b39c947a4aac9641a?s=96&d=mm&r=g","contentUrl":"https:\/\/secure.gravatar.com\/avatar\/7d433525a110825b50a22691febdab3f59016724f20a8f9b39c947a4aac9641a?s=96&d=mm&r=g","caption":"Alison Andrei"},"url":"https:\/\/sepam.com.br\/es\/author\/alisonandrei\/"}]}},"_links":{"self":[{"href":"https:\/\/sepam.com.br\/es\/wp-json\/wp\/v2\/posts\/6814","targetHints":{"allow":["GET"]}}],"collection":[{"href":"https:\/\/sepam.com.br\/es\/wp-json\/wp\/v2\/posts"}],"about":[{"href":"https:\/\/sepam.com.br\/es\/wp-json\/wp\/v2\/types\/post"}],"author":[{"embeddable":true,"href":"https:\/\/sepam.com.br\/es\/wp-json\/wp\/v2\/users\/12"}],"replies":[{"embeddable":true,"href":"https:\/\/sepam.com.br\/es\/wp-json\/wp\/v2\/comments?post=6814"}],"version-history":[{"count":1,"href":"https:\/\/sepam.com.br\/es\/wp-json\/wp\/v2\/posts\/6814\/revisions"}],"predecessor-version":[{"id":7558,"href":"https:\/\/sepam.com.br\/es\/wp-json\/wp\/v2\/posts\/6814\/revisions\/7558"}],"wp:attachment":[{"href":"https:\/\/sepam.com.br\/es\/wp-json\/wp\/v2\/media?parent=6814"}],"wp:term":[{"taxonomy":"category","embeddable":true,"href":"https:\/\/sepam.com.br\/es\/wp-json\/wp\/v2\/categories?post=6814"},{"taxonomy":"post_tag","embeddable":true,"href":"https:\/\/sepam.com.br\/es\/wp-json\/wp\/v2\/tags?post=6814"}],"curies":[{"name":"wp","href":"https:\/\/api.w.org\/{rel}","templated":true}]}}