{"id":6812,"date":"2025-08-28T10:46:50","date_gmt":"2025-08-28T13:46:50","guid":{"rendered":"https:\/\/dev.alisonandrei.com.br\/noticia\/projeto-menarca-alcanca-mais-de-60-mil-meninas-em-15-anos-de-atuacao\/"},"modified":"2025-08-28T10:53:53","modified_gmt":"2025-08-28T13:53:53","slug":"projeto-menarca-alcanca-mais-de-60-mil-meninas-em-15-anos-de-atuacao","status":"publish","type":"post","link":"https:\/\/sepam.com.br\/es\/projeto-menarca-alcanca-mais-de-60-mil-meninas-em-15-anos-de-atuacao\/","title":{"rendered":"Projeto Menarca alcan\u00e7a mais de 60 mil meninas em 15 anos de atua\u00e7\u00e3o"},"content":{"rendered":"<p><em>Promovido pelo Col\u00e9gio Sepam de Ponta Grossa, o Projeto Menarca re\u00fane adolescentes do col\u00e9gio e da comunidade para bate-papo sobre gravidez na adolesc\u00eancia, DSTs, entre outros temas relacionados \u00e0 sa\u00fade das meninas<\/em>.<\/p>\n<p>O Projeto Menarca de promo\u00e7\u00e3o \u00e0 sa\u00fade feminina, do Col\u00e9gio Sepam de Ponta Grossa, no Paran\u00e1, completa neste m\u00eas 15 anos de atua\u00e7\u00e3o. Criado em 2002, o programa que visa conscientizar e orientar adolescentes em fase de menarca &#8211; 1\u00b0 menstrua\u00e7\u00e3o \u2013 j\u00e1 alcan\u00e7ou 60 mil meninas.<\/p>\n<p>Promovendo encontros com palestras e bate-papo entre jovens da mesma faixa et\u00e1ria, o projeto atende escolas p\u00fablicas, entidades sociais e a comunidade em geral, orientando meninas de 12 a 16 anos sobre os riscos das DSTs (Doen\u00e7as Sexualmente Transmiss\u00edveis) e os problemas da gravidez na adolesc\u00eancia.<\/p>\n<p>Como diferencial, quem conduz os debates do Menarca s\u00e3o as pr\u00f3prias alunas do Col\u00e9gio Sepam. Ap\u00f3s orienta\u00e7\u00f5es e qualifica\u00e7\u00e3o com profissionais da \u00e1rea da sa\u00fade feminina, as volunt\u00e1rias, com idade entre 14 e 16 anos, realizam encontros com as jovens atendidas pelo Projeto Menarca, sem a presen\u00e7a de professores, de outros adultos e tamb\u00e9m sem a presen\u00e7a dos meninos.<\/p>\n<p>Segundo a orientadora do projeto e professora de Educa\u00e7\u00e3o F\u00edsica do Sepam, Larissa Pasturczak, o di\u00e1logo sem a presen\u00e7a de um adulto torna o debate mais din\u00e2mico e amplo. \u201cS\u00e3o meninas falando com meninas sobre assunto de meninas. Elas n\u00e3o se sentem intimidadas e ficam mais \u00e0 vontade para discutirem assuntos \u00edntimos\u201d, destaca.<\/p>\n<p>Desde a sua cria\u00e7\u00e3o, o Menarca foi implantado em outras cinco cidades do Paran\u00e1 e Santa Catarina.<\/p>\n<p>Iniciativa de sucesso, o programa conquistou quatro pr\u00eamios nacionais: Pr\u00eamio Escola de Incentivo \u00e0 Preven\u00e7\u00e3o de DST`s, Aids e drogas (UNESCO\/ONU &#8211; 2003)), Pr\u00eamio Jovem Semeador (Iber\u00e1 Sementes &#8211; 2004), Pr\u00eamio Objetivos de Desenvolvimento do Mil\u00eanio ODM Brasil (Governo Brasileiro &#8211; 2005) e Pr\u00eamio Construindo a Na\u00e7\u00e3o (CNI\/SESI &#8211; 2007).<\/p>\n<p>O Col\u00e9gio Sepam ainda realiza outros projetos direcionados \u00e0 comunidade da regi\u00e3o de Ponta Grossa, como Grupo da Cidadania, Step by Step e ECOPAM. Jacob Cavagnari, coordenador pedag\u00f3gico e de projetos do Sepam conta que a participa\u00e7\u00e3o dos alunos em programas sociais de forma volunt\u00e1ria \u00e9 importante na forma\u00e7\u00e3o cidad\u00e3 dos alunos: \u201cAcreditamos nos jovens e quando eles se integram em projetos volunt\u00e1rios, vemos um crescimento do aspecto humanit\u00e1rio, com mudan\u00e7as que fazem a diferen\u00e7a na sociedade\u00bb.<\/p>\n<p>Para o diretor do Col\u00e9gio Sepam, Osni Mongruel Junior, o projeto evidencia sempre as caracter\u00edsticas presentes em outros projetos da institui\u00e7\u00e3o, como a educa\u00e7\u00e3o de pares e o protagonismo juvenil. \u201cNeste caso temos as nossas alunas ensinando outras jovens alunas. Isto \u00e9 ensinar muito mais\u201d, afirma.<\/p>\n","protected":false},"excerpt":{"rendered":"<p>Promovido pelo Col\u00e9gio Sepam de Ponta Grossa, o Projeto Menarca re\u00fane adolescentes do col\u00e9gio e da comunidade para bate-papo sobre gravidez na adolesc\u00eancia, DSTs, entre outros temas relacionados \u00e0 sa\u00fade das meninas. O Projeto Menarca de promo\u00e7\u00e3o \u00e0 sa\u00fade feminina, do Col\u00e9gio Sepam de Ponta Grossa, no Paran\u00e1, completa neste m\u00eas 15 anos de atua\u00e7\u00e3o. [&hellip;]<\/p>\n","protected":false},"author":12,"featured_media":0,"comment_status":"open","ping_status":"open","sticky":false,"template":"","format":"standard","meta":{"footnotes":""},"categories":[21],"tags":[],"class_list":["post-6812","post","type-post","status-publish","format-standard","hentry","category-colegio-sepam"],"yoast_head":"<!-- This site is optimized with the Yoast SEO plugin v28.4 - https:\/\/yoast.com\/product\/yoast-seo-wordpress\/ -->\n<title>Projeto Menarca alcan\u00e7a mais de 60 mil meninas em 15 anos de atua\u00e7\u00e3o<\/title>\n<meta name=\"description\" content=\"Promovido pelo Col\u00e9gio Sepam de Ponta Grossa, o Projeto Menarca re\u00fane adolescentes do col\u00e9gio e da comunidade para bate-papo sobre gravidez na adolesc\u00eancia, DSTs, entre outros temas relacionados \u00e0 sa\u00fade das meninas. O Projeto Menarca de promo\u00e7\u00e3o \u00e0 sa\u00fade feminina, do Col\u00e9gio Sepam de Ponta Grossa, no Paran\u00e1, completa neste m\u00eas 15 anos de atua\u00e7\u00e3o.&hellip;\" \/>\n<meta name=\"robots\" content=\"index, follow, max-snippet:-1, max-image-preview:large, max-video-preview:-1\" \/>\n<link rel=\"canonical\" href=\"https:\/\/sepam.com.br\/es\/projeto-menarca-alcanca-mais-de-60-mil-meninas-em-15-anos-de-atuacao\/\" \/>\n<meta property=\"og:locale\" content=\"es_ES\" \/>\n<meta property=\"og:type\" content=\"article\" \/>\n<meta property=\"og:title\" content=\"Projeto Menarca alcan\u00e7a mais de 60 mil meninas em 15 anos de atua\u00e7\u00e3o\" \/>\n<meta property=\"og:description\" content=\"Promovido pelo Col\u00e9gio Sepam de Ponta Grossa, o Projeto Menarca re\u00fane adolescentes do col\u00e9gio e da comunidade para bate-papo sobre gravidez na adolesc\u00eancia, DSTs, entre outros temas relacionados \u00e0 sa\u00fade das meninas. O Projeto Menarca de promo\u00e7\u00e3o \u00e0 sa\u00fade feminina, do Col\u00e9gio Sepam de Ponta Grossa, no Paran\u00e1, completa neste m\u00eas 15 anos de atua\u00e7\u00e3o.&hellip;\" \/>\n<meta property=\"og:url\" content=\"https:\/\/sepam.com.br\/es\/projeto-menarca-alcanca-mais-de-60-mil-meninas-em-15-anos-de-atuacao\/\" \/>\n<meta property=\"og:site_name\" content=\"Col\u00e9gio Sepam\" \/>\n<meta property=\"article:published_time\" content=\"2025-08-28T13:46:50+00:00\" \/>\n<meta property=\"article:modified_time\" content=\"2025-08-28T13:53:53+00:00\" \/>\n<meta name=\"author\" content=\"Alison Andrei\" \/>\n<meta name=\"twitter:card\" content=\"summary_large_image\" \/>\n<meta name=\"twitter:label1\" content=\"Escrito por\" \/>\n\t<meta name=\"twitter:data1\" content=\"Alison Andrei\" \/>\n\t<meta name=\"twitter:label2\" content=\"Tiempo de lectura\" \/>\n\t<meta name=\"twitter:data2\" content=\"2 minutos\" \/>\n<script type=\"application\/ld+json\" class=\"yoast-schema-graph\">{\"@context\":\"https:\\\/\\\/schema.org\",\"@graph\":[{\"@type\":\"Article\",\"@id\":\"https:\\\/\\\/sepam.com.br\\\/es\\\/projeto-menarca-alcanca-mais-de-60-mil-meninas-em-15-anos-de-atuacao\\\/#article\",\"isPartOf\":{\"@id\":\"https:\\\/\\\/sepam.com.br\\\/es\\\/projeto-menarca-alcanca-mais-de-60-mil-meninas-em-15-anos-de-atuacao\\\/\"},\"author\":{\"name\":\"Alison Andrei\",\"@id\":\"https:\\\/\\\/sepam.com.br\\\/#\\\/schema\\\/person\\\/38aff034b8d22d0cd551d59b7e4939f5\"},\"headline\":\"Projeto Menarca alcan\u00e7a mais de 60 mil meninas em 15 anos de atua\u00e7\u00e3o\",\"datePublished\":\"2025-08-28T13:46:50+00:00\",\"dateModified\":\"2025-08-28T13:53:53+00:00\",\"mainEntityOfPage\":{\"@id\":\"https:\\\/\\\/sepam.com.br\\\/es\\\/projeto-menarca-alcanca-mais-de-60-mil-meninas-em-15-anos-de-atuacao\\\/\"},\"wordCount\":481,\"commentCount\":0,\"publisher\":{\"@id\":\"https:\\\/\\\/sepam.com.br\\\/#organization\"},\"articleSection\":[\"Colegio Sepam\"],\"inLanguage\":\"es\",\"potentialAction\":[{\"@type\":\"CommentAction\",\"name\":\"Comment\",\"target\":[\"https:\\\/\\\/sepam.com.br\\\/es\\\/projeto-menarca-alcanca-mais-de-60-mil-meninas-em-15-anos-de-atuacao\\\/#respond\"]}]},{\"@type\":\"WebPage\",\"@id\":\"https:\\\/\\\/sepam.com.br\\\/es\\\/projeto-menarca-alcanca-mais-de-60-mil-meninas-em-15-anos-de-atuacao\\\/\",\"url\":\"https:\\\/\\\/sepam.com.br\\\/es\\\/projeto-menarca-alcanca-mais-de-60-mil-meninas-em-15-anos-de-atuacao\\\/\",\"name\":\"Projeto Menarca alcan\u00e7a mais de 60 mil meninas em 15 anos de atua\u00e7\u00e3o - Col\u00e9gio Sepam\",\"isPartOf\":{\"@id\":\"https:\\\/\\\/sepam.com.br\\\/#website\"},\"datePublished\":\"2025-08-28T13:46:50+00:00\",\"dateModified\":\"2025-08-28T13:53:53+00:00\",\"breadcrumb\":{\"@id\":\"https:\\\/\\\/sepam.com.br\\\/es\\\/projeto-menarca-alcanca-mais-de-60-mil-meninas-em-15-anos-de-atuacao\\\/#breadcrumb\"},\"inLanguage\":\"es\",\"potentialAction\":[{\"@type\":\"ReadAction\",\"target\":[\"https:\\\/\\\/sepam.com.br\\\/es\\\/projeto-menarca-alcanca-mais-de-60-mil-meninas-em-15-anos-de-atuacao\\\/\"]}]},{\"@type\":\"BreadcrumbList\",\"@id\":\"https:\\\/\\\/sepam.com.br\\\/es\\\/projeto-menarca-alcanca-mais-de-60-mil-meninas-em-15-anos-de-atuacao\\\/#breadcrumb\",\"itemListElement\":[{\"@type\":\"ListItem\",\"position\":1,\"name\":\"Boas Vindas\",\"item\":\"https:\\\/\\\/sepam.com.br\\\/\"},{\"@type\":\"ListItem\",\"position\":2,\"name\":\"Projeto Menarca alcan\u00e7a mais de 60 mil meninas em 15 anos de atua\u00e7\u00e3o\"}]},{\"@type\":\"WebSite\",\"@id\":\"https:\\\/\\\/sepam.com.br\\\/es\\\/#website\",\"url\":\"https:\\\/\\\/sepam.com.br\\\/es\\\/\",\"name\":\"Col\u00e9gio Sepam\",\"description\":\"Ensino Incompar\u00e1vel\",\"publisher\":{\"@id\":\"https:\\\/\\\/sepam.com.br\\\/es\\\/#organization\"},\"potentialAction\":[{\"@type\":\"SearchAction\",\"target\":{\"@type\":\"EntryPoint\",\"urlTemplate\":\"https:\\\/\\\/sepam.com.br\\\/es\\\/?s={search_term_string}\"},\"query-input\":{\"@type\":\"PropertyValueSpecification\",\"valueRequired\":true,\"valueName\":\"search_term_string\"}}],\"inLanguage\":\"es\"},{\"@type\":\"Organization\",\"@id\":\"https:\\\/\\\/sepam.com.br\\\/es\\\/#organization\",\"name\":\"Col\u00e9gio Sepam\",\"url\":\"https:\\\/\\\/sepam.com.br\\\/es\\\/\",\"logo\":{\"@type\":\"ImageObject\",\"inLanguage\":\"es\",\"@id\":\"https:\\\/\\\/sepam.com.br\\\/es\\\/#\\\/schema\\\/logo\\\/image\\\/\",\"url\":\"https:\\\/\\\/sepam.com.br\\\/wp-content\\\/uploads\\\/2025\\\/02\\\/Ativo-2.png\",\"contentUrl\":\"https:\\\/\\\/sepam.com.br\\\/wp-content\\\/uploads\\\/2025\\\/02\\\/Ativo-2.png\",\"width\":595,\"height\":525,\"caption\":\"Col\u00e9gio Sepam\"},\"image\":{\"@id\":\"https:\\\/\\\/sepam.com.br\\\/es\\\/#\\\/schema\\\/logo\\\/image\\\/\"}},{\"@type\":\"Person\",\"@id\":\"https:\\\/\\\/sepam.com.br\\\/#\\\/schema\\\/person\\\/38aff034b8d22d0cd551d59b7e4939f5\",\"name\":\"Alison Andrei\",\"image\":{\"@type\":\"ImageObject\",\"inLanguage\":\"es\",\"@id\":\"https:\\\/\\\/secure.gravatar.com\\\/avatar\\\/7d433525a110825b50a22691febdab3f59016724f20a8f9b39c947a4aac9641a?s=96&d=mm&r=g\",\"url\":\"https:\\\/\\\/secure.gravatar.com\\\/avatar\\\/7d433525a110825b50a22691febdab3f59016724f20a8f9b39c947a4aac9641a?s=96&d=mm&r=g\",\"contentUrl\":\"https:\\\/\\\/secure.gravatar.com\\\/avatar\\\/7d433525a110825b50a22691febdab3f59016724f20a8f9b39c947a4aac9641a?s=96&d=mm&r=g\",\"caption\":\"Alison Andrei\"},\"url\":\"https:\\\/\\\/sepam.com.br\\\/es\\\/author\\\/alisonandrei\\\/\"}]}<\/script>\n<!-- \/ Yoast SEO plugin. -->","yoast_head_json":{"title":"Projeto Menarca alcan\u00e7a mais de 60 mil meninas em 15 anos de atua\u00e7\u00e3o","description":"Promovido pelo Col\u00e9gio Sepam de Ponta Grossa, o Projeto Menarca re\u00fane adolescentes do col\u00e9gio e da comunidade para bate-papo sobre gravidez na adolesc\u00eancia, DSTs, entre outros temas relacionados \u00e0 sa\u00fade das meninas. O Projeto Menarca de promo\u00e7\u00e3o \u00e0 sa\u00fade feminina, do Col\u00e9gio Sepam de Ponta Grossa, no Paran\u00e1, completa neste m\u00eas 15 anos de atua\u00e7\u00e3o.&hellip;","robots":{"index":"index","follow":"follow","max-snippet":"max-snippet:-1","max-image-preview":"max-image-preview:large","max-video-preview":"max-video-preview:-1"},"canonical":"https:\/\/sepam.com.br\/es\/projeto-menarca-alcanca-mais-de-60-mil-meninas-em-15-anos-de-atuacao\/","og_locale":"es_ES","og_type":"article","og_title":"Projeto Menarca alcan\u00e7a mais de 60 mil meninas em 15 anos de atua\u00e7\u00e3o","og_description":"Promovido pelo Col\u00e9gio Sepam de Ponta Grossa, o Projeto Menarca re\u00fane adolescentes do col\u00e9gio e da comunidade para bate-papo sobre gravidez na adolesc\u00eancia, DSTs, entre outros temas relacionados \u00e0 sa\u00fade das meninas. O Projeto Menarca de promo\u00e7\u00e3o \u00e0 sa\u00fade feminina, do Col\u00e9gio Sepam de Ponta Grossa, no Paran\u00e1, completa neste m\u00eas 15 anos de atua\u00e7\u00e3o.&hellip;","og_url":"https:\/\/sepam.com.br\/es\/projeto-menarca-alcanca-mais-de-60-mil-meninas-em-15-anos-de-atuacao\/","og_site_name":"Col\u00e9gio Sepam","article_published_time":"2025-08-28T13:46:50+00:00","article_modified_time":"2025-08-28T13:53:53+00:00","author":"Alison Andrei","twitter_card":"summary_large_image","twitter_misc":{"Escrito por":"Alison Andrei","Tiempo de lectura":"2 minutos"},"schema":{"@context":"https:\/\/schema.org","@graph":[{"@type":"Article","@id":"https:\/\/sepam.com.br\/es\/projeto-menarca-alcanca-mais-de-60-mil-meninas-em-15-anos-de-atuacao\/#article","isPartOf":{"@id":"https:\/\/sepam.com.br\/es\/projeto-menarca-alcanca-mais-de-60-mil-meninas-em-15-anos-de-atuacao\/"},"author":{"name":"Alison Andrei","@id":"https:\/\/sepam.com.br\/#\/schema\/person\/38aff034b8d22d0cd551d59b7e4939f5"},"headline":"Projeto Menarca alcan\u00e7a mais de 60 mil meninas em 15 anos de atua\u00e7\u00e3o","datePublished":"2025-08-28T13:46:50+00:00","dateModified":"2025-08-28T13:53:53+00:00","mainEntityOfPage":{"@id":"https:\/\/sepam.com.br\/es\/projeto-menarca-alcanca-mais-de-60-mil-meninas-em-15-anos-de-atuacao\/"},"wordCount":481,"commentCount":0,"publisher":{"@id":"https:\/\/sepam.com.br\/#organization"},"articleSection":["Colegio Sepam"],"inLanguage":"es","potentialAction":[{"@type":"CommentAction","name":"Comment","target":["https:\/\/sepam.com.br\/es\/projeto-menarca-alcanca-mais-de-60-mil-meninas-em-15-anos-de-atuacao\/#respond"]}]},{"@type":"WebPage","@id":"https:\/\/sepam.com.br\/es\/projeto-menarca-alcanca-mais-de-60-mil-meninas-em-15-anos-de-atuacao\/","url":"https:\/\/sepam.com.br\/es\/projeto-menarca-alcanca-mais-de-60-mil-meninas-em-15-anos-de-atuacao\/","name":"Projeto Menarca alcan\u00e7a mais de 60 mil meninas em 15 anos de atua\u00e7\u00e3o - Col\u00e9gio Sepam","isPartOf":{"@id":"https:\/\/sepam.com.br\/#website"},"datePublished":"2025-08-28T13:46:50+00:00","dateModified":"2025-08-28T13:53:53+00:00","breadcrumb":{"@id":"https:\/\/sepam.com.br\/es\/projeto-menarca-alcanca-mais-de-60-mil-meninas-em-15-anos-de-atuacao\/#breadcrumb"},"inLanguage":"es","potentialAction":[{"@type":"ReadAction","target":["https:\/\/sepam.com.br\/es\/projeto-menarca-alcanca-mais-de-60-mil-meninas-em-15-anos-de-atuacao\/"]}]},{"@type":"BreadcrumbList","@id":"https:\/\/sepam.com.br\/es\/projeto-menarca-alcanca-mais-de-60-mil-meninas-em-15-anos-de-atuacao\/#breadcrumb","itemListElement":[{"@type":"ListItem","position":1,"name":"Boas Vindas","item":"https:\/\/sepam.com.br\/"},{"@type":"ListItem","position":2,"name":"Projeto Menarca alcan\u00e7a mais de 60 mil meninas em 15 anos de atua\u00e7\u00e3o"}]},{"@type":"WebSite","@id":"https:\/\/sepam.com.br\/es\/#website","url":"https:\/\/sepam.com.br\/es\/","name":"Col\u00e9gio Sepam","description":"Ensino Incompar\u00e1vel","publisher":{"@id":"https:\/\/sepam.com.br\/es\/#organization"},"potentialAction":[{"@type":"SearchAction","target":{"@type":"EntryPoint","urlTemplate":"https:\/\/sepam.com.br\/es\/?s={search_term_string}"},"query-input":{"@type":"PropertyValueSpecification","valueRequired":true,"valueName":"search_term_string"}}],"inLanguage":"es"},{"@type":"Organization","@id":"https:\/\/sepam.com.br\/es\/#organization","name":"Col\u00e9gio Sepam","url":"https:\/\/sepam.com.br\/es\/","logo":{"@type":"ImageObject","inLanguage":"es","@id":"https:\/\/sepam.com.br\/es\/#\/schema\/logo\/image\/","url":"https:\/\/sepam.com.br\/wp-content\/uploads\/2025\/02\/Ativo-2.png","contentUrl":"https:\/\/sepam.com.br\/wp-content\/uploads\/2025\/02\/Ativo-2.png","width":595,"height":525,"caption":"Col\u00e9gio Sepam"},"image":{"@id":"https:\/\/sepam.com.br\/es\/#\/schema\/logo\/image\/"}},{"@type":"Person","@id":"https:\/\/sepam.com.br\/#\/schema\/person\/38aff034b8d22d0cd551d59b7e4939f5","name":"Alison Andrei","image":{"@type":"ImageObject","inLanguage":"es","@id":"https:\/\/secure.gravatar.com\/avatar\/7d433525a110825b50a22691febdab3f59016724f20a8f9b39c947a4aac9641a?s=96&d=mm&r=g","url":"https:\/\/secure.gravatar.com\/avatar\/7d433525a110825b50a22691febdab3f59016724f20a8f9b39c947a4aac9641a?s=96&d=mm&r=g","contentUrl":"https:\/\/secure.gravatar.com\/avatar\/7d433525a110825b50a22691febdab3f59016724f20a8f9b39c947a4aac9641a?s=96&d=mm&r=g","caption":"Alison Andrei"},"url":"https:\/\/sepam.com.br\/es\/author\/alisonandrei\/"}]}},"_links":{"self":[{"href":"https:\/\/sepam.com.br\/es\/wp-json\/wp\/v2\/posts\/6812","targetHints":{"allow":["GET"]}}],"collection":[{"href":"https:\/\/sepam.com.br\/es\/wp-json\/wp\/v2\/posts"}],"about":[{"href":"https:\/\/sepam.com.br\/es\/wp-json\/wp\/v2\/types\/post"}],"author":[{"embeddable":true,"href":"https:\/\/sepam.com.br\/es\/wp-json\/wp\/v2\/users\/12"}],"replies":[{"embeddable":true,"href":"https:\/\/sepam.com.br\/es\/wp-json\/wp\/v2\/comments?post=6812"}],"version-history":[{"count":1,"href":"https:\/\/sepam.com.br\/es\/wp-json\/wp\/v2\/posts\/6812\/revisions"}],"predecessor-version":[{"id":7556,"href":"https:\/\/sepam.com.br\/es\/wp-json\/wp\/v2\/posts\/6812\/revisions\/7556"}],"wp:attachment":[{"href":"https:\/\/sepam.com.br\/es\/wp-json\/wp\/v2\/media?parent=6812"}],"wp:term":[{"taxonomy":"category","embeddable":true,"href":"https:\/\/sepam.com.br\/es\/wp-json\/wp\/v2\/categories?post=6812"},{"taxonomy":"post_tag","embeddable":true,"href":"https:\/\/sepam.com.br\/es\/wp-json\/wp\/v2\/tags?post=6812"}],"curies":[{"name":"wp","href":"https:\/\/api.w.org\/{rel}","templated":true}]}}