{"id":6803,"date":"2025-08-28T10:46:50","date_gmt":"2025-08-28T13:46:50","guid":{"rendered":"https:\/\/dev.alisonandrei.com.br\/noticia\/enxadristas-sepam-comemoram-mais-uma-vitoria\/"},"modified":"2025-08-28T10:53:52","modified_gmt":"2025-08-28T13:53:52","slug":"enxadristas-sepam-comemoram-mais-uma-vitoria","status":"publish","type":"post","link":"https:\/\/sepam.com.br\/es\/enxadristas-sepam-comemoram-mais-uma-vitoria\/","title":{"rendered":"Enxadristas Sepam comemoram mais uma vit\u00f3ria"},"content":{"rendered":"<p>Atletas do Col\u00e9gio Sepam, foram campe\u00f5es no \u00faltimo domingo, dia 30, na 1\u00ba Etapa de Xadrez do Circuito dos Campos Gerais, organizado pela Federa\u00e7\u00e3o de Xadrez do Paran\u00e1 (FEXPAR), na cidade de Pira\u00ed do Sul.<\/p>\n<p>Na competi\u00e7\u00e3o, Leonardo Herai Borges conquistou o 1\u00ba lugar na categoria sub 12 e Lucas Milleo foi o primeiro na categoria sub 16. Os enxadristas s\u00e3o os atuais campe\u00f5es paranaenses de suas respectivas categorias.<\/p>\n<p>O evento serviu como prepara\u00e7\u00e3o para as pr\u00f3ximos competi\u00e7\u00f5es neste ano. Entre elas et\u00e3o a disputa da Final da categoria B (12 a 14 anos) dos Jogos Escolares do Paran\u00e1 (JEPs), que ser\u00e1 disputada na cidade de Camb\u00e9 (PR) e o Campeonato Brasileiro Escolar, que ser\u00e1 disputado na cidade de Blumenau (SC).<\/p>\n","protected":false},"excerpt":{"rendered":"<p>Atletas do Col\u00e9gio Sepam, foram campe\u00f5es no \u00faltimo domingo, dia 30, na 1\u00ba Etapa de Xadrez do Circuito dos Campos Gerais, organizado pela Federa\u00e7\u00e3o de Xadrez do Paran\u00e1 (FEXPAR), na cidade de Pira\u00ed do Sul. Na competi\u00e7\u00e3o, Leonardo Herai Borges conquistou o 1\u00ba lugar na categoria sub 12 e Lucas Milleo foi o primeiro na [&hellip;]<\/p>\n","protected":false},"author":12,"featured_media":0,"comment_status":"open","ping_status":"open","sticky":false,"template":"","format":"standard","meta":{"footnotes":""},"categories":[21],"tags":[],"class_list":["post-6803","post","type-post","status-publish","format-standard","hentry","category-colegio-sepam"],"yoast_head":"<!-- This site is optimized with the Yoast SEO plugin v28.4 - https:\/\/yoast.com\/product\/yoast-seo-wordpress\/ -->\n<title>Enxadristas Sepam comemoram mais uma vit\u00f3ria<\/title>\n<meta name=\"description\" content=\"Atletas do Col\u00e9gio Sepam, foram campe\u00f5es no \u00faltimo domingo, dia 30, na 1\u00ba Etapa de Xadrez do Circuito dos Campos Gerais, organizado pela Federa\u00e7\u00e3o de Xadrez do Paran\u00e1 (FEXPAR), na cidade de Pira\u00ed do Sul. Na competi\u00e7\u00e3o, Leonardo Herai Borges conquistou o 1\u00ba lugar na categoria sub 12 e Lucas Milleo foi o primeiro na&hellip;\" \/>\n<meta name=\"robots\" content=\"index, follow, max-snippet:-1, max-image-preview:large, max-video-preview:-1\" \/>\n<link rel=\"canonical\" href=\"https:\/\/sepam.com.br\/es\/enxadristas-sepam-comemoram-mais-uma-vitoria\/\" \/>\n<meta property=\"og:locale\" content=\"es_ES\" \/>\n<meta property=\"og:type\" content=\"article\" \/>\n<meta property=\"og:title\" content=\"Enxadristas Sepam comemoram mais uma vit\u00f3ria\" \/>\n<meta property=\"og:description\" content=\"Atletas do Col\u00e9gio Sepam, foram campe\u00f5es no \u00faltimo domingo, dia 30, na 1\u00ba Etapa de Xadrez do Circuito dos Campos Gerais, organizado pela Federa\u00e7\u00e3o de Xadrez do Paran\u00e1 (FEXPAR), na cidade de Pira\u00ed do Sul. Na competi\u00e7\u00e3o, Leonardo Herai Borges conquistou o 1\u00ba lugar na categoria sub 12 e Lucas Milleo foi o primeiro na&hellip;\" \/>\n<meta property=\"og:url\" content=\"https:\/\/sepam.com.br\/es\/enxadristas-sepam-comemoram-mais-uma-vitoria\/\" \/>\n<meta property=\"og:site_name\" content=\"Col\u00e9gio Sepam\" \/>\n<meta property=\"article:published_time\" content=\"2025-08-28T13:46:50+00:00\" \/>\n<meta property=\"article:modified_time\" content=\"2025-08-28T13:53:52+00:00\" \/>\n<meta name=\"author\" content=\"Alison Andrei\" \/>\n<meta name=\"twitter:card\" content=\"summary_large_image\" \/>\n<meta name=\"twitter:label1\" content=\"Escrito por\" \/>\n\t<meta name=\"twitter:data1\" content=\"Alison Andrei\" \/>\n\t<meta name=\"twitter:label2\" content=\"Tiempo de lectura\" \/>\n\t<meta name=\"twitter:data2\" content=\"1 minuto\" \/>\n<script type=\"application\/ld+json\" class=\"yoast-schema-graph\">{\"@context\":\"https:\\\/\\\/schema.org\",\"@graph\":[{\"@type\":\"Article\",\"@id\":\"https:\\\/\\\/sepam.com.br\\\/es\\\/enxadristas-sepam-comemoram-mais-uma-vitoria\\\/#article\",\"isPartOf\":{\"@id\":\"https:\\\/\\\/sepam.com.br\\\/es\\\/enxadristas-sepam-comemoram-mais-uma-vitoria\\\/\"},\"author\":{\"name\":\"Alison Andrei\",\"@id\":\"https:\\\/\\\/sepam.com.br\\\/#\\\/schema\\\/person\\\/38aff034b8d22d0cd551d59b7e4939f5\"},\"headline\":\"Enxadristas Sepam comemoram mais uma vit\u00f3ria\",\"datePublished\":\"2025-08-28T13:46:50+00:00\",\"dateModified\":\"2025-08-28T13:53:52+00:00\",\"mainEntityOfPage\":{\"@id\":\"https:\\\/\\\/sepam.com.br\\\/es\\\/enxadristas-sepam-comemoram-mais-uma-vitoria\\\/\"},\"wordCount\":131,\"commentCount\":0,\"publisher\":{\"@id\":\"https:\\\/\\\/sepam.com.br\\\/#organization\"},\"articleSection\":[\"Colegio Sepam\"],\"inLanguage\":\"es\",\"potentialAction\":[{\"@type\":\"CommentAction\",\"name\":\"Comment\",\"target\":[\"https:\\\/\\\/sepam.com.br\\\/es\\\/enxadristas-sepam-comemoram-mais-uma-vitoria\\\/#respond\"]}]},{\"@type\":\"WebPage\",\"@id\":\"https:\\\/\\\/sepam.com.br\\\/es\\\/enxadristas-sepam-comemoram-mais-uma-vitoria\\\/\",\"url\":\"https:\\\/\\\/sepam.com.br\\\/es\\\/enxadristas-sepam-comemoram-mais-uma-vitoria\\\/\",\"name\":\"Enxadristas Sepam comemoram mais uma vit\u00f3ria - Col\u00e9gio Sepam\",\"isPartOf\":{\"@id\":\"https:\\\/\\\/sepam.com.br\\\/#website\"},\"datePublished\":\"2025-08-28T13:46:50+00:00\",\"dateModified\":\"2025-08-28T13:53:52+00:00\",\"breadcrumb\":{\"@id\":\"https:\\\/\\\/sepam.com.br\\\/es\\\/enxadristas-sepam-comemoram-mais-uma-vitoria\\\/#breadcrumb\"},\"inLanguage\":\"es\",\"potentialAction\":[{\"@type\":\"ReadAction\",\"target\":[\"https:\\\/\\\/sepam.com.br\\\/es\\\/enxadristas-sepam-comemoram-mais-uma-vitoria\\\/\"]}]},{\"@type\":\"BreadcrumbList\",\"@id\":\"https:\\\/\\\/sepam.com.br\\\/es\\\/enxadristas-sepam-comemoram-mais-uma-vitoria\\\/#breadcrumb\",\"itemListElement\":[{\"@type\":\"ListItem\",\"position\":1,\"name\":\"Boas Vindas\",\"item\":\"https:\\\/\\\/sepam.com.br\\\/\"},{\"@type\":\"ListItem\",\"position\":2,\"name\":\"Enxadristas Sepam comemoram mais uma vit\u00f3ria\"}]},{\"@type\":\"WebSite\",\"@id\":\"https:\\\/\\\/sepam.com.br\\\/es\\\/#website\",\"url\":\"https:\\\/\\\/sepam.com.br\\\/es\\\/\",\"name\":\"Col\u00e9gio Sepam\",\"description\":\"Ensino Incompar\u00e1vel\",\"publisher\":{\"@id\":\"https:\\\/\\\/sepam.com.br\\\/es\\\/#organization\"},\"potentialAction\":[{\"@type\":\"SearchAction\",\"target\":{\"@type\":\"EntryPoint\",\"urlTemplate\":\"https:\\\/\\\/sepam.com.br\\\/es\\\/?s={search_term_string}\"},\"query-input\":{\"@type\":\"PropertyValueSpecification\",\"valueRequired\":true,\"valueName\":\"search_term_string\"}}],\"inLanguage\":\"es\"},{\"@type\":\"Organization\",\"@id\":\"https:\\\/\\\/sepam.com.br\\\/es\\\/#organization\",\"name\":\"Col\u00e9gio Sepam\",\"url\":\"https:\\\/\\\/sepam.com.br\\\/es\\\/\",\"logo\":{\"@type\":\"ImageObject\",\"inLanguage\":\"es\",\"@id\":\"https:\\\/\\\/sepam.com.br\\\/es\\\/#\\\/schema\\\/logo\\\/image\\\/\",\"url\":\"https:\\\/\\\/sepam.com.br\\\/wp-content\\\/uploads\\\/2025\\\/02\\\/Ativo-2.png\",\"contentUrl\":\"https:\\\/\\\/sepam.com.br\\\/wp-content\\\/uploads\\\/2025\\\/02\\\/Ativo-2.png\",\"width\":595,\"height\":525,\"caption\":\"Col\u00e9gio Sepam\"},\"image\":{\"@id\":\"https:\\\/\\\/sepam.com.br\\\/es\\\/#\\\/schema\\\/logo\\\/image\\\/\"}},{\"@type\":\"Person\",\"@id\":\"https:\\\/\\\/sepam.com.br\\\/#\\\/schema\\\/person\\\/38aff034b8d22d0cd551d59b7e4939f5\",\"name\":\"Alison Andrei\",\"image\":{\"@type\":\"ImageObject\",\"inLanguage\":\"es\",\"@id\":\"https:\\\/\\\/secure.gravatar.com\\\/avatar\\\/7d433525a110825b50a22691febdab3f59016724f20a8f9b39c947a4aac9641a?s=96&d=mm&r=g\",\"url\":\"https:\\\/\\\/secure.gravatar.com\\\/avatar\\\/7d433525a110825b50a22691febdab3f59016724f20a8f9b39c947a4aac9641a?s=96&d=mm&r=g\",\"contentUrl\":\"https:\\\/\\\/secure.gravatar.com\\\/avatar\\\/7d433525a110825b50a22691febdab3f59016724f20a8f9b39c947a4aac9641a?s=96&d=mm&r=g\",\"caption\":\"Alison Andrei\"},\"url\":\"https:\\\/\\\/sepam.com.br\\\/es\\\/author\\\/alisonandrei\\\/\"}]}<\/script>\n<!-- \/ Yoast SEO plugin. -->","yoast_head_json":{"title":"Enxadristas Sepam comemoram mais uma vit\u00f3ria","description":"Atletas do Col\u00e9gio Sepam, foram campe\u00f5es no \u00faltimo domingo, dia 30, na 1\u00ba Etapa de Xadrez do Circuito dos Campos Gerais, organizado pela Federa\u00e7\u00e3o de Xadrez do Paran\u00e1 (FEXPAR), na cidade de Pira\u00ed do Sul. Na competi\u00e7\u00e3o, Leonardo Herai Borges conquistou o 1\u00ba lugar na categoria sub 12 e Lucas Milleo foi o primeiro na&hellip;","robots":{"index":"index","follow":"follow","max-snippet":"max-snippet:-1","max-image-preview":"max-image-preview:large","max-video-preview":"max-video-preview:-1"},"canonical":"https:\/\/sepam.com.br\/es\/enxadristas-sepam-comemoram-mais-uma-vitoria\/","og_locale":"es_ES","og_type":"article","og_title":"Enxadristas Sepam comemoram mais uma vit\u00f3ria","og_description":"Atletas do Col\u00e9gio Sepam, foram campe\u00f5es no \u00faltimo domingo, dia 30, na 1\u00ba Etapa de Xadrez do Circuito dos Campos Gerais, organizado pela Federa\u00e7\u00e3o de Xadrez do Paran\u00e1 (FEXPAR), na cidade de Pira\u00ed do Sul. Na competi\u00e7\u00e3o, Leonardo Herai Borges conquistou o 1\u00ba lugar na categoria sub 12 e Lucas Milleo foi o primeiro na&hellip;","og_url":"https:\/\/sepam.com.br\/es\/enxadristas-sepam-comemoram-mais-uma-vitoria\/","og_site_name":"Col\u00e9gio Sepam","article_published_time":"2025-08-28T13:46:50+00:00","article_modified_time":"2025-08-28T13:53:52+00:00","author":"Alison Andrei","twitter_card":"summary_large_image","twitter_misc":{"Escrito por":"Alison Andrei","Tiempo de lectura":"1 minuto"},"schema":{"@context":"https:\/\/schema.org","@graph":[{"@type":"Article","@id":"https:\/\/sepam.com.br\/es\/enxadristas-sepam-comemoram-mais-uma-vitoria\/#article","isPartOf":{"@id":"https:\/\/sepam.com.br\/es\/enxadristas-sepam-comemoram-mais-uma-vitoria\/"},"author":{"name":"Alison Andrei","@id":"https:\/\/sepam.com.br\/#\/schema\/person\/38aff034b8d22d0cd551d59b7e4939f5"},"headline":"Enxadristas Sepam comemoram mais uma vit\u00f3ria","datePublished":"2025-08-28T13:46:50+00:00","dateModified":"2025-08-28T13:53:52+00:00","mainEntityOfPage":{"@id":"https:\/\/sepam.com.br\/es\/enxadristas-sepam-comemoram-mais-uma-vitoria\/"},"wordCount":131,"commentCount":0,"publisher":{"@id":"https:\/\/sepam.com.br\/#organization"},"articleSection":["Colegio Sepam"],"inLanguage":"es","potentialAction":[{"@type":"CommentAction","name":"Comment","target":["https:\/\/sepam.com.br\/es\/enxadristas-sepam-comemoram-mais-uma-vitoria\/#respond"]}]},{"@type":"WebPage","@id":"https:\/\/sepam.com.br\/es\/enxadristas-sepam-comemoram-mais-uma-vitoria\/","url":"https:\/\/sepam.com.br\/es\/enxadristas-sepam-comemoram-mais-uma-vitoria\/","name":"Enxadristas Sepam comemoram mais uma vit\u00f3ria - Col\u00e9gio Sepam","isPartOf":{"@id":"https:\/\/sepam.com.br\/#website"},"datePublished":"2025-08-28T13:46:50+00:00","dateModified":"2025-08-28T13:53:52+00:00","breadcrumb":{"@id":"https:\/\/sepam.com.br\/es\/enxadristas-sepam-comemoram-mais-uma-vitoria\/#breadcrumb"},"inLanguage":"es","potentialAction":[{"@type":"ReadAction","target":["https:\/\/sepam.com.br\/es\/enxadristas-sepam-comemoram-mais-uma-vitoria\/"]}]},{"@type":"BreadcrumbList","@id":"https:\/\/sepam.com.br\/es\/enxadristas-sepam-comemoram-mais-uma-vitoria\/#breadcrumb","itemListElement":[{"@type":"ListItem","position":1,"name":"Boas Vindas","item":"https:\/\/sepam.com.br\/"},{"@type":"ListItem","position":2,"name":"Enxadristas Sepam comemoram mais uma vit\u00f3ria"}]},{"@type":"WebSite","@id":"https:\/\/sepam.com.br\/es\/#website","url":"https:\/\/sepam.com.br\/es\/","name":"Col\u00e9gio Sepam","description":"Ensino Incompar\u00e1vel","publisher":{"@id":"https:\/\/sepam.com.br\/es\/#organization"},"potentialAction":[{"@type":"SearchAction","target":{"@type":"EntryPoint","urlTemplate":"https:\/\/sepam.com.br\/es\/?s={search_term_string}"},"query-input":{"@type":"PropertyValueSpecification","valueRequired":true,"valueName":"search_term_string"}}],"inLanguage":"es"},{"@type":"Organization","@id":"https:\/\/sepam.com.br\/es\/#organization","name":"Col\u00e9gio Sepam","url":"https:\/\/sepam.com.br\/es\/","logo":{"@type":"ImageObject","inLanguage":"es","@id":"https:\/\/sepam.com.br\/es\/#\/schema\/logo\/image\/","url":"https:\/\/sepam.com.br\/wp-content\/uploads\/2025\/02\/Ativo-2.png","contentUrl":"https:\/\/sepam.com.br\/wp-content\/uploads\/2025\/02\/Ativo-2.png","width":595,"height":525,"caption":"Col\u00e9gio Sepam"},"image":{"@id":"https:\/\/sepam.com.br\/es\/#\/schema\/logo\/image\/"}},{"@type":"Person","@id":"https:\/\/sepam.com.br\/#\/schema\/person\/38aff034b8d22d0cd551d59b7e4939f5","name":"Alison Andrei","image":{"@type":"ImageObject","inLanguage":"es","@id":"https:\/\/secure.gravatar.com\/avatar\/7d433525a110825b50a22691febdab3f59016724f20a8f9b39c947a4aac9641a?s=96&d=mm&r=g","url":"https:\/\/secure.gravatar.com\/avatar\/7d433525a110825b50a22691febdab3f59016724f20a8f9b39c947a4aac9641a?s=96&d=mm&r=g","contentUrl":"https:\/\/secure.gravatar.com\/avatar\/7d433525a110825b50a22691febdab3f59016724f20a8f9b39c947a4aac9641a?s=96&d=mm&r=g","caption":"Alison Andrei"},"url":"https:\/\/sepam.com.br\/es\/author\/alisonandrei\/"}]}},"_links":{"self":[{"href":"https:\/\/sepam.com.br\/es\/wp-json\/wp\/v2\/posts\/6803","targetHints":{"allow":["GET"]}}],"collection":[{"href":"https:\/\/sepam.com.br\/es\/wp-json\/wp\/v2\/posts"}],"about":[{"href":"https:\/\/sepam.com.br\/es\/wp-json\/wp\/v2\/types\/post"}],"author":[{"embeddable":true,"href":"https:\/\/sepam.com.br\/es\/wp-json\/wp\/v2\/users\/12"}],"replies":[{"embeddable":true,"href":"https:\/\/sepam.com.br\/es\/wp-json\/wp\/v2\/comments?post=6803"}],"version-history":[{"count":1,"href":"https:\/\/sepam.com.br\/es\/wp-json\/wp\/v2\/posts\/6803\/revisions"}],"predecessor-version":[{"id":7547,"href":"https:\/\/sepam.com.br\/es\/wp-json\/wp\/v2\/posts\/6803\/revisions\/7547"}],"wp:attachment":[{"href":"https:\/\/sepam.com.br\/es\/wp-json\/wp\/v2\/media?parent=6803"}],"wp:term":[{"taxonomy":"category","embeddable":true,"href":"https:\/\/sepam.com.br\/es\/wp-json\/wp\/v2\/categories?post=6803"},{"taxonomy":"post_tag","embeddable":true,"href":"https:\/\/sepam.com.br\/es\/wp-json\/wp\/v2\/tags?post=6803"}],"curies":[{"name":"wp","href":"https:\/\/api.w.org\/{rel}","templated":true}]}}