{"id":6789,"date":"2025-08-28T10:46:47","date_gmt":"2025-08-28T13:46:47","guid":{"rendered":"https:\/\/dev.alisonandrei.com.br\/noticia\/copa-de-handebol-movimentou-equipes-da-regiao\/"},"modified":"2025-08-28T10:53:53","modified_gmt":"2025-08-28T13:53:53","slug":"copa-de-handebol-movimentou-equipes-da-regiao","status":"publish","type":"post","link":"https:\/\/sepam.com.br\/es\/copa-de-handebol-movimentou-equipes-da-regiao\/","title":{"rendered":"Copa de Handebol movimentou equipes da regi\u00e3o"},"content":{"rendered":"<p><em>Torneio envolveu mais de 180 atletas de Ponta Grossa, Castro e Palmeira<\/em><\/p>\n<p>Treze equipes de cidades dos Campos Gerais participaram da Copa Sepam de Handebol neste fim de semana, 1 e 2 de julho, em Ponta Grossa, no Gin\u00e1sio Osni Vilaca Mongruel. Os jogos nas modalidades feminina e masculina foram divididos em tr\u00eas categorias de acordo com a\u00a0 faixa et\u00e1ria, envolvendo atletas de at\u00e9 12 anos.<\/p>\n<p>No s\u00e1bado (01), competiram times da categoria sub-12 masculina e feminina, e no domingo (02) aconteceram os confrontos das categorias sub-14 e sub-16. A Copa Sepam de Handebol \u00e9 uma iniciativa do Col\u00e9gio Sepam, com o apoio das equipes participantes. O torneio envolveu 180 atletas de escolas da regi\u00e3o, entre elas o Col\u00e9gio Padre Carlos, Sagrada Fam\u00edlia, Escola Integra\u00e7\u00e3o, al\u00e9m de equipes das cidades de Castro e Palmeira.<\/p>\n<p>Segundo Ben Hur Chiconato, coordenador de esportes do Col\u00e9gio Sepam, o torneio \u00e9 a oportunidade que os atletas t\u00eam para evoluir dentro da modalidade, al\u00e9m de promover encontro e integra\u00e7\u00e3o entre os alunos. \u201cFicamos muito contentes com a participa\u00e7\u00e3o de equipes de outras cidades, como Castro e Palmeira. Certamente isto \u00e9 uma motiva\u00e7\u00e3o a mais para os atletas e treinadores aqui de Ponta Grossa\u201d, salientou.<\/p>\n<p>Confira os resultados:<\/p>\n<p>&nbsp;<\/p>\n<table width=\"650\">\n<tbody>\n<tr>\n<td rowspan=\"3\">&nbsp;<\/p>\n<p>Masculino Sub-12<\/td>\n<td>1\u00ba Col\u00e9gio Sepam<\/td>\n<\/tr>\n<tr>\n<td>2\u00ba Sagrada Fam\u00edlia<\/td>\n<\/tr>\n<tr>\n<td>3\u00ba Col\u00e9gio Integra\u00e7\u00e3o<\/td>\n<\/tr>\n<tr>\n<td rowspan=\"3\">&nbsp;<\/p>\n<p>Feminino sub-12<\/td>\n<td>1\u00ba Palmeira<\/td>\n<\/tr>\n<tr>\n<td>2\u00ba Col\u00e9gio Padre Carlos<\/td>\n<\/tr>\n<tr>\n<td>3\u00ba Col\u00e9gio Sepam<\/td>\n<\/tr>\n<tr>\n<td rowspan=\"2\">Masculino sub-14<\/td>\n<td>1\u00ba Col\u00e9gio Sepam<\/td>\n<\/tr>\n<tr>\n<td>2\u00ba Sagrada Fam\u00edlia<\/td>\n<\/tr>\n<tr>\n<td rowspan=\"3\">&nbsp;<\/p>\n<p>Masculino sub- 16<\/td>\n<td>1\u00ba Col\u00e9gio Sepam<\/td>\n<\/tr>\n<tr>\n<td>2\u00ba Castro<\/td>\n<\/tr>\n<tr>\n<td>3\u00ba Sagrada Fam\u00edlia<\/td>\n<\/tr>\n<\/tbody>\n<\/table>\n<p>&nbsp;<\/p>\n","protected":false},"excerpt":{"rendered":"<p>Torneio envolveu mais de 180 atletas de Ponta Grossa, Castro e Palmeira Treze equipes de cidades dos Campos Gerais participaram da Copa Sepam de Handebol neste fim de semana, 1 e 2 de julho, em Ponta Grossa, no Gin\u00e1sio Osni Vilaca Mongruel. Os jogos nas modalidades feminina e masculina foram divididos em tr\u00eas categorias de [&hellip;]<\/p>\n","protected":false},"author":12,"featured_media":0,"comment_status":"open","ping_status":"open","sticky":false,"template":"","format":"standard","meta":{"footnotes":""},"categories":[21],"tags":[],"class_list":["post-6789","post","type-post","status-publish","format-standard","hentry","category-colegio-sepam"],"yoast_head":"<!-- This site is optimized with the Yoast SEO plugin v28.4 - https:\/\/yoast.com\/product\/yoast-seo-wordpress\/ -->\n<title>Copa de Handebol movimentou equipes da regi\u00e3o<\/title>\n<meta name=\"description\" content=\"Torneio envolveu mais de 180 atletas de Ponta Grossa, Castro e Palmeira Treze equipes de cidades dos Campos Gerais participaram da Copa Sepam de Handebol neste fim de semana, 1 e 2 de julho, em Ponta Grossa, no Gin\u00e1sio Osni Vilaca Mongruel. Os jogos nas modalidades feminina e masculina foram divididos em tr\u00eas categorias de&hellip;\" \/>\n<meta name=\"robots\" content=\"index, follow, max-snippet:-1, max-image-preview:large, max-video-preview:-1\" \/>\n<link rel=\"canonical\" href=\"https:\/\/sepam.com.br\/es\/copa-de-handebol-movimentou-equipes-da-regiao\/\" \/>\n<meta property=\"og:locale\" content=\"es_ES\" \/>\n<meta property=\"og:type\" content=\"article\" \/>\n<meta property=\"og:title\" content=\"Copa de Handebol movimentou equipes da regi\u00e3o\" \/>\n<meta property=\"og:description\" content=\"Torneio envolveu mais de 180 atletas de Ponta Grossa, Castro e Palmeira Treze equipes de cidades dos Campos Gerais participaram da Copa Sepam de Handebol neste fim de semana, 1 e 2 de julho, em Ponta Grossa, no Gin\u00e1sio Osni Vilaca Mongruel. Os jogos nas modalidades feminina e masculina foram divididos em tr\u00eas categorias de&hellip;\" \/>\n<meta property=\"og:url\" content=\"https:\/\/sepam.com.br\/es\/copa-de-handebol-movimentou-equipes-da-regiao\/\" \/>\n<meta property=\"og:site_name\" content=\"Col\u00e9gio Sepam\" \/>\n<meta property=\"article:published_time\" content=\"2025-08-28T13:46:47+00:00\" \/>\n<meta property=\"article:modified_time\" content=\"2025-08-28T13:53:53+00:00\" \/>\n<meta name=\"author\" content=\"Alison Andrei\" \/>\n<meta name=\"twitter:card\" content=\"summary_large_image\" \/>\n<meta name=\"twitter:label1\" content=\"Escrito por\" \/>\n\t<meta name=\"twitter:data1\" content=\"Alison Andrei\" \/>\n\t<meta name=\"twitter:label2\" content=\"Tiempo de lectura\" \/>\n\t<meta name=\"twitter:data2\" content=\"1 minuto\" \/>\n<script type=\"application\/ld+json\" class=\"yoast-schema-graph\">{\"@context\":\"https:\\\/\\\/schema.org\",\"@graph\":[{\"@type\":\"Article\",\"@id\":\"https:\\\/\\\/sepam.com.br\\\/es\\\/copa-de-handebol-movimentou-equipes-da-regiao\\\/#article\",\"isPartOf\":{\"@id\":\"https:\\\/\\\/sepam.com.br\\\/es\\\/copa-de-handebol-movimentou-equipes-da-regiao\\\/\"},\"author\":{\"name\":\"Alison Andrei\",\"@id\":\"https:\\\/\\\/sepam.com.br\\\/#\\\/schema\\\/person\\\/38aff034b8d22d0cd551d59b7e4939f5\"},\"headline\":\"Copa de Handebol movimentou equipes da regi\u00e3o\",\"datePublished\":\"2025-08-28T13:46:47+00:00\",\"dateModified\":\"2025-08-28T13:53:53+00:00\",\"mainEntityOfPage\":{\"@id\":\"https:\\\/\\\/sepam.com.br\\\/es\\\/copa-de-handebol-movimentou-equipes-da-regiao\\\/\"},\"wordCount\":260,\"commentCount\":0,\"publisher\":{\"@id\":\"https:\\\/\\\/sepam.com.br\\\/#organization\"},\"articleSection\":[\"Colegio Sepam\"],\"inLanguage\":\"es\",\"potentialAction\":[{\"@type\":\"CommentAction\",\"name\":\"Comment\",\"target\":[\"https:\\\/\\\/sepam.com.br\\\/es\\\/copa-de-handebol-movimentou-equipes-da-regiao\\\/#respond\"]}]},{\"@type\":\"WebPage\",\"@id\":\"https:\\\/\\\/sepam.com.br\\\/es\\\/copa-de-handebol-movimentou-equipes-da-regiao\\\/\",\"url\":\"https:\\\/\\\/sepam.com.br\\\/es\\\/copa-de-handebol-movimentou-equipes-da-regiao\\\/\",\"name\":\"Copa de Handebol movimentou equipes da regi\u00e3o - Col\u00e9gio Sepam\",\"isPartOf\":{\"@id\":\"https:\\\/\\\/sepam.com.br\\\/#website\"},\"datePublished\":\"2025-08-28T13:46:47+00:00\",\"dateModified\":\"2025-08-28T13:53:53+00:00\",\"breadcrumb\":{\"@id\":\"https:\\\/\\\/sepam.com.br\\\/es\\\/copa-de-handebol-movimentou-equipes-da-regiao\\\/#breadcrumb\"},\"inLanguage\":\"es\",\"potentialAction\":[{\"@type\":\"ReadAction\",\"target\":[\"https:\\\/\\\/sepam.com.br\\\/es\\\/copa-de-handebol-movimentou-equipes-da-regiao\\\/\"]}]},{\"@type\":\"BreadcrumbList\",\"@id\":\"https:\\\/\\\/sepam.com.br\\\/es\\\/copa-de-handebol-movimentou-equipes-da-regiao\\\/#breadcrumb\",\"itemListElement\":[{\"@type\":\"ListItem\",\"position\":1,\"name\":\"Boas Vindas\",\"item\":\"https:\\\/\\\/sepam.com.br\\\/\"},{\"@type\":\"ListItem\",\"position\":2,\"name\":\"Copa de Handebol movimentou equipes da regi\u00e3o\"}]},{\"@type\":\"WebSite\",\"@id\":\"https:\\\/\\\/sepam.com.br\\\/es\\\/#website\",\"url\":\"https:\\\/\\\/sepam.com.br\\\/es\\\/\",\"name\":\"Col\u00e9gio Sepam\",\"description\":\"Ensino Incompar\u00e1vel\",\"publisher\":{\"@id\":\"https:\\\/\\\/sepam.com.br\\\/es\\\/#organization\"},\"potentialAction\":[{\"@type\":\"SearchAction\",\"target\":{\"@type\":\"EntryPoint\",\"urlTemplate\":\"https:\\\/\\\/sepam.com.br\\\/es\\\/?s={search_term_string}\"},\"query-input\":{\"@type\":\"PropertyValueSpecification\",\"valueRequired\":true,\"valueName\":\"search_term_string\"}}],\"inLanguage\":\"es\"},{\"@type\":\"Organization\",\"@id\":\"https:\\\/\\\/sepam.com.br\\\/es\\\/#organization\",\"name\":\"Col\u00e9gio Sepam\",\"url\":\"https:\\\/\\\/sepam.com.br\\\/es\\\/\",\"logo\":{\"@type\":\"ImageObject\",\"inLanguage\":\"es\",\"@id\":\"https:\\\/\\\/sepam.com.br\\\/es\\\/#\\\/schema\\\/logo\\\/image\\\/\",\"url\":\"https:\\\/\\\/sepam.com.br\\\/wp-content\\\/uploads\\\/2025\\\/02\\\/Ativo-2.png\",\"contentUrl\":\"https:\\\/\\\/sepam.com.br\\\/wp-content\\\/uploads\\\/2025\\\/02\\\/Ativo-2.png\",\"width\":595,\"height\":525,\"caption\":\"Col\u00e9gio Sepam\"},\"image\":{\"@id\":\"https:\\\/\\\/sepam.com.br\\\/es\\\/#\\\/schema\\\/logo\\\/image\\\/\"}},{\"@type\":\"Person\",\"@id\":\"https:\\\/\\\/sepam.com.br\\\/#\\\/schema\\\/person\\\/38aff034b8d22d0cd551d59b7e4939f5\",\"name\":\"Alison Andrei\",\"image\":{\"@type\":\"ImageObject\",\"inLanguage\":\"es\",\"@id\":\"https:\\\/\\\/secure.gravatar.com\\\/avatar\\\/7d433525a110825b50a22691febdab3f59016724f20a8f9b39c947a4aac9641a?s=96&d=mm&r=g\",\"url\":\"https:\\\/\\\/secure.gravatar.com\\\/avatar\\\/7d433525a110825b50a22691febdab3f59016724f20a8f9b39c947a4aac9641a?s=96&d=mm&r=g\",\"contentUrl\":\"https:\\\/\\\/secure.gravatar.com\\\/avatar\\\/7d433525a110825b50a22691febdab3f59016724f20a8f9b39c947a4aac9641a?s=96&d=mm&r=g\",\"caption\":\"Alison Andrei\"},\"url\":\"https:\\\/\\\/sepam.com.br\\\/es\\\/author\\\/alisonandrei\\\/\"}]}<\/script>\n<!-- \/ Yoast SEO plugin. -->","yoast_head_json":{"title":"Copa de Handebol movimentou equipes da regi\u00e3o","description":"Torneio envolveu mais de 180 atletas de Ponta Grossa, Castro e Palmeira Treze equipes de cidades dos Campos Gerais participaram da Copa Sepam de Handebol neste fim de semana, 1 e 2 de julho, em Ponta Grossa, no Gin\u00e1sio Osni Vilaca Mongruel. Os jogos nas modalidades feminina e masculina foram divididos em tr\u00eas categorias de&hellip;","robots":{"index":"index","follow":"follow","max-snippet":"max-snippet:-1","max-image-preview":"max-image-preview:large","max-video-preview":"max-video-preview:-1"},"canonical":"https:\/\/sepam.com.br\/es\/copa-de-handebol-movimentou-equipes-da-regiao\/","og_locale":"es_ES","og_type":"article","og_title":"Copa de Handebol movimentou equipes da regi\u00e3o","og_description":"Torneio envolveu mais de 180 atletas de Ponta Grossa, Castro e Palmeira Treze equipes de cidades dos Campos Gerais participaram da Copa Sepam de Handebol neste fim de semana, 1 e 2 de julho, em Ponta Grossa, no Gin\u00e1sio Osni Vilaca Mongruel. Os jogos nas modalidades feminina e masculina foram divididos em tr\u00eas categorias de&hellip;","og_url":"https:\/\/sepam.com.br\/es\/copa-de-handebol-movimentou-equipes-da-regiao\/","og_site_name":"Col\u00e9gio Sepam","article_published_time":"2025-08-28T13:46:47+00:00","article_modified_time":"2025-08-28T13:53:53+00:00","author":"Alison Andrei","twitter_card":"summary_large_image","twitter_misc":{"Escrito por":"Alison Andrei","Tiempo de lectura":"1 minuto"},"schema":{"@context":"https:\/\/schema.org","@graph":[{"@type":"Article","@id":"https:\/\/sepam.com.br\/es\/copa-de-handebol-movimentou-equipes-da-regiao\/#article","isPartOf":{"@id":"https:\/\/sepam.com.br\/es\/copa-de-handebol-movimentou-equipes-da-regiao\/"},"author":{"name":"Alison Andrei","@id":"https:\/\/sepam.com.br\/#\/schema\/person\/38aff034b8d22d0cd551d59b7e4939f5"},"headline":"Copa de Handebol movimentou equipes da regi\u00e3o","datePublished":"2025-08-28T13:46:47+00:00","dateModified":"2025-08-28T13:53:53+00:00","mainEntityOfPage":{"@id":"https:\/\/sepam.com.br\/es\/copa-de-handebol-movimentou-equipes-da-regiao\/"},"wordCount":260,"commentCount":0,"publisher":{"@id":"https:\/\/sepam.com.br\/#organization"},"articleSection":["Colegio Sepam"],"inLanguage":"es","potentialAction":[{"@type":"CommentAction","name":"Comment","target":["https:\/\/sepam.com.br\/es\/copa-de-handebol-movimentou-equipes-da-regiao\/#respond"]}]},{"@type":"WebPage","@id":"https:\/\/sepam.com.br\/es\/copa-de-handebol-movimentou-equipes-da-regiao\/","url":"https:\/\/sepam.com.br\/es\/copa-de-handebol-movimentou-equipes-da-regiao\/","name":"Copa de Handebol movimentou equipes da regi\u00e3o - Col\u00e9gio Sepam","isPartOf":{"@id":"https:\/\/sepam.com.br\/#website"},"datePublished":"2025-08-28T13:46:47+00:00","dateModified":"2025-08-28T13:53:53+00:00","breadcrumb":{"@id":"https:\/\/sepam.com.br\/es\/copa-de-handebol-movimentou-equipes-da-regiao\/#breadcrumb"},"inLanguage":"es","potentialAction":[{"@type":"ReadAction","target":["https:\/\/sepam.com.br\/es\/copa-de-handebol-movimentou-equipes-da-regiao\/"]}]},{"@type":"BreadcrumbList","@id":"https:\/\/sepam.com.br\/es\/copa-de-handebol-movimentou-equipes-da-regiao\/#breadcrumb","itemListElement":[{"@type":"ListItem","position":1,"name":"Boas Vindas","item":"https:\/\/sepam.com.br\/"},{"@type":"ListItem","position":2,"name":"Copa de Handebol movimentou equipes da regi\u00e3o"}]},{"@type":"WebSite","@id":"https:\/\/sepam.com.br\/es\/#website","url":"https:\/\/sepam.com.br\/es\/","name":"Col\u00e9gio Sepam","description":"Ensino Incompar\u00e1vel","publisher":{"@id":"https:\/\/sepam.com.br\/es\/#organization"},"potentialAction":[{"@type":"SearchAction","target":{"@type":"EntryPoint","urlTemplate":"https:\/\/sepam.com.br\/es\/?s={search_term_string}"},"query-input":{"@type":"PropertyValueSpecification","valueRequired":true,"valueName":"search_term_string"}}],"inLanguage":"es"},{"@type":"Organization","@id":"https:\/\/sepam.com.br\/es\/#organization","name":"Col\u00e9gio Sepam","url":"https:\/\/sepam.com.br\/es\/","logo":{"@type":"ImageObject","inLanguage":"es","@id":"https:\/\/sepam.com.br\/es\/#\/schema\/logo\/image\/","url":"https:\/\/sepam.com.br\/wp-content\/uploads\/2025\/02\/Ativo-2.png","contentUrl":"https:\/\/sepam.com.br\/wp-content\/uploads\/2025\/02\/Ativo-2.png","width":595,"height":525,"caption":"Col\u00e9gio Sepam"},"image":{"@id":"https:\/\/sepam.com.br\/es\/#\/schema\/logo\/image\/"}},{"@type":"Person","@id":"https:\/\/sepam.com.br\/#\/schema\/person\/38aff034b8d22d0cd551d59b7e4939f5","name":"Alison Andrei","image":{"@type":"ImageObject","inLanguage":"es","@id":"https:\/\/secure.gravatar.com\/avatar\/7d433525a110825b50a22691febdab3f59016724f20a8f9b39c947a4aac9641a?s=96&d=mm&r=g","url":"https:\/\/secure.gravatar.com\/avatar\/7d433525a110825b50a22691febdab3f59016724f20a8f9b39c947a4aac9641a?s=96&d=mm&r=g","contentUrl":"https:\/\/secure.gravatar.com\/avatar\/7d433525a110825b50a22691febdab3f59016724f20a8f9b39c947a4aac9641a?s=96&d=mm&r=g","caption":"Alison Andrei"},"url":"https:\/\/sepam.com.br\/es\/author\/alisonandrei\/"}]}},"_links":{"self":[{"href":"https:\/\/sepam.com.br\/es\/wp-json\/wp\/v2\/posts\/6789","targetHints":{"allow":["GET"]}}],"collection":[{"href":"https:\/\/sepam.com.br\/es\/wp-json\/wp\/v2\/posts"}],"about":[{"href":"https:\/\/sepam.com.br\/es\/wp-json\/wp\/v2\/types\/post"}],"author":[{"embeddable":true,"href":"https:\/\/sepam.com.br\/es\/wp-json\/wp\/v2\/users\/12"}],"replies":[{"embeddable":true,"href":"https:\/\/sepam.com.br\/es\/wp-json\/wp\/v2\/comments?post=6789"}],"version-history":[{"count":1,"href":"https:\/\/sepam.com.br\/es\/wp-json\/wp\/v2\/posts\/6789\/revisions"}],"predecessor-version":[{"id":7573,"href":"https:\/\/sepam.com.br\/es\/wp-json\/wp\/v2\/posts\/6789\/revisions\/7573"}],"wp:attachment":[{"href":"https:\/\/sepam.com.br\/es\/wp-json\/wp\/v2\/media?parent=6789"}],"wp:term":[{"taxonomy":"category","embeddable":true,"href":"https:\/\/sepam.com.br\/es\/wp-json\/wp\/v2\/categories?post=6789"},{"taxonomy":"post_tag","embeddable":true,"href":"https:\/\/sepam.com.br\/es\/wp-json\/wp\/v2\/tags?post=6789"}],"curies":[{"name":"wp","href":"https:\/\/api.w.org\/{rel}","templated":true}]}}