{"id":8408,"date":"2026-05-28T09:21:21","date_gmt":"2026-05-28T12:21:21","guid":{"rendered":"https:\/\/sepam.com.br\/?p=8408"},"modified":"2026-05-28T09:21:22","modified_gmt":"2026-05-28T12:21:22","slug":"judo-do-sepam-conquista-medalhas-e-destaque-geral-no-40o-jem","status":"publish","type":"post","link":"https:\/\/sepam.com.br\/en\/judo-do-sepam-conquista-medalhas-e-destaque-geral-no-40o-jem\/","title":{"rendered":"Jud\u00f4 do SEPAM conquista medalhas e destaque geral no 40\u00ba JEM"},"content":{"rendered":"\t\t<div data-elementor-type=\"wp-post\" data-elementor-id=\"8408\" class=\"elementor elementor-8408\" data-elementor-post-type=\"post\">\n\t\t\t\t<div class=\"elementor-element elementor-element-178189e e-flex e-con-boxed e-con e-parent\" data-id=\"178189e\" data-element_type=\"container\" data-e-type=\"container\">\n\t\t\t\t\t<div class=\"e-con-inner\">\n\t\t\t\t<div class=\"elementor-element elementor-element-d47ed9a elementor-widget elementor-widget-text-editor\" data-id=\"d47ed9a\" data-element_type=\"widget\" data-e-type=\"widget\" data-widget_type=\"text-editor.default\">\n\t\t\t\t<div class=\"elementor-widget-container\">\n\t\t\t\t\t\t\t\t\t<p data-start=\"477\" data-end=\"659\">Os alunos do <strong data-start=\"490\" data-end=\"507\">Col\u00e9gio SEPAM<\/strong> encerraram sua participa\u00e7\u00e3o no <strong data-start=\"539\" data-end=\"588\">jud\u00f4 do 40\u00ba JEM \u2013 Jogos Estudantis Municipais<\/strong> demonstrando muita garra, dedica\u00e7\u00e3o e competitividade nos tatames. \ud83e\udd4b\u2728<\/p><p data-start=\"661\" data-end=\"887\">Nas disputas dos <strong data-start=\"678\" data-end=\"705\">grupos 1 (06 a 08 anos)<\/strong> e <strong data-start=\"708\" data-end=\"728\">2 (09 e 10 anos)<\/strong>, os atletas do SEPAM conquistaram importantes resultados e diversas medalhas, refor\u00e7ando o talento e o crescimento das novas gera\u00e7\u00f5es do jud\u00f4 do col\u00e9gio. \ud83d\udc99\ud83e\udde1<\/p><p data-start=\"889\" data-end=\"911\">Confira os resultados:<\/p><h2 data-section-id=\"22laub\" data-start=\"913\" data-end=\"938\">\ud83e\udd4b Grupo 2 \u2013 Masculino<\/h2><p data-start=\"939\" data-end=\"1119\">\ud83e\udd48 Sebastian Castro Gomes \u2013 26kg<br data-start=\"971\" data-end=\"974\" \/>\ud83e\udd48 Luis Ot\u00e1vio Honorato Lino \u2013 30kg<br data-start=\"1009\" data-end=\"1012\" \/>\ud83e\udd48 Gabriel Alberti Braga \u2013 36kg<br data-start=\"1043\" data-end=\"1046\" \/>\ud83c\udfc5 Miguel Mitsuaki Izumi \u2013 36kg<br data-start=\"1077\" data-end=\"1080\" \/>\ud83c\udfc5 Vinicius dos Santos Pereira \u2013 36kg<\/p><hr data-start=\"1121\" data-end=\"1124\" \/><h2 data-section-id=\"14tp3j4\" data-start=\"1126\" data-end=\"1151\">\ud83e\udd4b Grupo 1 \u2013 Masculino<\/h2><p data-start=\"1152\" data-end=\"1224\">\ud83e\udd47 Jo\u00e3o Augusto Pereira Pinto \u2013 38kg<br data-start=\"1188\" data-end=\"1191\" \/>\ud83c\udfc5 Theo Zabian Bisinella \u2013 24kg<\/p><hr data-start=\"1226\" data-end=\"1229\" \/><h2 data-section-id=\"1fdvguk\" data-start=\"1231\" data-end=\"1255\">\ud83e\udd4b Grupo 1 \u2013 Feminino<\/h2><p data-start=\"1256\" data-end=\"1362\">\ud83e\udd47 Maite Pytlak Nunes Carneiro \u2013 30kg<br data-start=\"1293\" data-end=\"1296\" \/>\ud83e\udd48 Eloah Magalh\u00e3es Paulik \u2013 21kg<br data-start=\"1328\" data-end=\"1331\" \/>\ud83e\udd49 Eva Samways Stadler \u2013 21kg<\/p><p data-start=\"1364\" data-end=\"1535\">Al\u00e9m das medalhas individuais, o grande destaque ficou com o <strong data-start=\"1425\" data-end=\"1445\">Grupo 1 Feminino<\/strong>, que encerrou a competi\u00e7\u00e3o muito pr\u00f3ximo do p\u00f3dio, conquistando a <strong data-start=\"1512\" data-end=\"1534\">4\u00aa coloca\u00e7\u00e3o geral<\/strong>.<\/p><p data-start=\"1537\" data-end=\"1654\">Os resultados demonstram o comprometimento dos atletas e o fortalecimento do jud\u00f4 dentro do esporte escolar do SEPAM.<\/p><p data-start=\"1656\" data-end=\"1754\" data-is-last-node=\"\" data-is-only-node=\"\">Parabenizamos nossos alunos e o <strong data-start=\"1688\" data-end=\"1709\">professor William<\/strong> por mais uma participa\u00e7\u00e3o INCOMPAR\u00c1VEL! \ud83d\udc99\ud83e\udde1<\/p>\t\t\t\t\t\t\t\t<\/div>\n\t\t\t\t<\/div>\n\t\t\t\t<div class=\"elementor-element elementor-element-9fe4aba elementor-widget elementor-widget-gallery\" data-id=\"9fe4aba\" data-element_type=\"widget\" data-e-type=\"widget\" data-settings=\"{&quot;aspect_ratio&quot;:&quot;9:16&quot;,&quot;lazyload&quot;:&quot;yes&quot;,&quot;gallery_layout&quot;:&quot;grid&quot;,&quot;columns&quot;:4,&quot;columns_tablet&quot;:2,&quot;columns_mobile&quot;:1,&quot;gap&quot;:{&quot;unit&quot;:&quot;px&quot;,&quot;size&quot;:10,&quot;sizes&quot;:[]},&quot;gap_tablet&quot;:{&quot;unit&quot;:&quot;px&quot;,&quot;size&quot;:10,&quot;sizes&quot;:[]},&quot;gap_mobile&quot;:{&quot;unit&quot;:&quot;px&quot;,&quot;size&quot;:10,&quot;sizes&quot;:[]},&quot;link_to&quot;:&quot;file&quot;,&quot;overlay_background&quot;:&quot;yes&quot;,&quot;content_hover_animation&quot;:&quot;fade-in&quot;}\" data-widget_type=\"gallery.default\">\n\t\t\t\t<div class=\"elementor-widget-container\">\n\t\t\t\t\t\t\t<div class=\"elementor-gallery__container\">\n\t\t\t\t\t\t\t<a class=\"e-gallery-item elementor-gallery-item elementor-animated-content\" href=\"https:\/\/sepam.com.br\/wp-content\/uploads\/2026\/05\/WhatsApp-Image-2026-05-25-at-15.22.12-1.jpeg\" data-elementor-open-lightbox=\"yes\" data-elementor-lightbox-slideshow=\"9fe4aba\" data-elementor-lightbox-title=\"WhatsApp Image 2026-05-25 at 15.22.12 (1)\" data-e-action-hash=\"#elementor-action%3Aaction%3Dlightbox%26settings%3DeyJpZCI6ODQxMCwidXJsIjoiaHR0cHM6XC9cL3NlcGFtLmNvbS5iclwvd3AtY29udGVudFwvdXBsb2Fkc1wvMjAyNlwvMDVcL1doYXRzQXBwLUltYWdlLTIwMjYtMDUtMjUtYXQtMTUuMjIuMTItMS5qcGVnIiwic2xpZGVzaG93IjoiOWZlNGFiYSJ9\">\n\t\t\t\t\t<div class=\"e-gallery-image elementor-gallery-item__image\" data-thumbnail=\"https:\/\/sepam.com.br\/wp-content\/uploads\/2026\/05\/WhatsApp-Image-2026-05-25-at-15.22.12-1.jpeg\" data-width=\"900\" data-height=\"1600\" aria-label=\"\" role=\"img\" ><\/div>\n\t\t\t\t\t\t\t\t\t\t\t<div class=\"elementor-gallery-item__overlay\"><\/div>\n\t\t\t\t\t\t\t\t\t\t\t\t\t\t<\/a>\n\t\t\t\t\t\t\t<a class=\"e-gallery-item elementor-gallery-item elementor-animated-content\" href=\"https:\/\/sepam.com.br\/wp-content\/uploads\/2026\/05\/WhatsApp-Image-2026-05-25-at-15.22.12.jpeg\" data-elementor-open-lightbox=\"yes\" data-elementor-lightbox-slideshow=\"9fe4aba\" data-elementor-lightbox-title=\"WhatsApp Image 2026-05-25 at 15.22.12\" data-e-action-hash=\"#elementor-action%3Aaction%3Dlightbox%26settings%3DeyJpZCI6ODQxMSwidXJsIjoiaHR0cHM6XC9cL3NlcGFtLmNvbS5iclwvd3AtY29udGVudFwvdXBsb2Fkc1wvMjAyNlwvMDVcL1doYXRzQXBwLUltYWdlLTIwMjYtMDUtMjUtYXQtMTUuMjIuMTIuanBlZyIsInNsaWRlc2hvdyI6IjlmZTRhYmEifQ%3D%3D\">\n\t\t\t\t\t<div class=\"e-gallery-image elementor-gallery-item__image\" data-thumbnail=\"https:\/\/sepam.com.br\/wp-content\/uploads\/2026\/05\/WhatsApp-Image-2026-05-25-at-15.22.12.jpeg\" data-width=\"900\" data-height=\"1600\" aria-label=\"\" role=\"img\" ><\/div>\n\t\t\t\t\t\t\t\t\t\t\t<div class=\"elementor-gallery-item__overlay\"><\/div>\n\t\t\t\t\t\t\t\t\t\t\t\t\t\t<\/a>\n\t\t\t\t\t\t\t<a class=\"e-gallery-item elementor-gallery-item elementor-animated-content\" href=\"https:\/\/sepam.com.br\/wp-content\/uploads\/2026\/05\/WhatsApp-Image-2026-05-25-at-15.22.11-1.jpeg\" data-elementor-open-lightbox=\"yes\" data-elementor-lightbox-slideshow=\"9fe4aba\" data-elementor-lightbox-title=\"WhatsApp Image 2026-05-25 at 15.22.11 (1)\" data-e-action-hash=\"#elementor-action%3Aaction%3Dlightbox%26settings%3DeyJpZCI6ODQxMiwidXJsIjoiaHR0cHM6XC9cL3NlcGFtLmNvbS5iclwvd3AtY29udGVudFwvdXBsb2Fkc1wvMjAyNlwvMDVcL1doYXRzQXBwLUltYWdlLTIwMjYtMDUtMjUtYXQtMTUuMjIuMTEtMS5qcGVnIiwic2xpZGVzaG93IjoiOWZlNGFiYSJ9\">\n\t\t\t\t\t<div class=\"e-gallery-image elementor-gallery-item__image\" data-thumbnail=\"https:\/\/sepam.com.br\/wp-content\/uploads\/2026\/05\/WhatsApp-Image-2026-05-25-at-15.22.11-1.jpeg\" data-width=\"1200\" data-height=\"1600\" aria-label=\"\" role=\"img\" ><\/div>\n\t\t\t\t\t\t\t\t\t\t\t<div class=\"elementor-gallery-item__overlay\"><\/div>\n\t\t\t\t\t\t\t\t\t\t\t\t\t\t<\/a>\n\t\t\t\t\t\t\t<a class=\"e-gallery-item elementor-gallery-item elementor-animated-content\" href=\"https:\/\/sepam.com.br\/wp-content\/uploads\/2026\/05\/WhatsApp-Image-2026-05-25-at-15.22.08.jpeg\" data-elementor-open-lightbox=\"yes\" data-elementor-lightbox-slideshow=\"9fe4aba\" data-elementor-lightbox-title=\"WhatsApp Image 2026-05-25 at 15.22.08\" data-e-action-hash=\"#elementor-action%3Aaction%3Dlightbox%26settings%3DeyJpZCI6ODQxNCwidXJsIjoiaHR0cHM6XC9cL3NlcGFtLmNvbS5iclwvd3AtY29udGVudFwvdXBsb2Fkc1wvMjAyNlwvMDVcL1doYXRzQXBwLUltYWdlLTIwMjYtMDUtMjUtYXQtMTUuMjIuMDguanBlZyIsInNsaWRlc2hvdyI6IjlmZTRhYmEifQ%3D%3D\">\n\t\t\t\t\t<div class=\"e-gallery-image elementor-gallery-item__image\" data-thumbnail=\"https:\/\/sepam.com.br\/wp-content\/uploads\/2026\/05\/WhatsApp-Image-2026-05-25-at-15.22.08.jpeg\" data-width=\"1599\" data-height=\"1066\" aria-label=\"\" role=\"img\" ><\/div>\n\t\t\t\t\t\t\t\t\t\t\t<div class=\"elementor-gallery-item__overlay\"><\/div>\n\t\t\t\t\t\t\t\t\t\t\t\t\t\t<\/a>\n\t\t\t\t\t<\/div>\n\t\t\t\t\t<\/div>\n\t\t\t\t<\/div>\n\t\t\t\t\t<\/div>\n\t\t\t\t<\/div>\n\t\t\t\t<\/div>\n\t\t","protected":false},"excerpt":{"rendered":"<p>Os alunos do Col\u00e9gio SEPAM encerraram sua participa\u00e7\u00e3o no jud\u00f4 do 40\u00ba JEM \u2013 Jogos Estudantis Municipais demonstrando muita garra, dedica\u00e7\u00e3o e competitividade nos tatames. &#x1f94b;&#x2728; Nas disputas dos grupos 1 (06 a 08 anos) e 2 (09 e 10 anos), os atletas do SEPAM conquistaram importantes resultados e diversas medalhas, refor\u00e7ando o talento e [&hellip;]<\/p>\n","protected":false},"author":13,"featured_media":8411,"comment_status":"open","ping_status":"open","sticky":false,"template":"","format":"standard","meta":{"footnotes":""},"categories":[21],"tags":[89,42,41,51,79,80,87,88],"class_list":["post-8408","post","type-post","status-publish","format-standard","has-post-thumbnail","hentry","category-colegio-sepam","tag-artes-marciais","tag-colegio-sepam","tag-esportes","tag-jem","tag-jogos-estudantis-municipais","tag-judo","tag-professor-william","tag-tatame"],"yoast_head":"<!-- This site is optimized with the Yoast SEO plugin v28.4 - https:\/\/yoast.com\/product\/yoast-seo-wordpress\/ -->\n<title>Jud\u00f4 do SEPAM conquista medalhas e destaque geral no 40\u00ba JEM<\/title>\n<meta name=\"description\" content=\"Os alunos do Col\u00e9gio SEPAM encerraram sua participa\u00e7\u00e3o no jud\u00f4 do 40\u00ba JEM \u2013 Jogos Estudantis Municipais demonstrando muita garra, dedica\u00e7\u00e3o e competitividade nos tatames. &#x1f94b;&#x2728;Nas disputas dos grupos 1 (06 a 08 anos) e 2 (09 e 10 anos), os atletas do SEPAM conquistaram importantes resultados e diversas medalhas, refor\u00e7ando o talento e o&hellip;\" \/>\n<meta name=\"robots\" content=\"index, follow, max-snippet:-1, max-image-preview:large, max-video-preview:-1\" \/>\n<link rel=\"canonical\" href=\"https:\/\/sepam.com.br\/en\/judo-do-sepam-conquista-medalhas-e-destaque-geral-no-40o-jem\/\" \/>\n<meta property=\"og:locale\" content=\"en_US\" \/>\n<meta property=\"og:type\" content=\"article\" \/>\n<meta property=\"og:title\" content=\"Jud\u00f4 do SEPAM conquista medalhas e destaque geral no 40\u00ba JEM\" \/>\n<meta property=\"og:description\" content=\"Os alunos do Col\u00e9gio SEPAM encerraram sua participa\u00e7\u00e3o no jud\u00f4 do 40\u00ba JEM \u2013 Jogos Estudantis Municipais demonstrando muita garra, dedica\u00e7\u00e3o e competitividade nos tatames. &#x1f94b;&#x2728;Nas disputas dos grupos 1 (06 a 08 anos) e 2 (09 e 10 anos), os atletas do SEPAM conquistaram importantes resultados e diversas medalhas, refor\u00e7ando o talento e o&hellip;\" \/>\n<meta property=\"og:url\" content=\"https:\/\/sepam.com.br\/en\/judo-do-sepam-conquista-medalhas-e-destaque-geral-no-40o-jem\/\" \/>\n<meta property=\"og:site_name\" content=\"Col\u00e9gio Sepam\" \/>\n<meta property=\"article:published_time\" content=\"2026-05-28T12:21:21+00:00\" \/>\n<meta property=\"article:modified_time\" content=\"2026-05-28T12:21:22+00:00\" \/>\n<meta property=\"og:image\" content=\"https:\/\/sepam.com.br\/wp-content\/uploads\/2026\/05\/WhatsApp-Image-2026-05-25-at-15.22.12.jpeg\" \/>\n\t<meta property=\"og:image:width\" content=\"900\" \/>\n\t<meta property=\"og:image:height\" content=\"1600\" \/>\n\t<meta property=\"og:image:type\" content=\"image\/jpeg\" \/>\n<meta name=\"author\" content=\"Sepam\" \/>\n<meta name=\"twitter:card\" content=\"summary_large_image\" \/>\n<meta name=\"twitter:label1\" content=\"Written by\" \/>\n\t<meta name=\"twitter:data1\" content=\"Sepam\" \/>\n\t<meta name=\"twitter:label2\" content=\"Est. reading time\" \/>\n\t<meta name=\"twitter:data2\" content=\"2 minutes\" \/>\n<script type=\"application\/ld+json\" class=\"yoast-schema-graph\">{\"@context\":\"https:\\\/\\\/schema.org\",\"@graph\":[{\"@type\":\"Article\",\"@id\":\"https:\\\/\\\/sepam.com.br\\\/en\\\/judo-do-sepam-conquista-medalhas-e-destaque-geral-no-40o-jem\\\/#article\",\"isPartOf\":{\"@id\":\"https:\\\/\\\/sepam.com.br\\\/en\\\/judo-do-sepam-conquista-medalhas-e-destaque-geral-no-40o-jem\\\/\"},\"author\":{\"name\":\"Sepam\",\"@id\":\"https:\\\/\\\/sepam.com.br\\\/#\\\/schema\\\/person\\\/bfa2996c649a5a6d822766f6e64eb7fd\"},\"headline\":\"Jud\u00f4 do SEPAM conquista medalhas e destaque geral no 40\u00ba JEM\",\"datePublished\":\"2026-05-28T12:21:21+00:00\",\"dateModified\":\"2026-05-28T12:21:22+00:00\",\"mainEntityOfPage\":{\"@id\":\"https:\\\/\\\/sepam.com.br\\\/en\\\/judo-do-sepam-conquista-medalhas-e-destaque-geral-no-40o-jem\\\/\"},\"wordCount\":234,\"commentCount\":0,\"publisher\":{\"@id\":\"https:\\\/\\\/sepam.com.br\\\/#organization\"},\"image\":{\"@id\":\"https:\\\/\\\/sepam.com.br\\\/en\\\/judo-do-sepam-conquista-medalhas-e-destaque-geral-no-40o-jem\\\/#primaryimage\"},\"thumbnailUrl\":\"https:\\\/\\\/sepam.com.br\\\/wp-content\\\/uploads\\\/2026\\\/05\\\/WhatsApp-Image-2026-05-25-at-15.22.12.jpeg\",\"keywords\":[\"Artes Marciais\",\"Col\u00e9gio Sepam\",\"Esportes\",\"JEM\",\"Jogos Estudantis Municipais\",\"Jud\u00f4\",\"Professor William\",\"Tatame\"],\"articleSection\":[\"Colegio Sepam\"],\"inLanguage\":\"en-US\",\"potentialAction\":[{\"@type\":\"CommentAction\",\"name\":\"Comment\",\"target\":[\"https:\\\/\\\/sepam.com.br\\\/en\\\/judo-do-sepam-conquista-medalhas-e-destaque-geral-no-40o-jem\\\/#respond\"]}]},{\"@type\":\"WebPage\",\"@id\":\"https:\\\/\\\/sepam.com.br\\\/en\\\/judo-do-sepam-conquista-medalhas-e-destaque-geral-no-40o-jem\\\/\",\"url\":\"https:\\\/\\\/sepam.com.br\\\/en\\\/judo-do-sepam-conquista-medalhas-e-destaque-geral-no-40o-jem\\\/\",\"name\":\"Jud\u00f4 do SEPAM conquista medalhas e destaque geral no 40\u00ba JEM - Col\u00e9gio Sepam\",\"isPartOf\":{\"@id\":\"https:\\\/\\\/sepam.com.br\\\/#website\"},\"primaryImageOfPage\":{\"@id\":\"https:\\\/\\\/sepam.com.br\\\/en\\\/judo-do-sepam-conquista-medalhas-e-destaque-geral-no-40o-jem\\\/#primaryimage\"},\"image\":{\"@id\":\"https:\\\/\\\/sepam.com.br\\\/en\\\/judo-do-sepam-conquista-medalhas-e-destaque-geral-no-40o-jem\\\/#primaryimage\"},\"thumbnailUrl\":\"https:\\\/\\\/sepam.com.br\\\/wp-content\\\/uploads\\\/2026\\\/05\\\/WhatsApp-Image-2026-05-25-at-15.22.12.jpeg\",\"datePublished\":\"2026-05-28T12:21:21+00:00\",\"dateModified\":\"2026-05-28T12:21:22+00:00\",\"breadcrumb\":{\"@id\":\"https:\\\/\\\/sepam.com.br\\\/en\\\/judo-do-sepam-conquista-medalhas-e-destaque-geral-no-40o-jem\\\/#breadcrumb\"},\"inLanguage\":\"en-US\",\"potentialAction\":[{\"@type\":\"ReadAction\",\"target\":[\"https:\\\/\\\/sepam.com.br\\\/en\\\/judo-do-sepam-conquista-medalhas-e-destaque-geral-no-40o-jem\\\/\"]}]},{\"@type\":\"ImageObject\",\"inLanguage\":\"en-US\",\"@id\":\"https:\\\/\\\/sepam.com.br\\\/en\\\/judo-do-sepam-conquista-medalhas-e-destaque-geral-no-40o-jem\\\/#primaryimage\",\"url\":\"https:\\\/\\\/sepam.com.br\\\/wp-content\\\/uploads\\\/2026\\\/05\\\/WhatsApp-Image-2026-05-25-at-15.22.12.jpeg\",\"contentUrl\":\"https:\\\/\\\/sepam.com.br\\\/wp-content\\\/uploads\\\/2026\\\/05\\\/WhatsApp-Image-2026-05-25-at-15.22.12.jpeg\",\"width\":900,\"height\":1600},{\"@type\":\"BreadcrumbList\",\"@id\":\"https:\\\/\\\/sepam.com.br\\\/en\\\/judo-do-sepam-conquista-medalhas-e-destaque-geral-no-40o-jem\\\/#breadcrumb\",\"itemListElement\":[{\"@type\":\"ListItem\",\"position\":1,\"name\":\"Boas Vindas\",\"item\":\"https:\\\/\\\/sepam.com.br\\\/\"},{\"@type\":\"ListItem\",\"position\":2,\"name\":\"Jud\u00f4 do SEPAM conquista medalhas e destaque geral no 40\u00ba JEM\"}]},{\"@type\":\"WebSite\",\"@id\":\"https:\\\/\\\/sepam.com.br\\\/en\\\/#website\",\"url\":\"https:\\\/\\\/sepam.com.br\\\/en\\\/\",\"name\":\"Col\u00e9gio Sepam\",\"description\":\"Ensino Incompar\u00e1vel\",\"publisher\":{\"@id\":\"https:\\\/\\\/sepam.com.br\\\/en\\\/#organization\"},\"potentialAction\":[{\"@type\":\"SearchAction\",\"target\":{\"@type\":\"EntryPoint\",\"urlTemplate\":\"https:\\\/\\\/sepam.com.br\\\/en\\\/?s={search_term_string}\"},\"query-input\":{\"@type\":\"PropertyValueSpecification\",\"valueRequired\":true,\"valueName\":\"search_term_string\"}}],\"inLanguage\":\"en-US\"},{\"@type\":\"Organization\",\"@id\":\"https:\\\/\\\/sepam.com.br\\\/en\\\/#organization\",\"name\":\"Col\u00e9gio Sepam\",\"url\":\"https:\\\/\\\/sepam.com.br\\\/en\\\/\",\"logo\":{\"@type\":\"ImageObject\",\"inLanguage\":\"en-US\",\"@id\":\"https:\\\/\\\/sepam.com.br\\\/en\\\/#\\\/schema\\\/logo\\\/image\\\/\",\"url\":\"https:\\\/\\\/sepam.com.br\\\/wp-content\\\/uploads\\\/2025\\\/02\\\/Ativo-2.png\",\"contentUrl\":\"https:\\\/\\\/sepam.com.br\\\/wp-content\\\/uploads\\\/2025\\\/02\\\/Ativo-2.png\",\"width\":595,\"height\":525,\"caption\":\"Col\u00e9gio Sepam\"},\"image\":{\"@id\":\"https:\\\/\\\/sepam.com.br\\\/en\\\/#\\\/schema\\\/logo\\\/image\\\/\"}},{\"@type\":\"Person\",\"@id\":\"https:\\\/\\\/sepam.com.br\\\/#\\\/schema\\\/person\\\/bfa2996c649a5a6d822766f6e64eb7fd\",\"name\":\"Sepam\",\"image\":{\"@type\":\"ImageObject\",\"inLanguage\":\"en-US\",\"@id\":\"https:\\\/\\\/secure.gravatar.com\\\/avatar\\\/0219e64664f5861998ad57a3432eb4bd5fd99a34c7cc9bc44b3c59dfb830db85?s=96&d=mm&r=g\",\"url\":\"https:\\\/\\\/secure.gravatar.com\\\/avatar\\\/0219e64664f5861998ad57a3432eb4bd5fd99a34c7cc9bc44b3c59dfb830db85?s=96&d=mm&r=g\",\"contentUrl\":\"https:\\\/\\\/secure.gravatar.com\\\/avatar\\\/0219e64664f5861998ad57a3432eb4bd5fd99a34c7cc9bc44b3c59dfb830db85?s=96&d=mm&r=g\",\"caption\":\"Sepam\"},\"url\":\"https:\\\/\\\/sepam.com.br\\\/en\\\/author\\\/sepam\\\/\"}]}<\/script>\n<!-- \/ Yoast SEO plugin. -->","yoast_head_json":{"title":"Jud\u00f4 do SEPAM conquista medalhas e destaque geral no 40\u00ba JEM","description":"Os alunos do Col\u00e9gio SEPAM encerraram sua participa\u00e7\u00e3o no jud\u00f4 do 40\u00ba JEM \u2013 Jogos Estudantis Municipais demonstrando muita garra, dedica\u00e7\u00e3o e competitividade nos tatames. &#x1f94b;&#x2728;Nas disputas dos grupos 1 (06 a 08 anos) e 2 (09 e 10 anos), os atletas do SEPAM conquistaram importantes resultados e diversas medalhas, refor\u00e7ando o talento e o&hellip;","robots":{"index":"index","follow":"follow","max-snippet":"max-snippet:-1","max-image-preview":"max-image-preview:large","max-video-preview":"max-video-preview:-1"},"canonical":"https:\/\/sepam.com.br\/en\/judo-do-sepam-conquista-medalhas-e-destaque-geral-no-40o-jem\/","og_locale":"en_US","og_type":"article","og_title":"Jud\u00f4 do SEPAM conquista medalhas e destaque geral no 40\u00ba JEM","og_description":"Os alunos do Col\u00e9gio SEPAM encerraram sua participa\u00e7\u00e3o no jud\u00f4 do 40\u00ba JEM \u2013 Jogos Estudantis Municipais demonstrando muita garra, dedica\u00e7\u00e3o e competitividade nos tatames. &#x1f94b;&#x2728;Nas disputas dos grupos 1 (06 a 08 anos) e 2 (09 e 10 anos), os atletas do SEPAM conquistaram importantes resultados e diversas medalhas, refor\u00e7ando o talento e o&hellip;","og_url":"https:\/\/sepam.com.br\/en\/judo-do-sepam-conquista-medalhas-e-destaque-geral-no-40o-jem\/","og_site_name":"Col\u00e9gio Sepam","article_published_time":"2026-05-28T12:21:21+00:00","article_modified_time":"2026-05-28T12:21:22+00:00","og_image":[{"width":900,"height":1600,"url":"https:\/\/sepam.com.br\/wp-content\/uploads\/2026\/05\/WhatsApp-Image-2026-05-25-at-15.22.12.jpeg","type":"image\/jpeg"}],"author":"Sepam","twitter_card":"summary_large_image","twitter_misc":{"Written by":"Sepam","Est. reading time":"2 minutes"},"schema":{"@context":"https:\/\/schema.org","@graph":[{"@type":"Article","@id":"https:\/\/sepam.com.br\/en\/judo-do-sepam-conquista-medalhas-e-destaque-geral-no-40o-jem\/#article","isPartOf":{"@id":"https:\/\/sepam.com.br\/en\/judo-do-sepam-conquista-medalhas-e-destaque-geral-no-40o-jem\/"},"author":{"name":"Sepam","@id":"https:\/\/sepam.com.br\/#\/schema\/person\/bfa2996c649a5a6d822766f6e64eb7fd"},"headline":"Jud\u00f4 do SEPAM conquista medalhas e destaque geral no 40\u00ba JEM","datePublished":"2026-05-28T12:21:21+00:00","dateModified":"2026-05-28T12:21:22+00:00","mainEntityOfPage":{"@id":"https:\/\/sepam.com.br\/en\/judo-do-sepam-conquista-medalhas-e-destaque-geral-no-40o-jem\/"},"wordCount":234,"commentCount":0,"publisher":{"@id":"https:\/\/sepam.com.br\/#organization"},"image":{"@id":"https:\/\/sepam.com.br\/en\/judo-do-sepam-conquista-medalhas-e-destaque-geral-no-40o-jem\/#primaryimage"},"thumbnailUrl":"https:\/\/sepam.com.br\/wp-content\/uploads\/2026\/05\/WhatsApp-Image-2026-05-25-at-15.22.12.jpeg","keywords":["Artes Marciais","Col\u00e9gio Sepam","Esportes","JEM","Jogos Estudantis Municipais","Jud\u00f4","Professor William","Tatame"],"articleSection":["Colegio Sepam"],"inLanguage":"en-US","potentialAction":[{"@type":"CommentAction","name":"Comment","target":["https:\/\/sepam.com.br\/en\/judo-do-sepam-conquista-medalhas-e-destaque-geral-no-40o-jem\/#respond"]}]},{"@type":"WebPage","@id":"https:\/\/sepam.com.br\/en\/judo-do-sepam-conquista-medalhas-e-destaque-geral-no-40o-jem\/","url":"https:\/\/sepam.com.br\/en\/judo-do-sepam-conquista-medalhas-e-destaque-geral-no-40o-jem\/","name":"Jud\u00f4 do SEPAM conquista medalhas e destaque geral no 40\u00ba JEM - Col\u00e9gio Sepam","isPartOf":{"@id":"https:\/\/sepam.com.br\/#website"},"primaryImageOfPage":{"@id":"https:\/\/sepam.com.br\/en\/judo-do-sepam-conquista-medalhas-e-destaque-geral-no-40o-jem\/#primaryimage"},"image":{"@id":"https:\/\/sepam.com.br\/en\/judo-do-sepam-conquista-medalhas-e-destaque-geral-no-40o-jem\/#primaryimage"},"thumbnailUrl":"https:\/\/sepam.com.br\/wp-content\/uploads\/2026\/05\/WhatsApp-Image-2026-05-25-at-15.22.12.jpeg","datePublished":"2026-05-28T12:21:21+00:00","dateModified":"2026-05-28T12:21:22+00:00","breadcrumb":{"@id":"https:\/\/sepam.com.br\/en\/judo-do-sepam-conquista-medalhas-e-destaque-geral-no-40o-jem\/#breadcrumb"},"inLanguage":"en-US","potentialAction":[{"@type":"ReadAction","target":["https:\/\/sepam.com.br\/en\/judo-do-sepam-conquista-medalhas-e-destaque-geral-no-40o-jem\/"]}]},{"@type":"ImageObject","inLanguage":"en-US","@id":"https:\/\/sepam.com.br\/en\/judo-do-sepam-conquista-medalhas-e-destaque-geral-no-40o-jem\/#primaryimage","url":"https:\/\/sepam.com.br\/wp-content\/uploads\/2026\/05\/WhatsApp-Image-2026-05-25-at-15.22.12.jpeg","contentUrl":"https:\/\/sepam.com.br\/wp-content\/uploads\/2026\/05\/WhatsApp-Image-2026-05-25-at-15.22.12.jpeg","width":900,"height":1600},{"@type":"BreadcrumbList","@id":"https:\/\/sepam.com.br\/en\/judo-do-sepam-conquista-medalhas-e-destaque-geral-no-40o-jem\/#breadcrumb","itemListElement":[{"@type":"ListItem","position":1,"name":"Boas Vindas","item":"https:\/\/sepam.com.br\/"},{"@type":"ListItem","position":2,"name":"Jud\u00f4 do SEPAM conquista medalhas e destaque geral no 40\u00ba JEM"}]},{"@type":"WebSite","@id":"https:\/\/sepam.com.br\/en\/#website","url":"https:\/\/sepam.com.br\/en\/","name":"Col\u00e9gio Sepam","description":"Ensino Incompar\u00e1vel","publisher":{"@id":"https:\/\/sepam.com.br\/en\/#organization"},"potentialAction":[{"@type":"SearchAction","target":{"@type":"EntryPoint","urlTemplate":"https:\/\/sepam.com.br\/en\/?s={search_term_string}"},"query-input":{"@type":"PropertyValueSpecification","valueRequired":true,"valueName":"search_term_string"}}],"inLanguage":"en-US"},{"@type":"Organization","@id":"https:\/\/sepam.com.br\/en\/#organization","name":"Col\u00e9gio Sepam","url":"https:\/\/sepam.com.br\/en\/","logo":{"@type":"ImageObject","inLanguage":"en-US","@id":"https:\/\/sepam.com.br\/en\/#\/schema\/logo\/image\/","url":"https:\/\/sepam.com.br\/wp-content\/uploads\/2025\/02\/Ativo-2.png","contentUrl":"https:\/\/sepam.com.br\/wp-content\/uploads\/2025\/02\/Ativo-2.png","width":595,"height":525,"caption":"Col\u00e9gio Sepam"},"image":{"@id":"https:\/\/sepam.com.br\/en\/#\/schema\/logo\/image\/"}},{"@type":"Person","@id":"https:\/\/sepam.com.br\/#\/schema\/person\/bfa2996c649a5a6d822766f6e64eb7fd","name":"Sepam","image":{"@type":"ImageObject","inLanguage":"en-US","@id":"https:\/\/secure.gravatar.com\/avatar\/0219e64664f5861998ad57a3432eb4bd5fd99a34c7cc9bc44b3c59dfb830db85?s=96&d=mm&r=g","url":"https:\/\/secure.gravatar.com\/avatar\/0219e64664f5861998ad57a3432eb4bd5fd99a34c7cc9bc44b3c59dfb830db85?s=96&d=mm&r=g","contentUrl":"https:\/\/secure.gravatar.com\/avatar\/0219e64664f5861998ad57a3432eb4bd5fd99a34c7cc9bc44b3c59dfb830db85?s=96&d=mm&r=g","caption":"Sepam"},"url":"https:\/\/sepam.com.br\/en\/author\/sepam\/"}]}},"_links":{"self":[{"href":"https:\/\/sepam.com.br\/en\/wp-json\/wp\/v2\/posts\/8408","targetHints":{"allow":["GET"]}}],"collection":[{"href":"https:\/\/sepam.com.br\/en\/wp-json\/wp\/v2\/posts"}],"about":[{"href":"https:\/\/sepam.com.br\/en\/wp-json\/wp\/v2\/types\/post"}],"author":[{"embeddable":true,"href":"https:\/\/sepam.com.br\/en\/wp-json\/wp\/v2\/users\/13"}],"replies":[{"embeddable":true,"href":"https:\/\/sepam.com.br\/en\/wp-json\/wp\/v2\/comments?post=8408"}],"version-history":[{"count":4,"href":"https:\/\/sepam.com.br\/en\/wp-json\/wp\/v2\/posts\/8408\/revisions"}],"predecessor-version":[{"id":8418,"href":"https:\/\/sepam.com.br\/en\/wp-json\/wp\/v2\/posts\/8408\/revisions\/8418"}],"wp:featuredmedia":[{"embeddable":true,"href":"https:\/\/sepam.com.br\/en\/wp-json\/wp\/v2\/media\/8411"}],"wp:attachment":[{"href":"https:\/\/sepam.com.br\/en\/wp-json\/wp\/v2\/media?parent=8408"}],"wp:term":[{"taxonomy":"category","embeddable":true,"href":"https:\/\/sepam.com.br\/en\/wp-json\/wp\/v2\/categories?post=8408"},{"taxonomy":"post_tag","embeddable":true,"href":"https:\/\/sepam.com.br\/en\/wp-json\/wp\/v2\/tags?post=8408"}],"curies":[{"name":"wp","href":"https:\/\/api.w.org\/{rel}","templated":true}]}}