{"id":8027,"date":"2025-11-24T11:02:02","date_gmt":"2025-11-24T14:02:02","guid":{"rendered":"https:\/\/sepam.com.br\/?p=8027"},"modified":"2025-11-24T11:02:03","modified_gmt":"2025-11-24T14:02:03","slug":"basquete-feminino-do-sepam-conquista-medalha-de-prata-no-cem-e-encerra-temporada-com-evolucao","status":"publish","type":"post","link":"https:\/\/sepam.com.br\/en\/basquete-feminino-do-sepam-conquista-medalha-de-prata-no-cem-e-encerra-temporada-com-evolucao\/","title":{"rendered":"Basquete feminino do Sepam conquista medalha de prata no CEM e encerra temporada com evolu\u00e7\u00e3o"},"content":{"rendered":"\n<p class=\"wp-block-paragraph\">As <strong>meninas do 8\u00ba e 9\u00ba ano do Ensino Fundamental 2<\/strong> mostraram muita garra na final do <strong>CEM \u2013 Campeonato Estudantil Municipal de basquete feminino<\/strong>. Por\u00e9m, o esfor\u00e7o n\u00e3o foi suficiente para impedir a derrota na grande decis\u00e3o.<\/p>\n\n\n\n<p class=\"wp-block-paragraph\">Jogando com um <strong>time bastante desfalcado<\/strong>, as alunas buscaram a vit\u00f3ria incansavelmente. Mesmo assim, o <strong>vice-campeonato<\/strong> representa a evolu\u00e7\u00e3o da equipe, que nesta temporada foi <strong>campe\u00e3 do JEM<\/strong> e ainda <strong>representou a regi\u00e3o na final dos Jogos Escolares do Paran\u00e1<\/strong>.<\/p>\n\n\n\n<p class=\"wp-block-paragraph\">Parab\u00e9ns \u00e0s nossas alunas e tamb\u00e9m ao <strong>professor Daniel<\/strong>!<\/p>\n","protected":false},"excerpt":{"rendered":"<p>As alunas do 8\u00ba e 9\u00ba ano conquistaram a medalha de prata no CEM \u2013 Campeonato Estudantil Municipal, coroando um ano de evolu\u00e7\u00e3o do basquete feminino do Sepam.<\/p>\n","protected":false},"author":12,"featured_media":8028,"comment_status":"open","ping_status":"open","sticky":false,"template":"","format":"standard","meta":{"footnotes":""},"categories":[21],"tags":[33,35,34,42,50,51,52,49,47],"class_list":["post-8027","post","type-post","status-publish","format-standard","has-post-thumbnail","hentry","category-colegio-sepam","tag-basquete-feminino","tag-campeonato-estudantil-municipal","tag-cem","tag-colegio-sepam","tag-ensino-fundamental-2","tag-jem","tag-jogos-escolares-do-parana","tag-professor-daniel","tag-vice-campeonato"],"yoast_head":"<!-- This site is optimized with the Yoast SEO plugin v28.4 - https:\/\/yoast.com\/product\/yoast-seo-wordpress\/ -->\n<title>Basquete feminino do Sepam conquista medalha de prata no CEM e encerra temporada com evolu\u00e7\u00e3o<\/title>\n<meta name=\"description\" content=\"As alunas do 8\u00ba e 9\u00ba ano conquistaram a medalha de prata no CEM \u2013 Campeonato Estudantil Municipal, coroando um ano de evolu\u00e7\u00e3o do basquete feminino do Sepam.\" \/>\n<meta name=\"robots\" content=\"index, follow, max-snippet:-1, max-image-preview:large, max-video-preview:-1\" \/>\n<link rel=\"canonical\" href=\"http:\/\/As%20alunas%20do%208\u00ba%20e%209\u00ba%20ano%20conquistaram%20a%20medalha%20de%20prata%20no%20CEM%20\u2013%20Campeonato%20Estudantil%20Municipal,%20coroando%20um%20ano%20de%20evolu\u00e7\u00e3o%20do%20basquete%20feminino%20do%20Sepam.\" \/>\n<meta property=\"og:locale\" content=\"en_US\" \/>\n<meta property=\"og:type\" content=\"article\" \/>\n<meta property=\"og:title\" content=\"Basquete feminino do Sepam conquista medalha de prata no CEM e encerra temporada com evolu\u00e7\u00e3o\" \/>\n<meta property=\"og:description\" content=\"As alunas do 8\u00ba e 9\u00ba ano conquistaram a medalha de prata no CEM \u2013 Campeonato Estudantil Municipal, coroando um ano de evolu\u00e7\u00e3o do basquete feminino do Sepam.\" \/>\n<meta property=\"og:url\" content=\"https:\/\/sepam.com.br\/en\/basquete-feminino-do-sepam-conquista-medalha-de-prata-no-cem-e-encerra-temporada-com-evolucao\/\" \/>\n<meta property=\"og:site_name\" content=\"Col\u00e9gio Sepam\" \/>\n<meta property=\"article:published_time\" content=\"2025-11-24T14:02:02+00:00\" \/>\n<meta property=\"article:modified_time\" content=\"2025-11-24T14:02:03+00:00\" \/>\n<meta property=\"og:image\" content=\"https:\/\/sepam.com.br\/wp-content\/uploads\/2025\/11\/WhatsApp-Image-2025-11-13-at-10.04.57.jpeg\" \/>\n\t<meta property=\"og:image:width\" content=\"1051\" \/>\n\t<meta property=\"og:image:height\" content=\"1200\" \/>\n\t<meta property=\"og:image:type\" content=\"image\/jpeg\" \/>\n<meta name=\"author\" content=\"Alison Andrei\" \/>\n<meta name=\"twitter:card\" content=\"summary_large_image\" \/>\n<meta name=\"twitter:label1\" content=\"Written by\" \/>\n\t<meta name=\"twitter:data1\" content=\"Alison Andrei\" \/>\n\t<meta name=\"twitter:label2\" content=\"Est. reading time\" \/>\n\t<meta name=\"twitter:data2\" content=\"1 minute\" \/>\n<script type=\"application\/ld+json\" class=\"yoast-schema-graph\">{\"@context\":\"https:\\\/\\\/schema.org\",\"@graph\":[{\"@type\":\"Article\",\"@id\":\"https:\\\/\\\/sepam.com.br\\\/en\\\/basquete-feminino-do-sepam-conquista-medalha-de-prata-no-cem-e-encerra-temporada-com-evolucao\\\/#article\",\"isPartOf\":{\"@id\":\"https:\\\/\\\/sepam.com.br\\\/en\\\/basquete-feminino-do-sepam-conquista-medalha-de-prata-no-cem-e-encerra-temporada-com-evolucao\\\/\"},\"author\":{\"name\":\"Alison Andrei\",\"@id\":\"https:\\\/\\\/sepam.com.br\\\/#\\\/schema\\\/person\\\/38aff034b8d22d0cd551d59b7e4939f5\"},\"headline\":\"Basquete feminino do Sepam conquista medalha de prata no CEM e encerra temporada com evolu\u00e7\u00e3o\",\"datePublished\":\"2025-11-24T14:02:02+00:00\",\"dateModified\":\"2025-11-24T14:02:03+00:00\",\"mainEntityOfPage\":{\"@id\":\"https:\\\/\\\/sepam.com.br\\\/en\\\/basquete-feminino-do-sepam-conquista-medalha-de-prata-no-cem-e-encerra-temporada-com-evolucao\\\/\"},\"wordCount\":108,\"commentCount\":0,\"publisher\":{\"@id\":\"https:\\\/\\\/sepam.com.br\\\/#organization\"},\"image\":{\"@id\":\"https:\\\/\\\/sepam.com.br\\\/en\\\/basquete-feminino-do-sepam-conquista-medalha-de-prata-no-cem-e-encerra-temporada-com-evolucao\\\/#primaryimage\"},\"thumbnailUrl\":\"https:\\\/\\\/sepam.com.br\\\/wp-content\\\/uploads\\\/2025\\\/11\\\/WhatsApp-Image-2025-11-13-at-10.04.57.jpeg\",\"keywords\":[\"basquete feminino\",\"campeonato estudantil municipal\",\"CEM\",\"Col\u00e9gio Sepam\",\"Ensino Fundamental 2\",\"JEM\",\"Jogos Escolares do Paran\u00e1\",\"Professor Daniel\",\"Vice-campeonato\"],\"articleSection\":[\"Colegio Sepam\"],\"inLanguage\":\"en-US\",\"potentialAction\":[{\"@type\":\"CommentAction\",\"name\":\"Comment\",\"target\":[\"https:\\\/\\\/sepam.com.br\\\/en\\\/basquete-feminino-do-sepam-conquista-medalha-de-prata-no-cem-e-encerra-temporada-com-evolucao\\\/#respond\"]}]},{\"@type\":\"WebPage\",\"@id\":\"https:\\\/\\\/sepam.com.br\\\/en\\\/basquete-feminino-do-sepam-conquista-medalha-de-prata-no-cem-e-encerra-temporada-com-evolucao\\\/\",\"url\":\"https:\\\/\\\/sepam.com.br\\\/en\\\/basquete-feminino-do-sepam-conquista-medalha-de-prata-no-cem-e-encerra-temporada-com-evolucao\\\/\",\"name\":\"Basquete feminino do Sepam conquista medalha de prata no CEM e encerra temporada com evolu\u00e7\u00e3o - Col\u00e9gio Sepam\",\"isPartOf\":{\"@id\":\"https:\\\/\\\/sepam.com.br\\\/#website\"},\"primaryImageOfPage\":{\"@id\":\"https:\\\/\\\/sepam.com.br\\\/en\\\/basquete-feminino-do-sepam-conquista-medalha-de-prata-no-cem-e-encerra-temporada-com-evolucao\\\/#primaryimage\"},\"image\":{\"@id\":\"https:\\\/\\\/sepam.com.br\\\/en\\\/basquete-feminino-do-sepam-conquista-medalha-de-prata-no-cem-e-encerra-temporada-com-evolucao\\\/#primaryimage\"},\"thumbnailUrl\":\"https:\\\/\\\/sepam.com.br\\\/wp-content\\\/uploads\\\/2025\\\/11\\\/WhatsApp-Image-2025-11-13-at-10.04.57.jpeg\",\"datePublished\":\"2025-11-24T14:02:02+00:00\",\"dateModified\":\"2025-11-24T14:02:03+00:00\",\"breadcrumb\":{\"@id\":\"https:\\\/\\\/sepam.com.br\\\/en\\\/basquete-feminino-do-sepam-conquista-medalha-de-prata-no-cem-e-encerra-temporada-com-evolucao\\\/#breadcrumb\"},\"inLanguage\":\"en-US\",\"potentialAction\":[{\"@type\":\"ReadAction\",\"target\":[\"https:\\\/\\\/sepam.com.br\\\/en\\\/basquete-feminino-do-sepam-conquista-medalha-de-prata-no-cem-e-encerra-temporada-com-evolucao\\\/\"]}]},{\"@type\":\"ImageObject\",\"inLanguage\":\"en-US\",\"@id\":\"https:\\\/\\\/sepam.com.br\\\/en\\\/basquete-feminino-do-sepam-conquista-medalha-de-prata-no-cem-e-encerra-temporada-com-evolucao\\\/#primaryimage\",\"url\":\"https:\\\/\\\/sepam.com.br\\\/wp-content\\\/uploads\\\/2025\\\/11\\\/WhatsApp-Image-2025-11-13-at-10.04.57.jpeg\",\"contentUrl\":\"https:\\\/\\\/sepam.com.br\\\/wp-content\\\/uploads\\\/2025\\\/11\\\/WhatsApp-Image-2025-11-13-at-10.04.57.jpeg\",\"width\":1051,\"height\":1200},{\"@type\":\"BreadcrumbList\",\"@id\":\"https:\\\/\\\/sepam.com.br\\\/en\\\/basquete-feminino-do-sepam-conquista-medalha-de-prata-no-cem-e-encerra-temporada-com-evolucao\\\/#breadcrumb\",\"itemListElement\":[{\"@type\":\"ListItem\",\"position\":1,\"name\":\"Boas Vindas\",\"item\":\"https:\\\/\\\/sepam.com.br\\\/\"},{\"@type\":\"ListItem\",\"position\":2,\"name\":\"Basquete feminino do Sepam conquista medalha de prata no CEM e encerra temporada com evolu\u00e7\u00e3o\"}]},{\"@type\":\"WebSite\",\"@id\":\"https:\\\/\\\/sepam.com.br\\\/en\\\/#website\",\"url\":\"https:\\\/\\\/sepam.com.br\\\/en\\\/\",\"name\":\"Col\u00e9gio Sepam\",\"description\":\"Ensino Incompar\u00e1vel\",\"publisher\":{\"@id\":\"https:\\\/\\\/sepam.com.br\\\/en\\\/#organization\"},\"potentialAction\":[{\"@type\":\"SearchAction\",\"target\":{\"@type\":\"EntryPoint\",\"urlTemplate\":\"https:\\\/\\\/sepam.com.br\\\/en\\\/?s={search_term_string}\"},\"query-input\":{\"@type\":\"PropertyValueSpecification\",\"valueRequired\":true,\"valueName\":\"search_term_string\"}}],\"inLanguage\":\"en-US\"},{\"@type\":\"Organization\",\"@id\":\"https:\\\/\\\/sepam.com.br\\\/en\\\/#organization\",\"name\":\"Col\u00e9gio Sepam\",\"url\":\"https:\\\/\\\/sepam.com.br\\\/en\\\/\",\"logo\":{\"@type\":\"ImageObject\",\"inLanguage\":\"en-US\",\"@id\":\"https:\\\/\\\/sepam.com.br\\\/en\\\/#\\\/schema\\\/logo\\\/image\\\/\",\"url\":\"https:\\\/\\\/sepam.com.br\\\/wp-content\\\/uploads\\\/2025\\\/02\\\/Ativo-2.png\",\"contentUrl\":\"https:\\\/\\\/sepam.com.br\\\/wp-content\\\/uploads\\\/2025\\\/02\\\/Ativo-2.png\",\"width\":595,\"height\":525,\"caption\":\"Col\u00e9gio Sepam\"},\"image\":{\"@id\":\"https:\\\/\\\/sepam.com.br\\\/en\\\/#\\\/schema\\\/logo\\\/image\\\/\"}},{\"@type\":\"Person\",\"@id\":\"https:\\\/\\\/sepam.com.br\\\/#\\\/schema\\\/person\\\/38aff034b8d22d0cd551d59b7e4939f5\",\"name\":\"Alison Andrei\",\"image\":{\"@type\":\"ImageObject\",\"inLanguage\":\"en-US\",\"@id\":\"https:\\\/\\\/secure.gravatar.com\\\/avatar\\\/7d433525a110825b50a22691febdab3f59016724f20a8f9b39c947a4aac9641a?s=96&d=mm&r=g\",\"url\":\"https:\\\/\\\/secure.gravatar.com\\\/avatar\\\/7d433525a110825b50a22691febdab3f59016724f20a8f9b39c947a4aac9641a?s=96&d=mm&r=g\",\"contentUrl\":\"https:\\\/\\\/secure.gravatar.com\\\/avatar\\\/7d433525a110825b50a22691febdab3f59016724f20a8f9b39c947a4aac9641a?s=96&d=mm&r=g\",\"caption\":\"Alison Andrei\"},\"url\":\"https:\\\/\\\/sepam.com.br\\\/en\\\/author\\\/alisonandrei\\\/\"}]}<\/script>\n<!-- \/ Yoast SEO plugin. -->","yoast_head_json":{"title":"Basquete feminino do Sepam conquista medalha de prata no CEM e encerra temporada com evolu\u00e7\u00e3o","description":"As alunas do 8\u00ba e 9\u00ba ano conquistaram a medalha de prata no CEM \u2013 Campeonato Estudantil Municipal, coroando um ano de evolu\u00e7\u00e3o do basquete feminino do Sepam.","robots":{"index":"index","follow":"follow","max-snippet":"max-snippet:-1","max-image-preview":"max-image-preview:large","max-video-preview":"max-video-preview:-1"},"canonical":"As alunas do 8\u00ba e 9\u00ba ano conquistaram a medalha de prata no CEM \u2013 Campeonato Estudantil Municipal, coroando um ano de evolu\u00e7\u00e3o do basquete feminino do Sepam.","og_locale":"en_US","og_type":"article","og_title":"Basquete feminino do Sepam conquista medalha de prata no CEM e encerra temporada com evolu\u00e7\u00e3o","og_description":"As alunas do 8\u00ba e 9\u00ba ano conquistaram a medalha de prata no CEM \u2013 Campeonato Estudantil Municipal, coroando um ano de evolu\u00e7\u00e3o do basquete feminino do Sepam.","og_url":"https:\/\/sepam.com.br\/en\/basquete-feminino-do-sepam-conquista-medalha-de-prata-no-cem-e-encerra-temporada-com-evolucao\/","og_site_name":"Col\u00e9gio Sepam","article_published_time":"2025-11-24T14:02:02+00:00","article_modified_time":"2025-11-24T14:02:03+00:00","og_image":[{"width":1051,"height":1200,"url":"https:\/\/sepam.com.br\/wp-content\/uploads\/2025\/11\/WhatsApp-Image-2025-11-13-at-10.04.57.jpeg","type":"image\/jpeg"}],"author":"Alison Andrei","twitter_card":"summary_large_image","twitter_misc":{"Written by":"Alison Andrei","Est. reading time":"1 minute"},"schema":{"@context":"https:\/\/schema.org","@graph":[{"@type":"Article","@id":"https:\/\/sepam.com.br\/en\/basquete-feminino-do-sepam-conquista-medalha-de-prata-no-cem-e-encerra-temporada-com-evolucao\/#article","isPartOf":{"@id":"https:\/\/sepam.com.br\/en\/basquete-feminino-do-sepam-conquista-medalha-de-prata-no-cem-e-encerra-temporada-com-evolucao\/"},"author":{"name":"Alison Andrei","@id":"https:\/\/sepam.com.br\/#\/schema\/person\/38aff034b8d22d0cd551d59b7e4939f5"},"headline":"Basquete feminino do Sepam conquista medalha de prata no CEM e encerra temporada com evolu\u00e7\u00e3o","datePublished":"2025-11-24T14:02:02+00:00","dateModified":"2025-11-24T14:02:03+00:00","mainEntityOfPage":{"@id":"https:\/\/sepam.com.br\/en\/basquete-feminino-do-sepam-conquista-medalha-de-prata-no-cem-e-encerra-temporada-com-evolucao\/"},"wordCount":108,"commentCount":0,"publisher":{"@id":"https:\/\/sepam.com.br\/#organization"},"image":{"@id":"https:\/\/sepam.com.br\/en\/basquete-feminino-do-sepam-conquista-medalha-de-prata-no-cem-e-encerra-temporada-com-evolucao\/#primaryimage"},"thumbnailUrl":"https:\/\/sepam.com.br\/wp-content\/uploads\/2025\/11\/WhatsApp-Image-2025-11-13-at-10.04.57.jpeg","keywords":["basquete feminino","campeonato estudantil municipal","CEM","Col\u00e9gio Sepam","Ensino Fundamental 2","JEM","Jogos Escolares do Paran\u00e1","Professor Daniel","Vice-campeonato"],"articleSection":["Colegio Sepam"],"inLanguage":"en-US","potentialAction":[{"@type":"CommentAction","name":"Comment","target":["https:\/\/sepam.com.br\/en\/basquete-feminino-do-sepam-conquista-medalha-de-prata-no-cem-e-encerra-temporada-com-evolucao\/#respond"]}]},{"@type":"WebPage","@id":"https:\/\/sepam.com.br\/en\/basquete-feminino-do-sepam-conquista-medalha-de-prata-no-cem-e-encerra-temporada-com-evolucao\/","url":"https:\/\/sepam.com.br\/en\/basquete-feminino-do-sepam-conquista-medalha-de-prata-no-cem-e-encerra-temporada-com-evolucao\/","name":"Basquete feminino do Sepam conquista medalha de prata no CEM e encerra temporada com evolu\u00e7\u00e3o - Col\u00e9gio Sepam","isPartOf":{"@id":"https:\/\/sepam.com.br\/#website"},"primaryImageOfPage":{"@id":"https:\/\/sepam.com.br\/en\/basquete-feminino-do-sepam-conquista-medalha-de-prata-no-cem-e-encerra-temporada-com-evolucao\/#primaryimage"},"image":{"@id":"https:\/\/sepam.com.br\/en\/basquete-feminino-do-sepam-conquista-medalha-de-prata-no-cem-e-encerra-temporada-com-evolucao\/#primaryimage"},"thumbnailUrl":"https:\/\/sepam.com.br\/wp-content\/uploads\/2025\/11\/WhatsApp-Image-2025-11-13-at-10.04.57.jpeg","datePublished":"2025-11-24T14:02:02+00:00","dateModified":"2025-11-24T14:02:03+00:00","breadcrumb":{"@id":"https:\/\/sepam.com.br\/en\/basquete-feminino-do-sepam-conquista-medalha-de-prata-no-cem-e-encerra-temporada-com-evolucao\/#breadcrumb"},"inLanguage":"en-US","potentialAction":[{"@type":"ReadAction","target":["https:\/\/sepam.com.br\/en\/basquete-feminino-do-sepam-conquista-medalha-de-prata-no-cem-e-encerra-temporada-com-evolucao\/"]}]},{"@type":"ImageObject","inLanguage":"en-US","@id":"https:\/\/sepam.com.br\/en\/basquete-feminino-do-sepam-conquista-medalha-de-prata-no-cem-e-encerra-temporada-com-evolucao\/#primaryimage","url":"https:\/\/sepam.com.br\/wp-content\/uploads\/2025\/11\/WhatsApp-Image-2025-11-13-at-10.04.57.jpeg","contentUrl":"https:\/\/sepam.com.br\/wp-content\/uploads\/2025\/11\/WhatsApp-Image-2025-11-13-at-10.04.57.jpeg","width":1051,"height":1200},{"@type":"BreadcrumbList","@id":"https:\/\/sepam.com.br\/en\/basquete-feminino-do-sepam-conquista-medalha-de-prata-no-cem-e-encerra-temporada-com-evolucao\/#breadcrumb","itemListElement":[{"@type":"ListItem","position":1,"name":"Boas Vindas","item":"https:\/\/sepam.com.br\/"},{"@type":"ListItem","position":2,"name":"Basquete feminino do Sepam conquista medalha de prata no CEM e encerra temporada com evolu\u00e7\u00e3o"}]},{"@type":"WebSite","@id":"https:\/\/sepam.com.br\/en\/#website","url":"https:\/\/sepam.com.br\/en\/","name":"Col\u00e9gio Sepam","description":"Ensino Incompar\u00e1vel","publisher":{"@id":"https:\/\/sepam.com.br\/en\/#organization"},"potentialAction":[{"@type":"SearchAction","target":{"@type":"EntryPoint","urlTemplate":"https:\/\/sepam.com.br\/en\/?s={search_term_string}"},"query-input":{"@type":"PropertyValueSpecification","valueRequired":true,"valueName":"search_term_string"}}],"inLanguage":"en-US"},{"@type":"Organization","@id":"https:\/\/sepam.com.br\/en\/#organization","name":"Col\u00e9gio Sepam","url":"https:\/\/sepam.com.br\/en\/","logo":{"@type":"ImageObject","inLanguage":"en-US","@id":"https:\/\/sepam.com.br\/en\/#\/schema\/logo\/image\/","url":"https:\/\/sepam.com.br\/wp-content\/uploads\/2025\/02\/Ativo-2.png","contentUrl":"https:\/\/sepam.com.br\/wp-content\/uploads\/2025\/02\/Ativo-2.png","width":595,"height":525,"caption":"Col\u00e9gio Sepam"},"image":{"@id":"https:\/\/sepam.com.br\/en\/#\/schema\/logo\/image\/"}},{"@type":"Person","@id":"https:\/\/sepam.com.br\/#\/schema\/person\/38aff034b8d22d0cd551d59b7e4939f5","name":"Alison Andrei","image":{"@type":"ImageObject","inLanguage":"en-US","@id":"https:\/\/secure.gravatar.com\/avatar\/7d433525a110825b50a22691febdab3f59016724f20a8f9b39c947a4aac9641a?s=96&d=mm&r=g","url":"https:\/\/secure.gravatar.com\/avatar\/7d433525a110825b50a22691febdab3f59016724f20a8f9b39c947a4aac9641a?s=96&d=mm&r=g","contentUrl":"https:\/\/secure.gravatar.com\/avatar\/7d433525a110825b50a22691febdab3f59016724f20a8f9b39c947a4aac9641a?s=96&d=mm&r=g","caption":"Alison Andrei"},"url":"https:\/\/sepam.com.br\/en\/author\/alisonandrei\/"}]}},"_links":{"self":[{"href":"https:\/\/sepam.com.br\/en\/wp-json\/wp\/v2\/posts\/8027","targetHints":{"allow":["GET"]}}],"collection":[{"href":"https:\/\/sepam.com.br\/en\/wp-json\/wp\/v2\/posts"}],"about":[{"href":"https:\/\/sepam.com.br\/en\/wp-json\/wp\/v2\/types\/post"}],"author":[{"embeddable":true,"href":"https:\/\/sepam.com.br\/en\/wp-json\/wp\/v2\/users\/12"}],"replies":[{"embeddable":true,"href":"https:\/\/sepam.com.br\/en\/wp-json\/wp\/v2\/comments?post=8027"}],"version-history":[{"count":1,"href":"https:\/\/sepam.com.br\/en\/wp-json\/wp\/v2\/posts\/8027\/revisions"}],"predecessor-version":[{"id":8029,"href":"https:\/\/sepam.com.br\/en\/wp-json\/wp\/v2\/posts\/8027\/revisions\/8029"}],"wp:featuredmedia":[{"embeddable":true,"href":"https:\/\/sepam.com.br\/en\/wp-json\/wp\/v2\/media\/8028"}],"wp:attachment":[{"href":"https:\/\/sepam.com.br\/en\/wp-json\/wp\/v2\/media?parent=8027"}],"wp:term":[{"taxonomy":"category","embeddable":true,"href":"https:\/\/sepam.com.br\/en\/wp-json\/wp\/v2\/categories?post=8027"},{"taxonomy":"post_tag","embeddable":true,"href":"https:\/\/sepam.com.br\/en\/wp-json\/wp\/v2\/tags?post=8027"}],"curies":[{"name":"wp","href":"https:\/\/api.w.org\/{rel}","templated":true}]}}