{"id":8024,"date":"2025-11-24T11:00:59","date_gmt":"2025-11-24T14:00:59","guid":{"rendered":"https:\/\/sepam.com.br\/?p=8024"},"modified":"2025-11-24T11:00:59","modified_gmt":"2025-11-24T14:00:59","slug":"colegio-sepam-e-vice-campeao-da-categoria-a-no-campeonato-estudantil-municipal","status":"publish","type":"post","link":"https:\/\/sepam.com.br\/en\/colegio-sepam-e-vice-campeao-da-categoria-a-no-campeonato-estudantil-municipal\/","title":{"rendered":"Col\u00e9gio Sepam \u00e9 vice-campe\u00e3o da categoria A no Campeonato Estudantil Municipal"},"content":{"rendered":"\n<p class=\"wp-block-paragraph\">No encerramento do <strong>CEM \u2013 Campeonato Estudantil Municipal<\/strong>, o <strong>Col\u00e9gio Sepam<\/strong> terminou com o <strong>vice-campeonato da categoria A (Ensino M\u00e9dio)<\/strong>. Nossos alunos foram briosos durante todo o confronto, lutando at\u00e9 os \u00faltimos minutos.<\/p>\n\n\n\n<p class=\"wp-block-paragraph\">A <strong>medalha de prata<\/strong> recompensou meses de <strong>dedica\u00e7\u00e3o e comprometimento<\/strong> dos estudantes.<\/p>\n\n\n\n<p class=\"wp-block-paragraph\">Parab\u00e9ns aos nossos alunos e ao <strong>professor Daniel<\/strong>!<\/p>\n","protected":false},"excerpt":{"rendered":"<p>O Col\u00e9gio Sepam conquistou o vice-campeonato da categoria A (Ensino M\u00e9dio) no CEM \u2013 Campeonato Estudantil Municipal, ap\u00f3s uma campanha marcada por esfor\u00e7o e dedica\u00e7\u00e3o.<\/p>\n","protected":false},"author":12,"featured_media":8025,"comment_status":"open","ping_status":"open","sticky":false,"template":"","format":"standard","meta":{"footnotes":""},"categories":[21],"tags":[35,34,42,48,41,49,47],"class_list":["post-8024","post","type-post","status-publish","format-standard","has-post-thumbnail","hentry","category-colegio-sepam","tag-campeonato-estudantil-municipal","tag-cem","tag-colegio-sepam","tag-ensino-medio","tag-esportes","tag-professor-daniel","tag-vice-campeonato"],"yoast_head":"<!-- This site is optimized with the Yoast SEO plugin v28.4 - https:\/\/yoast.com\/product\/yoast-seo-wordpress\/ -->\n<title>Col\u00e9gio Sepam \u00e9 vice-campe\u00e3o da categoria A no Campeonato Estudantil Municipal<\/title>\n<meta name=\"description\" content=\"O Col\u00e9gio Sepam conquistou o vice-campeonato da categoria A (Ensino M\u00e9dio) no CEM \u2013 Campeonato Estudantil Municipal, ap\u00f3s uma campanha marcada por esfor\u00e7o e dedica\u00e7\u00e3o.\" \/>\n<meta name=\"robots\" content=\"index, follow, max-snippet:-1, max-image-preview:large, max-video-preview:-1\" \/>\n<link rel=\"canonical\" href=\"http:\/\/O%20Col\u00e9gio%20Sepam%20conquistou%20o%20vice-campeonato%20da%20categoria%20A%20(Ensino%20M\u00e9dio)%20no%20CEM%20\u2013%20Campeonato%20Estudantil%20Municipal,%20ap\u00f3s%20uma%20campanha%20marcada%20por%20esfor\u00e7o%20e%20dedica\u00e7\u00e3o.\" \/>\n<meta property=\"og:locale\" content=\"en_US\" \/>\n<meta property=\"og:type\" content=\"article\" \/>\n<meta property=\"og:title\" content=\"Col\u00e9gio Sepam \u00e9 vice-campe\u00e3o da categoria A no Campeonato Estudantil Municipal\" \/>\n<meta property=\"og:description\" content=\"O Col\u00e9gio Sepam conquistou o vice-campeonato da categoria A (Ensino M\u00e9dio) no CEM \u2013 Campeonato Estudantil Municipal, ap\u00f3s uma campanha marcada por esfor\u00e7o e dedica\u00e7\u00e3o.\" \/>\n<meta property=\"og:url\" content=\"https:\/\/sepam.com.br\/en\/colegio-sepam-e-vice-campeao-da-categoria-a-no-campeonato-estudantil-municipal\/\" \/>\n<meta property=\"og:site_name\" content=\"Col\u00e9gio Sepam\" \/>\n<meta property=\"article:published_time\" content=\"2025-11-24T14:00:59+00:00\" \/>\n<meta property=\"og:image\" content=\"https:\/\/sepam.com.br\/wp-content\/uploads\/2025\/11\/WhatsApp-Image-2025-11-13-at-10.04.56.jpeg\" \/>\n\t<meta property=\"og:image:width\" content=\"761\" \/>\n\t<meta property=\"og:image:height\" content=\"732\" \/>\n\t<meta property=\"og:image:type\" content=\"image\/jpeg\" \/>\n<meta name=\"author\" content=\"Alison Andrei\" \/>\n<meta name=\"twitter:card\" content=\"summary_large_image\" \/>\n<meta name=\"twitter:label1\" content=\"Written by\" \/>\n\t<meta name=\"twitter:data1\" content=\"Alison Andrei\" \/>\n\t<meta name=\"twitter:label2\" content=\"Est. reading time\" \/>\n\t<meta name=\"twitter:data2\" content=\"1 minute\" \/>\n<script type=\"application\/ld+json\" class=\"yoast-schema-graph\">{\"@context\":\"https:\\\/\\\/schema.org\",\"@graph\":[{\"@type\":\"Article\",\"@id\":\"https:\\\/\\\/sepam.com.br\\\/en\\\/colegio-sepam-e-vice-campeao-da-categoria-a-no-campeonato-estudantil-municipal\\\/#article\",\"isPartOf\":{\"@id\":\"https:\\\/\\\/sepam.com.br\\\/en\\\/colegio-sepam-e-vice-campeao-da-categoria-a-no-campeonato-estudantil-municipal\\\/\"},\"author\":{\"name\":\"Alison Andrei\",\"@id\":\"https:\\\/\\\/sepam.com.br\\\/#\\\/schema\\\/person\\\/38aff034b8d22d0cd551d59b7e4939f5\"},\"headline\":\"Col\u00e9gio Sepam \u00e9 vice-campe\u00e3o da categoria A no Campeonato Estudantil Municipal\",\"datePublished\":\"2025-11-24T14:00:59+00:00\",\"mainEntityOfPage\":{\"@id\":\"https:\\\/\\\/sepam.com.br\\\/en\\\/colegio-sepam-e-vice-campeao-da-categoria-a-no-campeonato-estudantil-municipal\\\/\"},\"wordCount\":68,\"commentCount\":0,\"publisher\":{\"@id\":\"https:\\\/\\\/sepam.com.br\\\/#organization\"},\"image\":{\"@id\":\"https:\\\/\\\/sepam.com.br\\\/en\\\/colegio-sepam-e-vice-campeao-da-categoria-a-no-campeonato-estudantil-municipal\\\/#primaryimage\"},\"thumbnailUrl\":\"https:\\\/\\\/sepam.com.br\\\/wp-content\\\/uploads\\\/2025\\\/11\\\/WhatsApp-Image-2025-11-13-at-10.04.56.jpeg\",\"keywords\":[\"campeonato estudantil municipal\",\"CEM\",\"Col\u00e9gio Sepam\",\"Ensino M\u00e9dio\",\"Esportes\",\"Professor Daniel\",\"Vice-campeonato\"],\"articleSection\":[\"Colegio Sepam\"],\"inLanguage\":\"en-US\",\"potentialAction\":[{\"@type\":\"CommentAction\",\"name\":\"Comment\",\"target\":[\"https:\\\/\\\/sepam.com.br\\\/en\\\/colegio-sepam-e-vice-campeao-da-categoria-a-no-campeonato-estudantil-municipal\\\/#respond\"]}]},{\"@type\":\"WebPage\",\"@id\":\"https:\\\/\\\/sepam.com.br\\\/en\\\/colegio-sepam-e-vice-campeao-da-categoria-a-no-campeonato-estudantil-municipal\\\/\",\"url\":\"https:\\\/\\\/sepam.com.br\\\/en\\\/colegio-sepam-e-vice-campeao-da-categoria-a-no-campeonato-estudantil-municipal\\\/\",\"name\":\"Col\u00e9gio Sepam \u00e9 vice-campe\u00e3o da categoria A no Campeonato Estudantil Municipal - Col\u00e9gio Sepam\",\"isPartOf\":{\"@id\":\"https:\\\/\\\/sepam.com.br\\\/#website\"},\"primaryImageOfPage\":{\"@id\":\"https:\\\/\\\/sepam.com.br\\\/en\\\/colegio-sepam-e-vice-campeao-da-categoria-a-no-campeonato-estudantil-municipal\\\/#primaryimage\"},\"image\":{\"@id\":\"https:\\\/\\\/sepam.com.br\\\/en\\\/colegio-sepam-e-vice-campeao-da-categoria-a-no-campeonato-estudantil-municipal\\\/#primaryimage\"},\"thumbnailUrl\":\"https:\\\/\\\/sepam.com.br\\\/wp-content\\\/uploads\\\/2025\\\/11\\\/WhatsApp-Image-2025-11-13-at-10.04.56.jpeg\",\"datePublished\":\"2025-11-24T14:00:59+00:00\",\"breadcrumb\":{\"@id\":\"https:\\\/\\\/sepam.com.br\\\/en\\\/colegio-sepam-e-vice-campeao-da-categoria-a-no-campeonato-estudantil-municipal\\\/#breadcrumb\"},\"inLanguage\":\"en-US\",\"potentialAction\":[{\"@type\":\"ReadAction\",\"target\":[\"https:\\\/\\\/sepam.com.br\\\/en\\\/colegio-sepam-e-vice-campeao-da-categoria-a-no-campeonato-estudantil-municipal\\\/\"]}]},{\"@type\":\"ImageObject\",\"inLanguage\":\"en-US\",\"@id\":\"https:\\\/\\\/sepam.com.br\\\/en\\\/colegio-sepam-e-vice-campeao-da-categoria-a-no-campeonato-estudantil-municipal\\\/#primaryimage\",\"url\":\"https:\\\/\\\/sepam.com.br\\\/wp-content\\\/uploads\\\/2025\\\/11\\\/WhatsApp-Image-2025-11-13-at-10.04.56.jpeg\",\"contentUrl\":\"https:\\\/\\\/sepam.com.br\\\/wp-content\\\/uploads\\\/2025\\\/11\\\/WhatsApp-Image-2025-11-13-at-10.04.56.jpeg\",\"width\":761,\"height\":732},{\"@type\":\"BreadcrumbList\",\"@id\":\"https:\\\/\\\/sepam.com.br\\\/en\\\/colegio-sepam-e-vice-campeao-da-categoria-a-no-campeonato-estudantil-municipal\\\/#breadcrumb\",\"itemListElement\":[{\"@type\":\"ListItem\",\"position\":1,\"name\":\"Boas Vindas\",\"item\":\"https:\\\/\\\/sepam.com.br\\\/\"},{\"@type\":\"ListItem\",\"position\":2,\"name\":\"Col\u00e9gio Sepam \u00e9 vice-campe\u00e3o da categoria A no Campeonato Estudantil Municipal\"}]},{\"@type\":\"WebSite\",\"@id\":\"https:\\\/\\\/sepam.com.br\\\/en\\\/#website\",\"url\":\"https:\\\/\\\/sepam.com.br\\\/en\\\/\",\"name\":\"Col\u00e9gio Sepam\",\"description\":\"Ensino Incompar\u00e1vel\",\"publisher\":{\"@id\":\"https:\\\/\\\/sepam.com.br\\\/en\\\/#organization\"},\"potentialAction\":[{\"@type\":\"SearchAction\",\"target\":{\"@type\":\"EntryPoint\",\"urlTemplate\":\"https:\\\/\\\/sepam.com.br\\\/en\\\/?s={search_term_string}\"},\"query-input\":{\"@type\":\"PropertyValueSpecification\",\"valueRequired\":true,\"valueName\":\"search_term_string\"}}],\"inLanguage\":\"en-US\"},{\"@type\":\"Organization\",\"@id\":\"https:\\\/\\\/sepam.com.br\\\/en\\\/#organization\",\"name\":\"Col\u00e9gio Sepam\",\"url\":\"https:\\\/\\\/sepam.com.br\\\/en\\\/\",\"logo\":{\"@type\":\"ImageObject\",\"inLanguage\":\"en-US\",\"@id\":\"https:\\\/\\\/sepam.com.br\\\/en\\\/#\\\/schema\\\/logo\\\/image\\\/\",\"url\":\"https:\\\/\\\/sepam.com.br\\\/wp-content\\\/uploads\\\/2025\\\/02\\\/Ativo-2.png\",\"contentUrl\":\"https:\\\/\\\/sepam.com.br\\\/wp-content\\\/uploads\\\/2025\\\/02\\\/Ativo-2.png\",\"width\":595,\"height\":525,\"caption\":\"Col\u00e9gio Sepam\"},\"image\":{\"@id\":\"https:\\\/\\\/sepam.com.br\\\/en\\\/#\\\/schema\\\/logo\\\/image\\\/\"}},{\"@type\":\"Person\",\"@id\":\"https:\\\/\\\/sepam.com.br\\\/#\\\/schema\\\/person\\\/38aff034b8d22d0cd551d59b7e4939f5\",\"name\":\"Alison Andrei\",\"image\":{\"@type\":\"ImageObject\",\"inLanguage\":\"en-US\",\"@id\":\"https:\\\/\\\/secure.gravatar.com\\\/avatar\\\/7d433525a110825b50a22691febdab3f59016724f20a8f9b39c947a4aac9641a?s=96&d=mm&r=g\",\"url\":\"https:\\\/\\\/secure.gravatar.com\\\/avatar\\\/7d433525a110825b50a22691febdab3f59016724f20a8f9b39c947a4aac9641a?s=96&d=mm&r=g\",\"contentUrl\":\"https:\\\/\\\/secure.gravatar.com\\\/avatar\\\/7d433525a110825b50a22691febdab3f59016724f20a8f9b39c947a4aac9641a?s=96&d=mm&r=g\",\"caption\":\"Alison Andrei\"},\"url\":\"https:\\\/\\\/sepam.com.br\\\/en\\\/author\\\/alisonandrei\\\/\"}]}<\/script>\n<!-- \/ Yoast SEO plugin. -->","yoast_head_json":{"title":"Col\u00e9gio Sepam \u00e9 vice-campe\u00e3o da categoria A no Campeonato Estudantil Municipal","description":"O Col\u00e9gio Sepam conquistou o vice-campeonato da categoria A (Ensino M\u00e9dio) no CEM \u2013 Campeonato Estudantil Municipal, ap\u00f3s uma campanha marcada por esfor\u00e7o e dedica\u00e7\u00e3o.","robots":{"index":"index","follow":"follow","max-snippet":"max-snippet:-1","max-image-preview":"max-image-preview:large","max-video-preview":"max-video-preview:-1"},"canonical":"O Col\u00e9gio Sepam conquistou o vice-campeonato da categoria A (Ensino M\u00e9dio) no CEM \u2013 Campeonato Estudantil Municipal, ap\u00f3s uma campanha marcada por esfor\u00e7o e dedica\u00e7\u00e3o.","og_locale":"en_US","og_type":"article","og_title":"Col\u00e9gio Sepam \u00e9 vice-campe\u00e3o da categoria A no Campeonato Estudantil Municipal","og_description":"O Col\u00e9gio Sepam conquistou o vice-campeonato da categoria A (Ensino M\u00e9dio) no CEM \u2013 Campeonato Estudantil Municipal, ap\u00f3s uma campanha marcada por esfor\u00e7o e dedica\u00e7\u00e3o.","og_url":"https:\/\/sepam.com.br\/en\/colegio-sepam-e-vice-campeao-da-categoria-a-no-campeonato-estudantil-municipal\/","og_site_name":"Col\u00e9gio Sepam","article_published_time":"2025-11-24T14:00:59+00:00","og_image":[{"width":761,"height":732,"url":"https:\/\/sepam.com.br\/wp-content\/uploads\/2025\/11\/WhatsApp-Image-2025-11-13-at-10.04.56.jpeg","type":"image\/jpeg"}],"author":"Alison Andrei","twitter_card":"summary_large_image","twitter_misc":{"Written by":"Alison Andrei","Est. reading time":"1 minute"},"schema":{"@context":"https:\/\/schema.org","@graph":[{"@type":"Article","@id":"https:\/\/sepam.com.br\/en\/colegio-sepam-e-vice-campeao-da-categoria-a-no-campeonato-estudantil-municipal\/#article","isPartOf":{"@id":"https:\/\/sepam.com.br\/en\/colegio-sepam-e-vice-campeao-da-categoria-a-no-campeonato-estudantil-municipal\/"},"author":{"name":"Alison Andrei","@id":"https:\/\/sepam.com.br\/#\/schema\/person\/38aff034b8d22d0cd551d59b7e4939f5"},"headline":"Col\u00e9gio Sepam \u00e9 vice-campe\u00e3o da categoria A no Campeonato Estudantil Municipal","datePublished":"2025-11-24T14:00:59+00:00","mainEntityOfPage":{"@id":"https:\/\/sepam.com.br\/en\/colegio-sepam-e-vice-campeao-da-categoria-a-no-campeonato-estudantil-municipal\/"},"wordCount":68,"commentCount":0,"publisher":{"@id":"https:\/\/sepam.com.br\/#organization"},"image":{"@id":"https:\/\/sepam.com.br\/en\/colegio-sepam-e-vice-campeao-da-categoria-a-no-campeonato-estudantil-municipal\/#primaryimage"},"thumbnailUrl":"https:\/\/sepam.com.br\/wp-content\/uploads\/2025\/11\/WhatsApp-Image-2025-11-13-at-10.04.56.jpeg","keywords":["campeonato estudantil municipal","CEM","Col\u00e9gio Sepam","Ensino M\u00e9dio","Esportes","Professor Daniel","Vice-campeonato"],"articleSection":["Colegio Sepam"],"inLanguage":"en-US","potentialAction":[{"@type":"CommentAction","name":"Comment","target":["https:\/\/sepam.com.br\/en\/colegio-sepam-e-vice-campeao-da-categoria-a-no-campeonato-estudantil-municipal\/#respond"]}]},{"@type":"WebPage","@id":"https:\/\/sepam.com.br\/en\/colegio-sepam-e-vice-campeao-da-categoria-a-no-campeonato-estudantil-municipal\/","url":"https:\/\/sepam.com.br\/en\/colegio-sepam-e-vice-campeao-da-categoria-a-no-campeonato-estudantil-municipal\/","name":"Col\u00e9gio Sepam \u00e9 vice-campe\u00e3o da categoria A no Campeonato Estudantil Municipal - Col\u00e9gio Sepam","isPartOf":{"@id":"https:\/\/sepam.com.br\/#website"},"primaryImageOfPage":{"@id":"https:\/\/sepam.com.br\/en\/colegio-sepam-e-vice-campeao-da-categoria-a-no-campeonato-estudantil-municipal\/#primaryimage"},"image":{"@id":"https:\/\/sepam.com.br\/en\/colegio-sepam-e-vice-campeao-da-categoria-a-no-campeonato-estudantil-municipal\/#primaryimage"},"thumbnailUrl":"https:\/\/sepam.com.br\/wp-content\/uploads\/2025\/11\/WhatsApp-Image-2025-11-13-at-10.04.56.jpeg","datePublished":"2025-11-24T14:00:59+00:00","breadcrumb":{"@id":"https:\/\/sepam.com.br\/en\/colegio-sepam-e-vice-campeao-da-categoria-a-no-campeonato-estudantil-municipal\/#breadcrumb"},"inLanguage":"en-US","potentialAction":[{"@type":"ReadAction","target":["https:\/\/sepam.com.br\/en\/colegio-sepam-e-vice-campeao-da-categoria-a-no-campeonato-estudantil-municipal\/"]}]},{"@type":"ImageObject","inLanguage":"en-US","@id":"https:\/\/sepam.com.br\/en\/colegio-sepam-e-vice-campeao-da-categoria-a-no-campeonato-estudantil-municipal\/#primaryimage","url":"https:\/\/sepam.com.br\/wp-content\/uploads\/2025\/11\/WhatsApp-Image-2025-11-13-at-10.04.56.jpeg","contentUrl":"https:\/\/sepam.com.br\/wp-content\/uploads\/2025\/11\/WhatsApp-Image-2025-11-13-at-10.04.56.jpeg","width":761,"height":732},{"@type":"BreadcrumbList","@id":"https:\/\/sepam.com.br\/en\/colegio-sepam-e-vice-campeao-da-categoria-a-no-campeonato-estudantil-municipal\/#breadcrumb","itemListElement":[{"@type":"ListItem","position":1,"name":"Boas Vindas","item":"https:\/\/sepam.com.br\/"},{"@type":"ListItem","position":2,"name":"Col\u00e9gio Sepam \u00e9 vice-campe\u00e3o da categoria A no Campeonato Estudantil Municipal"}]},{"@type":"WebSite","@id":"https:\/\/sepam.com.br\/en\/#website","url":"https:\/\/sepam.com.br\/en\/","name":"Col\u00e9gio Sepam","description":"Ensino Incompar\u00e1vel","publisher":{"@id":"https:\/\/sepam.com.br\/en\/#organization"},"potentialAction":[{"@type":"SearchAction","target":{"@type":"EntryPoint","urlTemplate":"https:\/\/sepam.com.br\/en\/?s={search_term_string}"},"query-input":{"@type":"PropertyValueSpecification","valueRequired":true,"valueName":"search_term_string"}}],"inLanguage":"en-US"},{"@type":"Organization","@id":"https:\/\/sepam.com.br\/en\/#organization","name":"Col\u00e9gio Sepam","url":"https:\/\/sepam.com.br\/en\/","logo":{"@type":"ImageObject","inLanguage":"en-US","@id":"https:\/\/sepam.com.br\/en\/#\/schema\/logo\/image\/","url":"https:\/\/sepam.com.br\/wp-content\/uploads\/2025\/02\/Ativo-2.png","contentUrl":"https:\/\/sepam.com.br\/wp-content\/uploads\/2025\/02\/Ativo-2.png","width":595,"height":525,"caption":"Col\u00e9gio Sepam"},"image":{"@id":"https:\/\/sepam.com.br\/en\/#\/schema\/logo\/image\/"}},{"@type":"Person","@id":"https:\/\/sepam.com.br\/#\/schema\/person\/38aff034b8d22d0cd551d59b7e4939f5","name":"Alison Andrei","image":{"@type":"ImageObject","inLanguage":"en-US","@id":"https:\/\/secure.gravatar.com\/avatar\/7d433525a110825b50a22691febdab3f59016724f20a8f9b39c947a4aac9641a?s=96&d=mm&r=g","url":"https:\/\/secure.gravatar.com\/avatar\/7d433525a110825b50a22691febdab3f59016724f20a8f9b39c947a4aac9641a?s=96&d=mm&r=g","contentUrl":"https:\/\/secure.gravatar.com\/avatar\/7d433525a110825b50a22691febdab3f59016724f20a8f9b39c947a4aac9641a?s=96&d=mm&r=g","caption":"Alison Andrei"},"url":"https:\/\/sepam.com.br\/en\/author\/alisonandrei\/"}]}},"_links":{"self":[{"href":"https:\/\/sepam.com.br\/en\/wp-json\/wp\/v2\/posts\/8024","targetHints":{"allow":["GET"]}}],"collection":[{"href":"https:\/\/sepam.com.br\/en\/wp-json\/wp\/v2\/posts"}],"about":[{"href":"https:\/\/sepam.com.br\/en\/wp-json\/wp\/v2\/types\/post"}],"author":[{"embeddable":true,"href":"https:\/\/sepam.com.br\/en\/wp-json\/wp\/v2\/users\/12"}],"replies":[{"embeddable":true,"href":"https:\/\/sepam.com.br\/en\/wp-json\/wp\/v2\/comments?post=8024"}],"version-history":[{"count":1,"href":"https:\/\/sepam.com.br\/en\/wp-json\/wp\/v2\/posts\/8024\/revisions"}],"predecessor-version":[{"id":8026,"href":"https:\/\/sepam.com.br\/en\/wp-json\/wp\/v2\/posts\/8024\/revisions\/8026"}],"wp:featuredmedia":[{"embeddable":true,"href":"https:\/\/sepam.com.br\/en\/wp-json\/wp\/v2\/media\/8025"}],"wp:attachment":[{"href":"https:\/\/sepam.com.br\/en\/wp-json\/wp\/v2\/media?parent=8024"}],"wp:term":[{"taxonomy":"category","embeddable":true,"href":"https:\/\/sepam.com.br\/en\/wp-json\/wp\/v2\/categories?post=8024"},{"taxonomy":"post_tag","embeddable":true,"href":"https:\/\/sepam.com.br\/en\/wp-json\/wp\/v2\/tags?post=8024"}],"curies":[{"name":"wp","href":"https:\/\/api.w.org\/{rel}","templated":true}]}}