{"id":7174,"date":"2025-08-28T10:47:50","date_gmt":"2025-08-28T13:47:50","guid":{"rendered":"https:\/\/dev.alisonandrei.com.br\/noticia\/colegio-sepam-inicia-cantata-de-natal-nesta-terca-feira-6\/"},"modified":"2025-11-24T10:53:34","modified_gmt":"2025-11-24T13:53:34","slug":"colegio-sepam-inicia-cantata-de-natal-nesta-terca-feira-6","status":"publish","type":"post","link":"https:\/\/sepam.com.br\/en\/colegio-sepam-inicia-cantata-de-natal-nesta-terca-feira-6\/","title":{"rendered":"Col\u00e9gio Sepam inicia Cantata de Natal nesta ter\u00e7a-feira (6)"},"content":{"rendered":"<p style=\"text-align: center;\"><em>As janelas da institui\u00e7\u00e3o recebem apresenta\u00e7\u00f5es de mais de 500 alunos em tr\u00eas noites de evento<\/em><\/p>\n<p>O Col\u00e9gio Pontagrossense Sepam realiza, entre ter\u00e7a (6) e quinta-feira (8) a tradicional Cantata de Natal. As apresenta\u00e7\u00f5es acontecem \u00e0s 20h, nas janelas da institui\u00e7\u00e3o, e s\u00e3o abertas ao p\u00fablico. O evento envolve cerca de 500 alunos da Educa\u00e7\u00e3o Infantil e do Ensino Fundamental 1.<\/p>\n<p>O evento \u00e9 uma forma de encerramento do ano letivo. Na ocasi\u00e3o, pais, familiares e comunidade escolar aproveitam para prestigiar as apresenta\u00e7\u00f5es das crian\u00e7as e entrar em clima natalino.<\/p>\n<p>Os alunos ocupar\u00e3o 32 janelas do Col\u00e9gio, que recebem decora\u00e7\u00e3o especial para o evento. Ao todo, ser\u00e3o apresentadas dez m\u00fasicas com mensagens de paz, amor, esperan\u00e7a e gratid\u00e3o. A Cantata de Natal Sepam 2022 poder\u00e1 ser acompanhada na rua Tiradentes, trecho entre a Santos Dumont e a General Carneiro. Os trechos ficam interditados para o fluxo de carros durante o evento.<\/p>\n<p>&nbsp;<\/p>\n","protected":false},"excerpt":{"rendered":"<p>As janelas da institui\u00e7\u00e3o recebem apresenta\u00e7\u00f5es de mais de 500 alunos em tr\u00eas noites de evento O Col\u00e9gio Pontagrossense Sepam realiza, entre ter\u00e7a (6) e quinta-feira (8) a tradicional Cantata de Natal. As apresenta\u00e7\u00f5es acontecem \u00e0s 20h, nas janelas da institui\u00e7\u00e3o, e s\u00e3o abertas ao p\u00fablico. O evento envolve cerca de 500 alunos da Educa\u00e7\u00e3o [&hellip;]<\/p>\n","protected":false},"author":13,"featured_media":0,"comment_status":"open","ping_status":"open","sticky":false,"template":"","format":"standard","meta":{"footnotes":""},"categories":[21],"tags":[],"class_list":["post-7174","post","type-post","status-publish","format-standard","hentry","category-colegio-sepam"],"yoast_head":"<!-- This site is optimized with the Yoast SEO plugin v28.4 - https:\/\/yoast.com\/product\/yoast-seo-wordpress\/ -->\n<title>Col\u00e9gio Sepam inicia Cantata de Natal nesta ter\u00e7a-feira (6)<\/title>\n<meta name=\"description\" content=\"As janelas da institui\u00e7\u00e3o recebem apresenta\u00e7\u00f5es de mais de 500 alunos em tr\u00eas noites de evento O Col\u00e9gio Pontagrossense Sepam realiza, entre ter\u00e7a (6) e quinta-feira (8) a tradicional Cantata de Natal. As apresenta\u00e7\u00f5es acontecem \u00e0s 20h, nas janelas da institui\u00e7\u00e3o, e s\u00e3o abertas ao p\u00fablico. O evento envolve cerca de 500 alunos da Educa\u00e7\u00e3o&hellip;\" \/>\n<meta name=\"robots\" content=\"index, follow, max-snippet:-1, max-image-preview:large, max-video-preview:-1\" \/>\n<link rel=\"canonical\" href=\"https:\/\/sepam.com.br\/en\/colegio-sepam-inicia-cantata-de-natal-nesta-terca-feira-6\/\" \/>\n<meta property=\"og:locale\" content=\"en_US\" \/>\n<meta property=\"og:type\" content=\"article\" \/>\n<meta property=\"og:title\" content=\"Col\u00e9gio Sepam inicia Cantata de Natal nesta ter\u00e7a-feira (6)\" \/>\n<meta property=\"og:description\" content=\"As janelas da institui\u00e7\u00e3o recebem apresenta\u00e7\u00f5es de mais de 500 alunos em tr\u00eas noites de evento O Col\u00e9gio Pontagrossense Sepam realiza, entre ter\u00e7a (6) e quinta-feira (8) a tradicional Cantata de Natal. As apresenta\u00e7\u00f5es acontecem \u00e0s 20h, nas janelas da institui\u00e7\u00e3o, e s\u00e3o abertas ao p\u00fablico. O evento envolve cerca de 500 alunos da Educa\u00e7\u00e3o&hellip;\" \/>\n<meta property=\"og:url\" content=\"https:\/\/sepam.com.br\/en\/colegio-sepam-inicia-cantata-de-natal-nesta-terca-feira-6\/\" \/>\n<meta property=\"og:site_name\" content=\"Col\u00e9gio Sepam\" \/>\n<meta property=\"article:published_time\" content=\"2025-08-28T13:47:50+00:00\" \/>\n<meta property=\"article:modified_time\" content=\"2025-11-24T13:53:34+00:00\" \/>\n<meta name=\"author\" content=\"Sepam\" \/>\n<meta name=\"twitter:card\" content=\"summary_large_image\" \/>\n<meta name=\"twitter:label1\" content=\"Written by\" \/>\n\t<meta name=\"twitter:data1\" content=\"Sepam\" \/>\n\t<meta name=\"twitter:label2\" content=\"Est. reading time\" \/>\n\t<meta name=\"twitter:data2\" content=\"1 minute\" \/>\n<script type=\"application\/ld+json\" class=\"yoast-schema-graph\">{\"@context\":\"https:\\\/\\\/schema.org\",\"@graph\":[{\"@type\":\"Article\",\"@id\":\"https:\\\/\\\/sepam.com.br\\\/en\\\/colegio-sepam-inicia-cantata-de-natal-nesta-terca-feira-6\\\/#article\",\"isPartOf\":{\"@id\":\"https:\\\/\\\/sepam.com.br\\\/en\\\/colegio-sepam-inicia-cantata-de-natal-nesta-terca-feira-6\\\/\"},\"author\":{\"name\":\"Sepam\",\"@id\":\"https:\\\/\\\/sepam.com.br\\\/#\\\/schema\\\/person\\\/bfa2996c649a5a6d822766f6e64eb7fd\"},\"headline\":\"Col\u00e9gio Sepam inicia Cantata de Natal nesta ter\u00e7a-feira (6)\",\"datePublished\":\"2025-08-28T13:47:50+00:00\",\"dateModified\":\"2025-11-24T13:53:34+00:00\",\"mainEntityOfPage\":{\"@id\":\"https:\\\/\\\/sepam.com.br\\\/en\\\/colegio-sepam-inicia-cantata-de-natal-nesta-terca-feira-6\\\/\"},\"wordCount\":174,\"commentCount\":0,\"publisher\":{\"@id\":\"https:\\\/\\\/sepam.com.br\\\/#organization\"},\"articleSection\":[\"Colegio Sepam\"],\"inLanguage\":\"en-US\",\"potentialAction\":[{\"@type\":\"CommentAction\",\"name\":\"Comment\",\"target\":[\"https:\\\/\\\/sepam.com.br\\\/en\\\/colegio-sepam-inicia-cantata-de-natal-nesta-terca-feira-6\\\/#respond\"]}]},{\"@type\":\"WebPage\",\"@id\":\"https:\\\/\\\/sepam.com.br\\\/en\\\/colegio-sepam-inicia-cantata-de-natal-nesta-terca-feira-6\\\/\",\"url\":\"https:\\\/\\\/sepam.com.br\\\/en\\\/colegio-sepam-inicia-cantata-de-natal-nesta-terca-feira-6\\\/\",\"name\":\"Col\u00e9gio Sepam inicia Cantata de Natal nesta ter\u00e7a-feira (6) - Col\u00e9gio Sepam\",\"isPartOf\":{\"@id\":\"https:\\\/\\\/sepam.com.br\\\/#website\"},\"datePublished\":\"2025-08-28T13:47:50+00:00\",\"dateModified\":\"2025-11-24T13:53:34+00:00\",\"breadcrumb\":{\"@id\":\"https:\\\/\\\/sepam.com.br\\\/en\\\/colegio-sepam-inicia-cantata-de-natal-nesta-terca-feira-6\\\/#breadcrumb\"},\"inLanguage\":\"en-US\",\"potentialAction\":[{\"@type\":\"ReadAction\",\"target\":[\"https:\\\/\\\/sepam.com.br\\\/en\\\/colegio-sepam-inicia-cantata-de-natal-nesta-terca-feira-6\\\/\"]}]},{\"@type\":\"BreadcrumbList\",\"@id\":\"https:\\\/\\\/sepam.com.br\\\/en\\\/colegio-sepam-inicia-cantata-de-natal-nesta-terca-feira-6\\\/#breadcrumb\",\"itemListElement\":[{\"@type\":\"ListItem\",\"position\":1,\"name\":\"Boas Vindas\",\"item\":\"https:\\\/\\\/sepam.com.br\\\/\"},{\"@type\":\"ListItem\",\"position\":2,\"name\":\"Col\u00e9gio Sepam inicia Cantata de Natal nesta ter\u00e7a-feira (6)\"}]},{\"@type\":\"WebSite\",\"@id\":\"https:\\\/\\\/sepam.com.br\\\/en\\\/#website\",\"url\":\"https:\\\/\\\/sepam.com.br\\\/en\\\/\",\"name\":\"Col\u00e9gio Sepam\",\"description\":\"Ensino Incompar\u00e1vel\",\"publisher\":{\"@id\":\"https:\\\/\\\/sepam.com.br\\\/en\\\/#organization\"},\"potentialAction\":[{\"@type\":\"SearchAction\",\"target\":{\"@type\":\"EntryPoint\",\"urlTemplate\":\"https:\\\/\\\/sepam.com.br\\\/en\\\/?s={search_term_string}\"},\"query-input\":{\"@type\":\"PropertyValueSpecification\",\"valueRequired\":true,\"valueName\":\"search_term_string\"}}],\"inLanguage\":\"en-US\"},{\"@type\":\"Organization\",\"@id\":\"https:\\\/\\\/sepam.com.br\\\/en\\\/#organization\",\"name\":\"Col\u00e9gio Sepam\",\"url\":\"https:\\\/\\\/sepam.com.br\\\/en\\\/\",\"logo\":{\"@type\":\"ImageObject\",\"inLanguage\":\"en-US\",\"@id\":\"https:\\\/\\\/sepam.com.br\\\/en\\\/#\\\/schema\\\/logo\\\/image\\\/\",\"url\":\"https:\\\/\\\/sepam.com.br\\\/wp-content\\\/uploads\\\/2025\\\/02\\\/Ativo-2.png\",\"contentUrl\":\"https:\\\/\\\/sepam.com.br\\\/wp-content\\\/uploads\\\/2025\\\/02\\\/Ativo-2.png\",\"width\":595,\"height\":525,\"caption\":\"Col\u00e9gio Sepam\"},\"image\":{\"@id\":\"https:\\\/\\\/sepam.com.br\\\/en\\\/#\\\/schema\\\/logo\\\/image\\\/\"}},{\"@type\":\"Person\",\"@id\":\"https:\\\/\\\/sepam.com.br\\\/#\\\/schema\\\/person\\\/bfa2996c649a5a6d822766f6e64eb7fd\",\"name\":\"Sepam\",\"image\":{\"@type\":\"ImageObject\",\"inLanguage\":\"en-US\",\"@id\":\"https:\\\/\\\/secure.gravatar.com\\\/avatar\\\/0219e64664f5861998ad57a3432eb4bd5fd99a34c7cc9bc44b3c59dfb830db85?s=96&d=mm&r=g\",\"url\":\"https:\\\/\\\/secure.gravatar.com\\\/avatar\\\/0219e64664f5861998ad57a3432eb4bd5fd99a34c7cc9bc44b3c59dfb830db85?s=96&d=mm&r=g\",\"contentUrl\":\"https:\\\/\\\/secure.gravatar.com\\\/avatar\\\/0219e64664f5861998ad57a3432eb4bd5fd99a34c7cc9bc44b3c59dfb830db85?s=96&d=mm&r=g\",\"caption\":\"Sepam\"},\"url\":\"https:\\\/\\\/sepam.com.br\\\/en\\\/author\\\/sepam\\\/\"}]}<\/script>\n<!-- \/ Yoast SEO plugin. -->","yoast_head_json":{"title":"Col\u00e9gio Sepam inicia Cantata de Natal nesta ter\u00e7a-feira (6)","description":"As janelas da institui\u00e7\u00e3o recebem apresenta\u00e7\u00f5es de mais de 500 alunos em tr\u00eas noites de evento O Col\u00e9gio Pontagrossense Sepam realiza, entre ter\u00e7a (6) e quinta-feira (8) a tradicional Cantata de Natal. As apresenta\u00e7\u00f5es acontecem \u00e0s 20h, nas janelas da institui\u00e7\u00e3o, e s\u00e3o abertas ao p\u00fablico. O evento envolve cerca de 500 alunos da Educa\u00e7\u00e3o&hellip;","robots":{"index":"index","follow":"follow","max-snippet":"max-snippet:-1","max-image-preview":"max-image-preview:large","max-video-preview":"max-video-preview:-1"},"canonical":"https:\/\/sepam.com.br\/en\/colegio-sepam-inicia-cantata-de-natal-nesta-terca-feira-6\/","og_locale":"en_US","og_type":"article","og_title":"Col\u00e9gio Sepam inicia Cantata de Natal nesta ter\u00e7a-feira (6)","og_description":"As janelas da institui\u00e7\u00e3o recebem apresenta\u00e7\u00f5es de mais de 500 alunos em tr\u00eas noites de evento O Col\u00e9gio Pontagrossense Sepam realiza, entre ter\u00e7a (6) e quinta-feira (8) a tradicional Cantata de Natal. As apresenta\u00e7\u00f5es acontecem \u00e0s 20h, nas janelas da institui\u00e7\u00e3o, e s\u00e3o abertas ao p\u00fablico. O evento envolve cerca de 500 alunos da Educa\u00e7\u00e3o&hellip;","og_url":"https:\/\/sepam.com.br\/en\/colegio-sepam-inicia-cantata-de-natal-nesta-terca-feira-6\/","og_site_name":"Col\u00e9gio Sepam","article_published_time":"2025-08-28T13:47:50+00:00","article_modified_time":"2025-11-24T13:53:34+00:00","author":"Sepam","twitter_card":"summary_large_image","twitter_misc":{"Written by":"Sepam","Est. reading time":"1 minute"},"schema":{"@context":"https:\/\/schema.org","@graph":[{"@type":"Article","@id":"https:\/\/sepam.com.br\/en\/colegio-sepam-inicia-cantata-de-natal-nesta-terca-feira-6\/#article","isPartOf":{"@id":"https:\/\/sepam.com.br\/en\/colegio-sepam-inicia-cantata-de-natal-nesta-terca-feira-6\/"},"author":{"name":"Sepam","@id":"https:\/\/sepam.com.br\/#\/schema\/person\/bfa2996c649a5a6d822766f6e64eb7fd"},"headline":"Col\u00e9gio Sepam inicia Cantata de Natal nesta ter\u00e7a-feira (6)","datePublished":"2025-08-28T13:47:50+00:00","dateModified":"2025-11-24T13:53:34+00:00","mainEntityOfPage":{"@id":"https:\/\/sepam.com.br\/en\/colegio-sepam-inicia-cantata-de-natal-nesta-terca-feira-6\/"},"wordCount":174,"commentCount":0,"publisher":{"@id":"https:\/\/sepam.com.br\/#organization"},"articleSection":["Colegio Sepam"],"inLanguage":"en-US","potentialAction":[{"@type":"CommentAction","name":"Comment","target":["https:\/\/sepam.com.br\/en\/colegio-sepam-inicia-cantata-de-natal-nesta-terca-feira-6\/#respond"]}]},{"@type":"WebPage","@id":"https:\/\/sepam.com.br\/en\/colegio-sepam-inicia-cantata-de-natal-nesta-terca-feira-6\/","url":"https:\/\/sepam.com.br\/en\/colegio-sepam-inicia-cantata-de-natal-nesta-terca-feira-6\/","name":"Col\u00e9gio Sepam inicia Cantata de Natal nesta ter\u00e7a-feira (6) - Col\u00e9gio Sepam","isPartOf":{"@id":"https:\/\/sepam.com.br\/#website"},"datePublished":"2025-08-28T13:47:50+00:00","dateModified":"2025-11-24T13:53:34+00:00","breadcrumb":{"@id":"https:\/\/sepam.com.br\/en\/colegio-sepam-inicia-cantata-de-natal-nesta-terca-feira-6\/#breadcrumb"},"inLanguage":"en-US","potentialAction":[{"@type":"ReadAction","target":["https:\/\/sepam.com.br\/en\/colegio-sepam-inicia-cantata-de-natal-nesta-terca-feira-6\/"]}]},{"@type":"BreadcrumbList","@id":"https:\/\/sepam.com.br\/en\/colegio-sepam-inicia-cantata-de-natal-nesta-terca-feira-6\/#breadcrumb","itemListElement":[{"@type":"ListItem","position":1,"name":"Boas Vindas","item":"https:\/\/sepam.com.br\/"},{"@type":"ListItem","position":2,"name":"Col\u00e9gio Sepam inicia Cantata de Natal nesta ter\u00e7a-feira (6)"}]},{"@type":"WebSite","@id":"https:\/\/sepam.com.br\/en\/#website","url":"https:\/\/sepam.com.br\/en\/","name":"Col\u00e9gio Sepam","description":"Ensino Incompar\u00e1vel","publisher":{"@id":"https:\/\/sepam.com.br\/en\/#organization"},"potentialAction":[{"@type":"SearchAction","target":{"@type":"EntryPoint","urlTemplate":"https:\/\/sepam.com.br\/en\/?s={search_term_string}"},"query-input":{"@type":"PropertyValueSpecification","valueRequired":true,"valueName":"search_term_string"}}],"inLanguage":"en-US"},{"@type":"Organization","@id":"https:\/\/sepam.com.br\/en\/#organization","name":"Col\u00e9gio Sepam","url":"https:\/\/sepam.com.br\/en\/","logo":{"@type":"ImageObject","inLanguage":"en-US","@id":"https:\/\/sepam.com.br\/en\/#\/schema\/logo\/image\/","url":"https:\/\/sepam.com.br\/wp-content\/uploads\/2025\/02\/Ativo-2.png","contentUrl":"https:\/\/sepam.com.br\/wp-content\/uploads\/2025\/02\/Ativo-2.png","width":595,"height":525,"caption":"Col\u00e9gio Sepam"},"image":{"@id":"https:\/\/sepam.com.br\/en\/#\/schema\/logo\/image\/"}},{"@type":"Person","@id":"https:\/\/sepam.com.br\/#\/schema\/person\/bfa2996c649a5a6d822766f6e64eb7fd","name":"Sepam","image":{"@type":"ImageObject","inLanguage":"en-US","@id":"https:\/\/secure.gravatar.com\/avatar\/0219e64664f5861998ad57a3432eb4bd5fd99a34c7cc9bc44b3c59dfb830db85?s=96&d=mm&r=g","url":"https:\/\/secure.gravatar.com\/avatar\/0219e64664f5861998ad57a3432eb4bd5fd99a34c7cc9bc44b3c59dfb830db85?s=96&d=mm&r=g","contentUrl":"https:\/\/secure.gravatar.com\/avatar\/0219e64664f5861998ad57a3432eb4bd5fd99a34c7cc9bc44b3c59dfb830db85?s=96&d=mm&r=g","caption":"Sepam"},"url":"https:\/\/sepam.com.br\/en\/author\/sepam\/"}]}},"_links":{"self":[{"href":"https:\/\/sepam.com.br\/en\/wp-json\/wp\/v2\/posts\/7174","targetHints":{"allow":["GET"]}}],"collection":[{"href":"https:\/\/sepam.com.br\/en\/wp-json\/wp\/v2\/posts"}],"about":[{"href":"https:\/\/sepam.com.br\/en\/wp-json\/wp\/v2\/types\/post"}],"author":[{"embeddable":true,"href":"https:\/\/sepam.com.br\/en\/wp-json\/wp\/v2\/users\/13"}],"replies":[{"embeddable":true,"href":"https:\/\/sepam.com.br\/en\/wp-json\/wp\/v2\/comments?post=7174"}],"version-history":[{"count":1,"href":"https:\/\/sepam.com.br\/en\/wp-json\/wp\/v2\/posts\/7174\/revisions"}],"predecessor-version":[{"id":7198,"href":"https:\/\/sepam.com.br\/en\/wp-json\/wp\/v2\/posts\/7174\/revisions\/7198"}],"wp:attachment":[{"href":"https:\/\/sepam.com.br\/en\/wp-json\/wp\/v2\/media?parent=7174"}],"wp:term":[{"taxonomy":"category","embeddable":true,"href":"https:\/\/sepam.com.br\/en\/wp-json\/wp\/v2\/categories?post=7174"},{"taxonomy":"post_tag","embeddable":true,"href":"https:\/\/sepam.com.br\/en\/wp-json\/wp\/v2\/tags?post=7174"}],"curies":[{"name":"wp","href":"https:\/\/api.w.org\/{rel}","templated":true}]}}