{"id":7169,"date":"2025-08-28T10:47:50","date_gmt":"2025-08-28T13:47:50","guid":{"rendered":"https:\/\/dev.alisonandrei.com.br\/noticia\/canta-sepam-reuniu-18-apresentacoes-incluindo-performances-de-giana-althaus-e-giovanna-barbiero\/"},"modified":"2025-11-24T10:53:34","modified_gmt":"2025-11-24T13:53:34","slug":"canta-sepam-reuniu-18-apresentacoes-incluindo-performances-de-giana-althaus-e-giovanna-barbiero","status":"publish","type":"post","link":"https:\/\/sepam.com.br\/en\/canta-sepam-reuniu-18-apresentacoes-incluindo-performances-de-giana-althaus-e-giovanna-barbiero\/","title":{"rendered":"Canta Sepam reuniu 18 apresenta\u00e7\u00f5es, incluindo performances de Giana Althaus e Giovanna Barbiero"},"content":{"rendered":"<p><em>O evento musical contou com apresenta\u00e7\u00f5es de alunos e arrecadou alimentos para entidades filantr\u00f3picas da cidade<\/em><\/p>\n<p>O Col\u00e9gio Pontagrossense Sepam promoveu, na \u00faltima ter\u00e7a-feira (23), o tradicional Canta Sepam, com apresenta\u00e7\u00f5es de estudantes da institui\u00e7\u00e3o. O evento foi aberto ao p\u00fablico e aconteceu no Cine Teatro \u00d3pera, mediante entrada solid\u00e1ria. Na ocasi\u00e3o, foram arrecadados alimentos, que ser\u00e3o doados para entidades filantr\u00f3picas da cidade.<\/p>\n<p>Participaram do Canta Sepam alunos entre 11 e 17 anos de idade, do Ensino Fundamental e do M\u00e9dio, matriculados no Col\u00e9gio. J\u00falia Sirigatti de Holleben Mello Frederico ficou com o primeiro lugar entre os alunos do Ensino Fundamental, Emanuel Silveira Bertoncini foi o primeiro colocado entre os estudantes do 9\u00ba ano ao Ensino M\u00e9dio e Allany Emilly Neves de Carvalho e Daphiny Krystin Neves de Carvalho receberam o Trof\u00e9u Destaque como a melhor performance da noite.<\/p>\n<p>\u201cO Canta Sepam estimula o aluno, que gosta de m\u00fasica e curte cantar, a mostrar seu talento para nossa comunidade. O Sepam incentiva sempre a arte e oferece suporte para que o estudante amplie seu potencial. Essa competi\u00e7\u00e3o escolar musical, \u00fanica em nossa cidade, desenvolve nos alunos habilidades e compet\u00eancias, e \u00e9 um sucesso ao longo dos anos, desde 1985\u201d ressalta o diretor do Sepam, Osni Mongruel Junior.<\/p>\n<p>A plateia tamb\u00e9m p\u00f4de apreciar as performances das artistas ponta-grossenses, Giana Althaus e Giovanna Barbiero.<br \/>\nGiana apresentou-se pela primeira vez em 2015, no palco do Canta Sepam. Ex-aluna do Col\u00e9gio, hoje com 22 anos, a artista \u00e9 cantora, compositora, multi-instrumentista e acad\u00eamica do \u00faltimo ano do curso de Direito na Universidade Estadual de Ponta Grossa (UEPG). Em 2020, Giana come\u00e7ou a produzir conte\u00fado digital para Instagram e TikTok. Hoje, tem mais de 3 milh\u00f5es de seguidores nas redes sociais e quase 10 milh\u00f5es de plays em suas m\u00fasicas no Spotify, al\u00e9m de ter se apresentado para mais de 50 mil pessoas no Allianz Parque, em S\u00e3o Paulo, fazendo a abertura do \u2018Buteco do Gusttavo Lima\u2019.<\/p>\n<p>Giovanna Barbiero, 13 anos, foi outra artista ponta-grossense que se apresentou no Canta Sepam. Estudante do Col\u00e9gio desde a Educa\u00e7\u00e3o Infantil, j\u00e1 na inf\u00e2ncia, a garota participava de apresenta\u00e7\u00f5es em lojas e shows da regi\u00e3o, como Banda Melim, Z\u00e9 Felipe, Victor e L\u00e9o e Banda Mais Bonita da Cidade. Sua primeira apari\u00e7\u00e3o em rede nacional foi no programa Raul Gil, do SBT. Este ano, Giovanna participou do The Voice Kids, da Rede Globo, passando por todas as fases at\u00e9 chegar no \u2018vira cadeiras\u2019. Contratada pela Universal Music, a adolescente ainda neste m\u00eas estar\u00e1 no Rio de Janeiro apresentando duas m\u00fasicas pr\u00f3prias, gravadas nos est\u00fadios da BTG Music.<\/p>\n","protected":false},"excerpt":{"rendered":"<p>O evento musical contou com apresenta\u00e7\u00f5es de alunos e arrecadou alimentos para entidades filantr\u00f3picas da cidade O Col\u00e9gio Pontagrossense Sepam promoveu, na \u00faltima ter\u00e7a-feira (23), o tradicional Canta Sepam, com apresenta\u00e7\u00f5es de estudantes da institui\u00e7\u00e3o. O evento foi aberto ao p\u00fablico e aconteceu no Cine Teatro \u00d3pera, mediante entrada solid\u00e1ria. Na ocasi\u00e3o, foram arrecadados alimentos, [&hellip;]<\/p>\n","protected":false},"author":13,"featured_media":0,"comment_status":"open","ping_status":"open","sticky":false,"template":"","format":"standard","meta":{"footnotes":""},"categories":[21],"tags":[],"class_list":["post-7169","post","type-post","status-publish","format-standard","hentry","category-colegio-sepam"],"yoast_head":"<!-- This site is optimized with the Yoast SEO plugin v28.4 - https:\/\/yoast.com\/product\/yoast-seo-wordpress\/ -->\n<title>Canta Sepam reuniu 18 apresenta\u00e7\u00f5es, incluindo performances de Giana Althaus e Giovanna Barbiero<\/title>\n<meta name=\"description\" content=\"O evento musical contou com apresenta\u00e7\u00f5es de alunos e arrecadou alimentos para entidades filantr\u00f3picas da cidade O Col\u00e9gio Pontagrossense Sepam promoveu, na \u00faltima ter\u00e7a-feira (23), o tradicional Canta Sepam, com apresenta\u00e7\u00f5es de estudantes da institui\u00e7\u00e3o. O evento foi aberto ao p\u00fablico e aconteceu no Cine Teatro \u00d3pera, mediante entrada solid\u00e1ria. Na ocasi\u00e3o, foram arrecadados alimentos,&hellip;\" \/>\n<meta name=\"robots\" content=\"index, follow, max-snippet:-1, max-image-preview:large, max-video-preview:-1\" \/>\n<link rel=\"canonical\" href=\"https:\/\/sepam.com.br\/en\/canta-sepam-reuniu-18-apresentacoes-incluindo-performances-de-giana-althaus-e-giovanna-barbiero\/\" \/>\n<meta property=\"og:locale\" content=\"en_US\" \/>\n<meta property=\"og:type\" content=\"article\" \/>\n<meta property=\"og:title\" content=\"Canta Sepam reuniu 18 apresenta\u00e7\u00f5es, incluindo performances de Giana Althaus e Giovanna Barbiero\" \/>\n<meta property=\"og:description\" content=\"O evento musical contou com apresenta\u00e7\u00f5es de alunos e arrecadou alimentos para entidades filantr\u00f3picas da cidade O Col\u00e9gio Pontagrossense Sepam promoveu, na \u00faltima ter\u00e7a-feira (23), o tradicional Canta Sepam, com apresenta\u00e7\u00f5es de estudantes da institui\u00e7\u00e3o. O evento foi aberto ao p\u00fablico e aconteceu no Cine Teatro \u00d3pera, mediante entrada solid\u00e1ria. Na ocasi\u00e3o, foram arrecadados alimentos,&hellip;\" \/>\n<meta property=\"og:url\" content=\"https:\/\/sepam.com.br\/en\/canta-sepam-reuniu-18-apresentacoes-incluindo-performances-de-giana-althaus-e-giovanna-barbiero\/\" \/>\n<meta property=\"og:site_name\" content=\"Col\u00e9gio Sepam\" \/>\n<meta property=\"article:published_time\" content=\"2025-08-28T13:47:50+00:00\" \/>\n<meta property=\"article:modified_time\" content=\"2025-11-24T13:53:34+00:00\" \/>\n<meta name=\"author\" content=\"Sepam\" \/>\n<meta name=\"twitter:card\" content=\"summary_large_image\" \/>\n<meta name=\"twitter:label1\" content=\"Written by\" \/>\n\t<meta name=\"twitter:data1\" content=\"Sepam\" \/>\n\t<meta name=\"twitter:label2\" content=\"Est. reading time\" \/>\n\t<meta name=\"twitter:data2\" content=\"2 minutes\" \/>\n<script type=\"application\/ld+json\" class=\"yoast-schema-graph\">{\"@context\":\"https:\\\/\\\/schema.org\",\"@graph\":[{\"@type\":\"Article\",\"@id\":\"https:\\\/\\\/sepam.com.br\\\/en\\\/canta-sepam-reuniu-18-apresentacoes-incluindo-performances-de-giana-althaus-e-giovanna-barbiero\\\/#article\",\"isPartOf\":{\"@id\":\"https:\\\/\\\/sepam.com.br\\\/en\\\/canta-sepam-reuniu-18-apresentacoes-incluindo-performances-de-giana-althaus-e-giovanna-barbiero\\\/\"},\"author\":{\"name\":\"Sepam\",\"@id\":\"https:\\\/\\\/sepam.com.br\\\/#\\\/schema\\\/person\\\/bfa2996c649a5a6d822766f6e64eb7fd\"},\"headline\":\"Canta Sepam reuniu 18 apresenta\u00e7\u00f5es, incluindo performances de Giana Althaus e Giovanna Barbiero\",\"datePublished\":\"2025-08-28T13:47:50+00:00\",\"dateModified\":\"2025-11-24T13:53:34+00:00\",\"mainEntityOfPage\":{\"@id\":\"https:\\\/\\\/sepam.com.br\\\/en\\\/canta-sepam-reuniu-18-apresentacoes-incluindo-performances-de-giana-althaus-e-giovanna-barbiero\\\/\"},\"wordCount\":469,\"commentCount\":0,\"publisher\":{\"@id\":\"https:\\\/\\\/sepam.com.br\\\/#organization\"},\"articleSection\":[\"Colegio Sepam\"],\"inLanguage\":\"en-US\",\"potentialAction\":[{\"@type\":\"CommentAction\",\"name\":\"Comment\",\"target\":[\"https:\\\/\\\/sepam.com.br\\\/en\\\/canta-sepam-reuniu-18-apresentacoes-incluindo-performances-de-giana-althaus-e-giovanna-barbiero\\\/#respond\"]}]},{\"@type\":\"WebPage\",\"@id\":\"https:\\\/\\\/sepam.com.br\\\/en\\\/canta-sepam-reuniu-18-apresentacoes-incluindo-performances-de-giana-althaus-e-giovanna-barbiero\\\/\",\"url\":\"https:\\\/\\\/sepam.com.br\\\/en\\\/canta-sepam-reuniu-18-apresentacoes-incluindo-performances-de-giana-althaus-e-giovanna-barbiero\\\/\",\"name\":\"Canta Sepam reuniu 18 apresenta\u00e7\u00f5es, incluindo performances de Giana Althaus e Giovanna Barbiero - Col\u00e9gio Sepam\",\"isPartOf\":{\"@id\":\"https:\\\/\\\/sepam.com.br\\\/#website\"},\"datePublished\":\"2025-08-28T13:47:50+00:00\",\"dateModified\":\"2025-11-24T13:53:34+00:00\",\"breadcrumb\":{\"@id\":\"https:\\\/\\\/sepam.com.br\\\/en\\\/canta-sepam-reuniu-18-apresentacoes-incluindo-performances-de-giana-althaus-e-giovanna-barbiero\\\/#breadcrumb\"},\"inLanguage\":\"en-US\",\"potentialAction\":[{\"@type\":\"ReadAction\",\"target\":[\"https:\\\/\\\/sepam.com.br\\\/en\\\/canta-sepam-reuniu-18-apresentacoes-incluindo-performances-de-giana-althaus-e-giovanna-barbiero\\\/\"]}]},{\"@type\":\"BreadcrumbList\",\"@id\":\"https:\\\/\\\/sepam.com.br\\\/en\\\/canta-sepam-reuniu-18-apresentacoes-incluindo-performances-de-giana-althaus-e-giovanna-barbiero\\\/#breadcrumb\",\"itemListElement\":[{\"@type\":\"ListItem\",\"position\":1,\"name\":\"Boas Vindas\",\"item\":\"https:\\\/\\\/sepam.com.br\\\/\"},{\"@type\":\"ListItem\",\"position\":2,\"name\":\"Canta Sepam reuniu 18 apresenta\u00e7\u00f5es, incluindo performances de Giana Althaus e Giovanna Barbiero\"}]},{\"@type\":\"WebSite\",\"@id\":\"https:\\\/\\\/sepam.com.br\\\/en\\\/#website\",\"url\":\"https:\\\/\\\/sepam.com.br\\\/en\\\/\",\"name\":\"Col\u00e9gio Sepam\",\"description\":\"Ensino Incompar\u00e1vel\",\"publisher\":{\"@id\":\"https:\\\/\\\/sepam.com.br\\\/en\\\/#organization\"},\"potentialAction\":[{\"@type\":\"SearchAction\",\"target\":{\"@type\":\"EntryPoint\",\"urlTemplate\":\"https:\\\/\\\/sepam.com.br\\\/en\\\/?s={search_term_string}\"},\"query-input\":{\"@type\":\"PropertyValueSpecification\",\"valueRequired\":true,\"valueName\":\"search_term_string\"}}],\"inLanguage\":\"en-US\"},{\"@type\":\"Organization\",\"@id\":\"https:\\\/\\\/sepam.com.br\\\/en\\\/#organization\",\"name\":\"Col\u00e9gio Sepam\",\"url\":\"https:\\\/\\\/sepam.com.br\\\/en\\\/\",\"logo\":{\"@type\":\"ImageObject\",\"inLanguage\":\"en-US\",\"@id\":\"https:\\\/\\\/sepam.com.br\\\/en\\\/#\\\/schema\\\/logo\\\/image\\\/\",\"url\":\"https:\\\/\\\/sepam.com.br\\\/wp-content\\\/uploads\\\/2025\\\/02\\\/Ativo-2.png\",\"contentUrl\":\"https:\\\/\\\/sepam.com.br\\\/wp-content\\\/uploads\\\/2025\\\/02\\\/Ativo-2.png\",\"width\":595,\"height\":525,\"caption\":\"Col\u00e9gio Sepam\"},\"image\":{\"@id\":\"https:\\\/\\\/sepam.com.br\\\/en\\\/#\\\/schema\\\/logo\\\/image\\\/\"}},{\"@type\":\"Person\",\"@id\":\"https:\\\/\\\/sepam.com.br\\\/#\\\/schema\\\/person\\\/bfa2996c649a5a6d822766f6e64eb7fd\",\"name\":\"Sepam\",\"image\":{\"@type\":\"ImageObject\",\"inLanguage\":\"en-US\",\"@id\":\"https:\\\/\\\/secure.gravatar.com\\\/avatar\\\/0219e64664f5861998ad57a3432eb4bd5fd99a34c7cc9bc44b3c59dfb830db85?s=96&d=mm&r=g\",\"url\":\"https:\\\/\\\/secure.gravatar.com\\\/avatar\\\/0219e64664f5861998ad57a3432eb4bd5fd99a34c7cc9bc44b3c59dfb830db85?s=96&d=mm&r=g\",\"contentUrl\":\"https:\\\/\\\/secure.gravatar.com\\\/avatar\\\/0219e64664f5861998ad57a3432eb4bd5fd99a34c7cc9bc44b3c59dfb830db85?s=96&d=mm&r=g\",\"caption\":\"Sepam\"},\"url\":\"https:\\\/\\\/sepam.com.br\\\/en\\\/author\\\/sepam\\\/\"}]}<\/script>\n<!-- \/ Yoast SEO plugin. -->","yoast_head_json":{"title":"Canta Sepam reuniu 18 apresenta\u00e7\u00f5es, incluindo performances de Giana Althaus e Giovanna Barbiero","description":"O evento musical contou com apresenta\u00e7\u00f5es de alunos e arrecadou alimentos para entidades filantr\u00f3picas da cidade O Col\u00e9gio Pontagrossense Sepam promoveu, na \u00faltima ter\u00e7a-feira (23), o tradicional Canta Sepam, com apresenta\u00e7\u00f5es de estudantes da institui\u00e7\u00e3o. O evento foi aberto ao p\u00fablico e aconteceu no Cine Teatro \u00d3pera, mediante entrada solid\u00e1ria. Na ocasi\u00e3o, foram arrecadados alimentos,&hellip;","robots":{"index":"index","follow":"follow","max-snippet":"max-snippet:-1","max-image-preview":"max-image-preview:large","max-video-preview":"max-video-preview:-1"},"canonical":"https:\/\/sepam.com.br\/en\/canta-sepam-reuniu-18-apresentacoes-incluindo-performances-de-giana-althaus-e-giovanna-barbiero\/","og_locale":"en_US","og_type":"article","og_title":"Canta Sepam reuniu 18 apresenta\u00e7\u00f5es, incluindo performances de Giana Althaus e Giovanna Barbiero","og_description":"O evento musical contou com apresenta\u00e7\u00f5es de alunos e arrecadou alimentos para entidades filantr\u00f3picas da cidade O Col\u00e9gio Pontagrossense Sepam promoveu, na \u00faltima ter\u00e7a-feira (23), o tradicional Canta Sepam, com apresenta\u00e7\u00f5es de estudantes da institui\u00e7\u00e3o. O evento foi aberto ao p\u00fablico e aconteceu no Cine Teatro \u00d3pera, mediante entrada solid\u00e1ria. Na ocasi\u00e3o, foram arrecadados alimentos,&hellip;","og_url":"https:\/\/sepam.com.br\/en\/canta-sepam-reuniu-18-apresentacoes-incluindo-performances-de-giana-althaus-e-giovanna-barbiero\/","og_site_name":"Col\u00e9gio Sepam","article_published_time":"2025-08-28T13:47:50+00:00","article_modified_time":"2025-11-24T13:53:34+00:00","author":"Sepam","twitter_card":"summary_large_image","twitter_misc":{"Written by":"Sepam","Est. reading time":"2 minutes"},"schema":{"@context":"https:\/\/schema.org","@graph":[{"@type":"Article","@id":"https:\/\/sepam.com.br\/en\/canta-sepam-reuniu-18-apresentacoes-incluindo-performances-de-giana-althaus-e-giovanna-barbiero\/#article","isPartOf":{"@id":"https:\/\/sepam.com.br\/en\/canta-sepam-reuniu-18-apresentacoes-incluindo-performances-de-giana-althaus-e-giovanna-barbiero\/"},"author":{"name":"Sepam","@id":"https:\/\/sepam.com.br\/#\/schema\/person\/bfa2996c649a5a6d822766f6e64eb7fd"},"headline":"Canta Sepam reuniu 18 apresenta\u00e7\u00f5es, incluindo performances de Giana Althaus e Giovanna Barbiero","datePublished":"2025-08-28T13:47:50+00:00","dateModified":"2025-11-24T13:53:34+00:00","mainEntityOfPage":{"@id":"https:\/\/sepam.com.br\/en\/canta-sepam-reuniu-18-apresentacoes-incluindo-performances-de-giana-althaus-e-giovanna-barbiero\/"},"wordCount":469,"commentCount":0,"publisher":{"@id":"https:\/\/sepam.com.br\/#organization"},"articleSection":["Colegio Sepam"],"inLanguage":"en-US","potentialAction":[{"@type":"CommentAction","name":"Comment","target":["https:\/\/sepam.com.br\/en\/canta-sepam-reuniu-18-apresentacoes-incluindo-performances-de-giana-althaus-e-giovanna-barbiero\/#respond"]}]},{"@type":"WebPage","@id":"https:\/\/sepam.com.br\/en\/canta-sepam-reuniu-18-apresentacoes-incluindo-performances-de-giana-althaus-e-giovanna-barbiero\/","url":"https:\/\/sepam.com.br\/en\/canta-sepam-reuniu-18-apresentacoes-incluindo-performances-de-giana-althaus-e-giovanna-barbiero\/","name":"Canta Sepam reuniu 18 apresenta\u00e7\u00f5es, incluindo performances de Giana Althaus e Giovanna Barbiero - Col\u00e9gio Sepam","isPartOf":{"@id":"https:\/\/sepam.com.br\/#website"},"datePublished":"2025-08-28T13:47:50+00:00","dateModified":"2025-11-24T13:53:34+00:00","breadcrumb":{"@id":"https:\/\/sepam.com.br\/en\/canta-sepam-reuniu-18-apresentacoes-incluindo-performances-de-giana-althaus-e-giovanna-barbiero\/#breadcrumb"},"inLanguage":"en-US","potentialAction":[{"@type":"ReadAction","target":["https:\/\/sepam.com.br\/en\/canta-sepam-reuniu-18-apresentacoes-incluindo-performances-de-giana-althaus-e-giovanna-barbiero\/"]}]},{"@type":"BreadcrumbList","@id":"https:\/\/sepam.com.br\/en\/canta-sepam-reuniu-18-apresentacoes-incluindo-performances-de-giana-althaus-e-giovanna-barbiero\/#breadcrumb","itemListElement":[{"@type":"ListItem","position":1,"name":"Boas Vindas","item":"https:\/\/sepam.com.br\/"},{"@type":"ListItem","position":2,"name":"Canta Sepam reuniu 18 apresenta\u00e7\u00f5es, incluindo performances de Giana Althaus e Giovanna Barbiero"}]},{"@type":"WebSite","@id":"https:\/\/sepam.com.br\/en\/#website","url":"https:\/\/sepam.com.br\/en\/","name":"Col\u00e9gio Sepam","description":"Ensino Incompar\u00e1vel","publisher":{"@id":"https:\/\/sepam.com.br\/en\/#organization"},"potentialAction":[{"@type":"SearchAction","target":{"@type":"EntryPoint","urlTemplate":"https:\/\/sepam.com.br\/en\/?s={search_term_string}"},"query-input":{"@type":"PropertyValueSpecification","valueRequired":true,"valueName":"search_term_string"}}],"inLanguage":"en-US"},{"@type":"Organization","@id":"https:\/\/sepam.com.br\/en\/#organization","name":"Col\u00e9gio Sepam","url":"https:\/\/sepam.com.br\/en\/","logo":{"@type":"ImageObject","inLanguage":"en-US","@id":"https:\/\/sepam.com.br\/en\/#\/schema\/logo\/image\/","url":"https:\/\/sepam.com.br\/wp-content\/uploads\/2025\/02\/Ativo-2.png","contentUrl":"https:\/\/sepam.com.br\/wp-content\/uploads\/2025\/02\/Ativo-2.png","width":595,"height":525,"caption":"Col\u00e9gio Sepam"},"image":{"@id":"https:\/\/sepam.com.br\/en\/#\/schema\/logo\/image\/"}},{"@type":"Person","@id":"https:\/\/sepam.com.br\/#\/schema\/person\/bfa2996c649a5a6d822766f6e64eb7fd","name":"Sepam","image":{"@type":"ImageObject","inLanguage":"en-US","@id":"https:\/\/secure.gravatar.com\/avatar\/0219e64664f5861998ad57a3432eb4bd5fd99a34c7cc9bc44b3c59dfb830db85?s=96&d=mm&r=g","url":"https:\/\/secure.gravatar.com\/avatar\/0219e64664f5861998ad57a3432eb4bd5fd99a34c7cc9bc44b3c59dfb830db85?s=96&d=mm&r=g","contentUrl":"https:\/\/secure.gravatar.com\/avatar\/0219e64664f5861998ad57a3432eb4bd5fd99a34c7cc9bc44b3c59dfb830db85?s=96&d=mm&r=g","caption":"Sepam"},"url":"https:\/\/sepam.com.br\/en\/author\/sepam\/"}]}},"_links":{"self":[{"href":"https:\/\/sepam.com.br\/en\/wp-json\/wp\/v2\/posts\/7169","targetHints":{"allow":["GET"]}}],"collection":[{"href":"https:\/\/sepam.com.br\/en\/wp-json\/wp\/v2\/posts"}],"about":[{"href":"https:\/\/sepam.com.br\/en\/wp-json\/wp\/v2\/types\/post"}],"author":[{"embeddable":true,"href":"https:\/\/sepam.com.br\/en\/wp-json\/wp\/v2\/users\/13"}],"replies":[{"embeddable":true,"href":"https:\/\/sepam.com.br\/en\/wp-json\/wp\/v2\/comments?post=7169"}],"version-history":[{"count":1,"href":"https:\/\/sepam.com.br\/en\/wp-json\/wp\/v2\/posts\/7169\/revisions"}],"predecessor-version":[{"id":7193,"href":"https:\/\/sepam.com.br\/en\/wp-json\/wp\/v2\/posts\/7169\/revisions\/7193"}],"wp:attachment":[{"href":"https:\/\/sepam.com.br\/en\/wp-json\/wp\/v2\/media?parent=7169"}],"wp:term":[{"taxonomy":"category","embeddable":true,"href":"https:\/\/sepam.com.br\/en\/wp-json\/wp\/v2\/categories?post=7169"},{"taxonomy":"post_tag","embeddable":true,"href":"https:\/\/sepam.com.br\/en\/wp-json\/wp\/v2\/tags?post=7169"}],"curies":[{"name":"wp","href":"https:\/\/api.w.org\/{rel}","templated":true}]}}