{"id":7161,"date":"2025-08-28T10:47:50","date_gmt":"2025-08-28T13:47:50","guid":{"rendered":"https:\/\/dev.alisonandrei.com.br\/noticia\/projeto-do-colegio-sepam-incentiva-cultivo-de-horta\/"},"modified":"2025-11-24T10:53:34","modified_gmt":"2025-11-24T13:53:34","slug":"projeto-do-colegio-sepam-incentiva-cultivo-de-horta","status":"publish","type":"post","link":"https:\/\/sepam.com.br\/en\/projeto-do-colegio-sepam-incentiva-cultivo-de-horta\/","title":{"rendered":"Projeto do Col\u00e9gio Sepam incentiva cultivo de horta"},"content":{"rendered":"<p style=\"text-align: center;\"><em>Iniciativa permite que crian\u00e7as plantem, cuidem e consumam as hortali\u00e7as e temperos cultivados no espa\u00e7o<\/em><\/p>\n<p>Desenvolver a resili\u00eancia, a paci\u00eancia, o gosto pelo cultivo de plantas e os cuidados com a natureza s\u00e3o alguns dos benef\u00edcios que os alunos da Educa\u00e7\u00e3o Infantil do Col\u00e9gio Pontagrossense Sepam recebem com o projeto Horta Escolar.<\/p>\n<p>\u201cO objetivo do projeto \u00e9 que os alunos acompanhem o desenvolvimento das plantas; entendam todos os cuidados necess\u00e1rios para o amadurecimento das hortali\u00e7as, temperos e flores; e realizem compara\u00e7\u00f5es entre a evolu\u00e7\u00e3o da muda e da semente. Com isso, desenvolvem a paci\u00eancia, j\u00e1 que precisam esperar para ver uma planta crescer a partir de uma semente plantada na terra\u201d, explica a coordenadora pedag\u00f3gica do Col\u00e9gio, K\u00e1tia Gisele Costa.<\/p>\n<p>Diariamente os estudantes regam e limpam os canteiros, al\u00e9m de receberem semanalmente uma orienta\u00e7\u00e3o t\u00e9cnica sobre o cultivo de mudas e sementes, por meio de uma parceria com acad\u00eamicos de Agronomia da Universidade Estadual de Ponta Grossa (UEPG). No espa\u00e7o, s\u00e3o plantadas flores e tamb\u00e9m temperos e hortali\u00e7as, que s\u00e3o introduzidas nas refei\u00e7\u00f5es dos alunos envolvidos com o projeto.<\/p>\n<p>A Horta Escolar integra os projetos pedag\u00f3gicos da Educa\u00e7\u00e3o Infantil. Semestralmente, uma turma fica respons\u00e1vel pelo cuidado do espa\u00e7o. Ao fim de cada per\u00edodo, as flores cultivadas s\u00e3o entregues \u00e0s fam\u00edlias dos estudantes, o canteiro \u00e9 renovado e a terra tratada para que novos alunos possam realizar as atividades no local.<\/p>\n<p>\u201cHoje em dia, as crian\u00e7as t\u00eam pouca conviv\u00eancia com o ambiente rural. Muitas delas nunca pensaram a respeito do cultivo de um legume, por exemplo. Nunca se perguntaram como foi que a salada chegou at\u00e9 a mesa. Ent\u00e3o, poder plantar um br\u00f3colis, uma cenoura, acompanhar o desenvolvimento, colher, levar para o refeit\u00f3rio e comer sabendo que elas mesmas plantaram \u00e9 uma satisfa\u00e7\u00e3o e as deixam maravilhadas com a experi\u00eancia\u201d, finaliza K\u00e1tia.<\/p>\n","protected":false},"excerpt":{"rendered":"<p>Iniciativa permite que crian\u00e7as plantem, cuidem e consumam as hortali\u00e7as e temperos cultivados no espa\u00e7o Desenvolver a resili\u00eancia, a paci\u00eancia, o gosto pelo cultivo de plantas e os cuidados com a natureza s\u00e3o alguns dos benef\u00edcios que os alunos da Educa\u00e7\u00e3o Infantil do Col\u00e9gio Pontagrossense Sepam recebem com o projeto Horta Escolar. \u201cO objetivo do [&hellip;]<\/p>\n","protected":false},"author":13,"featured_media":0,"comment_status":"open","ping_status":"open","sticky":false,"template":"","format":"standard","meta":{"footnotes":""},"categories":[21],"tags":[],"class_list":["post-7161","post","type-post","status-publish","format-standard","hentry","category-colegio-sepam"],"yoast_head":"<!-- This site is optimized with the Yoast SEO plugin v28.4 - https:\/\/yoast.com\/product\/yoast-seo-wordpress\/ -->\n<title>Projeto do Col\u00e9gio Sepam incentiva cultivo de horta<\/title>\n<meta name=\"description\" content=\"Iniciativa permite que crian\u00e7as plantem, cuidem e consumam as hortali\u00e7as e temperos cultivados no espa\u00e7o Desenvolver a resili\u00eancia, a paci\u00eancia, o gosto pelo cultivo de plantas e os cuidados com a natureza s\u00e3o alguns dos benef\u00edcios que os alunos da Educa\u00e7\u00e3o Infantil do Col\u00e9gio Pontagrossense Sepam recebem com o projeto Horta Escolar. \u201cO objetivo do&hellip;\" \/>\n<meta name=\"robots\" content=\"index, follow, max-snippet:-1, max-image-preview:large, max-video-preview:-1\" \/>\n<link rel=\"canonical\" href=\"https:\/\/sepam.com.br\/en\/projeto-do-colegio-sepam-incentiva-cultivo-de-horta\/\" \/>\n<meta property=\"og:locale\" content=\"en_US\" \/>\n<meta property=\"og:type\" content=\"article\" \/>\n<meta property=\"og:title\" content=\"Projeto do Col\u00e9gio Sepam incentiva cultivo de horta\" \/>\n<meta property=\"og:description\" content=\"Iniciativa permite que crian\u00e7as plantem, cuidem e consumam as hortali\u00e7as e temperos cultivados no espa\u00e7o Desenvolver a resili\u00eancia, a paci\u00eancia, o gosto pelo cultivo de plantas e os cuidados com a natureza s\u00e3o alguns dos benef\u00edcios que os alunos da Educa\u00e7\u00e3o Infantil do Col\u00e9gio Pontagrossense Sepam recebem com o projeto Horta Escolar. \u201cO objetivo do&hellip;\" \/>\n<meta property=\"og:url\" content=\"https:\/\/sepam.com.br\/en\/projeto-do-colegio-sepam-incentiva-cultivo-de-horta\/\" \/>\n<meta property=\"og:site_name\" content=\"Col\u00e9gio Sepam\" \/>\n<meta property=\"article:published_time\" content=\"2025-08-28T13:47:50+00:00\" \/>\n<meta property=\"article:modified_time\" content=\"2025-11-24T13:53:34+00:00\" \/>\n<meta name=\"author\" content=\"Sepam\" \/>\n<meta name=\"twitter:card\" content=\"summary_large_image\" \/>\n<meta name=\"twitter:label1\" content=\"Written by\" \/>\n\t<meta name=\"twitter:data1\" content=\"Sepam\" \/>\n\t<meta name=\"twitter:label2\" content=\"Est. reading time\" \/>\n\t<meta name=\"twitter:data2\" content=\"2 minutes\" \/>\n<script type=\"application\/ld+json\" class=\"yoast-schema-graph\">{\"@context\":\"https:\\\/\\\/schema.org\",\"@graph\":[{\"@type\":\"Article\",\"@id\":\"https:\\\/\\\/sepam.com.br\\\/en\\\/projeto-do-colegio-sepam-incentiva-cultivo-de-horta\\\/#article\",\"isPartOf\":{\"@id\":\"https:\\\/\\\/sepam.com.br\\\/en\\\/projeto-do-colegio-sepam-incentiva-cultivo-de-horta\\\/\"},\"author\":{\"name\":\"Sepam\",\"@id\":\"https:\\\/\\\/sepam.com.br\\\/#\\\/schema\\\/person\\\/bfa2996c649a5a6d822766f6e64eb7fd\"},\"headline\":\"Projeto do Col\u00e9gio Sepam incentiva cultivo de horta\",\"datePublished\":\"2025-08-28T13:47:50+00:00\",\"dateModified\":\"2025-11-24T13:53:34+00:00\",\"mainEntityOfPage\":{\"@id\":\"https:\\\/\\\/sepam.com.br\\\/en\\\/projeto-do-colegio-sepam-incentiva-cultivo-de-horta\\\/\"},\"wordCount\":350,\"commentCount\":0,\"publisher\":{\"@id\":\"https:\\\/\\\/sepam.com.br\\\/#organization\"},\"articleSection\":[\"Colegio Sepam\"],\"inLanguage\":\"en-US\",\"potentialAction\":[{\"@type\":\"CommentAction\",\"name\":\"Comment\",\"target\":[\"https:\\\/\\\/sepam.com.br\\\/en\\\/projeto-do-colegio-sepam-incentiva-cultivo-de-horta\\\/#respond\"]}]},{\"@type\":\"WebPage\",\"@id\":\"https:\\\/\\\/sepam.com.br\\\/en\\\/projeto-do-colegio-sepam-incentiva-cultivo-de-horta\\\/\",\"url\":\"https:\\\/\\\/sepam.com.br\\\/en\\\/projeto-do-colegio-sepam-incentiva-cultivo-de-horta\\\/\",\"name\":\"Projeto do Col\u00e9gio Sepam incentiva cultivo de horta - Col\u00e9gio Sepam\",\"isPartOf\":{\"@id\":\"https:\\\/\\\/sepam.com.br\\\/#website\"},\"datePublished\":\"2025-08-28T13:47:50+00:00\",\"dateModified\":\"2025-11-24T13:53:34+00:00\",\"breadcrumb\":{\"@id\":\"https:\\\/\\\/sepam.com.br\\\/en\\\/projeto-do-colegio-sepam-incentiva-cultivo-de-horta\\\/#breadcrumb\"},\"inLanguage\":\"en-US\",\"potentialAction\":[{\"@type\":\"ReadAction\",\"target\":[\"https:\\\/\\\/sepam.com.br\\\/en\\\/projeto-do-colegio-sepam-incentiva-cultivo-de-horta\\\/\"]}]},{\"@type\":\"BreadcrumbList\",\"@id\":\"https:\\\/\\\/sepam.com.br\\\/en\\\/projeto-do-colegio-sepam-incentiva-cultivo-de-horta\\\/#breadcrumb\",\"itemListElement\":[{\"@type\":\"ListItem\",\"position\":1,\"name\":\"Boas Vindas\",\"item\":\"https:\\\/\\\/sepam.com.br\\\/\"},{\"@type\":\"ListItem\",\"position\":2,\"name\":\"Projeto do Col\u00e9gio Sepam incentiva cultivo de horta\"}]},{\"@type\":\"WebSite\",\"@id\":\"https:\\\/\\\/sepam.com.br\\\/en\\\/#website\",\"url\":\"https:\\\/\\\/sepam.com.br\\\/en\\\/\",\"name\":\"Col\u00e9gio Sepam\",\"description\":\"Ensino Incompar\u00e1vel\",\"publisher\":{\"@id\":\"https:\\\/\\\/sepam.com.br\\\/en\\\/#organization\"},\"potentialAction\":[{\"@type\":\"SearchAction\",\"target\":{\"@type\":\"EntryPoint\",\"urlTemplate\":\"https:\\\/\\\/sepam.com.br\\\/en\\\/?s={search_term_string}\"},\"query-input\":{\"@type\":\"PropertyValueSpecification\",\"valueRequired\":true,\"valueName\":\"search_term_string\"}}],\"inLanguage\":\"en-US\"},{\"@type\":\"Organization\",\"@id\":\"https:\\\/\\\/sepam.com.br\\\/en\\\/#organization\",\"name\":\"Col\u00e9gio Sepam\",\"url\":\"https:\\\/\\\/sepam.com.br\\\/en\\\/\",\"logo\":{\"@type\":\"ImageObject\",\"inLanguage\":\"en-US\",\"@id\":\"https:\\\/\\\/sepam.com.br\\\/en\\\/#\\\/schema\\\/logo\\\/image\\\/\",\"url\":\"https:\\\/\\\/sepam.com.br\\\/wp-content\\\/uploads\\\/2025\\\/02\\\/Ativo-2.png\",\"contentUrl\":\"https:\\\/\\\/sepam.com.br\\\/wp-content\\\/uploads\\\/2025\\\/02\\\/Ativo-2.png\",\"width\":595,\"height\":525,\"caption\":\"Col\u00e9gio Sepam\"},\"image\":{\"@id\":\"https:\\\/\\\/sepam.com.br\\\/en\\\/#\\\/schema\\\/logo\\\/image\\\/\"}},{\"@type\":\"Person\",\"@id\":\"https:\\\/\\\/sepam.com.br\\\/#\\\/schema\\\/person\\\/bfa2996c649a5a6d822766f6e64eb7fd\",\"name\":\"Sepam\",\"image\":{\"@type\":\"ImageObject\",\"inLanguage\":\"en-US\",\"@id\":\"https:\\\/\\\/secure.gravatar.com\\\/avatar\\\/0219e64664f5861998ad57a3432eb4bd5fd99a34c7cc9bc44b3c59dfb830db85?s=96&d=mm&r=g\",\"url\":\"https:\\\/\\\/secure.gravatar.com\\\/avatar\\\/0219e64664f5861998ad57a3432eb4bd5fd99a34c7cc9bc44b3c59dfb830db85?s=96&d=mm&r=g\",\"contentUrl\":\"https:\\\/\\\/secure.gravatar.com\\\/avatar\\\/0219e64664f5861998ad57a3432eb4bd5fd99a34c7cc9bc44b3c59dfb830db85?s=96&d=mm&r=g\",\"caption\":\"Sepam\"},\"url\":\"https:\\\/\\\/sepam.com.br\\\/en\\\/author\\\/sepam\\\/\"}]}<\/script>\n<!-- \/ Yoast SEO plugin. -->","yoast_head_json":{"title":"Projeto do Col\u00e9gio Sepam incentiva cultivo de horta","description":"Iniciativa permite que crian\u00e7as plantem, cuidem e consumam as hortali\u00e7as e temperos cultivados no espa\u00e7o Desenvolver a resili\u00eancia, a paci\u00eancia, o gosto pelo cultivo de plantas e os cuidados com a natureza s\u00e3o alguns dos benef\u00edcios que os alunos da Educa\u00e7\u00e3o Infantil do Col\u00e9gio Pontagrossense Sepam recebem com o projeto Horta Escolar. \u201cO objetivo do&hellip;","robots":{"index":"index","follow":"follow","max-snippet":"max-snippet:-1","max-image-preview":"max-image-preview:large","max-video-preview":"max-video-preview:-1"},"canonical":"https:\/\/sepam.com.br\/en\/projeto-do-colegio-sepam-incentiva-cultivo-de-horta\/","og_locale":"en_US","og_type":"article","og_title":"Projeto do Col\u00e9gio Sepam incentiva cultivo de horta","og_description":"Iniciativa permite que crian\u00e7as plantem, cuidem e consumam as hortali\u00e7as e temperos cultivados no espa\u00e7o Desenvolver a resili\u00eancia, a paci\u00eancia, o gosto pelo cultivo de plantas e os cuidados com a natureza s\u00e3o alguns dos benef\u00edcios que os alunos da Educa\u00e7\u00e3o Infantil do Col\u00e9gio Pontagrossense Sepam recebem com o projeto Horta Escolar. \u201cO objetivo do&hellip;","og_url":"https:\/\/sepam.com.br\/en\/projeto-do-colegio-sepam-incentiva-cultivo-de-horta\/","og_site_name":"Col\u00e9gio Sepam","article_published_time":"2025-08-28T13:47:50+00:00","article_modified_time":"2025-11-24T13:53:34+00:00","author":"Sepam","twitter_card":"summary_large_image","twitter_misc":{"Written by":"Sepam","Est. reading time":"2 minutes"},"schema":{"@context":"https:\/\/schema.org","@graph":[{"@type":"Article","@id":"https:\/\/sepam.com.br\/en\/projeto-do-colegio-sepam-incentiva-cultivo-de-horta\/#article","isPartOf":{"@id":"https:\/\/sepam.com.br\/en\/projeto-do-colegio-sepam-incentiva-cultivo-de-horta\/"},"author":{"name":"Sepam","@id":"https:\/\/sepam.com.br\/#\/schema\/person\/bfa2996c649a5a6d822766f6e64eb7fd"},"headline":"Projeto do Col\u00e9gio Sepam incentiva cultivo de horta","datePublished":"2025-08-28T13:47:50+00:00","dateModified":"2025-11-24T13:53:34+00:00","mainEntityOfPage":{"@id":"https:\/\/sepam.com.br\/en\/projeto-do-colegio-sepam-incentiva-cultivo-de-horta\/"},"wordCount":350,"commentCount":0,"publisher":{"@id":"https:\/\/sepam.com.br\/#organization"},"articleSection":["Colegio Sepam"],"inLanguage":"en-US","potentialAction":[{"@type":"CommentAction","name":"Comment","target":["https:\/\/sepam.com.br\/en\/projeto-do-colegio-sepam-incentiva-cultivo-de-horta\/#respond"]}]},{"@type":"WebPage","@id":"https:\/\/sepam.com.br\/en\/projeto-do-colegio-sepam-incentiva-cultivo-de-horta\/","url":"https:\/\/sepam.com.br\/en\/projeto-do-colegio-sepam-incentiva-cultivo-de-horta\/","name":"Projeto do Col\u00e9gio Sepam incentiva cultivo de horta - Col\u00e9gio Sepam","isPartOf":{"@id":"https:\/\/sepam.com.br\/#website"},"datePublished":"2025-08-28T13:47:50+00:00","dateModified":"2025-11-24T13:53:34+00:00","breadcrumb":{"@id":"https:\/\/sepam.com.br\/en\/projeto-do-colegio-sepam-incentiva-cultivo-de-horta\/#breadcrumb"},"inLanguage":"en-US","potentialAction":[{"@type":"ReadAction","target":["https:\/\/sepam.com.br\/en\/projeto-do-colegio-sepam-incentiva-cultivo-de-horta\/"]}]},{"@type":"BreadcrumbList","@id":"https:\/\/sepam.com.br\/en\/projeto-do-colegio-sepam-incentiva-cultivo-de-horta\/#breadcrumb","itemListElement":[{"@type":"ListItem","position":1,"name":"Boas Vindas","item":"https:\/\/sepam.com.br\/"},{"@type":"ListItem","position":2,"name":"Projeto do Col\u00e9gio Sepam incentiva cultivo de horta"}]},{"@type":"WebSite","@id":"https:\/\/sepam.com.br\/en\/#website","url":"https:\/\/sepam.com.br\/en\/","name":"Col\u00e9gio Sepam","description":"Ensino Incompar\u00e1vel","publisher":{"@id":"https:\/\/sepam.com.br\/en\/#organization"},"potentialAction":[{"@type":"SearchAction","target":{"@type":"EntryPoint","urlTemplate":"https:\/\/sepam.com.br\/en\/?s={search_term_string}"},"query-input":{"@type":"PropertyValueSpecification","valueRequired":true,"valueName":"search_term_string"}}],"inLanguage":"en-US"},{"@type":"Organization","@id":"https:\/\/sepam.com.br\/en\/#organization","name":"Col\u00e9gio Sepam","url":"https:\/\/sepam.com.br\/en\/","logo":{"@type":"ImageObject","inLanguage":"en-US","@id":"https:\/\/sepam.com.br\/en\/#\/schema\/logo\/image\/","url":"https:\/\/sepam.com.br\/wp-content\/uploads\/2025\/02\/Ativo-2.png","contentUrl":"https:\/\/sepam.com.br\/wp-content\/uploads\/2025\/02\/Ativo-2.png","width":595,"height":525,"caption":"Col\u00e9gio Sepam"},"image":{"@id":"https:\/\/sepam.com.br\/en\/#\/schema\/logo\/image\/"}},{"@type":"Person","@id":"https:\/\/sepam.com.br\/#\/schema\/person\/bfa2996c649a5a6d822766f6e64eb7fd","name":"Sepam","image":{"@type":"ImageObject","inLanguage":"en-US","@id":"https:\/\/secure.gravatar.com\/avatar\/0219e64664f5861998ad57a3432eb4bd5fd99a34c7cc9bc44b3c59dfb830db85?s=96&d=mm&r=g","url":"https:\/\/secure.gravatar.com\/avatar\/0219e64664f5861998ad57a3432eb4bd5fd99a34c7cc9bc44b3c59dfb830db85?s=96&d=mm&r=g","contentUrl":"https:\/\/secure.gravatar.com\/avatar\/0219e64664f5861998ad57a3432eb4bd5fd99a34c7cc9bc44b3c59dfb830db85?s=96&d=mm&r=g","caption":"Sepam"},"url":"https:\/\/sepam.com.br\/en\/author\/sepam\/"}]}},"_links":{"self":[{"href":"https:\/\/sepam.com.br\/en\/wp-json\/wp\/v2\/posts\/7161","targetHints":{"allow":["GET"]}}],"collection":[{"href":"https:\/\/sepam.com.br\/en\/wp-json\/wp\/v2\/posts"}],"about":[{"href":"https:\/\/sepam.com.br\/en\/wp-json\/wp\/v2\/types\/post"}],"author":[{"embeddable":true,"href":"https:\/\/sepam.com.br\/en\/wp-json\/wp\/v2\/users\/13"}],"replies":[{"embeddable":true,"href":"https:\/\/sepam.com.br\/en\/wp-json\/wp\/v2\/comments?post=7161"}],"version-history":[{"count":1,"href":"https:\/\/sepam.com.br\/en\/wp-json\/wp\/v2\/posts\/7161\/revisions"}],"predecessor-version":[{"id":7185,"href":"https:\/\/sepam.com.br\/en\/wp-json\/wp\/v2\/posts\/7161\/revisions\/7185"}],"wp:attachment":[{"href":"https:\/\/sepam.com.br\/en\/wp-json\/wp\/v2\/media?parent=7161"}],"wp:term":[{"taxonomy":"category","embeddable":true,"href":"https:\/\/sepam.com.br\/en\/wp-json\/wp\/v2\/categories?post=7161"},{"taxonomy":"post_tag","embeddable":true,"href":"https:\/\/sepam.com.br\/en\/wp-json\/wp\/v2\/tags?post=7161"}],"curies":[{"name":"wp","href":"https:\/\/api.w.org\/{rel}","templated":true}]}}