{"id":7149,"date":"2025-08-28T10:47:46","date_gmt":"2025-08-28T13:47:46","guid":{"rendered":"https:\/\/dev.alisonandrei.com.br\/noticia\/sepam-representa-ponta-grossa-no-campeonato-paranaense-de-basquete\/"},"modified":"2025-11-24T10:53:34","modified_gmt":"2025-11-24T13:53:34","slug":"sepam-representa-ponta-grossa-no-campeonato-paranaense-de-basquete","status":"publish","type":"post","link":"https:\/\/sepam.com.br\/en\/sepam-representa-ponta-grossa-no-campeonato-paranaense-de-basquete\/","title":{"rendered":"Sepam representa Ponta Grossa no Campeonato Paranaense de Basquete"},"content":{"rendered":"<p style=\"text-align: center;\"><em><span class=\"TextRun SCXW205006898 BCX0\" lang=\"PT-BR\" xml_lang=\"PT-BR\" data-contrast=\"auto\"><span class=\"NormalTextRun SCXW205006898 BCX0\">As disputam come\u00e7am nesta quinta-feira (25) e terminam no domingo (28)<\/span><\/span><span class=\"EOP SCXW205006898 BCX0\" data-ccp-props=\"{&quot;201341983&quot;:0,&quot;335559739&quot;:160,&quot;335559740&quot;:259}\">\u00a0<\/span><\/em><\/p>\n<p><b><span data-contrast=\"auto\">Ponta Grossa, novembro de 2021 &#8211;<\/span><\/b><span data-contrast=\"auto\">\u00a0O Col\u00e9gio\u00a0Pontagrossense\u00a0Sepam disputa, entre\u00a0esta\u00a0quinta-feira (25) e o domingo (28), o Campeonato Paranaense de Basquete Masculino, categoria sub-12. A competi\u00e7\u00e3o acontece em Curitiba e conta com cinco equipes.\u00a0Os jogos acontecem nos\u00a0gin\u00e1sios\u00a0dos Clubes C\u00edrculo Militar e Duque de Caxias.<\/span><span data-ccp-props=\"{&quot;201341983&quot;:0,&quot;335551550&quot;:6,&quot;335551620&quot;:6,&quot;335559739&quot;:160,&quot;335559740&quot;:259}\">\u00a0<\/span><\/p>\n<p><span data-contrast=\"auto\">Na primeira fase da competi\u00e7\u00e3o, todos os times jogam entre si para a defini\u00e7\u00e3o dos quatro melhores, que disputar\u00e3o as semifinais do estadual. Al\u00e9m do Sepam, participam do campeonato o Clube Curitibano, C\u00edrculo Militar e Duque de Caxias, os tr\u00eas da capital paranaense.\u00a0A cidade de\u00a0Terra Rica tamb\u00e9m tem uma\u00a0equipe participante.<\/span><span data-ccp-props=\"{&quot;201341983&quot;:0,&quot;335551550&quot;:6,&quot;335551620&quot;:6,&quot;335559739&quot;:160,&quot;335559740&quot;:259}\">\u00a0<\/span><\/p>\n<p><span data-contrast=\"auto\">O primeiro confronto\u00a0do Col\u00e9gio Sepam\u00a0est\u00e1 previsto para esta quinta-feira (25), \u00e0s 11h30<\/span><span data-contrast=\"auto\">min<\/span><span data-contrast=\"auto\">, contra o Clube Curitibano.\u00a0Durante a tarde,\u00a0os atletas, comandados pelo professor\u00a0e treinador\u00a0Vin\u00edcius\u00a0Sansana, jogam contra o C\u00edrculo Militar. Na sexta-feira (26),\u00a0o advers\u00e1rio\u00a0\u00e9\u00a0o Duque de Caxias, \u00e0s 17h; e no s\u00e1bado, \u00e0s 11h<\/span><span data-contrast=\"auto\">00<\/span><span data-contrast=\"auto\">,\u00a0a institui\u00e7\u00e3o<\/span><span data-contrast=\"auto\">,<\/span><span data-contrast=\"auto\">\u00a0que defende Ponta Grossa<\/span><span data-contrast=\"auto\">,<\/span><span data-contrast=\"auto\">\u00a0enfrenta\u00a0o\u00a0Terra Rica.\u00a0Caso a equipe se classifique entre as quatro melhores, a semifinal acontece\u00a0no per\u00edodo da tarde.\u00a0J\u00e1 a decis\u00e3o das medalhas de ouro e prata\u00a0ocorre\u00a0no domingo (28), a partir das\u00a09h.<\/span><span data-ccp-props=\"{&quot;201341983&quot;:0,&quot;335551550&quot;:6,&quot;335551620&quot;:6,&quot;335559739&quot;:160,&quot;335559740&quot;:259}\">\u00a0<\/span><\/p>\n<p><span data-contrast=\"auto\">O\u00a0Campeonato Paranaense marca o retorno do Col\u00e9gio Sepam\u00a0\u00e0s\u00a0competi\u00e7\u00f5es estaduais depois de tr\u00eas anos. V\u00e1rios dos atletas que estar\u00e3o em quadra j\u00e1 conquistaram t\u00edtulos em\u00a0Ponta Grossa. Para\u00a0Sansana,\u00a0as disputas\u00a0ser\u00e3o\u00a0uma \u00f3tima oportunidade\u00a0para o\u00a0desenvolvimento dos\u00a0garotos. \u201cCompeti\u00e7\u00f5es como\u00a0essa, em que medimos\u00a0for\u00e7as com boas equipes do estado,\u00a0nos traz a oportunidade de avaliar\u00a0mudan\u00e7as para os pr\u00f3ximos\u00a0treinamentos. Os jogos tamb\u00e9m s\u00e3o importantes para adquirirmos\u00a0experi\u00eancia para seguirmos\u00a0jogando a modalidade\u00a0e representando\u00a0o\u00a0<\/span><span data-contrast=\"auto\">C<\/span><span data-contrast=\"auto\">c<\/span><span data-contrast=\"auto\">ol\u00e9gio\u00a0e a cidade\u201d, afirma\u00a0o treinador.\u00a0<\/span><span data-ccp-props=\"{&quot;201341983&quot;:0,&quot;335551550&quot;:6,&quot;335551620&quot;:6,&quot;335559739&quot;:160,&quot;335559740&quot;:259}\">\u00a0<\/span><\/p>\n","protected":false},"excerpt":{"rendered":"<p>As disputam come\u00e7am nesta quinta-feira (25) e terminam no domingo (28)\u00a0 Ponta Grossa, novembro de 2021 &#8211;\u00a0O Col\u00e9gio\u00a0Pontagrossense\u00a0Sepam disputa, entre\u00a0esta\u00a0quinta-feira (25) e o domingo (28), o Campeonato Paranaense de Basquete Masculino, categoria sub-12. A competi\u00e7\u00e3o acontece em Curitiba e conta com cinco equipes.\u00a0Os jogos acontecem nos\u00a0gin\u00e1sios\u00a0dos Clubes C\u00edrculo Militar e Duque de Caxias.\u00a0 Na primeira [&hellip;]<\/p>\n","protected":false},"author":13,"featured_media":0,"comment_status":"open","ping_status":"open","sticky":false,"template":"","format":"standard","meta":{"footnotes":""},"categories":[21],"tags":[],"class_list":["post-7149","post","type-post","status-publish","format-standard","hentry","category-colegio-sepam"],"yoast_head":"<!-- This site is optimized with the Yoast SEO plugin v28.4 - https:\/\/yoast.com\/product\/yoast-seo-wordpress\/ -->\n<title>Sepam representa Ponta Grossa no Campeonato Paranaense de Basquete<\/title>\n<meta name=\"description\" content=\"As disputam come\u00e7am nesta quinta-feira (25) e terminam no domingo (28)\u00a0 Ponta Grossa, novembro de 2021 -\u00a0O Col\u00e9gio\u00a0Pontagrossense\u00a0Sepam disputa, entre\u00a0esta\u00a0quinta-feira (25) e o domingo (28), o Campeonato Paranaense de Basquete Masculino, categoria sub-12. A competi\u00e7\u00e3o acontece em Curitiba e conta com cinco equipes.\u00a0Os jogos acontecem nos\u00a0gin\u00e1sios\u00a0dos Clubes C\u00edrculo Militar e Duque de Caxias.\u00a0 Na primeira&hellip;\" \/>\n<meta name=\"robots\" content=\"index, follow, max-snippet:-1, max-image-preview:large, max-video-preview:-1\" \/>\n<link rel=\"canonical\" href=\"https:\/\/sepam.com.br\/en\/sepam-representa-ponta-grossa-no-campeonato-paranaense-de-basquete\/\" \/>\n<meta property=\"og:locale\" content=\"en_US\" \/>\n<meta property=\"og:type\" content=\"article\" \/>\n<meta property=\"og:title\" content=\"Sepam representa Ponta Grossa no Campeonato Paranaense de Basquete\" \/>\n<meta property=\"og:description\" content=\"As disputam come\u00e7am nesta quinta-feira (25) e terminam no domingo (28)\u00a0 Ponta Grossa, novembro de 2021 -\u00a0O Col\u00e9gio\u00a0Pontagrossense\u00a0Sepam disputa, entre\u00a0esta\u00a0quinta-feira (25) e o domingo (28), o Campeonato Paranaense de Basquete Masculino, categoria sub-12. A competi\u00e7\u00e3o acontece em Curitiba e conta com cinco equipes.\u00a0Os jogos acontecem nos\u00a0gin\u00e1sios\u00a0dos Clubes C\u00edrculo Militar e Duque de Caxias.\u00a0 Na primeira&hellip;\" \/>\n<meta property=\"og:url\" content=\"https:\/\/sepam.com.br\/en\/sepam-representa-ponta-grossa-no-campeonato-paranaense-de-basquete\/\" \/>\n<meta property=\"og:site_name\" content=\"Col\u00e9gio Sepam\" \/>\n<meta property=\"article:published_time\" content=\"2025-08-28T13:47:46+00:00\" \/>\n<meta property=\"article:modified_time\" content=\"2025-11-24T13:53:34+00:00\" \/>\n<meta name=\"author\" content=\"Sepam\" \/>\n<meta name=\"twitter:card\" content=\"summary_large_image\" \/>\n<meta name=\"twitter:label1\" content=\"Written by\" \/>\n\t<meta name=\"twitter:data1\" content=\"Sepam\" \/>\n\t<meta name=\"twitter:label2\" content=\"Est. reading time\" \/>\n\t<meta name=\"twitter:data2\" content=\"2 minutes\" \/>\n<script type=\"application\/ld+json\" class=\"yoast-schema-graph\">{\"@context\":\"https:\\\/\\\/schema.org\",\"@graph\":[{\"@type\":\"Article\",\"@id\":\"https:\\\/\\\/sepam.com.br\\\/en\\\/sepam-representa-ponta-grossa-no-campeonato-paranaense-de-basquete\\\/#article\",\"isPartOf\":{\"@id\":\"https:\\\/\\\/sepam.com.br\\\/en\\\/sepam-representa-ponta-grossa-no-campeonato-paranaense-de-basquete\\\/\"},\"author\":{\"name\":\"Sepam\",\"@id\":\"https:\\\/\\\/sepam.com.br\\\/#\\\/schema\\\/person\\\/bfa2996c649a5a6d822766f6e64eb7fd\"},\"headline\":\"Sepam representa Ponta Grossa no Campeonato Paranaense de Basquete\",\"datePublished\":\"2025-08-28T13:47:46+00:00\",\"dateModified\":\"2025-11-24T13:53:34+00:00\",\"mainEntityOfPage\":{\"@id\":\"https:\\\/\\\/sepam.com.br\\\/en\\\/sepam-representa-ponta-grossa-no-campeonato-paranaense-de-basquete\\\/\"},\"wordCount\":335,\"commentCount\":0,\"publisher\":{\"@id\":\"https:\\\/\\\/sepam.com.br\\\/#organization\"},\"articleSection\":[\"Colegio Sepam\"],\"inLanguage\":\"en-US\",\"potentialAction\":[{\"@type\":\"CommentAction\",\"name\":\"Comment\",\"target\":[\"https:\\\/\\\/sepam.com.br\\\/en\\\/sepam-representa-ponta-grossa-no-campeonato-paranaense-de-basquete\\\/#respond\"]}]},{\"@type\":\"WebPage\",\"@id\":\"https:\\\/\\\/sepam.com.br\\\/en\\\/sepam-representa-ponta-grossa-no-campeonato-paranaense-de-basquete\\\/\",\"url\":\"https:\\\/\\\/sepam.com.br\\\/en\\\/sepam-representa-ponta-grossa-no-campeonato-paranaense-de-basquete\\\/\",\"name\":\"Sepam representa Ponta Grossa no Campeonato Paranaense de Basquete - Col\u00e9gio Sepam\",\"isPartOf\":{\"@id\":\"https:\\\/\\\/sepam.com.br\\\/#website\"},\"datePublished\":\"2025-08-28T13:47:46+00:00\",\"dateModified\":\"2025-11-24T13:53:34+00:00\",\"breadcrumb\":{\"@id\":\"https:\\\/\\\/sepam.com.br\\\/en\\\/sepam-representa-ponta-grossa-no-campeonato-paranaense-de-basquete\\\/#breadcrumb\"},\"inLanguage\":\"en-US\",\"potentialAction\":[{\"@type\":\"ReadAction\",\"target\":[\"https:\\\/\\\/sepam.com.br\\\/en\\\/sepam-representa-ponta-grossa-no-campeonato-paranaense-de-basquete\\\/\"]}]},{\"@type\":\"BreadcrumbList\",\"@id\":\"https:\\\/\\\/sepam.com.br\\\/en\\\/sepam-representa-ponta-grossa-no-campeonato-paranaense-de-basquete\\\/#breadcrumb\",\"itemListElement\":[{\"@type\":\"ListItem\",\"position\":1,\"name\":\"Boas Vindas\",\"item\":\"https:\\\/\\\/sepam.com.br\\\/\"},{\"@type\":\"ListItem\",\"position\":2,\"name\":\"Sepam representa Ponta Grossa no Campeonato Paranaense de Basquete\"}]},{\"@type\":\"WebSite\",\"@id\":\"https:\\\/\\\/sepam.com.br\\\/en\\\/#website\",\"url\":\"https:\\\/\\\/sepam.com.br\\\/en\\\/\",\"name\":\"Col\u00e9gio Sepam\",\"description\":\"Ensino Incompar\u00e1vel\",\"publisher\":{\"@id\":\"https:\\\/\\\/sepam.com.br\\\/en\\\/#organization\"},\"potentialAction\":[{\"@type\":\"SearchAction\",\"target\":{\"@type\":\"EntryPoint\",\"urlTemplate\":\"https:\\\/\\\/sepam.com.br\\\/en\\\/?s={search_term_string}\"},\"query-input\":{\"@type\":\"PropertyValueSpecification\",\"valueRequired\":true,\"valueName\":\"search_term_string\"}}],\"inLanguage\":\"en-US\"},{\"@type\":\"Organization\",\"@id\":\"https:\\\/\\\/sepam.com.br\\\/en\\\/#organization\",\"name\":\"Col\u00e9gio Sepam\",\"url\":\"https:\\\/\\\/sepam.com.br\\\/en\\\/\",\"logo\":{\"@type\":\"ImageObject\",\"inLanguage\":\"en-US\",\"@id\":\"https:\\\/\\\/sepam.com.br\\\/en\\\/#\\\/schema\\\/logo\\\/image\\\/\",\"url\":\"https:\\\/\\\/sepam.com.br\\\/wp-content\\\/uploads\\\/2025\\\/02\\\/Ativo-2.png\",\"contentUrl\":\"https:\\\/\\\/sepam.com.br\\\/wp-content\\\/uploads\\\/2025\\\/02\\\/Ativo-2.png\",\"width\":595,\"height\":525,\"caption\":\"Col\u00e9gio Sepam\"},\"image\":{\"@id\":\"https:\\\/\\\/sepam.com.br\\\/en\\\/#\\\/schema\\\/logo\\\/image\\\/\"}},{\"@type\":\"Person\",\"@id\":\"https:\\\/\\\/sepam.com.br\\\/#\\\/schema\\\/person\\\/bfa2996c649a5a6d822766f6e64eb7fd\",\"name\":\"Sepam\",\"image\":{\"@type\":\"ImageObject\",\"inLanguage\":\"en-US\",\"@id\":\"https:\\\/\\\/secure.gravatar.com\\\/avatar\\\/0219e64664f5861998ad57a3432eb4bd5fd99a34c7cc9bc44b3c59dfb830db85?s=96&d=mm&r=g\",\"url\":\"https:\\\/\\\/secure.gravatar.com\\\/avatar\\\/0219e64664f5861998ad57a3432eb4bd5fd99a34c7cc9bc44b3c59dfb830db85?s=96&d=mm&r=g\",\"contentUrl\":\"https:\\\/\\\/secure.gravatar.com\\\/avatar\\\/0219e64664f5861998ad57a3432eb4bd5fd99a34c7cc9bc44b3c59dfb830db85?s=96&d=mm&r=g\",\"caption\":\"Sepam\"},\"url\":\"https:\\\/\\\/sepam.com.br\\\/en\\\/author\\\/sepam\\\/\"}]}<\/script>\n<!-- \/ Yoast SEO plugin. -->","yoast_head_json":{"title":"Sepam representa Ponta Grossa no Campeonato Paranaense de Basquete","description":"As disputam come\u00e7am nesta quinta-feira (25) e terminam no domingo (28)\u00a0 Ponta Grossa, novembro de 2021 -\u00a0O Col\u00e9gio\u00a0Pontagrossense\u00a0Sepam disputa, entre\u00a0esta\u00a0quinta-feira (25) e o domingo (28), o Campeonato Paranaense de Basquete Masculino, categoria sub-12. A competi\u00e7\u00e3o acontece em Curitiba e conta com cinco equipes.\u00a0Os jogos acontecem nos\u00a0gin\u00e1sios\u00a0dos Clubes C\u00edrculo Militar e Duque de Caxias.\u00a0 Na primeira&hellip;","robots":{"index":"index","follow":"follow","max-snippet":"max-snippet:-1","max-image-preview":"max-image-preview:large","max-video-preview":"max-video-preview:-1"},"canonical":"https:\/\/sepam.com.br\/en\/sepam-representa-ponta-grossa-no-campeonato-paranaense-de-basquete\/","og_locale":"en_US","og_type":"article","og_title":"Sepam representa Ponta Grossa no Campeonato Paranaense de Basquete","og_description":"As disputam come\u00e7am nesta quinta-feira (25) e terminam no domingo (28)\u00a0 Ponta Grossa, novembro de 2021 -\u00a0O Col\u00e9gio\u00a0Pontagrossense\u00a0Sepam disputa, entre\u00a0esta\u00a0quinta-feira (25) e o domingo (28), o Campeonato Paranaense de Basquete Masculino, categoria sub-12. A competi\u00e7\u00e3o acontece em Curitiba e conta com cinco equipes.\u00a0Os jogos acontecem nos\u00a0gin\u00e1sios\u00a0dos Clubes C\u00edrculo Militar e Duque de Caxias.\u00a0 Na primeira&hellip;","og_url":"https:\/\/sepam.com.br\/en\/sepam-representa-ponta-grossa-no-campeonato-paranaense-de-basquete\/","og_site_name":"Col\u00e9gio Sepam","article_published_time":"2025-08-28T13:47:46+00:00","article_modified_time":"2025-11-24T13:53:34+00:00","author":"Sepam","twitter_card":"summary_large_image","twitter_misc":{"Written by":"Sepam","Est. reading time":"2 minutes"},"schema":{"@context":"https:\/\/schema.org","@graph":[{"@type":"Article","@id":"https:\/\/sepam.com.br\/en\/sepam-representa-ponta-grossa-no-campeonato-paranaense-de-basquete\/#article","isPartOf":{"@id":"https:\/\/sepam.com.br\/en\/sepam-representa-ponta-grossa-no-campeonato-paranaense-de-basquete\/"},"author":{"name":"Sepam","@id":"https:\/\/sepam.com.br\/#\/schema\/person\/bfa2996c649a5a6d822766f6e64eb7fd"},"headline":"Sepam representa Ponta Grossa no Campeonato Paranaense de Basquete","datePublished":"2025-08-28T13:47:46+00:00","dateModified":"2025-11-24T13:53:34+00:00","mainEntityOfPage":{"@id":"https:\/\/sepam.com.br\/en\/sepam-representa-ponta-grossa-no-campeonato-paranaense-de-basquete\/"},"wordCount":335,"commentCount":0,"publisher":{"@id":"https:\/\/sepam.com.br\/#organization"},"articleSection":["Colegio Sepam"],"inLanguage":"en-US","potentialAction":[{"@type":"CommentAction","name":"Comment","target":["https:\/\/sepam.com.br\/en\/sepam-representa-ponta-grossa-no-campeonato-paranaense-de-basquete\/#respond"]}]},{"@type":"WebPage","@id":"https:\/\/sepam.com.br\/en\/sepam-representa-ponta-grossa-no-campeonato-paranaense-de-basquete\/","url":"https:\/\/sepam.com.br\/en\/sepam-representa-ponta-grossa-no-campeonato-paranaense-de-basquete\/","name":"Sepam representa Ponta Grossa no Campeonato Paranaense de Basquete - Col\u00e9gio Sepam","isPartOf":{"@id":"https:\/\/sepam.com.br\/#website"},"datePublished":"2025-08-28T13:47:46+00:00","dateModified":"2025-11-24T13:53:34+00:00","breadcrumb":{"@id":"https:\/\/sepam.com.br\/en\/sepam-representa-ponta-grossa-no-campeonato-paranaense-de-basquete\/#breadcrumb"},"inLanguage":"en-US","potentialAction":[{"@type":"ReadAction","target":["https:\/\/sepam.com.br\/en\/sepam-representa-ponta-grossa-no-campeonato-paranaense-de-basquete\/"]}]},{"@type":"BreadcrumbList","@id":"https:\/\/sepam.com.br\/en\/sepam-representa-ponta-grossa-no-campeonato-paranaense-de-basquete\/#breadcrumb","itemListElement":[{"@type":"ListItem","position":1,"name":"Boas Vindas","item":"https:\/\/sepam.com.br\/"},{"@type":"ListItem","position":2,"name":"Sepam representa Ponta Grossa no Campeonato Paranaense de Basquete"}]},{"@type":"WebSite","@id":"https:\/\/sepam.com.br\/en\/#website","url":"https:\/\/sepam.com.br\/en\/","name":"Col\u00e9gio Sepam","description":"Ensino Incompar\u00e1vel","publisher":{"@id":"https:\/\/sepam.com.br\/en\/#organization"},"potentialAction":[{"@type":"SearchAction","target":{"@type":"EntryPoint","urlTemplate":"https:\/\/sepam.com.br\/en\/?s={search_term_string}"},"query-input":{"@type":"PropertyValueSpecification","valueRequired":true,"valueName":"search_term_string"}}],"inLanguage":"en-US"},{"@type":"Organization","@id":"https:\/\/sepam.com.br\/en\/#organization","name":"Col\u00e9gio Sepam","url":"https:\/\/sepam.com.br\/en\/","logo":{"@type":"ImageObject","inLanguage":"en-US","@id":"https:\/\/sepam.com.br\/en\/#\/schema\/logo\/image\/","url":"https:\/\/sepam.com.br\/wp-content\/uploads\/2025\/02\/Ativo-2.png","contentUrl":"https:\/\/sepam.com.br\/wp-content\/uploads\/2025\/02\/Ativo-2.png","width":595,"height":525,"caption":"Col\u00e9gio Sepam"},"image":{"@id":"https:\/\/sepam.com.br\/en\/#\/schema\/logo\/image\/"}},{"@type":"Person","@id":"https:\/\/sepam.com.br\/#\/schema\/person\/bfa2996c649a5a6d822766f6e64eb7fd","name":"Sepam","image":{"@type":"ImageObject","inLanguage":"en-US","@id":"https:\/\/secure.gravatar.com\/avatar\/0219e64664f5861998ad57a3432eb4bd5fd99a34c7cc9bc44b3c59dfb830db85?s=96&d=mm&r=g","url":"https:\/\/secure.gravatar.com\/avatar\/0219e64664f5861998ad57a3432eb4bd5fd99a34c7cc9bc44b3c59dfb830db85?s=96&d=mm&r=g","contentUrl":"https:\/\/secure.gravatar.com\/avatar\/0219e64664f5861998ad57a3432eb4bd5fd99a34c7cc9bc44b3c59dfb830db85?s=96&d=mm&r=g","caption":"Sepam"},"url":"https:\/\/sepam.com.br\/en\/author\/sepam\/"}]}},"_links":{"self":[{"href":"https:\/\/sepam.com.br\/en\/wp-json\/wp\/v2\/posts\/7149","targetHints":{"allow":["GET"]}}],"collection":[{"href":"https:\/\/sepam.com.br\/en\/wp-json\/wp\/v2\/posts"}],"about":[{"href":"https:\/\/sepam.com.br\/en\/wp-json\/wp\/v2\/types\/post"}],"author":[{"embeddable":true,"href":"https:\/\/sepam.com.br\/en\/wp-json\/wp\/v2\/users\/13"}],"replies":[{"embeddable":true,"href":"https:\/\/sepam.com.br\/en\/wp-json\/wp\/v2\/comments?post=7149"}],"version-history":[{"count":1,"href":"https:\/\/sepam.com.br\/en\/wp-json\/wp\/v2\/posts\/7149\/revisions"}],"predecessor-version":[{"id":7213,"href":"https:\/\/sepam.com.br\/en\/wp-json\/wp\/v2\/posts\/7149\/revisions\/7213"}],"wp:attachment":[{"href":"https:\/\/sepam.com.br\/en\/wp-json\/wp\/v2\/media?parent=7149"}],"wp:term":[{"taxonomy":"category","embeddable":true,"href":"https:\/\/sepam.com.br\/en\/wp-json\/wp\/v2\/categories?post=7149"},{"taxonomy":"post_tag","embeddable":true,"href":"https:\/\/sepam.com.br\/en\/wp-json\/wp\/v2\/tags?post=7149"}],"curies":[{"name":"wp","href":"https:\/\/api.w.org\/{rel}","templated":true}]}}