{"id":7145,"date":"2025-08-28T10:47:46","date_gmt":"2025-08-28T13:47:46","guid":{"rendered":"https:\/\/dev.alisonandrei.com.br\/noticia\/sepam-tera-feira-do-livro-aberta-ao-publico-no-dia-9-de-outubro\/"},"modified":"2025-11-24T10:53:34","modified_gmt":"2025-11-24T13:53:34","slug":"sepam-tera-feira-do-livro-aberta-ao-publico-no-dia-9-de-outubro","status":"publish","type":"post","link":"https:\/\/sepam.com.br\/en\/sepam-tera-feira-do-livro-aberta-ao-publico-no-dia-9-de-outubro\/","title":{"rendered":"Sepam ter\u00e1 feira do livro aberta ao p\u00fablico no dia 9 de outubro"},"content":{"rendered":"<p style=\"text-align: center;\"><em><span class=\"TextRun SCXW91664351 BCX0\" lang=\"PT-BR\" xml_lang=\"PT-BR\" data-contrast=\"auto\"><span class=\"NormalTextRun SCXW91664351 BCX0\">De quarta a sexta-feira<\/span><span class=\"NormalTextRun SCXW91664351 BCX0\">,<\/span><span class=\"NormalTextRun SCXW91664351 BCX0\">\u00a0os alunos e pais da institui\u00e7\u00e3o tamb\u00e9m poder\u00e3o participar de atividades liter\u00e1rias<\/span><\/span><span class=\"EOP SCXW91664351 BCX0\" data-ccp-props=\"{&quot;201341983&quot;:0,&quot;335551550&quot;:6,&quot;335551620&quot;:6,&quot;335559739&quot;:160,&quot;335559740&quot;:259}\">\u00a0<\/span><\/em><\/p>\n<p><span data-contrast=\"none\">O Col\u00e9gio\u00a0Pontagrossense\u00a0Sepam\u00a0ser\u00e1 palco de uma feira do livro, organizada pela institui\u00e7\u00e3o, em parceria com o projeto Amigos da Leitura. O evento acontecer\u00e1 de quarta-feira (6) a sexta-feira (8), exclusivo para pais e alunos do\u00a0Sepam. J\u00e1 no s\u00e1bado (9), a visita\u00e7\u00e3o e a comercializa\u00e7\u00e3o dos produtos liter\u00e1rios ser\u00e3o abertas a todo o p\u00fablico, das 9h \u00e0s 13h.\u00a0<\/span><span data-ccp-props=\"{&quot;201341983&quot;:1,&quot;335551550&quot;:6,&quot;335551620&quot;:6,&quot;335559739&quot;:160,&quot;335559740&quot;:257}\">\u00a0<\/span><\/p>\n<p><span data-contrast=\"none\">A ideia de promover a feira do livro surgiu com o intuito de realizar uma a\u00e7\u00e3o diferenciada para celebrar os dias da Crian\u00e7a, da Biblioteca Escolar e do Livro, todos comemorados em outubro.\u00a0\u00a0<\/span><span data-ccp-props=\"{&quot;201341983&quot;:1,&quot;335551550&quot;:6,&quot;335551620&quot;:6,&quot;335559739&quot;:160,&quot;335559740&quot;:257}\">\u00a0<\/span><\/p>\n<p><span data-contrast=\"none\">Segundo a bibliotec\u00e1ria do Col\u00e9gio\u00a0Sepam, Rafaela Cristina de Jesus, que participou da idealiza\u00e7\u00e3o do evento com a equipe pedag\u00f3gica da institui\u00e7\u00e3o, o objetivo da feira do livro \u00e9, principalmente, estimular a leitura entre os alunos e a popula\u00e7\u00e3o em geral.\u00a0<\/span><span data-ccp-props=\"{&quot;201341983&quot;:1,&quot;335551550&quot;:6,&quot;335551620&quot;:6,&quot;335559739&quot;:160,&quot;335559740&quot;:257}\">\u00a0<\/span><\/p>\n<p><span data-contrast=\"none\">\u201cNo Col\u00e9gio\u00a0Sepam, j\u00e1 disponibilizamos empr\u00e9stimos de livros para os alunos na biblioteca, assim como o acervo e o espa\u00e7o para as aulas e trabalhos propostos pelos professores. Mas, pensamos que realizar uma feira do livro dentro do col\u00e9gio, neste momento, torna o incentivo \u00e0 leitura ainda mais efetivo e din\u00e2mico, envolvendo alunos, pais e toda a comunidade escolar\u201d, cita Rafaela.\u00a0<\/span><span data-ccp-props=\"{&quot;201341983&quot;:1,&quot;335551550&quot;:6,&quot;335551620&quot;:6,&quot;335559739&quot;:160,&quot;335559740&quot;:257}\">\u00a0<\/span><\/p>\n<p><span data-contrast=\"none\">De quarta a sexta-feira, durante o dia, a feira poder\u00e1 ser visitada pelos alunos e haver\u00e1 tamb\u00e9m conta\u00e7\u00e3o de hist\u00f3rias e visitas de personagens. Para evitar aglomera\u00e7\u00f5es, o col\u00e9gio dividiu alguns hor\u00e1rios por turmas. No hor\u00e1rio do almo\u00e7o, entre 12h45 e 13h30, e ainda entre 17h30 e 18h30, os pais dos estudantes tamb\u00e9m podem aproveitar a oportunidade para visitar o espa\u00e7o e adquirir livros.\u00a0<\/span><span data-ccp-props=\"{&quot;201341983&quot;:1,&quot;335551550&quot;:6,&quot;335551620&quot;:6,&quot;335559739&quot;:160,&quot;335559740&quot;:257}\">\u00a0<\/span><\/p>\n<p><span data-contrast=\"none\">Os livros que ser\u00e3o disponibilizados durante a feira s\u00e3o de literatura infantil e infanto-juvenil, e poder\u00e3o ser encontrados por pre\u00e7os a partir de R$ 10. As pessoas interessadas em participar da feira do livro no s\u00e1bado, podem se dirigir at\u00e9 o hall da Educa\u00e7\u00e3o Infantil (entrada pela rua Tiradentes) do\u00a0Sepam.\u00a0<\/span><\/p>\n","protected":false},"excerpt":{"rendered":"<p>De quarta a sexta-feira,\u00a0os alunos e pais da institui\u00e7\u00e3o tamb\u00e9m poder\u00e3o participar de atividades liter\u00e1rias\u00a0 O Col\u00e9gio\u00a0Pontagrossense\u00a0Sepam\u00a0ser\u00e1 palco de uma feira do livro, organizada pela institui\u00e7\u00e3o, em parceria com o projeto Amigos da Leitura. O evento acontecer\u00e1 de quarta-feira (6) a sexta-feira (8), exclusivo para pais e alunos do\u00a0Sepam. J\u00e1 no s\u00e1bado (9), a visita\u00e7\u00e3o [&hellip;]<\/p>\n","protected":false},"author":13,"featured_media":0,"comment_status":"open","ping_status":"open","sticky":false,"template":"","format":"standard","meta":{"footnotes":""},"categories":[21],"tags":[],"class_list":["post-7145","post","type-post","status-publish","format-standard","hentry","category-colegio-sepam"],"yoast_head":"<!-- This site is optimized with the Yoast SEO plugin v28.4 - https:\/\/yoast.com\/product\/yoast-seo-wordpress\/ -->\n<title>Sepam ter\u00e1 feira do livro aberta ao p\u00fablico no dia 9 de outubro<\/title>\n<meta name=\"description\" content=\"De quarta a sexta-feira,\u00a0os alunos e pais da institui\u00e7\u00e3o tamb\u00e9m poder\u00e3o participar de atividades liter\u00e1rias\u00a0 O Col\u00e9gio\u00a0Pontagrossense\u00a0Sepam\u00a0ser\u00e1 palco de uma feira do livro, organizada pela institui\u00e7\u00e3o, em parceria com o projeto Amigos da Leitura. O evento acontecer\u00e1 de quarta-feira (6) a sexta-feira (8), exclusivo para pais e alunos do\u00a0Sepam. J\u00e1 no s\u00e1bado (9), a visita\u00e7\u00e3o&hellip;\" \/>\n<meta name=\"robots\" content=\"index, follow, max-snippet:-1, max-image-preview:large, max-video-preview:-1\" \/>\n<link rel=\"canonical\" href=\"https:\/\/sepam.com.br\/en\/sepam-tera-feira-do-livro-aberta-ao-publico-no-dia-9-de-outubro\/\" \/>\n<meta property=\"og:locale\" content=\"en_US\" \/>\n<meta property=\"og:type\" content=\"article\" \/>\n<meta property=\"og:title\" content=\"Sepam ter\u00e1 feira do livro aberta ao p\u00fablico no dia 9 de outubro\" \/>\n<meta property=\"og:description\" content=\"De quarta a sexta-feira,\u00a0os alunos e pais da institui\u00e7\u00e3o tamb\u00e9m poder\u00e3o participar de atividades liter\u00e1rias\u00a0 O Col\u00e9gio\u00a0Pontagrossense\u00a0Sepam\u00a0ser\u00e1 palco de uma feira do livro, organizada pela institui\u00e7\u00e3o, em parceria com o projeto Amigos da Leitura. O evento acontecer\u00e1 de quarta-feira (6) a sexta-feira (8), exclusivo para pais e alunos do\u00a0Sepam. J\u00e1 no s\u00e1bado (9), a visita\u00e7\u00e3o&hellip;\" \/>\n<meta property=\"og:url\" content=\"https:\/\/sepam.com.br\/en\/sepam-tera-feira-do-livro-aberta-ao-publico-no-dia-9-de-outubro\/\" \/>\n<meta property=\"og:site_name\" content=\"Col\u00e9gio Sepam\" \/>\n<meta property=\"article:published_time\" content=\"2025-08-28T13:47:46+00:00\" \/>\n<meta property=\"article:modified_time\" content=\"2025-11-24T13:53:34+00:00\" \/>\n<meta name=\"author\" content=\"Sepam\" \/>\n<meta name=\"twitter:card\" content=\"summary_large_image\" \/>\n<meta name=\"twitter:label1\" content=\"Written by\" \/>\n\t<meta name=\"twitter:data1\" content=\"Sepam\" \/>\n\t<meta name=\"twitter:label2\" content=\"Est. reading time\" \/>\n\t<meta name=\"twitter:data2\" content=\"2 minutes\" \/>\n<script type=\"application\/ld+json\" class=\"yoast-schema-graph\">{\"@context\":\"https:\\\/\\\/schema.org\",\"@graph\":[{\"@type\":\"Article\",\"@id\":\"https:\\\/\\\/sepam.com.br\\\/en\\\/sepam-tera-feira-do-livro-aberta-ao-publico-no-dia-9-de-outubro\\\/#article\",\"isPartOf\":{\"@id\":\"https:\\\/\\\/sepam.com.br\\\/en\\\/sepam-tera-feira-do-livro-aberta-ao-publico-no-dia-9-de-outubro\\\/\"},\"author\":{\"name\":\"Sepam\",\"@id\":\"https:\\\/\\\/sepam.com.br\\\/#\\\/schema\\\/person\\\/bfa2996c649a5a6d822766f6e64eb7fd\"},\"headline\":\"Sepam ter\u00e1 feira do livro aberta ao p\u00fablico no dia 9 de outubro\",\"datePublished\":\"2025-08-28T13:47:46+00:00\",\"dateModified\":\"2025-11-24T13:53:34+00:00\",\"mainEntityOfPage\":{\"@id\":\"https:\\\/\\\/sepam.com.br\\\/en\\\/sepam-tera-feira-do-livro-aberta-ao-publico-no-dia-9-de-outubro\\\/\"},\"wordCount\":374,\"commentCount\":0,\"publisher\":{\"@id\":\"https:\\\/\\\/sepam.com.br\\\/#organization\"},\"articleSection\":[\"Colegio Sepam\"],\"inLanguage\":\"en-US\",\"potentialAction\":[{\"@type\":\"CommentAction\",\"name\":\"Comment\",\"target\":[\"https:\\\/\\\/sepam.com.br\\\/en\\\/sepam-tera-feira-do-livro-aberta-ao-publico-no-dia-9-de-outubro\\\/#respond\"]}]},{\"@type\":\"WebPage\",\"@id\":\"https:\\\/\\\/sepam.com.br\\\/en\\\/sepam-tera-feira-do-livro-aberta-ao-publico-no-dia-9-de-outubro\\\/\",\"url\":\"https:\\\/\\\/sepam.com.br\\\/en\\\/sepam-tera-feira-do-livro-aberta-ao-publico-no-dia-9-de-outubro\\\/\",\"name\":\"Sepam ter\u00e1 feira do livro aberta ao p\u00fablico no dia 9 de outubro - Col\u00e9gio Sepam\",\"isPartOf\":{\"@id\":\"https:\\\/\\\/sepam.com.br\\\/#website\"},\"datePublished\":\"2025-08-28T13:47:46+00:00\",\"dateModified\":\"2025-11-24T13:53:34+00:00\",\"breadcrumb\":{\"@id\":\"https:\\\/\\\/sepam.com.br\\\/en\\\/sepam-tera-feira-do-livro-aberta-ao-publico-no-dia-9-de-outubro\\\/#breadcrumb\"},\"inLanguage\":\"en-US\",\"potentialAction\":[{\"@type\":\"ReadAction\",\"target\":[\"https:\\\/\\\/sepam.com.br\\\/en\\\/sepam-tera-feira-do-livro-aberta-ao-publico-no-dia-9-de-outubro\\\/\"]}]},{\"@type\":\"BreadcrumbList\",\"@id\":\"https:\\\/\\\/sepam.com.br\\\/en\\\/sepam-tera-feira-do-livro-aberta-ao-publico-no-dia-9-de-outubro\\\/#breadcrumb\",\"itemListElement\":[{\"@type\":\"ListItem\",\"position\":1,\"name\":\"Boas Vindas\",\"item\":\"https:\\\/\\\/sepam.com.br\\\/\"},{\"@type\":\"ListItem\",\"position\":2,\"name\":\"Sepam ter\u00e1 feira do livro aberta ao p\u00fablico no dia 9 de outubro\"}]},{\"@type\":\"WebSite\",\"@id\":\"https:\\\/\\\/sepam.com.br\\\/en\\\/#website\",\"url\":\"https:\\\/\\\/sepam.com.br\\\/en\\\/\",\"name\":\"Col\u00e9gio Sepam\",\"description\":\"Ensino Incompar\u00e1vel\",\"publisher\":{\"@id\":\"https:\\\/\\\/sepam.com.br\\\/en\\\/#organization\"},\"potentialAction\":[{\"@type\":\"SearchAction\",\"target\":{\"@type\":\"EntryPoint\",\"urlTemplate\":\"https:\\\/\\\/sepam.com.br\\\/en\\\/?s={search_term_string}\"},\"query-input\":{\"@type\":\"PropertyValueSpecification\",\"valueRequired\":true,\"valueName\":\"search_term_string\"}}],\"inLanguage\":\"en-US\"},{\"@type\":\"Organization\",\"@id\":\"https:\\\/\\\/sepam.com.br\\\/en\\\/#organization\",\"name\":\"Col\u00e9gio Sepam\",\"url\":\"https:\\\/\\\/sepam.com.br\\\/en\\\/\",\"logo\":{\"@type\":\"ImageObject\",\"inLanguage\":\"en-US\",\"@id\":\"https:\\\/\\\/sepam.com.br\\\/en\\\/#\\\/schema\\\/logo\\\/image\\\/\",\"url\":\"https:\\\/\\\/sepam.com.br\\\/wp-content\\\/uploads\\\/2025\\\/02\\\/Ativo-2.png\",\"contentUrl\":\"https:\\\/\\\/sepam.com.br\\\/wp-content\\\/uploads\\\/2025\\\/02\\\/Ativo-2.png\",\"width\":595,\"height\":525,\"caption\":\"Col\u00e9gio Sepam\"},\"image\":{\"@id\":\"https:\\\/\\\/sepam.com.br\\\/en\\\/#\\\/schema\\\/logo\\\/image\\\/\"}},{\"@type\":\"Person\",\"@id\":\"https:\\\/\\\/sepam.com.br\\\/#\\\/schema\\\/person\\\/bfa2996c649a5a6d822766f6e64eb7fd\",\"name\":\"Sepam\",\"image\":{\"@type\":\"ImageObject\",\"inLanguage\":\"en-US\",\"@id\":\"https:\\\/\\\/secure.gravatar.com\\\/avatar\\\/0219e64664f5861998ad57a3432eb4bd5fd99a34c7cc9bc44b3c59dfb830db85?s=96&d=mm&r=g\",\"url\":\"https:\\\/\\\/secure.gravatar.com\\\/avatar\\\/0219e64664f5861998ad57a3432eb4bd5fd99a34c7cc9bc44b3c59dfb830db85?s=96&d=mm&r=g\",\"contentUrl\":\"https:\\\/\\\/secure.gravatar.com\\\/avatar\\\/0219e64664f5861998ad57a3432eb4bd5fd99a34c7cc9bc44b3c59dfb830db85?s=96&d=mm&r=g\",\"caption\":\"Sepam\"},\"url\":\"https:\\\/\\\/sepam.com.br\\\/en\\\/author\\\/sepam\\\/\"}]}<\/script>\n<!-- \/ Yoast SEO plugin. -->","yoast_head_json":{"title":"Sepam ter\u00e1 feira do livro aberta ao p\u00fablico no dia 9 de outubro","description":"De quarta a sexta-feira,\u00a0os alunos e pais da institui\u00e7\u00e3o tamb\u00e9m poder\u00e3o participar de atividades liter\u00e1rias\u00a0 O Col\u00e9gio\u00a0Pontagrossense\u00a0Sepam\u00a0ser\u00e1 palco de uma feira do livro, organizada pela institui\u00e7\u00e3o, em parceria com o projeto Amigos da Leitura. O evento acontecer\u00e1 de quarta-feira (6) a sexta-feira (8), exclusivo para pais e alunos do\u00a0Sepam. J\u00e1 no s\u00e1bado (9), a visita\u00e7\u00e3o&hellip;","robots":{"index":"index","follow":"follow","max-snippet":"max-snippet:-1","max-image-preview":"max-image-preview:large","max-video-preview":"max-video-preview:-1"},"canonical":"https:\/\/sepam.com.br\/en\/sepam-tera-feira-do-livro-aberta-ao-publico-no-dia-9-de-outubro\/","og_locale":"en_US","og_type":"article","og_title":"Sepam ter\u00e1 feira do livro aberta ao p\u00fablico no dia 9 de outubro","og_description":"De quarta a sexta-feira,\u00a0os alunos e pais da institui\u00e7\u00e3o tamb\u00e9m poder\u00e3o participar de atividades liter\u00e1rias\u00a0 O Col\u00e9gio\u00a0Pontagrossense\u00a0Sepam\u00a0ser\u00e1 palco de uma feira do livro, organizada pela institui\u00e7\u00e3o, em parceria com o projeto Amigos da Leitura. O evento acontecer\u00e1 de quarta-feira (6) a sexta-feira (8), exclusivo para pais e alunos do\u00a0Sepam. J\u00e1 no s\u00e1bado (9), a visita\u00e7\u00e3o&hellip;","og_url":"https:\/\/sepam.com.br\/en\/sepam-tera-feira-do-livro-aberta-ao-publico-no-dia-9-de-outubro\/","og_site_name":"Col\u00e9gio Sepam","article_published_time":"2025-08-28T13:47:46+00:00","article_modified_time":"2025-11-24T13:53:34+00:00","author":"Sepam","twitter_card":"summary_large_image","twitter_misc":{"Written by":"Sepam","Est. reading time":"2 minutes"},"schema":{"@context":"https:\/\/schema.org","@graph":[{"@type":"Article","@id":"https:\/\/sepam.com.br\/en\/sepam-tera-feira-do-livro-aberta-ao-publico-no-dia-9-de-outubro\/#article","isPartOf":{"@id":"https:\/\/sepam.com.br\/en\/sepam-tera-feira-do-livro-aberta-ao-publico-no-dia-9-de-outubro\/"},"author":{"name":"Sepam","@id":"https:\/\/sepam.com.br\/#\/schema\/person\/bfa2996c649a5a6d822766f6e64eb7fd"},"headline":"Sepam ter\u00e1 feira do livro aberta ao p\u00fablico no dia 9 de outubro","datePublished":"2025-08-28T13:47:46+00:00","dateModified":"2025-11-24T13:53:34+00:00","mainEntityOfPage":{"@id":"https:\/\/sepam.com.br\/en\/sepam-tera-feira-do-livro-aberta-ao-publico-no-dia-9-de-outubro\/"},"wordCount":374,"commentCount":0,"publisher":{"@id":"https:\/\/sepam.com.br\/#organization"},"articleSection":["Colegio Sepam"],"inLanguage":"en-US","potentialAction":[{"@type":"CommentAction","name":"Comment","target":["https:\/\/sepam.com.br\/en\/sepam-tera-feira-do-livro-aberta-ao-publico-no-dia-9-de-outubro\/#respond"]}]},{"@type":"WebPage","@id":"https:\/\/sepam.com.br\/en\/sepam-tera-feira-do-livro-aberta-ao-publico-no-dia-9-de-outubro\/","url":"https:\/\/sepam.com.br\/en\/sepam-tera-feira-do-livro-aberta-ao-publico-no-dia-9-de-outubro\/","name":"Sepam ter\u00e1 feira do livro aberta ao p\u00fablico no dia 9 de outubro - Col\u00e9gio Sepam","isPartOf":{"@id":"https:\/\/sepam.com.br\/#website"},"datePublished":"2025-08-28T13:47:46+00:00","dateModified":"2025-11-24T13:53:34+00:00","breadcrumb":{"@id":"https:\/\/sepam.com.br\/en\/sepam-tera-feira-do-livro-aberta-ao-publico-no-dia-9-de-outubro\/#breadcrumb"},"inLanguage":"en-US","potentialAction":[{"@type":"ReadAction","target":["https:\/\/sepam.com.br\/en\/sepam-tera-feira-do-livro-aberta-ao-publico-no-dia-9-de-outubro\/"]}]},{"@type":"BreadcrumbList","@id":"https:\/\/sepam.com.br\/en\/sepam-tera-feira-do-livro-aberta-ao-publico-no-dia-9-de-outubro\/#breadcrumb","itemListElement":[{"@type":"ListItem","position":1,"name":"Boas Vindas","item":"https:\/\/sepam.com.br\/"},{"@type":"ListItem","position":2,"name":"Sepam ter\u00e1 feira do livro aberta ao p\u00fablico no dia 9 de outubro"}]},{"@type":"WebSite","@id":"https:\/\/sepam.com.br\/en\/#website","url":"https:\/\/sepam.com.br\/en\/","name":"Col\u00e9gio Sepam","description":"Ensino Incompar\u00e1vel","publisher":{"@id":"https:\/\/sepam.com.br\/en\/#organization"},"potentialAction":[{"@type":"SearchAction","target":{"@type":"EntryPoint","urlTemplate":"https:\/\/sepam.com.br\/en\/?s={search_term_string}"},"query-input":{"@type":"PropertyValueSpecification","valueRequired":true,"valueName":"search_term_string"}}],"inLanguage":"en-US"},{"@type":"Organization","@id":"https:\/\/sepam.com.br\/en\/#organization","name":"Col\u00e9gio Sepam","url":"https:\/\/sepam.com.br\/en\/","logo":{"@type":"ImageObject","inLanguage":"en-US","@id":"https:\/\/sepam.com.br\/en\/#\/schema\/logo\/image\/","url":"https:\/\/sepam.com.br\/wp-content\/uploads\/2025\/02\/Ativo-2.png","contentUrl":"https:\/\/sepam.com.br\/wp-content\/uploads\/2025\/02\/Ativo-2.png","width":595,"height":525,"caption":"Col\u00e9gio Sepam"},"image":{"@id":"https:\/\/sepam.com.br\/en\/#\/schema\/logo\/image\/"}},{"@type":"Person","@id":"https:\/\/sepam.com.br\/#\/schema\/person\/bfa2996c649a5a6d822766f6e64eb7fd","name":"Sepam","image":{"@type":"ImageObject","inLanguage":"en-US","@id":"https:\/\/secure.gravatar.com\/avatar\/0219e64664f5861998ad57a3432eb4bd5fd99a34c7cc9bc44b3c59dfb830db85?s=96&d=mm&r=g","url":"https:\/\/secure.gravatar.com\/avatar\/0219e64664f5861998ad57a3432eb4bd5fd99a34c7cc9bc44b3c59dfb830db85?s=96&d=mm&r=g","contentUrl":"https:\/\/secure.gravatar.com\/avatar\/0219e64664f5861998ad57a3432eb4bd5fd99a34c7cc9bc44b3c59dfb830db85?s=96&d=mm&r=g","caption":"Sepam"},"url":"https:\/\/sepam.com.br\/en\/author\/sepam\/"}]}},"_links":{"self":[{"href":"https:\/\/sepam.com.br\/en\/wp-json\/wp\/v2\/posts\/7145","targetHints":{"allow":["GET"]}}],"collection":[{"href":"https:\/\/sepam.com.br\/en\/wp-json\/wp\/v2\/posts"}],"about":[{"href":"https:\/\/sepam.com.br\/en\/wp-json\/wp\/v2\/types\/post"}],"author":[{"embeddable":true,"href":"https:\/\/sepam.com.br\/en\/wp-json\/wp\/v2\/users\/13"}],"replies":[{"embeddable":true,"href":"https:\/\/sepam.com.br\/en\/wp-json\/wp\/v2\/comments?post=7145"}],"version-history":[{"count":1,"href":"https:\/\/sepam.com.br\/en\/wp-json\/wp\/v2\/posts\/7145\/revisions"}],"predecessor-version":[{"id":7209,"href":"https:\/\/sepam.com.br\/en\/wp-json\/wp\/v2\/posts\/7145\/revisions\/7209"}],"wp:attachment":[{"href":"https:\/\/sepam.com.br\/en\/wp-json\/wp\/v2\/media?parent=7145"}],"wp:term":[{"taxonomy":"category","embeddable":true,"href":"https:\/\/sepam.com.br\/en\/wp-json\/wp\/v2\/categories?post=7145"},{"taxonomy":"post_tag","embeddable":true,"href":"https:\/\/sepam.com.br\/en\/wp-json\/wp\/v2\/tags?post=7145"}],"curies":[{"name":"wp","href":"https:\/\/api.w.org\/{rel}","templated":true}]}}